{"id":2850,"date":"2019-10-31T01:58:00","date_gmt":"2019-10-31T00:58:00","guid":{"rendered":"https:\/\/yelon.hu\/szuloknek\/?p=2850"},"modified":"2024-03-22T16:17:55","modified_gmt":"2024-03-22T15:17:55","slug":"bugyiszabaly-tanitsuk-meg-hogy-a-nem-az-nem","status":"publish","type":"post","link":"https:\/\/yelon.hu\/szuloknek\/bugyiszabaly-tanitsuk-meg-hogy-a-nem-az-nem\/","title":{"rendered":"A \u201ebugyiszab\u00e1lyok\u201d a b\u00e1tors\u00e1gra \u00e9s a nemet mond\u00e1sra (is) tan\u00edtanak"},"content":{"rendered":"\n<p>V\u00e9gre magyarul is el\u00e9rhet\u0151 Eur\u00f3pa legn\u00e9pszer\u0171bb, \u00f3vod\u00e1soknak sz\u00f3l\u00f3 programja, amelyet a&nbsp;<a href=\"https:\/\/yelon.hu\/szuloknek\/tevhitek-a-szexualis-eroszakrol\/\" target=\"_blank\" rel=\"noreferrer noopener\" aria-label=\" (\u00faj f\u00fcl\u00f6n nyitja meg)\">szexu\u00e1lis er\u0151szak<\/a>&nbsp;megel\u0151z\u00e9s\u00e9re dolgoztak ki.<\/p>\n\n\n\n<!--more-->\n\n\n\n<p>A program r\u00e9v\u00e9n a kisgyerekek megtanulhatj\u00e1k, hogy a&nbsp;<a rel=\"noreferrer noopener\" aria-label=\" (\u00faj f\u00fcl\u00f6n nyitja meg)\" href=\"https:\/\/yelon.hu\/szuloknek\/a-gyerek-teste-szuksegletei-jelzesei\/\" target=\"_blank\">test\u00fcket<\/a>&nbsp;az enged\u00e9ly\u00fck n\u00e9lk\u00fcl nem \u00e9rintheti meg sem a sz\u00fcl\u0151, sem az edz\u0151, sem a gyereket gondoz\u00f3 feln\u0151tt. A bugyiszab\u00e1lyok abban is seg\u00edtik az eg\u00e9szen pici gyerekeket, hogy k\u00fcl\u00f6nbs\u00e9get tudjanak tenni <a href=\"https:\/\/yelon.hu\/szuloknek\/mi-szamit-szexualis-visszaelesnek-a-gyerekkel-szemben\/\" target=\"_blank\" rel=\"noreferrer noopener\" aria-label=\"j\u00f3 \u00e9s rossz \u00e9rint\u00e9s k\u00f6z\u00f6tt (\u00faj f\u00fcl\u00f6n nyitja meg)\">j\u00f3 \u00e9s rossz \u00e9rint\u00e9s k\u00f6z\u00f6tt<\/a>, hogy legyenek el\u00e9g b\u00e1trak, \u00e9s ha valami k\u00e9nyelmetlen, akkor arra mondjanak nemet.<\/p>\n\n\n\n<blockquote class=\"wp-block-quote\"><p>Az is a program r\u00e9sze, hogy meg\u00e9rtess\u00e9k a gyerekekkel, hogy vannak j\u00f3 \u00e9s rossz titkok, ezzel is hozz\u00e1j\u00e1rulva ahhoz, hogy ne maradhasson rejtve az ellen\u00fck elk\u00f6vetett vissza\u00e9l\u00e9s.<\/p><\/blockquote>\n\n\n\n<p>A bugyiszab\u00e1lyokat (m\u00e1s n\u00e9ven feh\u00e9rnem\u0171szab\u00e1lyokat) a gyerekeknek is tudniuk kell, de fontos, hogy a k\u00f6rnyezet\u00fckben l\u00e9v\u0151 feln\u0151ttek is ismerj\u00e9k \u00e9s alkalmazz\u00e1k \u0151ket.<\/p>\n\n\n\n<p>A bugyiszab\u00e1ly 3 r\u00e9szb\u0151l \u00e1ll.<\/p>\n\n\n\n<h2 id=\"1-szaba-ly-e-rinte-sek\">1. SZAB\u00c1LY: \u00c9rint\u00e9sek<\/h2>\n\n\n\n<p>Azokat a <a href=\"https:\/\/yelon.hu\/szuloknek\/adjunk-szavakat-a-gyereknek-hogy-tudjon-beszelni-a-testerol\/\" target=\"_blank\" rel=\"noreferrer noopener\" aria-label=\"testr\u00e9szeket (\u00faj f\u00fcl\u00f6n nyitja meg)\">testr\u00e9szeket<\/a>, amelyeket a bugyi, a trik\u00f3, azaz feh\u00e9rnem\u0171 fed, csak az \u00e9rintheti meg, akinek a gyerek megengedi.<\/p>\n\n\n\n<p>MINIDIG \u00edgy kell tenni. Akkor is, ha meg kell t\u00f6r\u00f6lni a gyerek fenek\u00e9t, akkor is, ha kullancsot keres\u00fcnk, vagy ha b\u00e1r\u00e1nyhiml\u0151-ki\u00fct\u00e9seket keneget\u00fcnk&#8230; Teh\u00e1t mindig tiszteletben kell tartani azt a szab\u00e1lyt, hogy a gyerek ad enged\u00e9lyt arra, hogy az intim testr\u00e9szeihez hozz\u00e1\u00e9rhess\u00fcnk.<\/p>\n\n\n\n<h3>A test hat\u00e1rai<\/h3>\n\n\n\n<p>A bugyiszab\u00e1lyok r\u00e9v\u00e9n tanulja meg, hogy hol vannak a test\u00e9nek azok a hat\u00e1rai, amelyek\u00e9rt \u0151 a felel\u0151s, \u00e9s hogy a test\u00e9hez kapcsol\u00f3d\u00f3 d\u00f6nt\u00e9seket \u0151 hozza meg. Ez a tapasztalat lesz a testi \u00f6nrendelkez\u00e9si jog alapja, \u00edgy alakul majd ki a <a rel=\"noreferrer noopener\" aria-label=\"\u201enemet mond\u00e1s&nbsp;k\u00e9pess\u00e9ge\u201d (\u00faj f\u00fcl\u00f6n nyitja meg)\" href=\"https:\/\/yelon.hu\/szuloknek\/a-gyerek-aki-tud-nemet-mondani\/\" target=\"_blank\">nemet mond\u00e1s&nbsp;k\u00e9pess\u00e9ge<\/a>: vagyis amikor egy gyerek k\u00e9pes lesz nemet mondani egy feln\u0151ttnek vagy egy m\u00e1sik gyereknek, aki a test\u00e9vel kapcsolatban r\u00e1 pr\u00f3b\u00e1l k\u00e9nyszer\u00edteni valamit.<\/p>\n\n\n\n<h2 id=\"2-szaba-ly-titkok\">2. SZAB\u00c1LY: Titkok<\/h2>\n\n\n\n<p>A gyereknek tudnia kell, hogy vannak j\u00f3 \u00e9s rossz titkok.<\/p>\n\n\n\n<p>A&nbsp;<a href=\"https:\/\/yelon.hu\/szuloknek\/a-szexualis-eroszak-jelei\/\" target=\"_blank\" rel=\"noreferrer noopener\" aria-label=\" (\u00faj f\u00fcl\u00f6n nyitja meg)\">szexu\u00e1lis ab\u00fazust<\/a>&nbsp;elk\u00f6vet\u0151k leggyakoribb strat\u00e9gi\u00e1ja, hogy a k\u00f6z\u00f6s titokra hivatkozva fenyegetik a gyereket: \u201eLegyen ez a mi titkunk!\u201d Ez\u00e9rt kell megtan\u00edtani a gyerekeket arra, hogy vannak j\u00f3 \u00e9s rossz titkok is. A j\u00f3 titkokt\u00f3l az embernek kellemes zsibong\u00e1s t\u00e1mad a gyomr\u00e1ban, \u00e9s ugr\u00e1lni van kedve, vagy folyton mosolyogni szeretne.<\/p>\n\n\n\n<blockquote class=\"wp-block-quote\"><p>A rossz titkokt\u00f3l viszont megf\u00e1jdul a fej, a has, \u00e9s ezek r\u00e9m\u00e1lmokat is okozhatnak.<\/p><\/blockquote>\n\n\n\n<h3>A j\u00f3 titok \u00e9s a rossz titok<\/h3>\n\n\n\n<p>A rossz titkok el\u0151l a legszivesebb elb\u00fajna az ember, vagy megpr\u00f3b\u00e1l \u00fagy tenni, mintha nem is tudna az eg\u00e9szr\u0151l (de azt meg nem lehet).<\/p>\n\n\n\n<h2 id=\"3-szaba-ly-ne-tartsd-magadban-\">3. SZAB\u00c1LY: Ne tartsd magadban!<\/h2>\n\n\n\n<p>A j\u00f3 titkok semmi bajt nem okoznak, ha az ember meg\u0151rzi \u0151ket.<\/p>\n\n\n\n<p>Viszont a rossz titkokat nem szabad elhallgatni, el kell mondani \u0151ket egy olyan feln\u0151ttnek, akiben meg lehet b\u00edzni. Pontosabban, akiben a gyerek megb\u00edzik.<\/p>\n\n\n\n<p>Ha valaki hozz\u00e1 akar \u00e9rni a gyerek bugyival (feh\u00e9rnem\u0171vel) fedett testr\u00e9szeihez, vagy azt k\u00e9ri, hogy hadd n\u00e9zze meg azokat, esetleg megmutatja a saj\u00e1t olyan testr\u00e9sz\u00e9t, amit az als\u00f3nem\u0171j\u00e9nek kellene fednie, akkor ezt nem szabad titokban tartani.<\/p>\n\n\n\n<h3>Hogy a gyerek merjen \u00e9s tudjon seg\u00edts\u00e9get k\u00e9rni<\/h3>\n\n\n\n<p>Arra kell megtan\u00edtani a gyereket, hogy ha ilyesmi t\u00f6rt\u00e9nik, mondja el egy olyan feln\u0151ttnek, akiben megb\u00edzik.<\/p>\n\n\n\n<blockquote class=\"wp-block-quote\"><p>A bugyiszab\u00e1lyokat nem el\u00e9g egyszer elmondani. Be kell \u00e9p\u00edteni a mindennapokba, s\u0151t \u00e9rdemes min\u00e9l t\u00f6bbet besz\u00e9lgetni r\u00f3luk, ugyanis az otthoni kommunik\u00e1ci\u00f3, a nyitott l\u00e9gk\u00f6r mind a megel\u0151z\u00e9s alapja lehet.<\/p><\/blockquote>\n\n\n\n<p>Ehhez lehet, hogy nek\u00fcnk is v\u00e1ltoztatni kell a szok\u00e1sainkon, de j\u00f3 tudni, hogy a bugyiszab\u00e1lyok t\u00e9nyleg m\u0171k\u00f6dnek. \u00c9rdemes lehet j\u00e1t\u00e9kos form\u00e1ban \u00e1tism\u00e9telni, hogy pl. a j\u00e1t\u00e9kmack\u00f3 hol \u00e9rhet hozz\u00e1 a gyerekhez. F\u00fcrdet\u00e9skor, \u00f6lt\u00f6zk\u00f6d\u00e9skor megk\u00e9rdezhetj\u00fck t\u0151le, hogy engedi-e, hogy hozz\u00e1\u00e9rj\u00fcnk a fenek\u00e9hez.<\/p>\n\n\n\n<h3>Hogy lehessen nemet mondani<\/h3>\n\n\n\n<p>Mindez seg\u00edti a gyerekek \u00f6nmaguk\u00e9rt \u00e9s a test\u00fck\u00e9rt \u00e9rzett felel\u0151ss\u00e9g\u00e9nek kialakul\u00e1s\u00e1t \u00e9s a <a href=\"https:\/\/yelon.hu\/szuloknek\/a-gyerek-aki-tud-es-mer-nemet-mondani\/\" target=\"_blank\" rel=\"noreferrer noopener\" aria-label=\"nemet mond\u00e1s k\u00e9pess\u00e9g\u00e9nek meger\u0151s\u00f6d\u00e9s\u00e9t (\u00faj f\u00fcl\u00f6n nyitja meg)\">nemet mond\u00e1s k\u00e9pess\u00e9g\u00e9nek meger\u0151s\u00f6d\u00e9s\u00e9t<\/a>.<\/p>\n\n\n\n<p>Az \u00f3vod\u00e1sok sz\u00e1m\u00e1ra k\u00e9sz\u00fclt egy&nbsp;<a rel=\"noreferrer noopener\" href=\"https:\/\/hintalovon.hu\/hu\/bugyiszabalyok\" target=\"_blank\">mese<\/a>&nbsp;is a bugyiszab\u00e1lyokr\u00f3l. A rajzokkal illusztr\u00e1lt f\u00fczetecsk\u00e9b\u0151l \u2013 Lajos, a zsir\u00e1f t\u00f6rt\u00e9net\u00e9n kereszt\u00fcl \u2013 k\u00f6nnyen meg\u00e9rthetik a kisgyerekek is, mi\u00e9rt fontos, hogy a test\u00fck bugyival fedett ter\u00fcleteihez csak az \u00e9rhet hozz\u00e1, akinek megengedik, \u00e9s csak akkor, amikor megengedik.<\/p>\n\n\n\n<p><em>Gyurk\u00f3 Szilvi<\/em><\/p>\n\n\n\n<p><em>Ha tetszett, t\u00f6ltsd le az err\u0151l sz\u00f3l\u00f3 kiadv\u00e1nyunkat az\u00a0<a aria-label=\" (\u00faj f\u00fcl\u00f6n nyitja meg)\" rel=\"noreferrer noopener\" href=\"https:\/\/hintalovon.hu\/hu\/\" target=\"_blank\">adom\u00e1nyboltunkb\u00f3l<\/a><\/em> vagy szerezd be magadnak a <a href=\"https:\/\/hintalovon.hu\/termek\/bugyiszabaly_konyv\/\" target=\"_blank\" rel=\"noreferrer noopener\">Minden gyerek kicsi kincs c\u00edm\u0171 mesek\u00f6nyvet<\/a>!<\/p>\n\n\n\n<p><em>Kiemelt k\u00e9p <a rel=\"noreferrer noopener\" aria-label=\" (\u00faj f\u00fcl\u00f6n nyitja meg)\" href=\"https:\/\/unsplash.com\/\" target=\"_blank\">innen<\/a><\/em><\/p>\n","protected":false},"excerpt":{"rendered":"<p>Kevesebb lenne a szexu\u00e1lis ab\u00fazus, ha a gyerekeink ismern\u00e9k \u00e9s meg tudn\u00e1k \u00f3vni a hat\u00e1raikat \u2013 a bugyiszab\u00e1llyal nemcsak ezt, de azt is megtan\u00edthatod m\u00e1r a legkisebbeknek is, hogy merj\u00e9k jelezni a rossz \u00e9rint\u00e9seket.<\/p>\n","protected":false},"author":9,"featured_media":3171,"comment_status":"closed","ping_status":"closed","sticky":false,"template":"","format":"standard","meta":[],"categories":[12],"tags":[284,290,134,275,289,147,121,288,280,292,277,278,287,276,285,279,286,282,42,291,283,128,281,263],"yoast_head":"<!-- This site is optimized with the Yoast SEO plugin v15.1 - https:\/\/yoast.com\/wordpress\/plugins\/seo\/ -->\n<title>A \u201ebugyiszab\u00e1lyok\u201d a b\u00e1tors\u00e1gra \u00e9s a nemet mond\u00e1sra (is) tan\u00edtanak - Yelon<\/title>\n<meta name=\"description\" content=\"Kevesebb lenne a szexu\u00e1lis ab\u00fazus, ha a gyerekeink tudn\u00e1k, hogy van j\u00f3 \u00e9s rossz \u00e9rint\u00e9s, \u00e9s hogy lehet nemet mondani. A bugyiszab\u00e1ly seg\u00edt megtanulni.\" \/>\n<meta name=\"robots\" content=\"index, follow, max-snippet:-1, max-image-preview:large, max-video-preview:-1\" \/>\n<link rel=\"canonical\" href=\"https:\/\/yelon.hu\/szuloknek\/bugyiszabaly-tanitsuk-meg-hogy-a-nem-az-nem\/\" \/>\n<meta property=\"og:locale\" content=\"hu_HU\" \/>\n<meta property=\"og:type\" content=\"article\" \/>\n<meta property=\"og:title\" content=\"A \u201ebugyiszab\u00e1lyok\u201d a b\u00e1tors\u00e1gra \u00e9s a nemet mond\u00e1sra (is) tan\u00edtanak - Yelon\" \/>\n<meta property=\"og:description\" content=\"Kevesebb lenne a szexu\u00e1lis ab\u00fazus, ha a gyerekeink tudn\u00e1k, hogy van j\u00f3 \u00e9s rossz \u00e9rint\u00e9s, \u00e9s hogy lehet nemet mondani. A bugyiszab\u00e1ly seg\u00edt megtanulni.\" \/>\n<meta property=\"og:url\" content=\"https:\/\/yelon.hu\/szuloknek\/bugyiszabaly-tanitsuk-meg-hogy-a-nem-az-nem\/\" \/>\n<meta property=\"og:site_name\" content=\"Yelon\" \/>\n<meta property=\"article:published_time\" content=\"2019-10-31T00:58:00+00:00\" \/>\n<meta property=\"article:modified_time\" content=\"2024-03-22T15:17:55+00:00\" \/>\n<meta property=\"og:image\" content=\"https:\/\/yelon.hu\/szuloknek\/wp-content\/uploads\/2019\/10\/kai-pilger-bugyiszabaly-a-nem-az-nem-scaled.jpg\" \/>\n\t<meta property=\"og:image:width\" content=\"2560\" \/>\n\t<meta property=\"og:image:height\" content=\"1707\" \/>\n<meta name=\"twitter:card\" content=\"summary_large_image\" \/>\n<script type=\"application\/ld+json\" class=\"yoast-schema-graph\">{\"@context\":\"https:\/\/schema.org\",\"@graph\":[{\"@type\":\"WebSite\",\"@id\":\"https:\/\/yelon.hu\/szuloknek\/#website\",\"url\":\"https:\/\/yelon.hu\/szuloknek\/\",\"name\":\"Yelon\",\"description\":\"Kamaszoknak \\u00e9s sz\\u00fcl\\u0151knek sz\\u00f3l\\u00f3 online magazin\",\"potentialAction\":[{\"@type\":\"SearchAction\",\"target\":\"https:\/\/yelon.hu\/szuloknek\/?s={search_term_string}\",\"query-input\":\"required name=search_term_string\"}],\"inLanguage\":\"hu\"},{\"@type\":\"ImageObject\",\"@id\":\"https:\/\/yelon.hu\/szuloknek\/bugyiszabaly-tanitsuk-meg-hogy-a-nem-az-nem\/#primaryimage\",\"inLanguage\":\"hu\",\"url\":\"https:\/\/yelon.hu\/szuloknek\/wp-content\/uploads\/2019\/10\/kai-pilger-bugyiszabaly-a-nem-az-nem-scaled.jpg\",\"width\":2560,\"height\":1707,\"caption\":\"Bugyiszab\\u00e1ly, hat\\u00e1rok, b\\u00e1tors\\u00e1g, nem\"},{\"@type\":\"WebPage\",\"@id\":\"https:\/\/yelon.hu\/szuloknek\/bugyiszabaly-tanitsuk-meg-hogy-a-nem-az-nem\/#webpage\",\"url\":\"https:\/\/yelon.hu\/szuloknek\/bugyiszabaly-tanitsuk-meg-hogy-a-nem-az-nem\/\",\"name\":\"A \\u201ebugyiszab\\u00e1lyok\\u201d a b\\u00e1tors\\u00e1gra \\u00e9s a nemet mond\\u00e1sra (is) tan\\u00edtanak - Yelon\",\"isPartOf\":{\"@id\":\"https:\/\/yelon.hu\/szuloknek\/#website\"},\"primaryImageOfPage\":{\"@id\":\"https:\/\/yelon.hu\/szuloknek\/bugyiszabaly-tanitsuk-meg-hogy-a-nem-az-nem\/#primaryimage\"},\"datePublished\":\"2019-10-31T00:58:00+00:00\",\"dateModified\":\"2024-03-22T15:17:55+00:00\",\"author\":{\"@id\":\"https:\/\/yelon.hu\/szuloknek\/#\/schema\/person\/c9fa38f81f80ff5bbd245a64fddaee93\"},\"description\":\"Kevesebb lenne a szexu\\u00e1lis ab\\u00fazus, ha a gyerekeink tudn\\u00e1k, hogy van j\\u00f3 \\u00e9s rossz \\u00e9rint\\u00e9s, \\u00e9s hogy lehet nemet mondani. A bugyiszab\\u00e1ly seg\\u00edt megtanulni.\",\"inLanguage\":\"hu\",\"potentialAction\":[{\"@type\":\"ReadAction\",\"target\":[\"https:\/\/yelon.hu\/szuloknek\/bugyiszabaly-tanitsuk-meg-hogy-a-nem-az-nem\/\"]}]},{\"@type\":\"Person\",\"@id\":\"https:\/\/yelon.hu\/szuloknek\/#\/schema\/person\/c9fa38f81f80ff5bbd245a64fddaee93\",\"name\":\"B. Zsofi\",\"image\":{\"@type\":\"ImageObject\",\"@id\":\"https:\/\/yelon.hu\/szuloknek\/#personlogo\",\"inLanguage\":\"hu\",\"url\":\"https:\/\/secure.gravatar.com\/avatar\/0936caaf13a2f9714ad4b7bd07dd9bca?s=96&d=mm&r=g\",\"caption\":\"B. Zsofi\"}}]}<\/script>\n<!-- \/ Yoast SEO plugin. -->","_links":{"self":[{"href":"https:\/\/yelon.hu\/szuloknek\/wp-json\/wp\/v2\/posts\/2850"}],"collection":[{"href":"https:\/\/yelon.hu\/szuloknek\/wp-json\/wp\/v2\/posts"}],"about":[{"href":"https:\/\/yelon.hu\/szuloknek\/wp-json\/wp\/v2\/types\/post"}],"author":[{"embeddable":true,"href":"https:\/\/yelon.hu\/szuloknek\/wp-json\/wp\/v2\/users\/9"}],"replies":[{"embeddable":true,"href":"https:\/\/yelon.hu\/szuloknek\/wp-json\/wp\/v2\/comments?post=2850"}],"version-history":[{"count":12,"href":"https:\/\/yelon.hu\/szuloknek\/wp-json\/wp\/v2\/posts\/2850\/revisions"}],"predecessor-version":[{"id":5815,"href":"https:\/\/yelon.hu\/szuloknek\/wp-json\/wp\/v2\/posts\/2850\/revisions\/5815"}],"wp:featuredmedia":[{"embeddable":true,"href":"https:\/\/yelon.hu\/szuloknek\/wp-json\/wp\/v2\/media\/3171"}],"wp:attachment":[{"href":"https:\/\/yelon.hu\/szuloknek\/wp-json\/wp\/v2\/media?parent=2850"}],"wp:term":[{"taxonomy":"category","embeddable":true,"href":"https:\/\/yelon.hu\/szuloknek\/wp-json\/wp\/v2\/categories?post=2850"},{"taxonomy":"post_tag","embeddable":true,"href":"https:\/\/yelon.hu\/szuloknek\/wp-json\/wp\/v2\/tags?post=2850"}],"curies":[{"name":"wp","href":"https:\/\/api.w.org\/{rel}","templated":true}]}}