{"id":2867,"date":"2019-12-07T02:39:06","date_gmt":"2019-12-07T01:39:06","guid":{"rendered":"https:\/\/yelon.hu\/szuloknek\/?p=2867"},"modified":"2020-02-21T04:23:39","modified_gmt":"2020-02-21T03:23:39","slug":"amit-szulokent-a-snapchatrol-tudni-erdemes","status":"publish","type":"post","link":"https:\/\/yelon.hu\/szuloknek\/amit-szulokent-a-snapchatrol-tudni-erdemes\/","title":{"rendered":"Amit sz\u00fcl\u0151k\u00e9nt a Snapchatr\u0151l tudni \u00e9rdemes"},"content":{"rendered":"\n<p>Hallott\u00e1l a Snapchatr\u0151l, de halv\u00e1ny lila g\u0151z\u00f6d sincs, hogy mi az? Ismered a \u201esnap&#8221; sz\u00f3 jelent\u00e9s\u00e9t? Ez az a hang, amit a r\u00e9gi Pentax f\u00e9nyk\u00e9pez\u0151g\u00e9pek adtak ki, a \u201echat&#8221; pedig a laza, k\u00f6tetlen besz\u00e9lget\u00e9s angol megfelel\u0151je. De mit jelenthet a kett\u0151 egy\u00fctt \u2012 tal\u00e1n egy olyan t\u00e1rsalg\u00e1st, ahol f\u00e9nyk\u00e9pez\u0151g\u00e9pekr\u0151l van sz\u00f3?<\/p>\n\n\n\n<!--more-->\n\n\n\n<p>Nos, nem eg\u00e9szen: ez egy 20 milli\u00e1rd doll\u00e1r \u00e9rt\u00e9k\u0171 c\u00e9g, aminek profilja egy olyan alkalmaz\u00e1s, amely mostan\u00e1ban meghat\u00e1rozza a gyerekek \u00e9let\u00e9t. Mivel nagy val\u00f3sz\u00edn\u0171s\u00e9ggel nincs id\u0151d arra, hogy minden k\u00fcty\u00fcr\u0151l friss inform\u00e1ci\u00f3t szerezz, itt egy kis \u00f6sszefoglal\u00f3, hogy naprak\u00e9sz lehess, a gyerekeid pedig biztons\u00e1gban legyenek.&nbsp;<\/p>\n\n\n\n<h2><strong>Mit csin\u00e1lnak a gyerekek?<\/strong><\/h2>\n\n\n\n<p>A Snapchattel k\u00e9peket, vide\u00f3kat \u00e9s <a href=\"https:\/\/yelon.hu\/szuloknek\/omg-lol-roviditesek\/\" target=\"_blank\" rel=\"noreferrer noopener\" aria-label=\"sz\u00f6veges \u00fczeneteket (\u00faj f\u00fcl\u00f6n nyitja meg)\">sz\u00f6veges \u00fczeneteket<\/a> oszthatsz meg azzal, akivel csak akarsz \u2012 legyen az egyetlen ismer\u0151s\u00f6d vagy ak\u00e1r az \u00f6sszes szem\u00e9ly, akit felvett\u00e9l a list\u00e1dba. A gyerekeid teh\u00e1t csup\u00e1n ugyanazt csin\u00e1lj\u00e1k, amit b\u00e1rmely m\u00e1s <a href=\"https:\/\/yelon.hu\/szuloknek\/kozossegi-media-hasznalata-korhatar\/\" target=\"_blank\" rel=\"noreferrer noopener\" aria-label=\"szoci\u00e1lis h\u00e1l\u00f3 fel\u00fclet\u00e9n (\u00faj f\u00fcl\u00f6n nyitja meg)\">szoci\u00e1lis h\u00e1l\u00f3 fel\u00fclet\u00e9n<\/a>: betekint\u00e9st ny\u00fajtanak a mindennapi \u00e9let\u00fckbe, kommunik\u00e1lnak a bar\u00e1taikkal, k\u00f6vetik a celebek h\u00edreit, \u00e9s pocs\u00e9kolj\u00e1k az idej\u00fcket a n\u00e9pszer\u0171 csatorn\u00e1kon val\u00f3 v\u00e9get nem \u00e9r\u0151 g\u00f6rget\u00e9ssel. Ne feledd, hogy a Snapchat csak 18 \u00e9ven fel\u00fclieknek k\u00e9sz\u00fclt. M\u00e1r 13 \u00e9ves kort\u00f3l lehet regisztr\u00e1lni, de 18 \u00e9v alatt csak feln\u0151tt jelenl\u00e9t\u00e9ben haszn\u00e1lhatj\u00e1k az alkalmaz\u00e1st.<\/p>\n\n\n\n<h2><strong>Mi\u00e9rt olyan vonz\u00f3?<\/strong><\/h2>\n\n\n\n<p>A Facebookkal ellent\u00e9tben a Snapchat nem hagy <a href=\"https:\/\/yelon.hu\/szuloknek\/a-szuloi-felelosseg-a-gyerek-digitalis-labnyomaban\/\" target=\"_blank\" rel=\"noreferrer noopener\" aria-label=\"digit\u00e1lis nyomot (\u00faj f\u00fcl\u00f6n nyitja meg)\">digit\u00e1lis nyomot<\/a> (ez\u00e9rt olyan tal\u00e1l\u00f3 a kis szellemikon). Ez a lek\u00f6vethetetlens\u00e9g adja az alkalmaz\u00e1s legnagyobb vonzerej\u00e9t a m\u00f3k\u00e1s filterek \u00e9s a kommunik\u00e1ci\u00f3s lehet\u0151s\u00e9gek sokoldal\u00fas\u00e1ga mellett. Minden \u00fczenet csak 10 m\u00e1sodpercig l\u00e1that\u00f3, kiv\u00e9ve az id\u0151rendi sorrendbe \u00e1ll\u00edtott \u201esztorikat&#8221;, amelyek 24 \u00f3r\u00e1ig visszaj\u00e1tszhat\u00f3k.\u00a0<\/p>\n\n\n\n<h2><strong>T\u00e9nyleg elt\u0171nnek az \u00fczenetek?<\/strong><\/h2>\n\n\n\n<p>H\u00e1t\u2026 nem teljesen. A Snapchat indul\u00e1sa \u00f3ta biztons\u00e1gi szak\u00e9rt\u0151k j\u00f3volt\u00e1b\u00f3l nyilv\u00e1noss\u00e1gra ker\u00fclt p\u00e1r m\u00f3dszer, amelyekkel el\u0151 lehet hozni az \u00fczeneteket. Term\u00e9szetesen k\u00e9perny\u0151fot\u00f3n is meg lehet \u00f6r\u00f6k\u00edteni \u0151ket k\u00e9s\u0151bbi felhaszn\u00e1l\u00e1s vagy ak\u00e1r zsarol\u00e1s c\u00e9lj\u00e1b\u00f3l is, az alkalmaz\u00e1s azonban \u00e9rtes\u00edt\u00e9st k\u00fcld az \u00fczenet felad\u00f3j\u00e1nak, hogy r\u00f6gz\u00edtett\u00e9k az \u00fczenet\u00e9t.&nbsp;<\/p>\n\n\n\n<p>Ja, \u00e9s ahogy az a Snapchat jogi nyilatkozat\u00e1ban is olvashat\u00f3, a c\u00e9g megtartja a felhaszn\u00e1l\u00f3k utols\u00f3 200 k\u00fcld\u00f6tt\/kapott \u00fczenet\u00e9t (hasonl\u00f3an a telefonok h\u00edv\u00e1slist\u00e1j\u00e1hoz). A c\u00e9g szerint erre az\u00e9rt van sz\u00fcks\u00e9g, hogy vesz\u00e9ly eset\u00e9n a hat\u00f3s\u00e1gok rendelkez\u00e9s\u00e9re bocs\u00e1thass\u00e1k a felv\u00e9teleket. M\u00e9g szerencse, hogy az ilyen j\u00f3l \u0151rz\u00f6tt adatok soha, semmilyen k\u00f6r\u00fclm\u00e9nyek k\u00f6z\u00f6tt nem l\u00e1ttak m\u00e9g napvil\u00e1got\u2026 vagy m\u00e9gis?<\/p>\n\n\n\n<h2><strong>Mi\u00e9rt j\u00f3 j\u00e1t\u00e9k ez a gyerekeimnek?<\/strong><\/h2>\n\n\n\n<p>A filterek miatt. A Snapchat a val\u00f3s\u00e1g b\u0151v\u00edtett v\u00e1ltozata, ami azt jelenti, hogy virtu\u00e1lis filtereket, azaz k\u00e9pm\u00f3dos\u00edt\u00e1sokat alkalmazhatsz val\u00f3s k\u00e9peken, ezzel mintegy feltuningolva ezeket. A filtereket el\u0151szeretettel alkalmazz\u00e1k a felhaszn\u00e1l\u00f3k az arcukon, ez\u00e1ltal p\u00e9ld\u00e1ul hatalmas, rajzfilmfigura-szer\u0171 szemeik lesznek. De arra is f\u00e9nyt der\u00edthetnek, hogy n\u00e9zne ki, ha sziv\u00e1rv\u00e1nyt h\u00e1nyn\u00e1nak, vagy ha meg\u00f6regedn\u00e9nek. Rendk\u00edv\u00fcl hasznos, ugye?!<\/p>\n\n\n\n<h2><strong>Hogyan ellen\u0151rizhetem a gyerekeim tev\u00e9kenys\u00e9g\u00e9t?<\/strong><\/h2>\n\n\n\n<p>A \u201eMy Friends\u201d (Bar\u00e1taim) be\u00e1ll\u00edt\u00e1sa lehet\u0151v\u00e9 teszi, hogy csak olyanokt\u00f3l kapjanak \u00e9s k\u00fcldjenek \u00fczenetet, akik a bar\u00e1tlist\u00e1jukon vannak. Minden gyereknek be kellene ezt az opci\u00f3t \u00e1ll\u00edtania, mivel ez akad\u00e1lyozza meg, hogy idegenek lev\u00e9lszemetet, szexu\u00e1lis tartalm\u00fa \u00fczeneteket vagy egy\u00e9b illetlen tartalmat k\u00fcldjenek nekik. Term\u00e9szetesen arr\u00f3l is meg kell gy\u0151z\u0151dn\u00f6d, hogy er\u0151s jelsz\u00f3t haszn\u00e1lnak, \u00e9s el kell nekik magyar\u00e1znod, <a href=\"https:\/\/yelon.hu\/szuloknek\/8-fontos-digitalis-keszseg-a-gyerekeknek\/\" target=\"_blank\" rel=\"noreferrer noopener\" aria-label=\"milyen k\u00f6vetkezm\u00e9nyekkel j\u00e1rhat, ha illetlen k\u00e9peket k\u00fcld\u00f6zgetnek, megsz\u00e9gyen\u00edtenek valakit (\u00faj f\u00fcl\u00f6n nyitja meg)\">milyen k\u00f6vetkezm\u00e9nyekkel j\u00e1rhat, ha illetlen k\u00e9peket k\u00fcld\u00f6zgetnek, megsz\u00e9gyen\u00edtenek valakit<\/a>, vagy csak sim\u00e1n k\u00f6vetik a mostan\u00e1ban divatos \u201etroll&#8221; viselked\u00e9st.<\/p>\n\n\n\n<p>L\u00e9tezik egy lebut\u00edtott Snapchat-verzi\u00f3 is, amelynek Snapkidz a neve. Ez lehet\u0151v\u00e9 teszi, hogy a gyerekek \u00fczeneteket k\u00e9sz\u00edtsenek \u00e9s mentsenek, de enn\u00e9l t\u00f6bbet nem tud. A Snapkidz tulajdonk\u00e9ppen egy internetkapcsolat n\u00e9lk\u00fcli Snapchat, amellyel filtereket k\u00e9sz\u00edthetnek a k\u00e9peikre, de k\u00fcldeni vagy fogadni semmit nem tudnak. Ez m\u00e1r nem is hangzik olyan rosszul, igaz?<\/p>\n\n\n\n<h2><strong>Egy kis nyelvlecke<\/strong><\/h2>\n\n\n\n<p>Mint minden k\u00f6z\u00f6ss\u00e9gi fel\u00fcletnek, a Snapchatnek is megvannak a maga saj\u00e1tos kifejez\u00e9sei. Ezt a 3 kifejez\u00e9st tal\u00e1n ismered, de mindenk\u00e9pp \u00faj jelent\u00e9st kapnak, amint a gyereked kimondja \u0151ket:<\/p>\n\n\n\n<ul><li>Snap: a snap egy egyszer\u0171 fot\u00f3, vide\u00f3 vagy sz\u00f6veges \u00fczenet, amit az ismer\u0151seidnek k\u00fcldhetsz. F\u0151n\u00e9vk\u00e9nt (\u201eK\u00fcldtem Pistinek egy snapet\u201d) \u00e9s igek\u00e9nt (\u201eSnapeltem egy k\u00e9pet Pistinek\u201d) is meg\u00e1llja a hely\u00e9t.<\/li><li>Screenshot: magyarul \u201ek\u00e9perny\u0151fot\u00f3\u201d. K\u00e9pk\u00e9nt r\u00f6gz\u00edti a kijelz\u0151n megjelen\u0151 tartalmat a k\u00e9sz\u00fcl\u00e9k mem\u00f3ri\u00e1j\u00e1ba. Sajnos k\u00e9s\u0151bb t\u00f6bbnyire csipkel\u0151d\u00e9sek, g\u00fanyol\u00f3d\u00e1sok eszk\u00f6zek\u00e9nt t\u0171nhet fel \u00fajra a lementett k\u00e9p.<\/li><li>Filter: \u00e1ltal\u00e1nos kifejez\u00e9s a k\u00e9pm\u00f3dos\u00edt\u00f3 eszk\u00f6z\u00f6kre. Ilyen p\u00e9ld\u00e1ul egy nyelv\u00e9t ny\u00fajt\u00f3 kutyafej vagy a sz\u00e1nkb\u00f3l ki\u00e1rad\u00f3 sziv\u00e1rv\u00e1nyh\u00e1ny\u00e1s.<\/li><\/ul>\n\n\n\n<h2><strong>Van m\u00e9g m\u00e1s is?<\/strong><\/h2>\n\n\n\n<p>Ha m\u00e9g mindig vannak k\u00e9ts\u00e9geid, telep\u00edts egy szoftverfigyel\u0151 alkalmaz\u00e1st, p\u00e9ld\u00e1ul a Pumpicet, amely lehet\u0151v\u00e9 teszi a sz\u00e1m\u00edt\u00f3g\u00e9pen t\u00f6rt\u00e9n\u0151 \u201ek\u00e9mked\u00e9st&#8221;. Ijeszt\u0151? Nem csoda. Minden csak att\u00f3l f\u00fcgg, milyen a kapcsolat k\u00f6zted \u00e9s a gyerekeid k\u00f6z\u00f6tt \u2012 ha etikusabb szeretn\u00e9l lenni, besz\u00e9ld meg vel\u00fck, hogy az enged\u00e9ly\u00fckkel szeretn\u00e9l n\u00e9ha belen\u00e9zni a levelez\u00e9s\u00fckbe.<\/p>\n\n\n\n<p><em>K\u00e9sz\u00fclt a <\/em><a href=\"https:\/\/www.fatherly.com\/gear\/parents-guide-to-snapchat\/\" target=\"_blank\" rel=\"noreferrer noopener\" aria-label=\" (\u00faj f\u00fcl\u00f6n nyitja meg)\"><em>Fatherly<\/em><\/a><em> cikke alapj\u00e1n<\/em>.<\/p>\n\n\n\n<p><em>Kiemelt k\u00e9p <a href=\"https:\/\/pixabay.com\/\" target=\"_blank\" rel=\"noreferrer noopener\" aria-label=\"innen (\u00faj f\u00fcl\u00f6n nyitja meg)\">innen<\/a><\/em><\/p>\n","protected":false},"excerpt":{"rendered":"<p>\u00d6sszefoglal\u00f3 azoknak a sz\u00fcl\u0151knek, akik k\u00f6vetni akarj\u00e1k a friss netes trendeket, mik\u00f6zben gyerekeik online biztons\u00e1g\u00e1ra is figyelnek.<\/p>\n","protected":false},"author":10,"featured_media":3234,"comment_status":"closed","ping_status":"closed","sticky":false,"template":"","format":"standard","meta":[],"categories":[8],"tags":[522,517,520,492,523,519,518,527,525,47,201,524,526,194,516,184,521],"yoast_head":"<!-- This site is optimized with the Yoast SEO plugin v15.1 - https:\/\/yoast.com\/wordpress\/plugins\/seo\/ -->\n<title>Amit sz\u00fcl\u0151k\u00e9nt a Snapchatr\u0151l tudni \u00e9rdemes - Yelon<\/title>\n<meta name=\"description\" content=\"\u00d6sszefoglal\u00f3 azoknak az online biztons\u00e1gra figyel\u0151 sz\u00fcl\u0151knek, akik \u00e9rteni szeretn\u00e9k, mire gondol a gyerek\u00fck, amikor snapeket \u00e9s filtereket emleget.\" \/>\n<meta name=\"robots\" content=\"index, follow, max-snippet:-1, max-image-preview:large, max-video-preview:-1\" \/>\n<link rel=\"canonical\" href=\"https:\/\/yelon.hu\/szuloknek\/amit-szulokent-a-snapchatrol-tudni-erdemes\/\" \/>\n<meta property=\"og:locale\" content=\"hu_HU\" \/>\n<meta property=\"og:type\" content=\"article\" \/>\n<meta property=\"og:title\" content=\"Amit sz\u00fcl\u0151k\u00e9nt a Snapchatr\u0151l tudni \u00e9rdemes - Yelon\" \/>\n<meta property=\"og:description\" content=\"\u00d6sszefoglal\u00f3 azoknak az online biztons\u00e1gra figyel\u0151 sz\u00fcl\u0151knek, akik \u00e9rteni szeretn\u00e9k, mire gondol a gyerek\u00fck, amikor snapeket \u00e9s filtereket emleget.\" \/>\n<meta property=\"og:url\" content=\"https:\/\/yelon.hu\/szuloknek\/amit-szulokent-a-snapchatrol-tudni-erdemes\/\" \/>\n<meta property=\"og:site_name\" content=\"Yelon\" \/>\n<meta property=\"article:published_time\" content=\"2019-12-07T01:39:06+00:00\" \/>\n<meta property=\"article:modified_time\" content=\"2020-02-21T03:23:39+00:00\" \/>\n<meta property=\"og:image\" content=\"https:\/\/yelon.hu\/szuloknek\/wp-content\/uploads\/2019\/12\/snapchat-mit-erdemes-tudni-rola.jpg\" \/>\n\t<meta property=\"og:image:width\" content=\"1280\" \/>\n\t<meta property=\"og:image:height\" content=\"853\" \/>\n<meta name=\"twitter:card\" content=\"summary_large_image\" \/>\n<script type=\"application\/ld+json\" class=\"yoast-schema-graph\">{\"@context\":\"https:\/\/schema.org\",\"@graph\":[{\"@type\":\"WebSite\",\"@id\":\"https:\/\/yelon.hu\/szuloknek\/#website\",\"url\":\"https:\/\/yelon.hu\/szuloknek\/\",\"name\":\"Yelon\",\"description\":\"Kamaszoknak \\u00e9s sz\\u00fcl\\u0151knek sz\\u00f3l\\u00f3 online magazin\",\"potentialAction\":[{\"@type\":\"SearchAction\",\"target\":\"https:\/\/yelon.hu\/szuloknek\/?s={search_term_string}\",\"query-input\":\"required name=search_term_string\"}],\"inLanguage\":\"hu\"},{\"@type\":\"ImageObject\",\"@id\":\"https:\/\/yelon.hu\/szuloknek\/amit-szulokent-a-snapchatrol-tudni-erdemes\/#primaryimage\",\"inLanguage\":\"hu\",\"url\":\"https:\/\/yelon.hu\/szuloknek\/wp-content\/uploads\/2019\/12\/snapchat-mit-erdemes-tudni-rola.jpg\",\"width\":1280,\"height\":853,\"caption\":\"Snapchat mit \\u00e9rdemes tudni r\\u00f3la\"},{\"@type\":\"WebPage\",\"@id\":\"https:\/\/yelon.hu\/szuloknek\/amit-szulokent-a-snapchatrol-tudni-erdemes\/#webpage\",\"url\":\"https:\/\/yelon.hu\/szuloknek\/amit-szulokent-a-snapchatrol-tudni-erdemes\/\",\"name\":\"Amit sz\\u00fcl\\u0151k\\u00e9nt a Snapchatr\\u0151l tudni \\u00e9rdemes - Yelon\",\"isPartOf\":{\"@id\":\"https:\/\/yelon.hu\/szuloknek\/#website\"},\"primaryImageOfPage\":{\"@id\":\"https:\/\/yelon.hu\/szuloknek\/amit-szulokent-a-snapchatrol-tudni-erdemes\/#primaryimage\"},\"datePublished\":\"2019-12-07T01:39:06+00:00\",\"dateModified\":\"2020-02-21T03:23:39+00:00\",\"author\":{\"@id\":\"https:\/\/yelon.hu\/szuloknek\/#\/schema\/person\/cc8ade7915e7e03e45101714bee29a46\"},\"description\":\"\\u00d6sszefoglal\\u00f3 azoknak az online biztons\\u00e1gra figyel\\u0151 sz\\u00fcl\\u0151knek, akik \\u00e9rteni szeretn\\u00e9k, mire gondol a gyerek\\u00fck, amikor snapeket \\u00e9s filtereket emleget.\",\"inLanguage\":\"hu\",\"potentialAction\":[{\"@type\":\"ReadAction\",\"target\":[\"https:\/\/yelon.hu\/szuloknek\/amit-szulokent-a-snapchatrol-tudni-erdemes\/\"]}]},{\"@type\":\"Person\",\"@id\":\"https:\/\/yelon.hu\/szuloknek\/#\/schema\/person\/cc8ade7915e7e03e45101714bee29a46\",\"name\":\"Nagy Vikt\\u00f3ria\",\"image\":{\"@type\":\"ImageObject\",\"@id\":\"https:\/\/yelon.hu\/szuloknek\/#personlogo\",\"inLanguage\":\"hu\",\"url\":\"https:\/\/secure.gravatar.com\/avatar\/3556f27c74a3b0989637956c35a12ea1?s=96&d=mm&r=g\",\"caption\":\"Nagy Vikt\\u00f3ria\"}}]}<\/script>\n<!-- \/ Yoast SEO plugin. -->","_links":{"self":[{"href":"https:\/\/yelon.hu\/szuloknek\/wp-json\/wp\/v2\/posts\/2867"}],"collection":[{"href":"https:\/\/yelon.hu\/szuloknek\/wp-json\/wp\/v2\/posts"}],"about":[{"href":"https:\/\/yelon.hu\/szuloknek\/wp-json\/wp\/v2\/types\/post"}],"author":[{"embeddable":true,"href":"https:\/\/yelon.hu\/szuloknek\/wp-json\/wp\/v2\/users\/10"}],"replies":[{"embeddable":true,"href":"https:\/\/yelon.hu\/szuloknek\/wp-json\/wp\/v2\/comments?post=2867"}],"version-history":[{"count":5,"href":"https:\/\/yelon.hu\/szuloknek\/wp-json\/wp\/v2\/posts\/2867\/revisions"}],"predecessor-version":[{"id":4017,"href":"https:\/\/yelon.hu\/szuloknek\/wp-json\/wp\/v2\/posts\/2867\/revisions\/4017"}],"wp:featuredmedia":[{"embeddable":true,"href":"https:\/\/yelon.hu\/szuloknek\/wp-json\/wp\/v2\/media\/3234"}],"wp:attachment":[{"href":"https:\/\/yelon.hu\/szuloknek\/wp-json\/wp\/v2\/media?parent=2867"}],"wp:term":[{"taxonomy":"category","embeddable":true,"href":"https:\/\/yelon.hu\/szuloknek\/wp-json\/wp\/v2\/categories?post=2867"},{"taxonomy":"post_tag","embeddable":true,"href":"https:\/\/yelon.hu\/szuloknek\/wp-json\/wp\/v2\/tags?post=2867"}],"curies":[{"name":"wp","href":"https:\/\/api.w.org\/{rel}","templated":true}]}}