{"id":2887,"date":"2019-12-05T02:52:31","date_gmt":"2019-12-05T01:52:31","guid":{"rendered":"https:\/\/yelon.hu\/szuloknek\/?p=2887"},"modified":"2020-04-15T10:39:22","modified_gmt":"2020-04-15T08:39:22","slug":"lelki-bantalmazas-fajdalmas-szavak","status":"publish","type":"post","link":"https:\/\/yelon.hu\/szuloknek\/lelki-bantalmazas-fajdalmas-szavak\/","title":{"rendered":"A szavak is f\u00e1jnak \u2013 \u00cdgy ne okozz vel\u00fck s\u00e9r\u00fcl\u00e9st"},"content":{"rendered":"\n<p>De kezdj\u00fck az elej\u00e9n. Amikor megsz\u00fcletik egy baba, t\u00fcnd\u00e9ri, elb\u0171v\u00f6l\u0151. Csakhogy ez az 50 centis kis t\u00fcnem\u00e9ny n\u00e9ha pr\u00f3b\u00e1ra teszi a sz\u00fclei t\u00fcrelm\u00e9t, mert hossz\u00fa-hossz\u00fa percekig, s\u0151t <a href=\"https:\/\/yelon.hu\/szuloknek\/siro-baba-tehetetlen-szulo\/\" target=\"_blank\" rel=\"noreferrer noopener\" aria-label=\"ak\u00e1r \u00f3r\u00e1kig is k\u00e9pes s\u00edrni (\u00faj f\u00fcl\u00f6n nyitja meg)\">ak\u00e1r \u00f3r\u00e1kig is k\u00e9pes s\u00edrni<\/a>, pontosabban id\u0151nk\u00e9nt torkaszakadt\u00e1b\u00f3l \u00fcv\u00f6lteni. Vannak feln\u0151ttek, akiknek a b\u00e1ntalmaz\u00f3i attit\u0171dj\u00fck m\u00e1r ilyenkor megnyilv\u00e1nul, akik a babas\u00edr\u00e1st\u00f3l olyan \u00f6nk\u00edv\u00fcleti \u00e1llapotba ker\u00fclnek, hogy mindenf\u00e9le ocsm\u00e1ny megjegyz\u00e9ssel illetik a kisbab\u00e1t, esetleg fenyegetik, nemritk\u00e1n r\u00e1zz\u00e1k, r\u00e1ngatj\u00e1k, dob\u00e1lj\u00e1k. Mintha komolyan elhinn\u00e9k, hogy a baba az\u00e9rt s\u00edr, hogy \u0151ket ideges\u00edtse, vagy az \u0151 \u00e9let\u00fcket nehez\u00edtse.<\/p>\n\n\n\n<!--more-->\n\n\n\n<p>B\u00e1r a bab\u00e1k a szavakat m\u00e9g nem \u00e9rtik, a hangs\u00falyra, a gesztikul\u00e1ci\u00f3ra, a nem verb\u00e1lis jelz\u00e9sekre viszont ann\u00e1l \u00e9rz\u00e9kenyebben reag\u00e1lnak. Ha valaki m\u00e1r egy kisbab\u00e1t is k\u00e9pes b\u00e1nt\u00f3 megjegyz\u00e9sekkel illetni, ez sok esetben akkorra sem v\u00e1ltozik, mire a gyerek \u00e9rti a besz\u00e9det.<\/p>\n\n\n\n<h2>A fesz\u00fclts\u00e9g, a tehetetlens\u00e9g kezel\u00e9se<\/h2>\n\n\n\n<p>Sz\u00fcl\u0151k\u00e9nt sz\u00e1mtalanszor tal\u00e1lkozunk a t\u00fcrelm\u00fcnket pr\u00f3b\u00e1ra tev\u0151 helyzetekkel: a k\u00fcl\u00f6nb\u00f6z\u0151 \u00e9letkor\u00fa \u00e9s szem\u00e9lyis\u00e9g\u0171 gyerekekkel val\u00f3 egy\u00fctt\u00e9l\u00e9s elt\u00e9r\u0151 neh\u00e9zs\u00e9gekkel j\u00e1r egy\u00fctt. Minden sz\u00fcl\u0151ben fesz\u00fclts\u00e9get okoz az \u00f3r\u00e1kig s\u00edr\u00f3 baba \u00e9s az ezzel n\u00e9ha egy\u00fctt j\u00e1r\u00f3 tehetetlens\u00e9g \u00e9rz\u00e9se, csak az nem mindegy, hogy ki mik\u00e9nt kezeli ezt. Vannak feln\u0151ttek, akiket a dackorszak hisztijei, az ellenkez\u00e9sek hoznak ki a b\u00e9ket\u0171r\u00e9s\u00fckb\u0151l, m\u00e1s sz\u00fcl\u0151k a gyerek iskolai teljes\u00edtm\u00e9ny\u00e9re helyeznek olyan \u00e9szszer\u0171tlen\u00fcl nagy hangs\u00falyt, hogy akkor kezdik a gyereket szidalmazni, amikor az nem tud az elv\u00e1r\u00e1suknak megfelelni. L\u00e9nyegtelen, hogy melyik sz\u00fcl\u0151b\u0151l mikor \u00e9s mi\u00e9rt j\u00f6n el\u0151 ez a fajta agresszi\u00f3, fontos tudni \u00e9s besz\u00e9lni arr\u00f3l, hogy mekkora k\u00e1rokat okoz ez a gyerekl\u00e9lekben. <\/p>\n\n\n\n<h3>A gyerek mag\u00e1r\u00f3l alkotott k\u00e9p\u00e9t a szavaink is form\u00e1lj\u00e1k<\/h3>\n\n\n\n<p>Sok gyerekhez, mire m\u00e1r ismeri a szavak jelent\u00e9s\u00e9t, jelz\u0151k \u00e9s megjegyz\u00e9sek eg\u00e9sz v\u00e1ltozatos sora n\u0151 hozz\u00e1. De m\u00edg a feln\u0151ttek sz\u00e1m\u00e1ra ezek a negat\u00edv megjegyz\u00e9sek csup\u00e1n pillanatnyi fesz\u00fclts\u00e9glevezet\u0151 eszk\u00f6z\u00f6k, addig a gyerek \u00e9let\u00e9nek hossz\u00fa t\u00e1vra hat\u00f3, az \u00e9nk\u00e9p\u00e9t meghat\u00e1roz\u00f3 r\u00e9sz\u00e9v\u00e9 v\u00e1lnak. Egy olyan gyerek, akit szavakkal \u00e1lland\u00f3an kritiz\u00e1lnak, lealacsony\u00edtanak, ne sz\u00e9p\u00edts\u00fcnk, nem s\u00e9r\u00fcl kev\u00e9sb\u00e9, mint akit <a href=\"https:\/\/yelon.hu\/szuloknek\/a-gyerekveres-nem-segit\/\" target=\"_blank\" rel=\"noreferrer noopener\" aria-label=\" (\u00faj f\u00fcl\u00f6n nyitja meg)\">fizikailag b\u00e1ntalmaznak<\/a>. S\u0151t gyakran a k\u00f6rnyezet sokkal eln\u00e9z\u0151bb a verb\u00e1lis b\u00e1ntalmaz\u00e1ssal szemben, ez\u00e9rt sokkal kev\u00e9sb\u00e9 kapnak seg\u00edts\u00e9get az ilyen m\u00f3don b\u00e1ntalmazott gyerekek. Pedig ezek a sz\u00f3beli pofonok ugyan\u00fagy f\u00e1jnak, \u00e9s <a href=\"https:\/\/yelon.hu\/szuloknek\/valoban-faj-a-gyereknek-a-veres\/\" target=\"_blank\" rel=\"noreferrer noopener\" aria-label=\"ugyanannyit \u00e1rtanak a gyerekl\u00e9leknek (\u00faj f\u00fcl\u00f6n nyitja meg)\">ugyanannyit \u00e1rtanak a gyerekl\u00e9leknek<\/a>, mint a fizikai b\u00e1ntalmaz\u00e1s.<\/p>\n\n\n\n<h3>A sz\u00fcl\u0151 mint t\u00fck\u00f6r \u2013 amit te tartasz a gyerekednek, abba j\u00f3 belen\u00e9zni?<\/h3>\n\n\n\n<p>Amikor megsz\u00fcletik egy gyerek, nem tud mag\u00e1r\u00f3l \u00e9s a vil\u00e1gr\u00f3l semmit. Az \u00e9nk\u00e9p\u00e9t \u00e9s a vil\u00e1gk\u00e9p\u00e9t a sz\u00fclei form\u00e1lj\u00e1k, \u00e9s ez \u00f3ri\u00e1si felel\u0151ss\u00e9ggel j\u00e1r. T\u00fckr\u00f6k vagyunk az \u0151 szem\u00e9ben, rajtunk kereszt\u00fcl l\u00e1tja mag\u00e1t: amilyennek a sz\u00fcl\u0151 l\u00e1tja \u0151t,<a href=\"https:\/\/yelon.hu\/szuloknek\/28-onbizalom-novelo-mondat-gyerekeknek\/\" target=\"_blank\" rel=\"noreferrer noopener\" aria-label=\" amilyen jelz\u0151kkel illeti, abb\u00f3l alakul ki az, hogy \u0151 mit gondol saj\u00e1t mag\u00e1r\u00f3l (\u00faj f\u00fcl\u00f6n nyitja meg)\"> amilyen jelz\u0151kkel illeti, abb\u00f3l alakul ki az, hogy \u0151 mit gondol saj\u00e1t mag\u00e1r\u00f3l<\/a>. Term\u00e9szetesen a viselked\u00e9s\u00e9t is befoly\u00e1solja. Ha valakit \u00e1lland\u00f3an szerencs\u00e9tlennek titul\u00e1lnak, annyira er\u0151s\u00f6dik majd a szorong\u00e1sa, hogy ez val\u00f3ban \u00fcgyetlenebb\u00e9 teszi. Akit rossznak mondanak, elkezd annak megfelel\u0151en viselkedni.<\/p>\n\n\n\n<h2>A gyerek nem k\u00e9rd\u0151jelez meg<\/h2>\n\n\n\n<p>A gyerekek nem csak az\u00e9rt kiszolg\u00e1ltatottak, mert nem tudnak gondoskodni magukr\u00f3l. A saj\u00e1t magukr\u00f3l alkotott k\u00e9p\u00fck is ki van szolg\u00e1ltatva a sz\u00fcleiknek. A gyerekek, akiket szapulnak, kritiz\u00e1lnak, megal\u00e1znak \u00e9s negat\u00edvan min\u0151s\u00edtenek, elhisznek mindent a sz\u00fcleiknek. Elhiszik, mert kiskorukban m\u00e9g nincs m\u00e1s v\u00e1laszt\u00e1suk. Akkor m\u00e9g annyira r\u00e1 vannak utalva a sz\u00fcleikre, hogy musz\u00e1j \u0151ket j\u00f3nak l\u00e1tni. Olyannyira sz\u00fcks\u00e9g\u00fck van r\u00e1juk, hogy nem k\u00e9rd\u0151jelezhetik meg az igazukat, a j\u00f3 sz\u00e1nd\u00e9kukat. Az \u00e9let\u00fck f\u00fcgg a sz\u00fcl\u0151kt\u0151l, nem engedhetik meg maguknak, hogy k\u00e9ts\u00e9gbe vonj\u00e1k a szavaikat. Ha ez a sz\u00fcl\u0151 \u00e9ppen azt mondja, hogy \u0151 szerencs\u00e9tlen, buta, rossz, hib\u00e1s, selejtes, akkor abban igaza van, v\u00e9li a gyerek. <\/p>\n\n\n\n<h3>Jelz\u0151k \u00e9s min\u0151s\u00edt\u00e9sek<\/h3>\n\n\n\n<p>Ha egy gyereket a sz\u00fcl\u0151je torzan l\u00e1t, negat\u00edvan, annak az eg\u00e9sz \u00e9let\u00e9t k\u00eds\u00e9rni fogj\u00e1k a sz\u00fcl\u0151k \u00e1ltal haszn\u00e1lt jelz\u0151k \u00e9s min\u0151s\u00edt\u00e9sek, nem \u00e9lheti \u00e1t, hogy \u0151 szerethet\u0151, csod\u00e1latra m\u00e9lt\u00f3, hogy benne gy\u00f6ny\u00f6rk\u00f6dnek \u2012 de ne menj\u00fcnk ilyen messzire, m\u00e9g csak azt sem \u00e9rezheti soha, hogy el\u00e9gedettek vele. A k\u00e9s\u0151bbiekben \u00e1lland\u00f3an megk\u00e9rd\u0151jelezi saj\u00e1t mag\u00e1t, \u00e1lland\u00f3 \u00f6nkritik\u00e1ra \u00edt\u00e9lik a sz\u00fclei. A f\u00e1jdalmat okoz\u00f3 szavak be\u00e9gnek a b\u0151re al\u00e1. Elkezdenek \u00f6n\u00e1ll\u00f3 \u00e9letet \u00e9lni, m\u00e9regk\u00e9nt terjednek a lelk\u00e9ben, f\u00e1jnak, v\u00e9reznek \u00e9s b\u00e1ntanak. A szavak ut\u00e1n \u00e9vekkel, \u00e9vtizedekkel k\u00e9s\u0151bb is.<\/p>\n\n\n\n<p>A verb\u00e1lisan b\u00e1ntalmazott gyerekek nagy r\u00e9sz\u00e9nek jellemz\u0151en fogalma sincs, \u00e9ppen mit tett rosszul, mivel v\u00e1ltotta ki a r\u00e1 z\u00fadul\u00f3 \u201ejelz\u0151\u00e1radatot\u201d.&nbsp;<\/p>\n\n\n\n<h2>A viselked\u00e9s\u00e9t vagy a szem\u00e9lyis\u00e9g\u00e9t min\u0151s\u00edted?<\/h2>\n\n\n\n<p>Jellemz\u0151en <a href=\"https:\/\/yelon.hu\/szuloknek\/a-szeretetteljes-neveles-az-arany-kozeput-a-szulo-gyerek-kapcsolatban\/\" target=\"_blank\" rel=\"noreferrer noopener\" aria-label=\"nem a viselked\u00e9s\u00e9t kritiz\u00e1lj\u00e1k (\u00faj f\u00fcl\u00f6n nyitja meg)\">nem a viselked\u00e9s\u00e9t kritiz\u00e1lj\u00e1k<\/a>, amivel m\u00e9g esetleg tal\u00e1n tudna is mit kezdeni, hanem a szem\u00e9lyis\u00e9g\u00e9t. Mivel a szavakkal t\u00f6rt\u00e9n\u0151 b\u00e1nt\u00e1s a sz\u00fcl\u0151 sz\u00e1m\u00e1ra ink\u00e1bb fesz\u00fclts\u00e9glevezet\u0151 eszk\u00f6z, ez\u00e9rt nagyon gyakran k\u00f6ze sincs a gyerek viselked\u00e9s\u00e9hez. Semmilyen k\u00f6vetkeztet\u00e9st nem tud teh\u00e1t levonni arra vonatkoz\u00f3lag, hogy mit tett rosszul, mit tehet m\u00e1sk\u00e9pp legk\u00f6zelebb, hogyan ker\u00fclhetn\u00e9 el az \u00fajabb t\u00e1mad\u00e1st. K\u00e9tf\u00e9lek\u00e9pp szoktak reag\u00e1lni ez\u00e9rt a sz\u00f3beli b\u00e1nt\u00e1sra. A gyerekek egy r\u00e9sze \u201emag\u00e1\u00e9v\u00e1 teszi\u201d az \u0151t \u00e9rt v\u00e1dakat, olyann\u00e1 v\u00e1lik, ahogy ezek a jelz\u0151k le\u00edrj\u00e1k, ezzel legal\u00e1bb valamif\u00e9le \u00e9rtelmet ad az eg\u00e9sz helyzetnek. <\/p>\n\n\n\n<h3>Okot, \u00e9rtelmet keresni \u2013 gyakran hi\u00e1ba<\/h3>\n\n\n\n<p>A gyereknek ak\u00e1rmilyen rossz, ha b\u00e1ntj\u00e1k, egy fokkal k\u00f6nnyebb, ha <a href=\"https:\/\/yelon.hu\/szuloknek\/megis-rendes-ember-lettem\/\" target=\"_blank\" rel=\"noreferrer noopener\" aria-label=\"valamif\u00e9le \u00e9rtelmet l\u00e1that a viselked\u00e9se \u00e9s a b\u00e1nt\u00e1sok k\u00f6z\u00f6tt (\u00faj f\u00fcl\u00f6n nyitja meg)\">valamif\u00e9le \u00e9rtelmet l\u00e1that a viselked\u00e9se \u00e9s a b\u00e1nt\u00e1sok k\u00f6z\u00f6tt<\/a>. Ha tal\u00e1l ok-okozati \u00f6sszef\u00fcgg\u00e9st. Ha elkezd a v\u00e1daknak megfelel\u0151en viselkedni, tudja, hogy b\u00e1nt\u00e1s lesz a v\u00e9ge, de legal\u00e1bb \u00e9rti, hogy mi\u00e9rt b\u00e1ntj\u00e1k. Ezzel is seg\u00edti mag\u00e1t abban a gyermeki t\u00f6rekv\u00e9sben, hogy a sz\u00fcl\u0151j\u00e9t j\u00f3nak l\u00e1ssa. A m\u00e1sik reakci\u00f3, ha megpr\u00f3b\u00e1l a lehet\u0151 leg\u00e9szrev\u00e9tlenebb maradni. Megpr\u00f3b\u00e1l l\u00e1bujjhegyen j\u00e1rni, min\u00e9l halkabb lenni, min\u00e9l l\u00e1thatatlanabb. Sok sz\u00fcl\u0151nek ez kevesebb probl\u00e9m\u00e1t okoz, hiszen fel sem t\u0171nik. <\/p>\n\n\n\n<h3>A csend is jelz\u00e9s<\/h3>\n\n\n\n<p>De a gyerek ilyenkor val\u00f3j\u00e1ban hal\u00e1losan f\u00e9l, \u00e9s az \u00e9szrev\u00e9tlens\u00e9g\u00e9vel csak mag\u00e1t v\u00e9di. Ett\u0151l m\u00e9g s\u00f3v\u00e1rogva v\u00e1gyik r\u00e1, hogy \u00e9szrevegy\u00e9k, hogy hozz\u00e1sz\u00f3ljanak, hogy besz\u00e9ljenek vele, r\u00f3la, m\u00e9gis azt tartja biztons\u00e1gosabbnak, ha n\u00e9m\u00e1n \u00e9s rezzen\u00e9stelen\u00fcl megh\u00faz\u00f3dik. S\u00f3v\u00e1rogva v\u00e1gyik \u0151 is arra, hogy kiereszthesse a hangj\u00e1t, hogy ugr\u00e1lhasson, hogy fel\u00e9 forduljanak, de nem meri felh\u00edvni mag\u00e1ra a figyelmet. T\u00fal kock\u00e1zatos. Ha m\u00e1r feltesznek egy k\u00e9rd\u00e9st, g\u00f6rcsbe r\u00e1ndul az eg\u00e9sz teste, hiszen el\u0151re tudja, hogy b\u00e1rmit v\u00e1laszol, \u00fagyis rossz lesz. Egy \u00e9szrev\u00e9tlen gyerek lehet k\u00e9nyelmes a sz\u00fcl\u0151knek, a pedag\u00f3gusoknak, de musz\u00e1j \u00e9szrevenn\u00fcnk, hogy egy ilyen gyerek nagy bajban van, \u00e9s retteg.<\/p>\n\n\n\n<h2>A f\u00e1jdalom megmarad<\/h2>\n\n\n\n<p>J\u00f3 lenne, ha minden feln\u0151tt belegondolna abba, hogy ami sz\u00e1m\u00e1ra nem egy\u00e9b, mint indulat\/fesz\u00fclts\u00e9glevezet\u00e9s, az a m\u00e1sikban \u00e9ppen egy \u00e9letre sz\u00f3l\u00f3 nyomot hagyhat, \u00e9s \u00e9veken, \u00e9vtizedeken kereszt\u00fcl cipelheti a f\u00e1jdalm\u00e1t ezeknek a nyomoknak. Arra is hajlamosak olykor a feln\u0151ttek, hogy az indulataikat a gyeng\u00e9bbeken \u00e9lj\u00e9k ki, akik v\u00e9dtelenek, tehetetlenek ezzel szemben. Az er\u0151sebbeken nem merik. Csak \u00e9ppen belegondolni nem sokan szeretnek abba, hogy ami nekik egy indulat\/fesz\u00fclts\u00e9glevezet\u00e9s, az \u00e9ppen a m\u00e1sikban egy \u00e9letre sz\u00f3l\u00f3 nyomot hagyhat, \u00e9veken, \u00e9vtizedeken kereszt\u00fcl cipelheti a f\u00e1jdalm\u00e1t ezeknek a nyomoknak. <\/p>\n\n\n\n<h2>Senki nem t\u00f6k\u00e9letes<\/h2>\n\n\n\n<p>Mindenkivel el\u0151fordulhat persze, hogy \u00e9letk\u00f6r\u00fclm\u00e9nyei, szem\u00e9lyes probl\u00e9m\u00e1i, pszich\u00e9s \u00e1llapota miatt \u00fagy \u00e9rzi, nincs ereje, t\u00fcrelme, nem tud olyan sz\u00fcl\u0151 lenni, amilyen szeretne, ilyenkor mindenk\u00e9pp k\u00e9rjen seg\u00edts\u00e9get. Legyen bizonyos id\u0151k\u00f6z\u00f6nk\u00e9nt gyerekek n\u00e9lk\u00fcl, t\u00f6lt\u0151dj\u00f6n fel. Ha pedig lelki probl\u00e9m\u00e1i vannak, k\u00e9rjen szakmai seg\u00edts\u00e9get, ez\u00e1ltal megmentheti a gyerekeivel val\u00f3 kapcsolat\u00e1t.<\/p>\n\n\n\n<h3>Meg\u0151rizhet\u0151 a m\u00e9lt\u00f3s\u00e1g?<\/h3>\n\n\n\n<p>Olyan j\u00f3 lenne, ha senki nem \u00e9rezn\u00e9 mag\u00e1t jogosultnak arra, hogy egy m\u00e1sik ember m\u00e9lt\u00f3s\u00e1g\u00e1ba tiporjon. Olyan j\u00f3 lenne, ha felm\u00e9rn\u00e9nk sz\u00fcl\u0151k\u00e9nt, hogy puszt\u00e1n szavakkal a gyereknek egy \u00e9letre a b\u0151re al\u00e1 \u00e9getj\u00fck a f\u00e1jdalmat, amit t\u00f6bb\u00e9vnyi k\u0151kem\u00e9ny lelki munk\u00e1val lehet csak valamelyest enyh\u00edteni. Olyan j\u00f3 lenne, ha minden gyerek olyan k\u00f6zegbe sz\u00fclethetne, ahol gy\u00f6ny\u00f6rk\u00f6dnek benne, ahol felfedezik az egy\u00e9nis\u00e9g\u00e9t, \u00e9s \u0151t csod\u00e1lva engedik azt kibontakozni. <a href=\"https:\/\/yelon.hu\/szuloknek\/lelki-epseg-tisztelet\/\" target=\"_blank\" rel=\"noreferrer noopener\" aria-label=\"Ezt minden gyerek meg\u00e9rdemli (\u00faj f\u00fcl\u00f6n nyitja meg)\">Ezt minden gyerek meg\u00e9rdemli<\/a>, kiv\u00e9tel n\u00e9lk\u00fcl. Minden gyerek m\u00e9lt\u00f3 a sz\u00fclei csod\u00e1lat\u00e1ra, minden gyerek m\u00e9lt\u00f3 arra, hogy kiv\u00e9telesnek, gy\u00f6ngyszemnek \u00e9rezhesse mag\u00e1t. Ez nem k\u00e9rd\u00e9s.&nbsp;<\/p>\n\n\n\n<h3>Minden gyerek szerethet\u0151 \u2013 de nem mindegyik l\u00e1thatja mag\u00e1t ilyennek<\/h3>\n\n\n\n<p>A k\u00e9rd\u00e9s sokszor ink\u00e1bb az, hogy van-e olyan feln\u0151tt a k\u00f6rnyezet\u00e9ben, aki kell\u0151k\u00e9ppen \u00e9rz\u00e9keny ahhoz, hogy a gyerek k\u00fcl\u00f6nlegess\u00e9g\u00e9t \u00e9szrevegye.<\/p>\n\n\n\n<p>Annak a gyereknek, akit nem l\u00e1tnak szerethet\u0151nek, akinek a sz\u00e9ps\u00e9g\u00e9t \u00e9s a kiv\u00e9teless\u00e9g\u00e9t nem veszik \u00e9szre, s\u00e9r\u00fcl az <a href=\"https:\/\/yelon.hu\/szuloknek\/egeszseges-testtudat-szuloi-minta\/\" target=\"_blank\" rel=\"noreferrer noopener\" aria-label=\"\u00e9nk\u00e9pe (\u00faj f\u00fcl\u00f6n nyitja meg)\">\u00e9nk\u00e9pe<\/a>. \u00c9ppen ez\u00e9rt kellene z\u00e9r\u00f3 toleranci\u00e1nak lenni a gyerekb\u00e1ntalmaz\u00e1s verb\u00e1lis \u00e9s mindenf\u00e9le form\u00e1j\u00e1val szemben. Senki nem engedhetn\u00e9 meg mag\u00e1nak, sem senki m\u00e1snak, hogy vissza\u00e9ljen a gyerek kiszolg\u00e1ltatotts\u00e1g\u00e1val. Hiszen aki vissza\u00e9l egy gyerek feletti hatalm\u00e1val, az nem m\u00e9lt\u00f3 arra, hogy a gyerek felett hatalma legyen.<\/p>\n\n\n\n<p><em>Sebesty\u00e9n Eszter pszichol\u00f3gus<\/em><br><em>K\u00e9sz\u00fclt a <a rel=\"noreferrer noopener\" aria-label=\"WMN (\u00faj f\u00fcl\u00f6n nyitja meg)\" href=\"https:\/\/wmn.hu\/ugy\/47756-a-szobeli-pofonok-ugyanugy-fajnak-a-gyerekleleknek-mint-a-fizikai-bantalmazas-\" target=\"_blank\">WMN<\/a> cikke alapj\u00e1n.<\/em><\/p>\n\n\n<div class=\"item\"><a href=\"https:\/\/hintalovon.hu\/hu\/1szazalek\"> <img src=\"https:\/\/yelon.hu\/szuloknek\/wp-content\/uploads\/2020\/03\/1.jpg\" alt=\"hintalovon 1 sz\u00e1zal\u00e9k\"> <\/a><\/div>\n","protected":false},"excerpt":{"rendered":"<p>Ha egy gyereket szavakkal b\u00e1ntanak, ha megs\u00e9rtik a m\u00e9lt\u00f3s\u00e1g\u00e1t, azzal az \u00f6nmag\u00e1r\u00f3l kialak\u00edtott k\u00e9p\u00e9t is torz\u00edtj\u00e1k: nem \u00e9rezheti, hogy szerethet\u0151.<\/p>\n","protected":false},"author":10,"featured_media":3218,"comment_status":"closed","ping_status":"closed","sticky":false,"template":"","format":"standard","meta":[],"categories":[11],"tags":[290,470,462,111,463,172,458,467,469,468,465,466,461,312,464,460,459],"yoast_head":"<!-- This site is optimized with the Yoast SEO plugin v15.1 - https:\/\/yoast.com\/wordpress\/plugins\/seo\/ -->\n<title>A szavak is f\u00e1jnak \u2013 \u00cdgy ne okozz vel\u00fck s\u00e9r\u00fcl\u00e9st - Yelon<\/title>\n<meta name=\"description\" content=\"A verb\u00e1lis b\u00e1ntalmaz\u00e1s nyomai egy \u00e9letre sz\u00f3lnak: ha egy gyereket szavakkal b\u00e1ntanak, az \u00f6nmag\u00e1r\u00f3l kialak\u00edtott k\u00e9p\u00e9t torz\u00edtj\u00e1k.\" \/>\n<meta name=\"robots\" content=\"index, follow, max-snippet:-1, max-image-preview:large, max-video-preview:-1\" \/>\n<link rel=\"canonical\" href=\"https:\/\/yelon.hu\/szuloknek\/lelki-bantalmazas-fajdalmas-szavak\/\" \/>\n<meta property=\"og:locale\" content=\"hu_HU\" \/>\n<meta property=\"og:type\" content=\"article\" \/>\n<meta property=\"og:title\" content=\"A szavak is f\u00e1jnak \u2013 \u00cdgy ne okozz vel\u00fck s\u00e9r\u00fcl\u00e9st - Yelon\" \/>\n<meta property=\"og:description\" content=\"A verb\u00e1lis b\u00e1ntalmaz\u00e1s nyomai egy \u00e9letre sz\u00f3lnak: ha egy gyereket szavakkal b\u00e1ntanak, az \u00f6nmag\u00e1r\u00f3l kialak\u00edtott k\u00e9p\u00e9t torz\u00edtj\u00e1k.\" \/>\n<meta property=\"og:url\" content=\"https:\/\/yelon.hu\/szuloknek\/lelki-bantalmazas-fajdalmas-szavak\/\" \/>\n<meta property=\"og:site_name\" content=\"Yelon\" \/>\n<meta property=\"article:published_time\" content=\"2019-12-05T01:52:31+00:00\" \/>\n<meta property=\"article:modified_time\" content=\"2020-04-15T08:39:22+00:00\" \/>\n<meta property=\"og:image\" content=\"https:\/\/yelon.hu\/szuloknek\/wp-content\/uploads\/2019\/12\/stephany-lorena-portre-ver-scaled-e1578216921841.jpg\" \/>\n\t<meta property=\"og:image:width\" content=\"2048\" \/>\n\t<meta property=\"og:image:height\" content=\"1484\" \/>\n<meta name=\"twitter:card\" content=\"summary_large_image\" \/>\n<script type=\"application\/ld+json\" class=\"yoast-schema-graph\">{\"@context\":\"https:\/\/schema.org\",\"@graph\":[{\"@type\":\"WebSite\",\"@id\":\"https:\/\/yelon.hu\/szuloknek\/#website\",\"url\":\"https:\/\/yelon.hu\/szuloknek\/\",\"name\":\"Yelon\",\"description\":\"Kamaszoknak \\u00e9s sz\\u00fcl\\u0151knek sz\\u00f3l\\u00f3 online magazin\",\"potentialAction\":[{\"@type\":\"SearchAction\",\"target\":\"https:\/\/yelon.hu\/szuloknek\/?s={search_term_string}\",\"query-input\":\"required name=search_term_string\"}],\"inLanguage\":\"hu\"},{\"@type\":\"ImageObject\",\"@id\":\"https:\/\/yelon.hu\/szuloknek\/lelki-bantalmazas-fajdalmas-szavak\/#primaryimage\",\"inLanguage\":\"hu\",\"url\":\"https:\/\/yelon.hu\/szuloknek\/wp-content\/uploads\/2019\/12\/stephany-lorena-portre-ver-scaled-e1578216921841.jpg\",\"width\":2048,\"height\":1484,\"caption\":\"Verb\\u00e1lis b\\u00e1ntalmaz\\u00e1s, f\\u00e1jdalmas szavak\"},{\"@type\":\"WebPage\",\"@id\":\"https:\/\/yelon.hu\/szuloknek\/lelki-bantalmazas-fajdalmas-szavak\/#webpage\",\"url\":\"https:\/\/yelon.hu\/szuloknek\/lelki-bantalmazas-fajdalmas-szavak\/\",\"name\":\"A szavak is f\\u00e1jnak \\u2013 \\u00cdgy ne okozz vel\\u00fck s\\u00e9r\\u00fcl\\u00e9st - Yelon\",\"isPartOf\":{\"@id\":\"https:\/\/yelon.hu\/szuloknek\/#website\"},\"primaryImageOfPage\":{\"@id\":\"https:\/\/yelon.hu\/szuloknek\/lelki-bantalmazas-fajdalmas-szavak\/#primaryimage\"},\"datePublished\":\"2019-12-05T01:52:31+00:00\",\"dateModified\":\"2020-04-15T08:39:22+00:00\",\"author\":{\"@id\":\"https:\/\/yelon.hu\/szuloknek\/#\/schema\/person\/cc8ade7915e7e03e45101714bee29a46\"},\"description\":\"A verb\\u00e1lis b\\u00e1ntalmaz\\u00e1s nyomai egy \\u00e9letre sz\\u00f3lnak: ha egy gyereket szavakkal b\\u00e1ntanak, az \\u00f6nmag\\u00e1r\\u00f3l kialak\\u00edtott k\\u00e9p\\u00e9t torz\\u00edtj\\u00e1k.\",\"inLanguage\":\"hu\",\"potentialAction\":[{\"@type\":\"ReadAction\",\"target\":[\"https:\/\/yelon.hu\/szuloknek\/lelki-bantalmazas-fajdalmas-szavak\/\"]}]},{\"@type\":\"Person\",\"@id\":\"https:\/\/yelon.hu\/szuloknek\/#\/schema\/person\/cc8ade7915e7e03e45101714bee29a46\",\"name\":\"Nagy Vikt\\u00f3ria\",\"image\":{\"@type\":\"ImageObject\",\"@id\":\"https:\/\/yelon.hu\/szuloknek\/#personlogo\",\"inLanguage\":\"hu\",\"url\":\"https:\/\/secure.gravatar.com\/avatar\/3556f27c74a3b0989637956c35a12ea1?s=96&d=mm&r=g\",\"caption\":\"Nagy Vikt\\u00f3ria\"}}]}<\/script>\n<!-- \/ Yoast SEO plugin. -->","_links":{"self":[{"href":"https:\/\/yelon.hu\/szuloknek\/wp-json\/wp\/v2\/posts\/2887"}],"collection":[{"href":"https:\/\/yelon.hu\/szuloknek\/wp-json\/wp\/v2\/posts"}],"about":[{"href":"https:\/\/yelon.hu\/szuloknek\/wp-json\/wp\/v2\/types\/post"}],"author":[{"embeddable":true,"href":"https:\/\/yelon.hu\/szuloknek\/wp-json\/wp\/v2\/users\/10"}],"replies":[{"embeddable":true,"href":"https:\/\/yelon.hu\/szuloknek\/wp-json\/wp\/v2\/comments?post=2887"}],"version-history":[{"count":7,"href":"https:\/\/yelon.hu\/szuloknek\/wp-json\/wp\/v2\/posts\/2887\/revisions"}],"predecessor-version":[{"id":4529,"href":"https:\/\/yelon.hu\/szuloknek\/wp-json\/wp\/v2\/posts\/2887\/revisions\/4529"}],"wp:featuredmedia":[{"embeddable":true,"href":"https:\/\/yelon.hu\/szuloknek\/wp-json\/wp\/v2\/media\/3218"}],"wp:attachment":[{"href":"https:\/\/yelon.hu\/szuloknek\/wp-json\/wp\/v2\/media?parent=2887"}],"wp:term":[{"taxonomy":"category","embeddable":true,"href":"https:\/\/yelon.hu\/szuloknek\/wp-json\/wp\/v2\/categories?post=2887"},{"taxonomy":"post_tag","embeddable":true,"href":"https:\/\/yelon.hu\/szuloknek\/wp-json\/wp\/v2\/tags?post=2887"}],"curies":[{"name":"wp","href":"https:\/\/api.w.org\/{rel}","templated":true}]}}