{"id":2893,"date":"2019-10-07T22:07:00","date_gmt":"2019-10-07T20:07:00","guid":{"rendered":"https:\/\/yelon.hu\/szuloknek\/?p=2893"},"modified":"2020-06-29T10:06:59","modified_gmt":"2020-06-29T08:06:59","slug":"hogyan-posztoljunk-a-gyerekeinkrol","status":"publish","type":"post","link":"https:\/\/yelon.hu\/szuloknek\/hogyan-posztoljunk-a-gyerekeinkrol\/","title":{"rendered":"Mi\u00e9rt \u00e9s hogyan v\u00e9dj\u00fck a gyerekek digit\u00e1lis szem\u00e9lyazonoss\u00e1g\u00e1t?"},"content":{"rendered":"\n<p>Ezt k\u00fcl\u00f6n\u00f6sen \u00e9rdemes v\u00e9giggondolni, hiszen a megoszt\u00e1soknak az is egy lehets\u00e9ges k\u00f6vetkezm\u00e9nye, hogy a gyerek majd id\u0151sebb kor\u00e1ban d\u00fch\u00f6s lesz azok miatt a k\u00e9pek miatt, ahol szerint\u00fcnk cuki volt, szerinte viszont ciki. A kock\u00e1zatok k\u00f6re enn\u00e9l az\u00e9rt sokkal sz\u00e9lesebb.<\/p>\n\n\n\n<!--more-->\n\n\n\n<h2>Mi\u00e9rt lehet vesz\u00e9lyes a gyereket \u00e9rint\u0151 inform\u00e1ci\u00f3k megoszt\u00e1sa?<\/h2>\n\n\n\n<p>A vesz\u00e9lyeket sz\u00e1mba v\u00e9ve alapvet\u0151, hogy a gyerek sz\u00fclet\u00e9si hely\u00e9t, idej\u00e9t, a gyerek teljes nev\u00e9t, a helyet, ahova iskol\u00e1ba, \u00f3vod\u00e1ba j\u00e1r, vagy ahol \u00e9l\u00fcnk, nem osztjuk meg, nem tessz\u00fck k\u00f6zz\u00e9. Tiszt\u00e1ban kell lenn\u00fcnk vele, hogy <a rel=\"noreferrer noopener\" aria-label=\"nem csak a fot\u00f3k nyilv\u00e1noss\u00e1 t\u00e9tele (\u00faj f\u00fcl\u00f6n nyitja meg)\" href=\"https:\/\/yelon.hu\/szuloknek\/posztolhatunk-e-a-gyerek-tudta-nelkul\/\" target=\"_blank\">nem csak a fot\u00f3k nyilv\u00e1noss\u00e1 t\u00e9tele<\/a> rejt mag\u00e1ban rizik\u00f3t. Ha valaki k\u00f6zel akar ker\u00fclni egy gyerekhez, \u00e9s a bizalm\u00e1ba akar f\u00e9rk\u0151zni, k\u00f6nnyen megteheti, ha a sz\u00fcl\u0151 ehhez inform\u00e1ci\u00f3val l\u00e1tja el <a rel=\"noreferrer noopener\" aria-label=\"egy k\u00f6z\u00f6ss\u00e9gi oldalon (\u00faj f\u00fcl\u00f6n nyitja meg)\" href=\"https:\/\/yelon.hu\/szuloknek\/kozossegi-media-hasznalata-korhatar\/\" target=\"_blank\">egy k\u00f6z\u00f6ss\u00e9gi oldalon<\/a>. P\u00e9ld\u00e1ul \u00edgy: \u201ePanna farsangkor H\u00f3feh\u00e9rk\u00e9nek \u00f6lt\u00f6z\u00f6tt. \u0150 a kedvenc meseh\u0151se.\u201d, \u201eMegint mogyor\u00f3kr\u00e9mes palacsinta volt vacsor\u00e1ra. Mert Panna azt szereti legjobban.\u201d, \u201eIndulunk \u00faszni. Minden p\u00e9nteken az uszod\u00e1ban vagyunk, \u00e9s Pann\u00e1nak van a legszebb piros f\u00fcrd\u0151ruh\u00e1ja.\u201d&nbsp;Ilyen inform\u00e1ci\u00f3kkal a birtok\u00e1ban b\u00e1rki j\u00e1tszi k\u00f6nnyeds\u00e9ggel egy gyerek bizalm\u00e1ba tud f\u00e9rk\u0151zni.<\/p>\n\n\n\n<h2>Milyen kock\u00e1zatokat rejtenek a nyilv\u00e1nosan megosztott k\u00e9pek?<\/h2>\n\n\n\n<p>Nem minden k\u00e9p vesz\u00e9lyes, de vannak olyanok, amik azok. <a href=\"https:\/\/yelon.hu\/szuloknek\/mit-gondolj-at-mielott-posztolsz\/\" target=\"_blank\" rel=\"noreferrer noopener\" aria-label=\"Ha most odafigyel\u00fcnk arra, hogy mit tesz\u00fcnk k\u00f6zz\u00e9 (\u00faj f\u00fcl\u00f6n nyitja meg)\">Ha most odafigyel\u00fcnk arra, hogy mit tesz\u00fcnk k\u00f6zz\u00e9<\/a>, az egyfajta befektet\u00e9s a j\u00f6v\u0151be. Mert b\u00e1r neh\u00e9z megmondani, hol tart a Facebook 10 vagy 15 \u00e9v m\u00falva, amikor a gyerekeink annyira megn\u0151nek, hogy mindazzal az inform\u00e1ci\u00f3val kezdeni akarjanak valamit, amit a sz\u00fcleik k\u00f6zz\u00e9tettek, de az az\u00e9rt nagyj\u00e1b\u00f3l sejthet\u0151, hogy az inform\u00e1ci\u00f3 10 \u00e9v m\u00falva is hatalmat fog jelenteni.<\/p>\n\n\n\n<h2>A mai kisgyerekek adatai = a j\u00f6v\u0151 hirdet\u0151inek t\u0151k\u00e9je<\/h2>\n\n\n\n<p>M\u00e1r ma is intenz\u00edven gy\u0171jtik a k\u00f6z\u00f6ss\u00e9gi oldalak a szem\u00e9lyes adatainkat, hogy a rekl\u00e1mok a lehet\u0151 legmegfelel\u0151bb c\u00e9lcsoportokat tal\u00e1lj\u00e1k meg. Vagy gondoljunk az arcfelismer\u00e9sre, ami m\u00e1r most is&nbsp;m\u0171k\u00f6d\u0151 technol\u00f3gia, \u00e9s joggal felt\u00e9telezhetj\u00fck, hogy mire a mai kisgyerekekb\u0151l feln\u0151ttek lesznek, sokkal kifinomultabb m\u00f3dokon lehet majd a r\u00e1juk vonatkoz\u00f3 adatokat gy\u0171jteni, t\u00e1rolni, megtal\u00e1lni.&nbsp;A k\u00f6zelj\u00f6v\u0151ben el\u0151rel\u00e1that\u00f3an az adatok egyre nagyobb ar\u00e1nyban kapcsol\u00f3dnak majd \u00f6ssze. A magam r\u00e9sz\u00e9r\u0151l biztosan nem akarom, hogy a gyerekem mag\u00e1n\u00e9lete \u00e9s biztons\u00e1ga vesz\u00e9lyeztetve legyen majd 10 \u00e9v m\u00falva, az\u00e9rt, amiket most kiposztolok r\u00f3la.<\/p>\n\n\n\n<p>Ez\u00e9rt azt\u00e1n figyelj\u00fcnk oda, hogyan b\u00e1nunk azzal a kinccsel, amit a gyerek\u00fcnk szem\u00e9lyes adatai jelentenek (ide\u00e9rtve az \u0151t \u00e1br\u00e1zol\u00f3 fot\u00f3kat is). Ezzel pedig m\u00e1r most sokat tehet\u00fcnk a gyerek\u00fcnk <a href=\"https:\/\/yelon.hu\/szuloknek\/a-szuloi-felelosseg-a-gyerek-digitalis-labnyomaban\/\" target=\"_blank\" rel=\"noreferrer noopener\" aria-label=\"j\u00f6v\u0151beni digit\u00e1lis szem\u00e9lyazonoss\u00e1g\u00e1nak (\u00faj f\u00fcl\u00f6n nyitja meg)\">j\u00f6v\u0151beni digit\u00e1lis szem\u00e9lyazonoss\u00e1g\u00e1nak<\/a> \u00e9s \u00e9rdekeinek v\u00e9delm\u00e9\u00e9rt.<\/p>\n\n\n\n<p><em>Gyurk\u00f3 Szilvi<\/em><br><em>K\u00e9sz\u00fclt a <a href=\"http:\/\/wmn.hu\/ugy\/776-gyerekem-a-facebookon\" target=\"_blank\" rel=\"noreferrer noopener\" aria-label=\"WMN cikke (\u00faj f\u00fcl\u00f6n nyitja meg)\">WMN cikke<\/a> alapj\u00e1n.<\/em><\/p>\n\n\n\n<p><em>Kiemelt k\u00e9p <a href=\"https:\/\/unsplash.com\/\" target=\"_blank\" rel=\"noreferrer noopener\" aria-label=\" (\u00faj f\u00fcl\u00f6n nyitja meg)\">innen<\/a><\/em><\/p>\n","protected":false},"excerpt":{"rendered":"<p>Ha a gyerekeink digit\u00e1lis szem\u00e9lyazonoss\u00e1g\u00e1r\u00f3l van sz\u00f3, n\u00e9ha mi magunk jelentj\u00fck r\u00e1 a legnagyobb vesz\u00e9lyt &#8211; \u00edgy ker\u00fcld el a kock\u00e1zatokat.<\/p>\n","protected":false},"author":10,"featured_media":3168,"comment_status":"closed","ping_status":"closed","sticky":false,"template":"","format":"standard","meta":[],"categories":[8],"tags":[274,261,260,272,124,270,269,191,267,271,268,258,264,259,201,265,257,266,145,262,273,263],"yoast_head":"<!-- This site is optimized with the Yoast SEO plugin v15.1 - https:\/\/yoast.com\/wordpress\/plugins\/seo\/ -->\n<title>Mi\u00e9rt \u00e9s hogyan v\u00e9dj\u00fck a gyerekek digit\u00e1lis szem\u00e9lyazonoss\u00e1g\u00e1t? - Yelon<\/title>\n<meta name=\"description\" content=\"Ami sz\u00e1munkra cuki, lehet, hogy a gyerek\u00fcnknek ciki \u2013 \u00e9s nem ez a legnagyobb kock\u00e1zat, amit a gyerek\u00fcnkr\u0151l posztolt k\u00e9pes \u00e9s sz\u00f6veges tartalmak rejtenek.\" \/>\n<meta name=\"robots\" content=\"index, follow, max-snippet:-1, max-image-preview:large, max-video-preview:-1\" \/>\n<link rel=\"canonical\" href=\"https:\/\/yelon.hu\/szuloknek\/hogyan-posztoljunk-a-gyerekeinkrol\/\" \/>\n<meta property=\"og:locale\" content=\"hu_HU\" \/>\n<meta property=\"og:type\" content=\"article\" \/>\n<meta property=\"og:title\" content=\"Mi\u00e9rt \u00e9s hogyan v\u00e9dj\u00fck a gyerekek digit\u00e1lis szem\u00e9lyazonoss\u00e1g\u00e1t? - Yelon\" \/>\n<meta property=\"og:description\" content=\"Ami sz\u00e1munkra cuki, lehet, hogy a gyerek\u00fcnknek ciki \u2013 \u00e9s nem ez a legnagyobb kock\u00e1zat, amit a gyerek\u00fcnkr\u0151l posztolt k\u00e9pes \u00e9s sz\u00f6veges tartalmak rejtenek.\" \/>\n<meta property=\"og:url\" content=\"https:\/\/yelon.hu\/szuloknek\/hogyan-posztoljunk-a-gyerekeinkrol\/\" \/>\n<meta property=\"og:site_name\" content=\"Yelon\" \/>\n<meta property=\"article:published_time\" content=\"2019-10-07T20:07:00+00:00\" \/>\n<meta property=\"article:modified_time\" content=\"2020-06-29T08:06:59+00:00\" \/>\n<meta property=\"og:image\" content=\"https:\/\/yelon.hu\/szuloknek\/wp-content\/uploads\/2019\/10\/internet-virtualis-valos-ter-scaled.jpg\" \/>\n\t<meta property=\"og:image:width\" content=\"2560\" \/>\n\t<meta property=\"og:image:height\" content=\"1707\" \/>\n<meta name=\"twitter:card\" content=\"summary_large_image\" \/>\n<script type=\"application\/ld+json\" class=\"yoast-schema-graph\">{\"@context\":\"https:\/\/schema.org\",\"@graph\":[{\"@type\":\"WebSite\",\"@id\":\"https:\/\/yelon.hu\/szuloknek\/#website\",\"url\":\"https:\/\/yelon.hu\/szuloknek\/\",\"name\":\"Yelon\",\"description\":\"Kamaszoknak \\u00e9s sz\\u00fcl\\u0151knek sz\\u00f3l\\u00f3 online magazin\",\"potentialAction\":[{\"@type\":\"SearchAction\",\"target\":\"https:\/\/yelon.hu\/szuloknek\/?s={search_term_string}\",\"query-input\":\"required name=search_term_string\"}],\"inLanguage\":\"hu\"},{\"@type\":\"ImageObject\",\"@id\":\"https:\/\/yelon.hu\/szuloknek\/hogyan-posztoljunk-a-gyerekeinkrol\/#primaryimage\",\"inLanguage\":\"hu\",\"url\":\"https:\/\/yelon.hu\/szuloknek\/wp-content\/uploads\/2019\/10\/internet-virtualis-valos-ter-scaled.jpg\",\"width\":2560,\"height\":1707,\"caption\":\"Digit\\u00e1lis szem\\u00e9lyazonoss\\u00e1g: hogyan v\\u00e9dd meg\"},{\"@type\":\"WebPage\",\"@id\":\"https:\/\/yelon.hu\/szuloknek\/hogyan-posztoljunk-a-gyerekeinkrol\/#webpage\",\"url\":\"https:\/\/yelon.hu\/szuloknek\/hogyan-posztoljunk-a-gyerekeinkrol\/\",\"name\":\"Mi\\u00e9rt \\u00e9s hogyan v\\u00e9dj\\u00fck a gyerekek digit\\u00e1lis szem\\u00e9lyazonoss\\u00e1g\\u00e1t? - Yelon\",\"isPartOf\":{\"@id\":\"https:\/\/yelon.hu\/szuloknek\/#website\"},\"primaryImageOfPage\":{\"@id\":\"https:\/\/yelon.hu\/szuloknek\/hogyan-posztoljunk-a-gyerekeinkrol\/#primaryimage\"},\"datePublished\":\"2019-10-07T20:07:00+00:00\",\"dateModified\":\"2020-06-29T08:06:59+00:00\",\"author\":{\"@id\":\"https:\/\/yelon.hu\/szuloknek\/#\/schema\/person\/cc8ade7915e7e03e45101714bee29a46\"},\"description\":\"Ami sz\\u00e1munkra cuki, lehet, hogy a gyerek\\u00fcnknek ciki \\u2013 \\u00e9s nem ez a legnagyobb kock\\u00e1zat, amit a gyerek\\u00fcnkr\\u0151l posztolt k\\u00e9pes \\u00e9s sz\\u00f6veges tartalmak rejtenek.\",\"inLanguage\":\"hu\",\"potentialAction\":[{\"@type\":\"ReadAction\",\"target\":[\"https:\/\/yelon.hu\/szuloknek\/hogyan-posztoljunk-a-gyerekeinkrol\/\"]}]},{\"@type\":\"Person\",\"@id\":\"https:\/\/yelon.hu\/szuloknek\/#\/schema\/person\/cc8ade7915e7e03e45101714bee29a46\",\"name\":\"Nagy Vikt\\u00f3ria\",\"image\":{\"@type\":\"ImageObject\",\"@id\":\"https:\/\/yelon.hu\/szuloknek\/#personlogo\",\"inLanguage\":\"hu\",\"url\":\"https:\/\/secure.gravatar.com\/avatar\/3556f27c74a3b0989637956c35a12ea1?s=96&d=mm&r=g\",\"caption\":\"Nagy Vikt\\u00f3ria\"}}]}<\/script>\n<!-- \/ Yoast SEO plugin. -->","_links":{"self":[{"href":"https:\/\/yelon.hu\/szuloknek\/wp-json\/wp\/v2\/posts\/2893"}],"collection":[{"href":"https:\/\/yelon.hu\/szuloknek\/wp-json\/wp\/v2\/posts"}],"about":[{"href":"https:\/\/yelon.hu\/szuloknek\/wp-json\/wp\/v2\/types\/post"}],"author":[{"embeddable":true,"href":"https:\/\/yelon.hu\/szuloknek\/wp-json\/wp\/v2\/users\/10"}],"replies":[{"embeddable":true,"href":"https:\/\/yelon.hu\/szuloknek\/wp-json\/wp\/v2\/comments?post=2893"}],"version-history":[{"count":5,"href":"https:\/\/yelon.hu\/szuloknek\/wp-json\/wp\/v2\/posts\/2893\/revisions"}],"predecessor-version":[{"id":4742,"href":"https:\/\/yelon.hu\/szuloknek\/wp-json\/wp\/v2\/posts\/2893\/revisions\/4742"}],"wp:featuredmedia":[{"embeddable":true,"href":"https:\/\/yelon.hu\/szuloknek\/wp-json\/wp\/v2\/media\/3168"}],"wp:attachment":[{"href":"https:\/\/yelon.hu\/szuloknek\/wp-json\/wp\/v2\/media?parent=2893"}],"wp:term":[{"taxonomy":"category","embeddable":true,"href":"https:\/\/yelon.hu\/szuloknek\/wp-json\/wp\/v2\/categories?post=2893"},{"taxonomy":"post_tag","embeddable":true,"href":"https:\/\/yelon.hu\/szuloknek\/wp-json\/wp\/v2\/tags?post=2893"}],"curies":[{"name":"wp","href":"https:\/\/api.w.org\/{rel}","templated":true}]}}