{"id":2895,"date":"2019-12-05T02:49:24","date_gmt":"2019-12-05T01:49:24","guid":{"rendered":"https:\/\/yelon.hu\/szuloknek\/?p=2895"},"modified":"2021-05-20T03:31:41","modified_gmt":"2021-05-20T01:31:41","slug":"gyermekkori-eveszavarok","status":"publish","type":"post","link":"https:\/\/yelon.hu\/szuloknek\/gyermekkori-eveszavarok\/","title":{"rendered":"A gyerekkori \u00e9tkez\u00e9s \u00e1tmeneti \u00e9s \u00e1lland\u00f3sult zavarai"},"content":{"rendered":"\n<p>A csecsem\u0151k\/gyerekek t\u00e1pl\u00e1lkoz\u00e1s\u00e1t tekintve a kisebb \u00e1tmeneti probl\u00e9m\u00e1k igen gyakoriak. Ugyanakkor nagyon fontos, hogy a sz\u00fcl\u0151 erre hogyan reag\u00e1l, egy\u00e1ltal\u00e1n reag\u00e1l-e, vagy teljesen figyelmen k\u00edv\u00fcl hagyja. A korai negat\u00edv \u00e9tkez\u00e9si tapasztalatok k\u00e9s\u0151bbi viselked\u00e9szavarok kiindul\u00f3pontjai lehetnek.<\/p>\n\n\n\n<!--more-->\n\n\n\n<p>A 2-3. \u00e9let\u00e9vben az \u00e9tv\u00e1gy jelent\u0151sen cs\u00f6kken, a n\u00f6veked\u00e9s is lassul. A 4\u20126 \u00e9ves kor k\u00f6z\u00f6tt gyakran el\u0151fordul\u00f3 v\u00e1logat\u00f3ss\u00e1g h\u00e1tter\u00e9ben a sz\u00fcl\u0151k frusztr\u00e1l\u00e1sa is \u00e1llhat, amely fontos figyelemfelh\u00edv\u00f3 jel.&nbsp;<\/p>\n\n\n\n<h2><strong>Ruminatio<\/strong><\/h2>\n\n\n\n<p>Az elfogyasztott \u00e9tel ism\u00e9telt vissza\u00f6klendez\u00e9s\u00e9t jelenti, amely egy sz\u00e1nd\u00e9kos cselekv\u00e9s, \u00e9s \u00f6r\u00f6met okoz a csecsem\u0151nek. \u00c1ltal\u00e1ban az els\u0151 \u00e9let\u00e9vben jelentkezik. N\u00f6veked\u00e9s- \u00e9s fejl\u0151d\u00e9sbeli elmarad\u00e1st okozhat, a hal\u00e1loz\u00e1si ar\u00e1ny 25% k\u00f6r\u00fcli. Spont\u00e1n gy\u00f3gyul\u00e1s, javul\u00e1s is el\u0151fordulhat.&nbsp;<\/p>\n\n\n\n<h2><strong>Gyarapod\u00e1si el\u00e9gtelens\u00e9g<\/strong><\/h2>\n\n\n\n<p>A n\u00f6veked\u00e9sben \u00e9s tests\u00falygyarapod\u00e1sban val\u00f3 elmarad\u00e1s, amely sz\u00fclet\u00e9st\u0151l fenn\u00e1llhat, vagy el\u0151zetes norm\u00e1l id\u0151szak ut\u00e1n jelentkezik. Leggyakrabban 2-3 h\u00f3napos \u00e9s 2 \u00e9ves kor k\u00f6z\u00f6tt jellemz\u0151.<\/p>\n\n\n\n<p>Okai lehetnek:<\/p>\n\n\n\n<ul><li>k\u00f6zponti idegrendszeri k\u00e1rosod\u00e1s,<\/li><li>anat\u00f3miai \u00e9s \u00e9lettani rendelleness\u00e9gek (pl. gyomor-b\u00e9l, kering\u00e9si rendszer, idegrendszer \u00e9s a kering\u00e9si szervek kr\u00f3nikus megbeteged\u00e9sei),<\/li><li>anya\u2012gyerek kapcsolati zavar,<\/li><li>nem megfelel\u0151 etet\u00e9si k\u00f6r\u00fclm\u00e9nyek,<\/li><li><a href=\"https:\/\/yelon.hu\/szuloknek\/tudatos-jelenlet-a-gyereknevelesben\/\" target=\"_blank\" rel=\"noreferrer noopener\" aria-label=\"\u00e9rzelmi elhanyagol\u00e1s (\u00faj f\u00fcl\u00f6n nyitja meg)\">\u00e9rzelmi elhanyagol\u00e1s<\/a>,<\/li><li><a href=\"https:\/\/yelon.hu\/szuloknek\/valoban-faj-a-gyereknek-a-veres\/\" target=\"_blank\" rel=\"noreferrer noopener\" aria-label=\"a gyerek b\u00e1ntalmaz\u00e1sa (\u00faj f\u00fcl\u00f6n nyitja meg)\">a gyerek b\u00e1ntalmaz\u00e1sa<\/a>.<\/li><\/ul>\n\n\n\n<p>A gyarapod\u00e1si el\u00e9gtelens\u00e9g k\u00f6vetkezm\u00e9nyek\u00e9nt ment\u00e1lis \u00e9s motoros (mozg\u00e1sos) fejl\u0151d\u00e9sbeli elmarad\u00e1sra lehet sz\u00e1m\u00edtani. Ha az 1. \u00e9let\u00e9vben tart\u00f3san fenn\u00e1ll, az az idegrendszer fejl\u0151d\u00e9s\u00e9t k\u00e1ros\u00edtja, melynek eredm\u00e9nyek\u00e9ppen hat\u00e1r\u00e9rt\u00e9k-intelligencia vagy m\u00e9rs\u00e9kelt szellemi retard\u00e1ci\u00f3 (fogyat\u00e9koss\u00e1g) v\u00e1rhat\u00f3. Jellemz\u0151 m\u00e9g a verb\u00e1lis m\u0171k\u00f6d\u00e9sek (nyelvfejl\u0151d\u00e9s, olvas\u00e1si k\u00e9pess\u00e9g, verb\u00e1lis intelligencia) zavara.<\/p>\n\n\n\n<h2><strong>Szelekt\u00edv ev\u00e9s<\/strong><\/h2>\n\n\n\n<p>Ha a gyerek egy nagyon sz\u0171k v\u00e1laszt\u00e9kra korl\u00e1tozza az \u00e1ltala elfogadott \u00e9teleket (max. 10-f\u00e9le \u00e9tel), \u00e9s ez az \u00e1llapot legal\u00e1bb 2 \u00e9ve fenn\u00e1ll. A gyerek hevesen ellen\u00e1ll, ha \u00faj \u00e9tellel k\u00edn\u00e1lj\u00e1k. A szelekci\u00f3 kiterjedhet \u00e9telt\u00edpusokra (pl. gy\u00fcm\u00f6lcs\u00f6k, z\u00f6lds\u00e9gek), az \u00e9tel \u00e1llag\u00e1ra (pl. meleg \u00e9tel, szil\u00e1rd \u00e9tel), \u00e9telm\u00e1rk\u00e1kra vagy annak beszerz\u00e9si hely\u00e9re. Az \u00e1ltala elfogadott \u00e9telek \u00e1ltal\u00e1ban magas sz\u00e9nhidr\u00e1ttartalm\u00faak (kekszek, keny\u00e9rf\u00e9l\u00e9k, t\u00e9szt\u00e1k), ez\u00e9rt a szelekt\u00edv ev\u00e9s \u00e1ltal\u00e1ban norm\u00e1lis tests\u00fallyal j\u00e1r. A zavar h\u00e1tter\u00e9ben t\u00f6bbnyire szorong\u00e1s \u00e1ll. <a href=\"https:\/\/yelon.hu\/szuloknek\/mikor-segithet-a-gyermekpszichologus\/\" target=\"_blank\" rel=\"noreferrer noopener\" aria-label=\"A ter\u00e1pi\u00e1s folyamatban (\u00faj f\u00fcl\u00f6n nyitja meg)\">A ter\u00e1pi\u00e1s folyamatban<\/a> a sz\u00fcl\u0151k akt\u00edv k\u00f6zrem\u0171k\u00f6d\u00e9se elengedhetetlen.<\/p>\n\n\n\n<h2><strong>F\u00f3bi\u00e1s t\u00edpus\u00fa ev\u00e9szavar<\/strong><\/h2>\n\n\n\n<p>Az \u00e9tel elutas\u00edt\u00e1s\u00e1nak h\u00e1tter\u00e9ben \u00e1ll\u00f3 extr\u00e9m m\u00e9rt\u00e9k\u0171 f\u00e9lelem kiterjedhet a f\u00e9lrenyel\u00e9sre, a falat megakad\u00e1s\u00e1ra, a h\u00e1ny\u00e1sra \u00e9s a gyakori toaletthaszn\u00e1latra. A gyerekek a szorong\u00e1sukat azzal oldj\u00e1k, hogy igyekeznek min\u00e9l kevesebb \u00e9telt fogyasztani vagy az \u00e9teleket \u00e1llag alapj\u00e1n szelekt\u00e1lni (pl. csak foly\u00e9kony \u00e9teleket esznek).&nbsp;<\/p>\n\n\n\n<p>T\u00fcnetei:<\/p>\n\n\n\n<ul><li>az \u00e9tkez\u00e9s ker\u00fcl\u00e9se,<\/li><li>tests\u00falycs\u00f6kken\u00e9s,<\/li><li>a k\u00f3rk\u00e9p kialakul\u00e1s\u00e1t megel\u0151z\u0151en az \u00e9letkornak megfelel\u0151 t\u00e1pl\u00e1lkoz\u00e1si magatart\u00e1s volt jellemz\u0151,<\/li><li>az \u00e9tkez\u00e9s elker\u00fcl\u00e9s\u00e9nek oka a f\u00e9lelem, a szorong\u00e1s,<\/li><li>nincs <a href=\"https:\/\/yelon.hu\/szuloknek\/a-testkepzavar-fiukat-is-erinthet\/\" target=\"_blank\" rel=\"noreferrer noopener\" aria-label=\"testk\u00e9pzavar (\u00faj f\u00fcl\u00f6n nyitja meg)\">testk\u00e9pzavar<\/a>,<\/li><li>a gyerek nem foglalkozik a tests\u00faly\u00e1val, az alakj\u00e1val,<\/li><li>pszich\u00f3zis vagy organikus agyk\u00e1rosod\u00e1s kiz\u00e1rhat\u00f3.<\/li><\/ul>\n\n\n\n<h2><strong>Pica (ejtsd: \u201epika\u201d)&nbsp;<\/strong><\/h2>\n\n\n\n<p>Nem ehet\u0151 anyagok (pap\u00edr, haj, homok, \u00e1llati vagy emberi \u00fcr\u00fcl\u00e9k, kavics, szem\u00e9t stb.) ev\u00e9s\u00e9t jelenti. \u00c1ltal\u00e1ban jellemz\u0151 a kisgyerekekre, hogy mindent a sz\u00e1jukba vesznek, \u00e9ppen ez\u00e9rt akkor kell pic\u00e1ra gyanakodnunk, ha ez 1,5 \u00e9ves kor ut\u00e1n is fenn\u00e1ll. A norm\u00e1l \u00e9teleket is ugyan\u00fagy elfogyasztj\u00e1k ezek a gyerekek. K\u00fcl\u00f6n\u00f6sen gyakran fordul el\u0151 azokn\u00e1l, akiket \u00e9rzelmileg elhanyagolnak, gyakran egyed\u00fcl hagynak, valamint autista, \u00e9rtelmi fogyat\u00e9kos \u00e9s pszichotikus gyerekek k\u00f6r\u00e9ben. K\u00f6vetkezm\u00e9nye lehet m\u00e9rgez\u00e9s (gy\u00f3gyszerekkel, vegyszerekkel), b\u00e9lf\u00e9regfert\u0151z\u00e9s, \u00e9s sokszor a lenyelt t\u00e1rgy csak seb\u00e9szeti \u00faton t\u00e1vol\u00edthat\u00f3 el. Serd\u00fcl\u0151korban bulimia nervosa megjelen\u00e9s\u00e9re hajlamos\u00edthat. A hat\u00e9kony kezel\u00e9s\u00e9nek r\u00e9sze egyr\u00e9szt az, hogy tan\u00edtsuk meg a gyereknek, hogy mi ehet\u0151, \u00e9s mi nem, er\u0151s\u00edts\u00fck meg, ha elker\u00fcli az ehetetlen anyagokat, m\u00e1sr\u00e9szt egy biztons\u00e1gos \u00e9s ingergazdag k\u00f6rnyezetet alak\u00edtsunk ki sz\u00e1m\u00e1ra. <\/p>\n\n\n\n<h2><strong>Fiatalkori anorexia \u00e9s bulimia<\/strong><\/h2>\n\n\n\n<p>A klasszikus ev\u00e9szavarok (mint <a href=\"https:\/\/yelon.hu\/szuloknek\/az-eveszavarokrol-altalaban\/\" target=\"_blank\" rel=\"noreferrer noopener\" aria-label=\"az anorexia \u00e9s a bulimia (\u00faj f\u00fcl\u00f6n nyitja meg)\">az anorexia \u00e9s a bulimia<\/a>) jellemz\u0151en n\u0151i betegs\u00e9geknek sz\u00e1m\u00edtanak. Sajnos mindk\u00e9t zavarn\u00e1l az \u00e9letkori kezdet el\u0151retol\u00f3d\u00e1s\u00e1t figyelhetj\u00fck meg, \u00e9s a sz\u00fcl\u0151k agg\u00f3dva tapasztalj\u00e1k 8\u201210 \u00e9ves kor\u00fa l\u00e1nyaikon, hogy f\u00e9lnek az elh\u00edz\u00e1st\u00f3l, koplalni kezdenek, \u00e9s a szuperv\u00e9kony modellek a p\u00e9ldak\u00e9peik. Arr\u00f3l nem is besz\u00e9lve, hogy egy hazai felm\u00e9r\u00e9s szerint a 12 \u00e9ves kor\u00fa l\u00e1nyok k\u00f6z\u00fcl minden 7. (!) m\u00e1r t\u00fal van egy fogy\u00f3k\u00far\u00e1n. Sajnos fogy\u00f3k\u00far\u00e1zni divatt\u00e1 is v\u00e1lt. Ennek pedig a fiatal koroszt\u00e1lyra vonatkoz\u00f3an s\u00falyos k\u00f6vetkezm\u00e9nyei lehetnek. Az anorexia \u00e9s a bulimia rendszerint egy di\u00e9t\u00e1val kezd\u0151dik. M\u00e1sr\u00e9szt a n\u00f6v\u00e9sben l\u00e9v\u0151 csontrendszerben \u00e9s a fejl\u0151d\u0151 szervezetben a t\u00e1pl\u00e1l\u00e9k-, illetve t\u00e1panyagmegvon\u00e1s komoly fejl\u0151d\u00e9sbeli lemarad\u00e1sokat okozhat. A hosszn\u00f6veked\u00e9s elmarad\u00e1sa, a csontr\u00f6ntgen 2-3 \u00e9ves elmarad\u00e1st mutat. A m\u00e1sodlagos nemi jegyek kialakul\u00e1sa k\u00e9sik. T\u00fcnetei: \u00e1lland\u00f3 testgyakorl\u00e1s, ev\u00e9si magatart\u00e1s megv\u00e1ltoz\u00e1sa. Eleinte nincs s\u00falyveszt\u00e9s, \u201ecsak\u201d lassabban vagy egy\u00e1ltal\u00e1n nem n\u0151 a gyerek. Gyakran jelentkezik olyan fiatal serd\u00fcl\u0151 l\u00e1nyokn\u00e1l, akiket kor\u00e1bban (ak\u00e1r gyerekkorukban) <a href=\"https:\/\/yelon.hu\/szuloknek\/tevhitek-a-szexualis-eroszakrol\/\" target=\"_blank\" rel=\"noreferrer noopener\" aria-label=\"szexu\u00e1lisan zaklattak (\u00faj f\u00fcl\u00f6n nyitja meg)\">szexu\u00e1lisan zaklattak<\/a>.&nbsp;<\/p>\n\n\n\n<h2>Nemi k\u00fcl\u00f6nbs\u00e9gek<\/h2>\n\n\n\n<p>Az ut\u00f3bbi \u00e9vekben t\u00f6bb tanulm\u00e1ny vizsg\u00e1lja a nemi k\u00fcl\u00f6nbs\u00e9geket gyerekekn\u00e9l a testi el\u00e9gedetts\u00e9g szempontj\u00e1b\u00f3l. Eszerint m\u00edg a l\u00e1nyok t\u00fals\u00falyosan el\u00e9gedetlenek testi megjelen\u00e9s\u00fckkel, addig a fi\u00fak ink\u00e1bb esetleges sov\u00e1nys\u00e1guk miatt agg\u00f3dnak, viszont a 10\u201312 \u00e9v k\u00f6r\u00fcli fi\u00fakat kor\u00e1ntsem foglalkoztatja annyira a testi megjelen\u00e9s\u00fck, a testalkatuk, mint az azonos kor\u00fa l\u00e1nyokat. Tov\u00e1bbi vizsg\u00e1latok pozit\u00edv kapcsolatot tal\u00e1ltak gyerekekn\u00e9l is a testi el\u00e9gedetts\u00e9g \u00e9s az \u00f6n\u00e9rt\u00e9kel\u00e9s k\u00f6z\u00f6tt.<\/p>\n\n\n\n<p><em>Dr. Luk\u00e1cs Liza, szakpszichol\u00f3gus<\/em><br><em>Az ev\u00e9szavarokr\u00f3l b\u0151vebben a <a href=\"http:\/\/mashogy.hu\/\" target=\"_blank\" rel=\"noreferrer noopener\" aria-label=\"mashogy.hu (\u00faj f\u00fcl\u00f6n nyitja meg)\">mashogy.hu<\/a> oldalon olvashatsz.<\/em><\/p>\n\n\n\n<p><em>Kiemelt k\u00e9p <a href=\"https:\/\/pixabay.com\/\" target=\"_blank\" rel=\"noreferrer noopener\" aria-label=\" (\u00faj f\u00fcl\u00f6n nyitja meg)\">innen<\/a><\/em><\/p>\n","protected":false},"excerpt":{"rendered":"<p>A gyermekkorban el\u0151fordul\u00f3 ev\u00e9szavarok lehetnek \u00e1tmenetiek, de \u00e1lland\u00f3sulhatnak is &#8211; b\u00e1rmelyikkel \u00e1llunk is szemben, \u00e9rdemes komolyan venni, \u00e9s sz\u00fcks\u00e9g eset\u00e9n szakember seg\u00edts\u00e9g\u00e9t k\u00e9rni.<\/p>\n","protected":false},"author":10,"featured_media":3215,"comment_status":"closed","ping_status":"closed","sticky":false,"template":"","format":"standard","meta":[],"categories":[11],"tags":[457,443,455,442,453,94,445,447,452,174,454,451,446,450,42,23,449,456,448],"yoast_head":"<!-- This site is optimized with the Yoast SEO plugin v15.1 - https:\/\/yoast.com\/wordpress\/plugins\/seo\/ -->\n<title>A gyerekkori \u00e9tkez\u00e9s \u00e1tmeneti \u00e9s \u00e1lland\u00f3sult zavarai - Yelon<\/title>\n<meta name=\"description\" content=\"Az ev\u00e9s, etet\u00e9s a csecsem\u0151kn\u00e9l is okozhat probl\u00e9m\u00e1kat, \u00e9s k\u00e9s\u0151bb is el\u0151fordulhatnak ev\u00e9szavarok \u2012 ezek t\u00f6bbnyire \u00e1tmenetiek, de \u00e1lland\u00f3sulhatnak is.\" \/>\n<meta name=\"robots\" content=\"index, follow, max-snippet:-1, max-image-preview:large, max-video-preview:-1\" \/>\n<link rel=\"canonical\" href=\"https:\/\/yelon.hu\/szuloknek\/gyermekkori-eveszavarok\/\" \/>\n<meta property=\"og:locale\" content=\"hu_HU\" \/>\n<meta property=\"og:type\" content=\"article\" \/>\n<meta property=\"og:title\" content=\"A gyerekkori \u00e9tkez\u00e9s \u00e1tmeneti \u00e9s \u00e1lland\u00f3sult zavarai - Yelon\" \/>\n<meta property=\"og:description\" content=\"Az ev\u00e9s, etet\u00e9s a csecsem\u0151kn\u00e9l is okozhat probl\u00e9m\u00e1kat, \u00e9s k\u00e9s\u0151bb is el\u0151fordulhatnak ev\u00e9szavarok \u2012 ezek t\u00f6bbnyire \u00e1tmenetiek, de \u00e1lland\u00f3sulhatnak is.\" \/>\n<meta property=\"og:url\" content=\"https:\/\/yelon.hu\/szuloknek\/gyermekkori-eveszavarok\/\" \/>\n<meta property=\"og:site_name\" content=\"Yelon\" \/>\n<meta property=\"article:published_time\" content=\"2019-12-05T01:49:24+00:00\" \/>\n<meta property=\"article:modified_time\" content=\"2021-05-20T01:31:41+00:00\" \/>\n<meta property=\"og:image\" content=\"https:\/\/yelon.hu\/szuloknek\/wp-content\/uploads\/2019\/12\/eveszavarok-gyerekkor-etkezes.jpg\" \/>\n\t<meta property=\"og:image:width\" content=\"1280\" \/>\n\t<meta property=\"og:image:height\" content=\"1027\" \/>\n<meta name=\"twitter:card\" content=\"summary_large_image\" \/>\n<script type=\"application\/ld+json\" class=\"yoast-schema-graph\">{\"@context\":\"https:\/\/schema.org\",\"@graph\":[{\"@type\":\"WebSite\",\"@id\":\"https:\/\/yelon.hu\/szuloknek\/#website\",\"url\":\"https:\/\/yelon.hu\/szuloknek\/\",\"name\":\"Yelon\",\"description\":\"Kamaszoknak \\u00e9s sz\\u00fcl\\u0151knek sz\\u00f3l\\u00f3 online magazin\",\"potentialAction\":[{\"@type\":\"SearchAction\",\"target\":\"https:\/\/yelon.hu\/szuloknek\/?s={search_term_string}\",\"query-input\":\"required name=search_term_string\"}],\"inLanguage\":\"hu\"},{\"@type\":\"ImageObject\",\"@id\":\"https:\/\/yelon.hu\/szuloknek\/gyermekkori-eveszavarok\/#primaryimage\",\"inLanguage\":\"hu\",\"url\":\"https:\/\/yelon.hu\/szuloknek\/wp-content\/uploads\/2019\/12\/eveszavarok-gyerekkor-etkezes.jpg\",\"width\":1280,\"height\":1027,\"caption\":\"Ev\\u00e9szavarok, betegs\\u00e9g, \\u00e9tkez\\u00e9s, gyerekkor\"},{\"@type\":\"WebPage\",\"@id\":\"https:\/\/yelon.hu\/szuloknek\/gyermekkori-eveszavarok\/#webpage\",\"url\":\"https:\/\/yelon.hu\/szuloknek\/gyermekkori-eveszavarok\/\",\"name\":\"A gyerekkori \\u00e9tkez\\u00e9s \\u00e1tmeneti \\u00e9s \\u00e1lland\\u00f3sult zavarai - Yelon\",\"isPartOf\":{\"@id\":\"https:\/\/yelon.hu\/szuloknek\/#website\"},\"primaryImageOfPage\":{\"@id\":\"https:\/\/yelon.hu\/szuloknek\/gyermekkori-eveszavarok\/#primaryimage\"},\"datePublished\":\"2019-12-05T01:49:24+00:00\",\"dateModified\":\"2021-05-20T01:31:41+00:00\",\"author\":{\"@id\":\"https:\/\/yelon.hu\/szuloknek\/#\/schema\/person\/cc8ade7915e7e03e45101714bee29a46\"},\"description\":\"Az ev\\u00e9s, etet\\u00e9s a csecsem\\u0151kn\\u00e9l is okozhat probl\\u00e9m\\u00e1kat, \\u00e9s k\\u00e9s\\u0151bb is el\\u0151fordulhatnak ev\\u00e9szavarok \\u2012 ezek t\\u00f6bbnyire \\u00e1tmenetiek, de \\u00e1lland\\u00f3sulhatnak is.\",\"inLanguage\":\"hu\",\"potentialAction\":[{\"@type\":\"ReadAction\",\"target\":[\"https:\/\/yelon.hu\/szuloknek\/gyermekkori-eveszavarok\/\"]}]},{\"@type\":\"Person\",\"@id\":\"https:\/\/yelon.hu\/szuloknek\/#\/schema\/person\/cc8ade7915e7e03e45101714bee29a46\",\"name\":\"Nagy Vikt\\u00f3ria\",\"image\":{\"@type\":\"ImageObject\",\"@id\":\"https:\/\/yelon.hu\/szuloknek\/#personlogo\",\"inLanguage\":\"hu\",\"url\":\"https:\/\/secure.gravatar.com\/avatar\/3556f27c74a3b0989637956c35a12ea1?s=96&d=mm&r=g\",\"caption\":\"Nagy Vikt\\u00f3ria\"}}]}<\/script>\n<!-- \/ Yoast SEO plugin. -->","_links":{"self":[{"href":"https:\/\/yelon.hu\/szuloknek\/wp-json\/wp\/v2\/posts\/2895"}],"collection":[{"href":"https:\/\/yelon.hu\/szuloknek\/wp-json\/wp\/v2\/posts"}],"about":[{"href":"https:\/\/yelon.hu\/szuloknek\/wp-json\/wp\/v2\/types\/post"}],"author":[{"embeddable":true,"href":"https:\/\/yelon.hu\/szuloknek\/wp-json\/wp\/v2\/users\/10"}],"replies":[{"embeddable":true,"href":"https:\/\/yelon.hu\/szuloknek\/wp-json\/wp\/v2\/comments?post=2895"}],"version-history":[{"count":6,"href":"https:\/\/yelon.hu\/szuloknek\/wp-json\/wp\/v2\/posts\/2895\/revisions"}],"predecessor-version":[{"id":5299,"href":"https:\/\/yelon.hu\/szuloknek\/wp-json\/wp\/v2\/posts\/2895\/revisions\/5299"}],"wp:featuredmedia":[{"embeddable":true,"href":"https:\/\/yelon.hu\/szuloknek\/wp-json\/wp\/v2\/media\/3215"}],"wp:attachment":[{"href":"https:\/\/yelon.hu\/szuloknek\/wp-json\/wp\/v2\/media?parent=2895"}],"wp:term":[{"taxonomy":"category","embeddable":true,"href":"https:\/\/yelon.hu\/szuloknek\/wp-json\/wp\/v2\/categories?post=2895"},{"taxonomy":"post_tag","embeddable":true,"href":"https:\/\/yelon.hu\/szuloknek\/wp-json\/wp\/v2\/tags?post=2895"}],"curies":[{"name":"wp","href":"https:\/\/api.w.org\/{rel}","templated":true}]}}