{"id":2985,"date":"2019-12-07T09:38:07","date_gmt":"2019-12-07T08:38:07","guid":{"rendered":"https:\/\/yelon.hu\/szuloknek\/?p=2985"},"modified":"2021-05-20T03:33:19","modified_gmt":"2021-05-20T01:33:19","slug":"ratok-nyit-a-gyerek-szex-kozben","status":"publish","type":"post","link":"https:\/\/yelon.hu\/szuloknek\/ratok-nyit-a-gyerek-szex-kozben\/","title":{"rendered":"Amikor a gyerek v\u00e9letlen\u00fcl megl\u00e1tja, hogy a sz\u00fclei is szexelnek"},"content":{"rendered":"\n<p>B\u00e1rmennyire is figyel\u00fcnk, \u00e9s szex el\u0151tt rendszerint ellen\u0151rizz\u00fck, hogy alszanak-e m\u00e1r a gyerekek, el\u0151fordulhat, hogy m\u00e9gsem aludtak m\u00e9g el, vagy fel\u00e9brednek, mert szomjasak, WC-re kell menni\u00fck. Egy esti, \u00e9jszakai szex hev\u00e9ben el\u0151fordulhat, hogy nem vessz\u00fck \u00e9szre, nem halljuk, hogy a gyerek egyszer csak a h\u00e1l\u00f3szoba ajtaj\u00e1ban \u00e1ll, \u00e9s n\u00e9z, tal\u00e1n m\u00e9g meg is sz\u00f3lal.<\/p>\n\n\n\n<!--more-->\n\n\n\n<h2><strong>Apa, anya, ti mit csin\u00e1ltok?<\/strong><\/h2>\n\n\n\n<p>\u201eHogy is mondjam? A feln\u0151ttek \u00edgy is szeretik egym\u00e1st, hogy meztelen\u00fcl \u00f6sszeb\u00fajnak.\u201d Mik\u00f6zben azt se tudjuk, hirtelen mit kapjunk magunkra, <a href=\"https:\/\/yelon.hu\/szuloknek\/hogyan-beszeljunk-a-szexrol-gyerekekkel\/\" target=\"_blank\" rel=\"noreferrer noopener\" aria-label=\"mit is mondjunk (\u00faj f\u00fcl\u00f6n nyitja meg)\">mit is mondjunk<\/a>, m\u00e9gis pr\u00f3b\u00e1ljunk meg \u00fagy reag\u00e1lni, hogy ne ijedjen meg, ne gondolja, hogy rosszat csin\u00e1lt, hiszen nem tilos bej\u00f6nni a h\u00e1l\u00f3szob\u00e1ba.<\/p>\n\n\n\n<h2><strong>Kellemetlen, de kezelhet\u0151!<\/strong><\/h2>\n\n\n\n<p>Az els\u0151 szempont ezekben a k\u00ednos helyzetekben, hogy \u00e1lljon helyre a gyerek sz\u00e1m\u00e1ra a rend. K\u00e9rj\u00fck meg, hogy menjen ki, biztos\u00edtva \u0151t arr\u00f3l, hogy azonnal ut\u00e1namegy\u00fcnk mi is. Pr\u00f3b\u00e1ljuk meg a gyerekkel nem \u00e9reztetni, hogy a helyzet kellemetlen, hiszen tulajdonk\u00e9ppen semmi rendellenes dolog nem t\u00f6rt\u00e9nt. Am\u00edg fel\u00f6lt\u00f6z\u00fcnk \u00e9s kimegy\u00fcnk a gyerekkel besz\u00e9lni, tudatos\u00edtsuk magunkban, hogy ami t\u00f6rt\u00e9nt, az k\u00e9t, a term\u00e9szet\u00e9b\u0151l fakad\u00f3an k\u00fcl\u00f6nb\u00f6z\u0151 vil\u00e1g\/dimenzi\u00f3 \u00f6sszekevered\u00e9se: a gyerek vil\u00e1ga \u00e9s a feln\u0151ttek\u00e9. Nem \u00f6nmag\u00e1ban a szeretkez\u00e9s a baj, hanem az, hogy nem siker\u00fclt azt elszigetelni a gyerek vil\u00e1g\u00e1t\u00f3l.<\/p>\n\n\n\n<p>Amikor besz\u00e9l\u00fcnk a gyerekkel a t\u00f6rt\u00e9ntekr\u0151l, nagyon fontos szem el\u0151tt tartani, figyelni:<\/p>\n\n\n\n<ul><li>a gyerek \u00e9letkor\u00e1t, de m\u00e9g ink\u00e1bb az \u00e9retts\u00e9g\u00e9t, fejletts\u00e9g\u00e9t,<\/li><li>hogy mit tud m\u00e1r a szexr\u0151l, <a rel=\"noreferrer noopener\" aria-label=\"milyen szavakat haszn\u00e1lhatunk (\u00faj f\u00fcl\u00f6n nyitja meg)\" href=\"https:\/\/yelon.hu\/szuloknek\/adjunk-szavakat-a-gyereknek-hogy-tudjon-beszelni-a-testerol\/\" target=\"_blank\">milyen szavakat haszn\u00e1lhatunk<\/a>,<\/li><li>\u00e9s hogy arr\u00f3l besz\u00e9lj\u00fcnk, ami t\u00f6rt\u00e9nt.<\/li><\/ul>\n\n\n\n<p>A szex, amit a gyerek l\u00e1tott, a feln\u0151tt\u2012feln\u0151tt szeretet egyik form\u00e1ja. Az is el\u0151fordulhat, hogy ha m\u00e1r ad\u00f3dott egy ilyen helyzet, akkor r\u00e9szletesebben is mes\u00e9lhet\u00fcnk neki a szexr\u0151l: \u00e1tmehet a besz\u00e9lget\u00e9s <a href=\"https:\/\/yelon.hu\/szuloknek\/felvilagositas-vagy-szexualis-neveles\/\" target=\"_blank\" rel=\"noreferrer noopener\" aria-label=\"szexu\u00e1lis felvil\u00e1gos\u00edt\u00e1sba (\u00faj f\u00fcl\u00f6n nyitja meg)\">szexu\u00e1lis felvil\u00e1gos\u00edt\u00e1sba<\/a>, term\u00e9szetesen a gyerek kor\u00e1hoz m\u00e9rten.<\/p>\n\n\n\n<p>Nagyon figyelj\u00fcnk azonban arra, hogy ne mondjunk t\u00f6bbet, mint amit k\u00e9pes meg\u00e9rteni, \u00e9s amennyit meg akar \u00e9rteni. Amire nem k\u00edv\u00e1ncsi, arra m\u00e9g \u00e9retlen. Ne magyar\u00e1zkodjunk hosszasan, mert az m\u00e1r csak a saj\u00e1t fesz\u00fclts\u00e9g\u00fcnk levezet\u00e9se. Persze, ha <a rel=\"noreferrer noopener\" aria-label=\"a gyerek k\u00e9rdez (\u00faj f\u00fcl\u00f6n nyitja meg)\" href=\"https:\/\/yelon.hu\/szuloknek\/a-gyerek-kerdez-mi-tanulunk\/\" target=\"_blank\">a gyerek k\u00e9rdez<\/a>, arra v\u00e1laszolhatunk.<\/p>\n\n\n\n<p>A besz\u00e9lget\u00e9s kezdet\u00e9n pr\u00f3b\u00e1ljuk felm\u00e9rni, hogy \u0151 hogyan \u00e9rtelmezte a helyzetet, az \u0151 k\u00e9rd\u00e9seire v\u00e1laszoljunk, \u00e9s ne arra, amir\u0151l azt gondoljuk, hogy benne felmer\u00fclhet k\u00e9rd\u00e9sk\u00e9nt. Ha a gyerekre figyel\u00fcnk, \u00e9s ahhoz kapcsol\u00f3dunk, ami benne van, pillanatok alatt elsz\u00e1llhat a szorong\u00e1s, \u00e9s igazi besz\u00e9lget\u00e9s alakulhat ki, k\u00e9nyelmetlen feszeng\u00e9s helyett.<\/p>\n\n\n\n<p><em>Sz\u0151ke Andr\u00e1s<\/em><\/p>\n\n\n\n<p><em>Kiemelt k\u00e9p <a href=\"https:\/\/pixabay.com\/\" target=\"_blank\" rel=\"noreferrer noopener\" aria-label=\" (\u00faj f\u00fcl\u00f6n nyitja meg)\">innen<\/a><\/em><\/p>\n","protected":false},"excerpt":{"rendered":"<p>Ak\u00e1rmennyire figyel\u00fcnk, el\u0151fordulhat, hogy a sz\u00fcl\u0151kre szeretkez\u00e9s k\u00f6zben nyitja r\u00e1 a gyerek az ajt\u00f3t. Hogya lehet j\u00f3l kezelni ezt a helyzetet?<\/p>\n","protected":false},"author":9,"featured_media":3237,"comment_status":"closed","ping_status":"closed","sticky":false,"template":"","format":"standard","meta":[],"categories":[12],"tags":[489,121,528,229,496,495,500,494,23,115,487,128,531,530,529],"yoast_head":"<!-- This site is optimized with the Yoast SEO plugin v15.1 - https:\/\/yoast.com\/wordpress\/plugins\/seo\/ -->\n<title>Amikor a gyerek v\u00e9letlen\u00fcl megl\u00e1tja, hogy a sz\u00fclei is szexelnek - Yelon<\/title>\n<meta name=\"description\" content=\"Egyszer tal\u00e1n minden csal\u00e1dban el\u0151fordul, hogy a sz\u00fcl\u0151kre szeretkez\u00e9s k\u00f6zben nyitja r\u00e1 a gyerek az ajt\u00f3t. Mit lehet kezdeni a helyzettel?\" \/>\n<meta name=\"robots\" content=\"index, follow, max-snippet:-1, max-image-preview:large, max-video-preview:-1\" \/>\n<link rel=\"canonical\" href=\"https:\/\/yelon.hu\/szuloknek\/ratok-nyit-a-gyerek-szex-kozben\/\" \/>\n<meta property=\"og:locale\" content=\"hu_HU\" \/>\n<meta property=\"og:type\" content=\"article\" \/>\n<meta property=\"og:title\" content=\"Amikor a gyerek v\u00e9letlen\u00fcl megl\u00e1tja, hogy a sz\u00fclei is szexelnek - Yelon\" \/>\n<meta property=\"og:description\" content=\"Egyszer tal\u00e1n minden csal\u00e1dban el\u0151fordul, hogy a sz\u00fcl\u0151kre szeretkez\u00e9s k\u00f6zben nyitja r\u00e1 a gyerek az ajt\u00f3t. Mit lehet kezdeni a helyzettel?\" \/>\n<meta property=\"og:url\" content=\"https:\/\/yelon.hu\/szuloknek\/ratok-nyit-a-gyerek-szex-kozben\/\" \/>\n<meta property=\"og:site_name\" content=\"Yelon\" \/>\n<meta property=\"article:published_time\" content=\"2019-12-07T08:38:07+00:00\" \/>\n<meta property=\"article:modified_time\" content=\"2021-05-20T01:33:19+00:00\" \/>\n<meta property=\"og:image\" content=\"https:\/\/yelon.hu\/szuloknek\/wp-content\/uploads\/2019\/12\/csuszos-palya-szulok-szexelnek.jpg\" \/>\n\t<meta property=\"og:image:width\" content=\"1920\" \/>\n\t<meta property=\"og:image:height\" content=\"1280\" \/>\n<meta name=\"twitter:card\" content=\"summary_large_image\" \/>\n<script type=\"application\/ld+json\" class=\"yoast-schema-graph\">{\"@context\":\"https:\/\/schema.org\",\"@graph\":[{\"@type\":\"WebSite\",\"@id\":\"https:\/\/yelon.hu\/szuloknek\/#website\",\"url\":\"https:\/\/yelon.hu\/szuloknek\/\",\"name\":\"Yelon\",\"description\":\"Kamaszoknak \\u00e9s sz\\u00fcl\\u0151knek sz\\u00f3l\\u00f3 online magazin\",\"potentialAction\":[{\"@type\":\"SearchAction\",\"target\":\"https:\/\/yelon.hu\/szuloknek\/?s={search_term_string}\",\"query-input\":\"required name=search_term_string\"}],\"inLanguage\":\"hu\"},{\"@type\":\"ImageObject\",\"@id\":\"https:\/\/yelon.hu\/szuloknek\/ratok-nyit-a-gyerek-szex-kozben\/#primaryimage\",\"inLanguage\":\"hu\",\"url\":\"https:\/\/yelon.hu\/szuloknek\/wp-content\/uploads\/2019\/12\/csuszos-palya-szulok-szexelnek.jpg\",\"width\":1920,\"height\":1280,\"caption\":\"Ha a gyerek r\\u00e1tok nyit szex k\\u00f6zben\"},{\"@type\":\"WebPage\",\"@id\":\"https:\/\/yelon.hu\/szuloknek\/ratok-nyit-a-gyerek-szex-kozben\/#webpage\",\"url\":\"https:\/\/yelon.hu\/szuloknek\/ratok-nyit-a-gyerek-szex-kozben\/\",\"name\":\"Amikor a gyerek v\\u00e9letlen\\u00fcl megl\\u00e1tja, hogy a sz\\u00fclei is szexelnek - Yelon\",\"isPartOf\":{\"@id\":\"https:\/\/yelon.hu\/szuloknek\/#website\"},\"primaryImageOfPage\":{\"@id\":\"https:\/\/yelon.hu\/szuloknek\/ratok-nyit-a-gyerek-szex-kozben\/#primaryimage\"},\"datePublished\":\"2019-12-07T08:38:07+00:00\",\"dateModified\":\"2021-05-20T01:33:19+00:00\",\"author\":{\"@id\":\"https:\/\/yelon.hu\/szuloknek\/#\/schema\/person\/c9fa38f81f80ff5bbd245a64fddaee93\"},\"description\":\"Egyszer tal\\u00e1n minden csal\\u00e1dban el\\u0151fordul, hogy a sz\\u00fcl\\u0151kre szeretkez\\u00e9s k\\u00f6zben nyitja r\\u00e1 a gyerek az ajt\\u00f3t. Mit lehet kezdeni a helyzettel?\",\"inLanguage\":\"hu\",\"potentialAction\":[{\"@type\":\"ReadAction\",\"target\":[\"https:\/\/yelon.hu\/szuloknek\/ratok-nyit-a-gyerek-szex-kozben\/\"]}]},{\"@type\":\"Person\",\"@id\":\"https:\/\/yelon.hu\/szuloknek\/#\/schema\/person\/c9fa38f81f80ff5bbd245a64fddaee93\",\"name\":\"B. Zsofi\",\"image\":{\"@type\":\"ImageObject\",\"@id\":\"https:\/\/yelon.hu\/szuloknek\/#personlogo\",\"inLanguage\":\"hu\",\"url\":\"https:\/\/secure.gravatar.com\/avatar\/0936caaf13a2f9714ad4b7bd07dd9bca?s=96&d=mm&r=g\",\"caption\":\"B. Zsofi\"}}]}<\/script>\n<!-- \/ Yoast SEO plugin. -->","_links":{"self":[{"href":"https:\/\/yelon.hu\/szuloknek\/wp-json\/wp\/v2\/posts\/2985"}],"collection":[{"href":"https:\/\/yelon.hu\/szuloknek\/wp-json\/wp\/v2\/posts"}],"about":[{"href":"https:\/\/yelon.hu\/szuloknek\/wp-json\/wp\/v2\/types\/post"}],"author":[{"embeddable":true,"href":"https:\/\/yelon.hu\/szuloknek\/wp-json\/wp\/v2\/users\/9"}],"replies":[{"embeddable":true,"href":"https:\/\/yelon.hu\/szuloknek\/wp-json\/wp\/v2\/comments?post=2985"}],"version-history":[{"count":5,"href":"https:\/\/yelon.hu\/szuloknek\/wp-json\/wp\/v2\/posts\/2985\/revisions"}],"predecessor-version":[{"id":4576,"href":"https:\/\/yelon.hu\/szuloknek\/wp-json\/wp\/v2\/posts\/2985\/revisions\/4576"}],"wp:featuredmedia":[{"embeddable":true,"href":"https:\/\/yelon.hu\/szuloknek\/wp-json\/wp\/v2\/media\/3237"}],"wp:attachment":[{"href":"https:\/\/yelon.hu\/szuloknek\/wp-json\/wp\/v2\/media?parent=2985"}],"wp:term":[{"taxonomy":"category","embeddable":true,"href":"https:\/\/yelon.hu\/szuloknek\/wp-json\/wp\/v2\/categories?post=2985"},{"taxonomy":"post_tag","embeddable":true,"href":"https:\/\/yelon.hu\/szuloknek\/wp-json\/wp\/v2\/tags?post=2985"}],"curies":[{"name":"wp","href":"https:\/\/api.w.org\/{rel}","templated":true}]}}