{"id":3006,"date":"2019-12-07T15:15:14","date_gmt":"2019-12-07T14:15:14","guid":{"rendered":"https:\/\/yelon.hu\/szuloknek\/?p=3006"},"modified":"2020-10-10T10:28:01","modified_gmt":"2020-10-10T08:28:01","slug":"szulokent-tanulni","status":"publish","type":"post","link":"https:\/\/yelon.hu\/szuloknek\/szulokent-tanulni\/","title":{"rendered":"A kompetens sz\u00fcl\u0151 sem tud mindent, viszont felismeri, amit nem"},"content":{"rendered":"\n<p>Amikor valaki sz\u00fcl\u0151 lesz, olyan feladatok h\u00e1rulnak r\u00e1, amelyeket kor\u00e1bban nem ismert. Menet k\u00f6zben j\u00f6het r\u00e1, hogy ugyan gyerekk\u00e9nt saj\u00e1t mag\u00e1n tapasztalhatta, hogy az \u0151 sz\u00fclei hogyan oldottak meg k\u00e9rd\u00e9seket, feladatokat, de \u0151 maga nem tud vagy nem akar sz\u00fcl\u0151k\u00e9nt hasonl\u00f3 megold\u00e1sokat alkalmazni. Ilyenkor a sz\u00fcl\u0151nek az\u00e9rt j\u00f3, ha \u00faj ismereteket gy\u0171jt a <a href=\"https:\/\/yelon.hu\/szuloknek\/a-szeretetteljes-neveles-az-arany-kozeput-a-szulo-gyerek-kapcsolatban\/\" target=\"_blank\" rel=\"noreferrer noopener\" aria-label=\"gyereknevel\u00e9s (\u00faj f\u00fcl\u00f6n nyitja meg)\">gyereknevel\u00e9s<\/a> kapcs\u00e1n is, mert magabiztoss\u00e1 v\u00e1lhat sz\u00fcl\u0151k\u00e9nt, a gyereknek meg az\u00e9rt, mert \u00edgy nagyobb biztons\u00e1gban \u00e9rzi mag\u00e1t a sz\u00fclei mellett. Ez a <a href=\"https:\/\/yelon.hu\/szuloknek\/egeszseges-szexualitasra-neveles-tabuk-nelkul\/\" target=\"_blank\" rel=\"noreferrer noopener\" aria-label=\" (\u00faj f\u00fcl\u00f6n nyitja meg)\">testr\u0151l<\/a> \u00e9s <a href=\"https:\/\/yelon.hu\/szuloknek\/felvilagositas-vagy-szexualis-neveles\/\" target=\"_blank\" rel=\"noreferrer noopener\" aria-label=\"szexualit\u00e1sr\u00f3l megszerezhet\u0151 ismeretekre (\u00faj f\u00fcl\u00f6n nyitja meg)\">szexualit\u00e1sr\u00f3l megszerezhet\u0151 ismeretekre<\/a> \u00e9pp\u00fagy vonatkozik, mint a sz\u00fcl\u0151k \u00f6nismeret\u00e9re.&nbsp;<\/p>\n\n\n\n<!--more-->\n\n\n\n<h2>Megb\u00edzhat\u00f3 forr\u00e1s \u00e9s j\u00f3zan \u00e9sz<\/h2>\n\n\n\n<p>Sokf\u00e9le m\u00f3don lehet ismereteket szerezni, \u00e9s pont a sz\u00fcl\u0151\u2013gyerek t\u00e9m\u00e1ban akadhatunk rengeteg \u00f6njel\u00f6lt gurura. Emellett ritka az olyan szakember, akinek ne lenne saj\u00e1t \u00e9rt\u00e9k\u00edt\u00e9lete, v\u00e9lem\u00e9nye arr\u00f3l, hogy mit mi\u00e9rt kell \u00fagy csin\u00e1lni, ahogy \u0151 javasolja. Ez\u00e9rt is fontos, hogy a sz\u00fcl\u0151, amikor a k\u00e9rd\u00e9seire v\u00e1laszokat keres, figyeljen arra, hogy a forr\u00e1s megb\u00edzhat\u00f3 szakember legyen. Egy szakember v\u00e9lem\u00e9ny\u00e9nek, javaslat\u00e1nak alkalmaz\u00e1sa el\u0151tt is \u00e9rdemes viszont a sz\u00fcl\u0151nek v\u00e9giggondolnia, hogy az, amit \u00e9pp megval\u00f3s\u00edtani k\u00e9sz\u00fcl, m\u00e9g ha h\u00edres, tapasztalt szakember is aj\u00e1nlja, nem biztos, hogy beleillik az \u0151 saj\u00e1t \u00e9rt\u00e9krendj\u00e9be, nevel\u00e9si m\u00f3dszerei k\u00f6z\u00e9, \u00e9s lehet, hogy nem f\u00e9r \u00f6ssze a gyerek \u00e9s a sz\u00fcl\u0151k term\u00e9szet\u00e9vel, vagy a csal\u00e1d aktu\u00e1lis helyzet\u00e9vel. <\/p>\n\n\n\n<h3>Amikor nem a k\u00e9sz v\u00e1lasz, hanem a megold\u00e1son val\u00f3 gondolkod\u00e1s seg\u00edt<\/h3>\n\n\n\n<p>Ilyenkor a j\u00f3zan \u00e9sz \u00e9s m\u00e9rlegel\u00e9s a legjobb tan\u00e1csad\u00f3: a sz\u00fcl\u0151 ismeri legjobban saj\u00e1t mag\u00e1t, \u00e9s j\u00f3 esetben a k\u00f6r\u00fclm\u00e9nyeinek rugalmass\u00e1g\u00e1t. Ha a sokf\u00e9le inform\u00e1ci\u00f3 \u00f6z\u00f6n\u00e9ben a sz\u00fcl\u0151 nem tud eligazodni, \u00e9s nem tudja eld\u00f6nteni, hogy \u0151 ezek k\u00f6z\u00fcl melyiket tudn\u00e1 hat\u00e9konyan haszn\u00e1lni, akkor seg\u00edthet egy kis \u00f6nvizsg\u00e1lat, \u00e9s el\u0151sz\u00f6r a saj\u00e1t ig\u00e9nyeket, priorit\u00e1sokat \u00e9rdemes v\u00e9giggondolni, \u00e9s ut\u00e1na eld\u00f6nteni, hogy mi a helyes \u00fat.&nbsp;<\/p>\n\n\n\n<h3>A sz\u00fcl\u0151i kompetencia<\/h3>\n\n\n\n<p>Arra is \u00e9rdemes figyelni, hogy hogyan \u00e9rzi mag\u00e1t az ember a j\u00f3 tan\u00e1csokat hallva: j\u00f3lesik-e, hogy valaki seg\u00edteni akar, vagy inger\u00fclts\u00e9get kelt, \u00e9s azt \u00e9ri el, hogy a sz\u00fcl\u0151 kev\u00e9sb\u00e9 \u00e9rzi mag\u00e1t kompetensnek. Ha az ut\u00f3bbi, akkor nem biztos, hogy az \u00f6njel\u00f6lt seg\u00edt\u0151 t\u00e9nyleg seg\u00edteni akar, val\u00f3sz\u00edn\u0171bb, hogy ink\u00e1bb a saj\u00e1t eg\u00f3j\u00e1t f\u00e9nyezi. Nem egyszer\u0171 dolog egy ilyen felismer\u00e9ssel \u00e9lni (f\u0151leg, ha egy tekint\u00e9ly-szem\u00e9lyr\u0151l van sz\u00f3), de a gyerek \u00e9rdek\u00e9ben mindenk\u00e9pp az a fontos, hogy a sz\u00fcl\u0151 k\u00e9pesnek \u00e9rezze mag\u00e1t arra, hogy a gyerek\u00e9t j\u00f3l tudja nevelni, \u00e9s ennek az \u00e9rz\u00e9snek a meg\u00e9l\u00e9s\u00e9t senki ne vehesse el t\u0151le.<\/p>\n\n\n\n<p><em>A Yelon szerkeszt\u0151s\u00e9ge<\/em><\/p>\n\n\n\n<p><em>Kiemelt k\u00e9p <a href=\"https:\/\/unsplash.com\/\" target=\"_blank\" rel=\"noreferrer noopener\" aria-label=\" (\u00faj f\u00fcl\u00f6n nyitja meg)\">innen<\/a><\/em><\/p>\n","protected":false},"excerpt":{"rendered":"<p>Sz\u00fcl\u0151nek lenni nem azt jelenti, hogy mindent tudunk a gyereknevel\u00e9sr\u0151l &#8211; j\u00f3 sz\u00fcl\u0151k\u00e9nt viszont akarhatunk folyamatosan tanulni \u00e9s fejl\u0151dni, hogy egyre jobb sz\u00fcl\u0151k lehess\u00fcnk.<\/p>\n","protected":false},"author":9,"featured_media":3255,"comment_status":"closed","ping_status":"closed","sticky":false,"template":"","format":"standard","meta":[],"categories":[12,11],"tags":[350,121,564,172,566,229,574,577,563,565,567,568,576,569,570,575,573,42,291,128,571,572,578],"yoast_head":"<!-- This site is optimized with the Yoast SEO plugin v15.1 - https:\/\/yoast.com\/wordpress\/plugins\/seo\/ -->\n<title>A kompetens sz\u00fcl\u0151 sem tud mindent, viszont felismeri, amit nem - Yelon<\/title>\n<meta name=\"description\" content=\"A gyereknevel\u00e9s tanulhat\u00f3: ha tudjuk, mit nem tudunk, azon tudunk fejleszteni, ez pedig a legt\u00f6bb, amit a gyerek\u00fcnknek, \u00e9s magunknak adhatunk.\" \/>\n<meta name=\"robots\" content=\"index, follow, max-snippet:-1, max-image-preview:large, max-video-preview:-1\" \/>\n<link rel=\"canonical\" href=\"https:\/\/yelon.hu\/szuloknek\/szulokent-tanulni\/\" \/>\n<meta property=\"og:locale\" content=\"hu_HU\" \/>\n<meta property=\"og:type\" content=\"article\" \/>\n<meta property=\"og:title\" content=\"A kompetens sz\u00fcl\u0151 sem tud mindent, viszont felismeri, amit nem - Yelon\" \/>\n<meta property=\"og:description\" content=\"A gyereknevel\u00e9s tanulhat\u00f3: ha tudjuk, mit nem tudunk, azon tudunk fejleszteni, ez pedig a legt\u00f6bb, amit a gyerek\u00fcnknek, \u00e9s magunknak adhatunk.\" \/>\n<meta property=\"og:url\" content=\"https:\/\/yelon.hu\/szuloknek\/szulokent-tanulni\/\" \/>\n<meta property=\"og:site_name\" content=\"Yelon\" \/>\n<meta property=\"article:published_time\" content=\"2019-12-07T14:15:14+00:00\" \/>\n<meta property=\"article:modified_time\" content=\"2020-10-10T08:28:01+00:00\" \/>\n<meta property=\"og:image\" content=\"https:\/\/yelon.hu\/szuloknek\/wp-content\/uploads\/2019\/12\/devraj-ontozokannak-novekedes-scaled.jpg\" \/>\n\t<meta property=\"og:image:width\" content=\"2560\" \/>\n\t<meta property=\"og:image:height\" content=\"1707\" \/>\n<meta name=\"twitter:card\" content=\"summary_large_image\" \/>\n<script type=\"application\/ld+json\" class=\"yoast-schema-graph\">{\"@context\":\"https:\/\/schema.org\",\"@graph\":[{\"@type\":\"WebSite\",\"@id\":\"https:\/\/yelon.hu\/szuloknek\/#website\",\"url\":\"https:\/\/yelon.hu\/szuloknek\/\",\"name\":\"Yelon\",\"description\":\"Kamaszoknak \\u00e9s sz\\u00fcl\\u0151knek sz\\u00f3l\\u00f3 online magazin\",\"potentialAction\":[{\"@type\":\"SearchAction\",\"target\":\"https:\/\/yelon.hu\/szuloknek\/?s={search_term_string}\",\"query-input\":\"required name=search_term_string\"}],\"inLanguage\":\"hu\"},{\"@type\":\"ImageObject\",\"@id\":\"https:\/\/yelon.hu\/szuloknek\/szulokent-tanulni\/#primaryimage\",\"inLanguage\":\"hu\",\"url\":\"https:\/\/yelon.hu\/szuloknek\/wp-content\/uploads\/2019\/12\/devraj-ontozokannak-novekedes-scaled.jpg\",\"width\":2560,\"height\":1707,\"caption\":\"Kompetens sz\\u00fcl\\u0151, tanul\\u00e1s sz\\u00fcl\\u0151k\\u00e9nt\"},{\"@type\":\"WebPage\",\"@id\":\"https:\/\/yelon.hu\/szuloknek\/szulokent-tanulni\/#webpage\",\"url\":\"https:\/\/yelon.hu\/szuloknek\/szulokent-tanulni\/\",\"name\":\"A kompetens sz\\u00fcl\\u0151 sem tud mindent, viszont felismeri, amit nem - Yelon\",\"isPartOf\":{\"@id\":\"https:\/\/yelon.hu\/szuloknek\/#website\"},\"primaryImageOfPage\":{\"@id\":\"https:\/\/yelon.hu\/szuloknek\/szulokent-tanulni\/#primaryimage\"},\"datePublished\":\"2019-12-07T14:15:14+00:00\",\"dateModified\":\"2020-10-10T08:28:01+00:00\",\"author\":{\"@id\":\"https:\/\/yelon.hu\/szuloknek\/#\/schema\/person\/c9fa38f81f80ff5bbd245a64fddaee93\"},\"description\":\"A gyereknevel\\u00e9s tanulhat\\u00f3: ha tudjuk, mit nem tudunk, azon tudunk fejleszteni, ez pedig a legt\\u00f6bb, amit a gyerek\\u00fcnknek, \\u00e9s magunknak adhatunk.\",\"inLanguage\":\"hu\",\"potentialAction\":[{\"@type\":\"ReadAction\",\"target\":[\"https:\/\/yelon.hu\/szuloknek\/szulokent-tanulni\/\"]}]},{\"@type\":\"Person\",\"@id\":\"https:\/\/yelon.hu\/szuloknek\/#\/schema\/person\/c9fa38f81f80ff5bbd245a64fddaee93\",\"name\":\"B. Zsofi\",\"image\":{\"@type\":\"ImageObject\",\"@id\":\"https:\/\/yelon.hu\/szuloknek\/#personlogo\",\"inLanguage\":\"hu\",\"url\":\"https:\/\/secure.gravatar.com\/avatar\/0936caaf13a2f9714ad4b7bd07dd9bca?s=96&d=mm&r=g\",\"caption\":\"B. Zsofi\"}}]}<\/script>\n<!-- \/ Yoast SEO plugin. -->","_links":{"self":[{"href":"https:\/\/yelon.hu\/szuloknek\/wp-json\/wp\/v2\/posts\/3006"}],"collection":[{"href":"https:\/\/yelon.hu\/szuloknek\/wp-json\/wp\/v2\/posts"}],"about":[{"href":"https:\/\/yelon.hu\/szuloknek\/wp-json\/wp\/v2\/types\/post"}],"author":[{"embeddable":true,"href":"https:\/\/yelon.hu\/szuloknek\/wp-json\/wp\/v2\/users\/9"}],"replies":[{"embeddable":true,"href":"https:\/\/yelon.hu\/szuloknek\/wp-json\/wp\/v2\/comments?post=3006"}],"version-history":[{"count":4,"href":"https:\/\/yelon.hu\/szuloknek\/wp-json\/wp\/v2\/posts\/3006\/revisions"}],"predecessor-version":[{"id":4519,"href":"https:\/\/yelon.hu\/szuloknek\/wp-json\/wp\/v2\/posts\/3006\/revisions\/4519"}],"wp:featuredmedia":[{"embeddable":true,"href":"https:\/\/yelon.hu\/szuloknek\/wp-json\/wp\/v2\/media\/3255"}],"wp:attachment":[{"href":"https:\/\/yelon.hu\/szuloknek\/wp-json\/wp\/v2\/media?parent=3006"}],"wp:term":[{"taxonomy":"category","embeddable":true,"href":"https:\/\/yelon.hu\/szuloknek\/wp-json\/wp\/v2\/categories?post=3006"},{"taxonomy":"post_tag","embeddable":true,"href":"https:\/\/yelon.hu\/szuloknek\/wp-json\/wp\/v2\/tags?post=3006"}],"curies":[{"name":"wp","href":"https:\/\/api.w.org\/{rel}","templated":true}]}}