{"id":3049,"date":"2018-12-08T22:09:00","date_gmt":"2018-12-08T21:09:00","guid":{"rendered":"https:\/\/yelon.hu\/szuloknek\/?p=3049"},"modified":"2020-02-21T01:35:18","modified_gmt":"2020-02-21T00:35:18","slug":"kozossegi-media-hasznalata-korhatar","status":"publish","type":"post","link":"https:\/\/yelon.hu\/szuloknek\/kozossegi-media-hasznalata-korhatar\/","title":{"rendered":"A k\u00f6z\u00f6ss\u00e9gi m\u00e9dia mindenki\u00e9 \u2013 egy bizonyos kor f\u00f6l\u00f6tt"},"content":{"rendered":"\n<p>A <a href=\"https:\/\/yelon.hu\/szuloknek\/8-fontos-digitalis-keszseg-a-gyerekeknek\/\" target=\"_blank\" rel=\"noreferrer noopener\" aria-label=\"gyerekek v\u00e9delme (\u00faj f\u00fcl\u00f6n nyitja meg)\">gyerekek v\u00e9delme<\/a> \u00e9rdek\u00e9ben m\u00e9g a kifejezetten sz\u00e1mukra fejlesztett k\u00f6z\u00f6ss\u00e9gim\u00e9dia-platformok \u00e9s -alkalmaz\u00e1sok haszn\u00e1lata is bizonyos \u00e9letkorhoz k\u00f6t\u00f6tt. Ismerd meg, h\u00e1ny \u00e9ves kort\u00f3l leg\u00e1lis az egyes <a href=\"https:\/\/yelon.hu\/szuloknek\/a-szuloi-felelosseg-a-gyerek-digitalis-labnyomaban\/\" target=\"_blank\" rel=\"noreferrer noopener\" aria-label=\"social media fel\u00fcletek haszn\u00e1lata: (\u00faj f\u00fcl\u00f6n nyitja meg)\">social media fel\u00fcletek haszn\u00e1lata:<\/a><\/p>\n\n\n\n<!--more-->\n\n\n\n<figure class=\"wp-block-image size-large\"><img loading=\"lazy\" width=\"724\" height=\"1024\" src=\"https:\/\/yelon.hu\/szuloknek\/wp-content\/uploads\/2019\/10\/16707395_1821261978122196_7196626753772111402_o-724x1024.jpg\" alt=\"\" class=\"wp-image-2359\" srcset=\"https:\/\/yelon.hu\/szuloknek\/wp-content\/uploads\/2019\/10\/16707395_1821261978122196_7196626753772111402_o-724x1024.jpg 724w, https:\/\/yelon.hu\/szuloknek\/wp-content\/uploads\/2019\/10\/16707395_1821261978122196_7196626753772111402_o-212x300.jpg 212w, https:\/\/yelon.hu\/szuloknek\/wp-content\/uploads\/2019\/10\/16707395_1821261978122196_7196626753772111402_o-768x1086.jpg 768w, https:\/\/yelon.hu\/szuloknek\/wp-content\/uploads\/2019\/10\/16707395_1821261978122196_7196626753772111402_o.jpg 1448w\" sizes=\"(max-width: 724px) 100vw, 724px\" \/><\/figure>\n\n\n\n<p><em>Kiemelt k\u00e9p <a href=\"http:\/\/polandsite.proboards.com\/thread\/5973\/street-artist-banksy\" target=\"_blank\" rel=\"noreferrer noopener\" aria-label=\" (\u00faj f\u00fcl\u00f6n nyitja meg)\">innen<\/a><\/em><\/p>\n","protected":false},"excerpt":{"rendered":"<p>Korhat\u00e1rok a neten, amiket \u00e9rdemes figyelembe venni.<\/p>\n","protected":false},"author":9,"featured_media":3157,"comment_status":"closed","ping_status":"closed","sticky":false,"template":"","format":"standard","meta":[],"categories":[8],"tags":[187,189,124,199,191,185,186,188,153,183,190,198,201,195,194,184,200,192,196,197,193],"yoast_head":"<!-- This site is optimized with the Yoast SEO plugin v15.1 - https:\/\/yoast.com\/wordpress\/plugins\/seo\/ -->\n<title>A k\u00f6z\u00f6ss\u00e9gi m\u00e9dia mindenki\u00e9 \u2013 egy bizonyos kor f\u00f6l\u00f6tt - Yelon<\/title>\n<meta name=\"description\" content=\"M\u00e9g a kifejezetten fiatalokra szabott k\u00f6z\u00f6ss\u00e9gi m\u00e9dia fel\u00fcleteinek haszn\u00e1lata is bizonyos \u00e9letkorhoz k\u00f6t\u00f6tt a gyerekek v\u00e9delme \u00e9rdek\u00e9ben.\" \/>\n<meta name=\"robots\" content=\"index, follow, max-snippet:-1, max-image-preview:large, max-video-preview:-1\" \/>\n<link rel=\"canonical\" href=\"https:\/\/yelon.hu\/szuloknek\/kozossegi-media-hasznalata-korhatar\/\" \/>\n<meta property=\"og:locale\" content=\"hu_HU\" \/>\n<meta property=\"og:type\" content=\"article\" \/>\n<meta property=\"og:title\" content=\"A k\u00f6z\u00f6ss\u00e9gi m\u00e9dia mindenki\u00e9 \u2013 egy bizonyos kor f\u00f6l\u00f6tt - Yelon\" \/>\n<meta property=\"og:description\" content=\"M\u00e9g a kifejezetten fiatalokra szabott k\u00f6z\u00f6ss\u00e9gi m\u00e9dia fel\u00fcleteinek haszn\u00e1lata is bizonyos \u00e9letkorhoz k\u00f6t\u00f6tt a gyerekek v\u00e9delme \u00e9rdek\u00e9ben.\" \/>\n<meta property=\"og:url\" content=\"https:\/\/yelon.hu\/szuloknek\/kozossegi-media-hasznalata-korhatar\/\" \/>\n<meta property=\"og:site_name\" content=\"Yelon\" \/>\n<meta property=\"article:published_time\" content=\"2018-12-08T21:09:00+00:00\" \/>\n<meta property=\"article:modified_time\" content=\"2020-02-21T00:35:18+00:00\" \/>\n<meta property=\"og:image\" content=\"https:\/\/yelon.hu\/szuloknek\/wp-content\/uploads\/2018\/12\/instagram-korhatar-streetart-e1577981020297.jpeg\" \/>\n\t<meta property=\"og:image:width\" content=\"1297\" \/>\n\t<meta property=\"og:image:height\" content=\"758\" \/>\n<meta name=\"twitter:card\" content=\"summary_large_image\" \/>\n<script type=\"application\/ld+json\" class=\"yoast-schema-graph\">{\"@context\":\"https:\/\/schema.org\",\"@graph\":[{\"@type\":\"WebSite\",\"@id\":\"https:\/\/yelon.hu\/szuloknek\/#website\",\"url\":\"https:\/\/yelon.hu\/szuloknek\/\",\"name\":\"Yelon\",\"description\":\"Kamaszoknak \\u00e9s sz\\u00fcl\\u0151knek sz\\u00f3l\\u00f3 online magazin\",\"potentialAction\":[{\"@type\":\"SearchAction\",\"target\":\"https:\/\/yelon.hu\/szuloknek\/?s={search_term_string}\",\"query-input\":\"required name=search_term_string\"}],\"inLanguage\":\"hu\"},{\"@type\":\"ImageObject\",\"@id\":\"https:\/\/yelon.hu\/szuloknek\/kozossegi-media-hasznalata-korhatar\/#primaryimage\",\"inLanguage\":\"hu\",\"url\":\"https:\/\/yelon.hu\/szuloknek\/wp-content\/uploads\/2018\/12\/instagram-korhatar-streetart-e1577981020297.jpeg\",\"width\":1297,\"height\":758,\"caption\":\"K\\u00f6z\\u00f6ss\\u00e9gi m\\u00e9dia korhat\\u00e1rok\"},{\"@type\":\"WebPage\",\"@id\":\"https:\/\/yelon.hu\/szuloknek\/kozossegi-media-hasznalata-korhatar\/#webpage\",\"url\":\"https:\/\/yelon.hu\/szuloknek\/kozossegi-media-hasznalata-korhatar\/\",\"name\":\"A k\\u00f6z\\u00f6ss\\u00e9gi m\\u00e9dia mindenki\\u00e9 \\u2013 egy bizonyos kor f\\u00f6l\\u00f6tt - Yelon\",\"isPartOf\":{\"@id\":\"https:\/\/yelon.hu\/szuloknek\/#website\"},\"primaryImageOfPage\":{\"@id\":\"https:\/\/yelon.hu\/szuloknek\/kozossegi-media-hasznalata-korhatar\/#primaryimage\"},\"datePublished\":\"2018-12-08T21:09:00+00:00\",\"dateModified\":\"2020-02-21T00:35:18+00:00\",\"author\":{\"@id\":\"https:\/\/yelon.hu\/szuloknek\/#\/schema\/person\/c9fa38f81f80ff5bbd245a64fddaee93\"},\"description\":\"M\\u00e9g a kifejezetten fiatalokra szabott k\\u00f6z\\u00f6ss\\u00e9gi m\\u00e9dia fel\\u00fcleteinek haszn\\u00e1lata is bizonyos \\u00e9letkorhoz k\\u00f6t\\u00f6tt a gyerekek v\\u00e9delme \\u00e9rdek\\u00e9ben.\",\"inLanguage\":\"hu\",\"potentialAction\":[{\"@type\":\"ReadAction\",\"target\":[\"https:\/\/yelon.hu\/szuloknek\/kozossegi-media-hasznalata-korhatar\/\"]}]},{\"@type\":\"Person\",\"@id\":\"https:\/\/yelon.hu\/szuloknek\/#\/schema\/person\/c9fa38f81f80ff5bbd245a64fddaee93\",\"name\":\"B. Zsofi\",\"image\":{\"@type\":\"ImageObject\",\"@id\":\"https:\/\/yelon.hu\/szuloknek\/#personlogo\",\"inLanguage\":\"hu\",\"url\":\"https:\/\/secure.gravatar.com\/avatar\/0936caaf13a2f9714ad4b7bd07dd9bca?s=96&d=mm&r=g\",\"caption\":\"B. Zsofi\"}}]}<\/script>\n<!-- \/ Yoast SEO plugin. -->","_links":{"self":[{"href":"https:\/\/yelon.hu\/szuloknek\/wp-json\/wp\/v2\/posts\/3049"}],"collection":[{"href":"https:\/\/yelon.hu\/szuloknek\/wp-json\/wp\/v2\/posts"}],"about":[{"href":"https:\/\/yelon.hu\/szuloknek\/wp-json\/wp\/v2\/types\/post"}],"author":[{"embeddable":true,"href":"https:\/\/yelon.hu\/szuloknek\/wp-json\/wp\/v2\/users\/9"}],"replies":[{"embeddable":true,"href":"https:\/\/yelon.hu\/szuloknek\/wp-json\/wp\/v2\/comments?post=3049"}],"version-history":[{"count":5,"href":"https:\/\/yelon.hu\/szuloknek\/wp-json\/wp\/v2\/posts\/3049\/revisions"}],"predecessor-version":[{"id":3951,"href":"https:\/\/yelon.hu\/szuloknek\/wp-json\/wp\/v2\/posts\/3049\/revisions\/3951"}],"wp:featuredmedia":[{"embeddable":true,"href":"https:\/\/yelon.hu\/szuloknek\/wp-json\/wp\/v2\/media\/3157"}],"wp:attachment":[{"href":"https:\/\/yelon.hu\/szuloknek\/wp-json\/wp\/v2\/media?parent=3049"}],"wp:term":[{"taxonomy":"category","embeddable":true,"href":"https:\/\/yelon.hu\/szuloknek\/wp-json\/wp\/v2\/categories?post=3049"},{"taxonomy":"post_tag","embeddable":true,"href":"https:\/\/yelon.hu\/szuloknek\/wp-json\/wp\/v2\/tags?post=3049"}],"curies":[{"name":"wp","href":"https:\/\/api.w.org\/{rel}","templated":true}]}}