{"id":3072,"date":"2017-01-31T10:14:00","date_gmt":"2017-01-31T09:14:00","guid":{"rendered":"https:\/\/yelon.hu\/szuloknek\/?p=3072"},"modified":"2020-02-20T15:19:32","modified_gmt":"2020-02-20T14:19:32","slug":"az-elso-melltartovasarlas","status":"publish","type":"post","link":"https:\/\/yelon.hu\/szuloknek\/az-elso-melltartovasarlas\/","title":{"rendered":"Az els\u0151 melltart\u00f3v\u00e1s\u00e1rl\u00e1s: nemcsak testi, lelki k\u00e9rd\u00e9s is"},"content":{"rendered":"\n<p>Egy feln\u0151tt n\u0151 sz\u00e1m\u00e1ra nem nagy dolog, ha melltart\u00f3t kell v\u00e1s\u00e1rolnia, de egy kamasz l\u00e1ny \u00e9let\u00e9ben fontos esem\u00e9ny lehet. Ebben a korban ez nem csak egy szimpla ruhadarab,&nbsp;sokkal ink\u00e1bb szimbolikus jelent\u0151s\u00e9ge van.&nbsp;<\/p>\n\n\n\n<!--more-->\n\n\n\n<h2>Mit\u0151l lehet aktu\u00e1lis az els\u0151 melltart\u00f3 beszerz\u00e9se?<\/h2>\n\n\n\n<p>T\u00f6bb oka is lehet annak, ha egy tini melltart\u00f3ra v\u00e1gyik:&nbsp;<\/p>\n\n\n\n<ol><li><a href=\"https:\/\/yelon.hu\/szuloknek\/szuloi-minta-a-gyerek-szexualitasaban\/\" target=\"_blank\" rel=\"noreferrer noopener\" aria-label=\"Elkezdtek n\u0151ni a mellei, \u00e9s komfortosabb sz\u00e1m\u00e1ra (\u00faj f\u00fcl\u00f6n nyitja meg)\">Elkezdtek n\u0151ni a mellei, \u00e9s komfortosabb sz\u00e1m\u00e1ra<\/a>, ha a kidudorod\u00f3 mellbimb\u00f3it egy plusz r\u00e9teg takarja.<\/li><li>\u00c9pp ellenkez\u0151leg \u2012 \u00fagy \u00e9rzi, hogy a kort\u00e1rsaihoz k\u00e9pest le van maradva, \u00e9s \u0151 is szeretne dombor\u00edtani.<\/li><li>Nem is annyira a ciciken van a hangs\u00faly, hanem mag\u00e1n a melltart\u00f3n, mert \u201em\u00e1r mindenkinek van az oszt\u00e1lyban\u201d, \u00e9s mondjuk, ha torna\u00f3ra el\u0151tt \u00f6lt\u00f6z\u00e9sn\u00e9l nem veszi le, akkor m\u00e1sok nem l\u00e1tj\u00e1k a meztelen fels\u0151test\u00e9t.<\/li><\/ol>\n\n\n\n<h2>Amikor a l\u00e1nyunk ig\u00e9nyli<\/h2>\n\n\n\n<p>A felsorol\u00e1sb\u00f3l nem v\u00e9letlen\u00fcl maradt ki egy logikusnak t\u0171n\u0151 indok: \u201eakkor\u00e1k a mellei, hogy m\u00e1r melltart\u00f3t kell hordania\u201d. A mai tizen\u00e9ves l\u00e1nyok \u00e1ltal\u00e1ban j\u00f3val azel\u0151tt szeretn\u00e9k beszerezni ezt a feh\u00e9rnem\u0171t, hogy annak b\u00e1rmit is k\u00e9ne \u201etartania\u201d. \u00c9ppen ez\u00e9rt fontos, hogy meghalljuk az ig\u00e9nyt, ha a l\u00e1nyunk melltart\u00f3t szeretne, \u00e9s m\u00e9g v\u00e9letlen\u00fcl se bagatelliz\u00e1ljuk vagy vicceskedj\u00fck el a helyzetet. Ha k\u00e9ri, akkor biztosan \u00fagy \u00e9rzi, hogy sz\u00fcks\u00e9ge van r\u00e1. Tal\u00e1n a lelk\u00e9nek jobban, mint a <a href=\"https:\/\/yelon.hu\/szuloknek\/egeszseges-szexualitasra-neveles-tabuk-nelkul\/\" target=\"_blank\" rel=\"noreferrer noopener\" aria-label=\"test\u00e9nek (\u00faj f\u00fcl\u00f6n nyitja meg)\">test\u00e9nek<\/a>.&nbsp;<\/p>\n\n\n\n<h2>Ha nem meri sz\u00f3ba hozni<\/h2>\n\n\n\n<p>Ha m\u00e9gsem mer el\u0151hozakodni a k\u00e9r\u00e9ssel, val\u00f3sz\u00edn\u0171leg \u00f6r\u00fclni fog, ha mi aj\u00e1nljuk fel a lehet\u0151s\u00e9get, \u00e9s nem v\u00e1runk addig, am\u00edg elkezd g\u00f6rbe h\u00e1ttal j\u00e1rni, hogy \u00edgy rejtegesse a cicij\u00e9t. Ha azt vessz\u00fck \u00e9szre, hogy katal\u00f3gusokban, \u00e1ruh\u00e1zakban \u00e9rdekl\u0151d\u00e9ssel n\u00e9zegeti a melltart\u00f3kat, akkor (szinte) biztosak lehet\u00fcnk benne, hogy m\u00e1r \u00e9rlel\u0151dik benne is a gondolat a v\u00e1s\u00e1rl\u00e1sra.<\/p>\n\n\n\n<h2>Hogy kezdj\u00fcnk neki?<\/h2>\n\n\n\n<p>Ha nem t\u0151le j\u00f6n az \u00f6tlet, de \u00fagy \u00e9rezz\u00fck, hogy tal\u00e1n m\u00e9gis itt lenne az ideje, r\u00e1k\u00e9rdezhet\u00fcnk ismer\u0151s anyuk\u00e1kn\u00e1l, hogy n\u00e1luk mi a helyzet, van-e m\u00e1r tapasztalatuk ezen a t\u00e9ren. Hasznos lehet a v\u00e1s\u00e1rl\u00e1s el\u0151tt kicsit t\u00e1j\u00e9koz\u00f3dni, hogy egy\u00e1ltal\u00e1n melyik boltban kaphat\u00f3 tiniknek val\u00f3 melltart\u00f3, \u00e9s f\u0151leg hogy a l\u00e1nyunk mit szeretne. Csak egy sportmelltart\u00f3hoz hasonl\u00f3 kis topot vagy ink\u00e1bb egy bikinifels\u0151-szer\u0171, k\u00f6nny\u0171 darabot, esetleg szivacsosat? Seg\u00edthet a v\u00e1s\u00e1rl\u00e1sban az is, ha indul\u00e1s el\u0151tt felk\u00e9sz\u00fcl\u00fcnk: lem\u00e9rj\u00fck a l\u00e1nyunk mellkas\u00e1nak k\u00f6rfogat\u00e1t, ut\u00e1naj\u00e1runk, hogy a k\u00fcl\u00f6nf\u00e9le m\u00e9rett\u00e1bl\u00e1zatok alapj\u00e1n mekkora m\u00e9retre is van sz\u00fcks\u00e9g. \u00cdgy sem biztos, hogy r\u00f6gt\u00f6n az els\u0151 helyen megtal\u00e1ljuk az igazit, de nagyobb az es\u00e9ly arra, hogy nem fogunk az \u00f6t\u00f6dik boltb\u00f3l is csal\u00f3dottan t\u00e1vozni.&nbsp;<\/p>\n\n\n\n<h2>A test kamaszkori v\u00e1ltoz\u00e1sai \u00e9s a sz\u00e9gyenl\u0151ss\u00e9g egy\u00fctt j\u00e1rnak?<\/h2>\n\n\n\n<p>A kamaszkori test \u00e1talakul\u00e1sa nagyon k\u00fcl\u00f6nb\u00f6z\u0151 reakci\u00f3kat v\u00e1lthat ki gyerekeinkb\u0151l. Vannak, akik nehezen bar\u00e1tkoznak az \u00fajdons\u00e1gokkal, m\u00e1sokat b\u00fcszkes\u00e9ggel t\u00f6ltenek el v\u00e1ltoz\u00f3 idomaik, de \u00e1ltal\u00e1noss\u00e1gban elmondhat\u00f3, hogy a legt\u00f6bb tini ilyenkor sz\u00e9gyenl\u0151sebb lesz, \u00e9s \u00e9rz\u00e9kenyen reag\u00e1l a test\u00e9vel, kin\u00e9zet\u00e9vel kapcsolatos helyzetekben. K\u00f6nnyen zavarba j\u00f6n, megb\u00e1nt\u00f3dik a vicces(nek sz\u00e1nt) vagy csak \u00fcgyetlen\u00fcl megfogalmazott megjegyz\u00e9sekt\u0151l. <\/p>\n\n\n\n<h4>Tekintettel az \u00e9rz\u00e9kenys\u00e9g\u00e9re<\/h4>\n\n\n\n<p>Fontos, hogy sz\u00fcl\u0151k\u00e9nt tudjuk <a href=\"https:\/\/yelon.hu\/szuloknek\/lelki-epseg-tisztelet\/\" target=\"_blank\" rel=\"noreferrer noopener\" aria-label=\"komolyan venni \u00e9s tiszteletben tartani (\u00faj f\u00fcl\u00f6n nyitja meg)\">komolyan venni \u00e9s tiszteletben tartani<\/a> ezt az \u00e9rz\u00e9kenys\u00e9get. A pr\u00f3b\u00e1n\u00e1l el\u0151sz\u00f6r hallgassuk meg, neki hogy tetszik, \u0151 hogyan \u00e9rzi mag\u00e1t benne, \u00e9s figyelj\u00fcnk arra, hogy milyen visszajelz\u00e9st adunk egy-egy darab ut\u00e1n. Kiv\u00e1l\u00f3 alkalom lehet ez arra is, hogy dics\u00e9rj\u00fck, \u00e9s <a href=\"https:\/\/yelon.hu\/szuloknek\/28-onbizalom-novelo-mondat-gyerekeknek\/\" target=\"_blank\" rel=\"noreferrer noopener\" aria-label=\"pozit\u00edv meger\u0151s\u00edt\u00e9sekkel (\u00faj f\u00fcl\u00f6n nyitja meg)\">pozit\u00edv meger\u0151s\u00edt\u00e9sekkel<\/a> n\u00f6velj\u00fck (\u201en\u0151i\u201d) \u00f6nbizalm\u00e1t. Kritik\u00e1k helyett jobb, ha seg\u00edt\u0151 szempontokkal szolg\u00e1lunk \u2013 k\u00e9nyelem, praktikum \u2013, de ha lehet, tartsuk szem el\u0151tt, hogy neki melyik okozn\u00e1 a legnagyobb \u00f6r\u00f6met. Kompromisszumos megold\u00e1sk\u00e9nt \u2012 \u00e9s ha a p\u00e9nzt\u00e1rc\u00e1nk engedi \u2012 vehet\u00fcnk r\u00f6gt\u00f6n t\u00f6bb darabot is.<\/p>\n\n\n\n<h4>Tekintettel az ig\u00e9nyeire<\/h4>\n\n\n\n<p>Az els\u0151 melltart\u00f3 v\u00e1s\u00e1rl\u00e1sakor, m\u00e9g ha lelkes is a l\u00e1nyunk, sokf\u00e9le \u00e9rzelem kavaroghat benne. Nem biztos, hogy \u00f6r\u00fclne, hogy az eg\u00e9sz csal\u00e1d ott toporog a pr\u00f3baf\u00fclke el\u0151tt. Ha meg tudjuk oldani, menj\u00fcnk ink\u00e1bb kettesben, hogy egy anya\u2013l\u00e1nya kalandk\u00e9nt, kedves eml\u00e9kk\u00e9nt maradjon meg ez az \u00e9lm\u00e9ny.&nbsp;<\/p>\n\n\n\n<h4>Tiszteletben tartva a d\u00f6nt\u00e9seit<\/h4>\n\n\n\n<p>El\u0151fordulhat viszont az is, hogy minden seg\u00edt\u0151 sz\u00e1nd\u00e9kunk ellen\u00e9re nem vel\u00fcnk, hanem ink\u00e1bb a n\u0151v\u00e9r\u00e9vel, unokan\u0151v\u00e9r\u00e9vel vagy a legjobb bar\u00e1tn\u0151j\u00e9vel menne v\u00e1s\u00e1rolni. Ha megb\u00edzunk az illet\u0151ben, \u00e9s nem tartunk att\u00f3l, hogy p\u00e9ld\u00e1ul h\u00e1rom darab szuper szexi, de egy\u00e9bk\u00e9nt k\u00e9nyelmetlen \u00e9s funkci\u00f3tlan csipkecsod\u00e1val fognak hazat\u00e9rni, amit azt\u00e1n sosem fog hordani, \u00e9s nem esik nehez\u00fcnkre lemondani err\u0151l a k\u00f6z\u00f6s programr\u00f3l, ak\u00e1r \u00e1t is engedhetj\u00fck a terepet.<\/p>\n\n\n\n<h2>Vagy ahogy \u00e9pp siker\u00fcl<\/h2>\n\n\n\n<p>A fentiek csup\u00e1n \u00f6tletek, gondolatok, \u00e9s nem jelentik azt, hogy kiz\u00e1r\u00f3lag ilyen alapos felk\u00e9sz\u00fcl\u00e9ssel \u00e9s k\u00f6r\u00fcltekint\u00e9ssel lehet megvenni az els\u0151 melltart\u00f3t. T\u00f6rt\u00e9nhet az eg\u00e9sz spont\u00e1n, egy k\u00f6z\u00f6s v\u00e1s\u00e1rl\u00e1s alkalm\u00e1val, amikor \u00e9pp megtetszik neki valami. \u00d6r\u00f6m\u00fcnket, b\u00fcszkes\u00e9g\u00fcnket ekkor is kifejezhetj\u00fck n\u00e9h\u00e1ny kedves sz\u00f3val, b\u00f3kkal, amikor felpr\u00f3b\u00e1l egy-egy darabot, \u00e9s ut\u00e1na ak\u00e1r be is \u00fclhet\u00fcnk egy k\u00e1v\u00e9z\u00f3ba, cukr\u00e1szd\u00e1ba, hogy m\u00e9g eml\u00e9kezetesebb\u00e9 tegy\u00fck az esem\u00e9nyt. (De persze ez sem k\u00f6telez\u0151.)&nbsp;<\/p>\n\n\n\n<p><em>Hopp\u00e1l Bori<\/em><\/p>\n\n\n\n<p><em>Kiemelt k\u00e9p <a href=\"https:\/\/unsplash.com\/\" target=\"_blank\" rel=\"noreferrer noopener\" aria-label=\" (\u00faj f\u00fcl\u00f6n nyitja meg)\">innen<\/a><\/em><\/p>\n","protected":false},"excerpt":{"rendered":"<p>Az els\u0151 melltart\u00f3v\u00e1s\u00e1rl\u00e1s \u00e9lm\u00e9ny \u00e9s fontos, meghat\u00e1roz\u00f3 l\u00e9p\u00e9s is egyben. \u00cdgy seg\u00edthetsz j\u00f3l az ig\u00e9ny felismer\u00e9s\u00e9ben, a v\u00e1laszt\u00e1sban \u00e9s a beszerz\u00e9sben.<\/p>\n","protected":false},"author":9,"featured_media":3300,"comment_status":"closed","ping_status":"closed","sticky":false,"template":"","format":"standard","meta":[],"categories":[12],"tags":[669,671,662,663,673,665,664,667,670,668,660,661,674,133,672,666],"yoast_head":"<!-- This site is optimized with the Yoast SEO plugin v15.1 - https:\/\/yoast.com\/wordpress\/plugins\/seo\/ -->\n<title>Az els\u0151 melltart\u00f3v\u00e1s\u00e1rl\u00e1s: nemcsak testi, lelki k\u00e9rd\u00e9s is - Yelon<\/title>\n<meta name=\"description\" content=\"Amikor egy l\u00e1ny \u00e9lete els\u0151 melltart\u00f3j\u00e1t k\u00e9sz\u00fcl beszerezni, az nem csak egy ruhadarab \u00e9s nem csak egy v\u00e1s\u00e1rl\u00e1s - \u00edgy seg\u00edthetsz neki a legjobban!\" \/>\n<meta name=\"robots\" content=\"index, follow, max-snippet:-1, max-image-preview:large, max-video-preview:-1\" \/>\n<link rel=\"canonical\" href=\"https:\/\/yelon.hu\/szuloknek\/az-elso-melltartovasarlas\/\" \/>\n<meta property=\"og:locale\" content=\"hu_HU\" \/>\n<meta property=\"og:type\" content=\"article\" \/>\n<meta property=\"og:title\" content=\"Az els\u0151 melltart\u00f3v\u00e1s\u00e1rl\u00e1s: nemcsak testi, lelki k\u00e9rd\u00e9s is - Yelon\" \/>\n<meta property=\"og:description\" content=\"Amikor egy l\u00e1ny \u00e9lete els\u0151 melltart\u00f3j\u00e1t k\u00e9sz\u00fcl beszerezni, az nem csak egy ruhadarab \u00e9s nem csak egy v\u00e1s\u00e1rl\u00e1s - \u00edgy seg\u00edthetsz neki a legjobban!\" \/>\n<meta property=\"og:url\" content=\"https:\/\/yelon.hu\/szuloknek\/az-elso-melltartovasarlas\/\" \/>\n<meta property=\"og:site_name\" content=\"Yelon\" \/>\n<meta property=\"article:published_time\" content=\"2017-01-31T09:14:00+00:00\" \/>\n<meta property=\"article:modified_time\" content=\"2020-02-20T14:19:32+00:00\" \/>\n<meta property=\"og:image\" content=\"https:\/\/yelon.hu\/szuloknek\/wp-content\/uploads\/2019\/12\/anatol-knotek-melltarto-abracadabra-e1579886572512.jpg\" \/>\n\t<meta property=\"og:image:width\" content=\"800\" \/>\n\t<meta property=\"og:image:height\" content=\"572\" \/>\n<meta name=\"twitter:card\" content=\"summary_large_image\" \/>\n<script type=\"application\/ld+json\" class=\"yoast-schema-graph\">{\"@context\":\"https:\/\/schema.org\",\"@graph\":[{\"@type\":\"WebSite\",\"@id\":\"https:\/\/yelon.hu\/szuloknek\/#website\",\"url\":\"https:\/\/yelon.hu\/szuloknek\/\",\"name\":\"Yelon\",\"description\":\"Kamaszoknak \\u00e9s sz\\u00fcl\\u0151knek sz\\u00f3l\\u00f3 online magazin\",\"potentialAction\":[{\"@type\":\"SearchAction\",\"target\":\"https:\/\/yelon.hu\/szuloknek\/?s={search_term_string}\",\"query-input\":\"required name=search_term_string\"}],\"inLanguage\":\"hu\"},{\"@type\":\"ImageObject\",\"@id\":\"https:\/\/yelon.hu\/szuloknek\/az-elso-melltartovasarlas\/#primaryimage\",\"inLanguage\":\"hu\",\"url\":\"https:\/\/yelon.hu\/szuloknek\/wp-content\/uploads\/2019\/12\/anatol-knotek-melltarto-abracadabra-e1579886572512.jpg\",\"width\":800,\"height\":572,\"caption\":\"Els\\u0151 melltart\\u00f3v\\u00e1s\\u00e1rl\\u00e1s\"},{\"@type\":\"WebPage\",\"@id\":\"https:\/\/yelon.hu\/szuloknek\/az-elso-melltartovasarlas\/#webpage\",\"url\":\"https:\/\/yelon.hu\/szuloknek\/az-elso-melltartovasarlas\/\",\"name\":\"Az els\\u0151 melltart\\u00f3v\\u00e1s\\u00e1rl\\u00e1s: nemcsak testi, lelki k\\u00e9rd\\u00e9s is - Yelon\",\"isPartOf\":{\"@id\":\"https:\/\/yelon.hu\/szuloknek\/#website\"},\"primaryImageOfPage\":{\"@id\":\"https:\/\/yelon.hu\/szuloknek\/az-elso-melltartovasarlas\/#primaryimage\"},\"datePublished\":\"2017-01-31T09:14:00+00:00\",\"dateModified\":\"2020-02-20T14:19:32+00:00\",\"author\":{\"@id\":\"https:\/\/yelon.hu\/szuloknek\/#\/schema\/person\/c9fa38f81f80ff5bbd245a64fddaee93\"},\"description\":\"Amikor egy l\\u00e1ny \\u00e9lete els\\u0151 melltart\\u00f3j\\u00e1t k\\u00e9sz\\u00fcl beszerezni, az nem csak egy ruhadarab \\u00e9s nem csak egy v\\u00e1s\\u00e1rl\\u00e1s - \\u00edgy seg\\u00edthetsz neki a legjobban!\",\"inLanguage\":\"hu\",\"potentialAction\":[{\"@type\":\"ReadAction\",\"target\":[\"https:\/\/yelon.hu\/szuloknek\/az-elso-melltartovasarlas\/\"]}]},{\"@type\":\"Person\",\"@id\":\"https:\/\/yelon.hu\/szuloknek\/#\/schema\/person\/c9fa38f81f80ff5bbd245a64fddaee93\",\"name\":\"B. Zsofi\",\"image\":{\"@type\":\"ImageObject\",\"@id\":\"https:\/\/yelon.hu\/szuloknek\/#personlogo\",\"inLanguage\":\"hu\",\"url\":\"https:\/\/secure.gravatar.com\/avatar\/0936caaf13a2f9714ad4b7bd07dd9bca?s=96&d=mm&r=g\",\"caption\":\"B. Zsofi\"}}]}<\/script>\n<!-- \/ Yoast SEO plugin. -->","_links":{"self":[{"href":"https:\/\/yelon.hu\/szuloknek\/wp-json\/wp\/v2\/posts\/3072"}],"collection":[{"href":"https:\/\/yelon.hu\/szuloknek\/wp-json\/wp\/v2\/posts"}],"about":[{"href":"https:\/\/yelon.hu\/szuloknek\/wp-json\/wp\/v2\/types\/post"}],"author":[{"embeddable":true,"href":"https:\/\/yelon.hu\/szuloknek\/wp-json\/wp\/v2\/users\/9"}],"replies":[{"embeddable":true,"href":"https:\/\/yelon.hu\/szuloknek\/wp-json\/wp\/v2\/comments?post=3072"}],"version-history":[{"count":4,"href":"https:\/\/yelon.hu\/szuloknek\/wp-json\/wp\/v2\/posts\/3072\/revisions"}],"predecessor-version":[{"id":3869,"href":"https:\/\/yelon.hu\/szuloknek\/wp-json\/wp\/v2\/posts\/3072\/revisions\/3869"}],"wp:featuredmedia":[{"embeddable":true,"href":"https:\/\/yelon.hu\/szuloknek\/wp-json\/wp\/v2\/media\/3300"}],"wp:attachment":[{"href":"https:\/\/yelon.hu\/szuloknek\/wp-json\/wp\/v2\/media?parent=3072"}],"wp:term":[{"taxonomy":"category","embeddable":true,"href":"https:\/\/yelon.hu\/szuloknek\/wp-json\/wp\/v2\/categories?post=3072"},{"taxonomy":"post_tag","embeddable":true,"href":"https:\/\/yelon.hu\/szuloknek\/wp-json\/wp\/v2\/tags?post=3072"}],"curies":[{"name":"wp","href":"https:\/\/api.w.org\/{rel}","templated":true}]}}