{"id":3074,"date":"2017-10-12T10:21:00","date_gmt":"2017-10-12T08:21:00","guid":{"rendered":"https:\/\/yelon.hu\/szuloknek\/?p=3074"},"modified":"2020-09-17T15:41:56","modified_gmt":"2020-09-17T13:41:56","slug":"keszsegek-amiket-a-jatek-tanithat-meg","status":"publish","type":"post","link":"https:\/\/yelon.hu\/szuloknek\/keszsegek-amiket-a-jatek-tanithat-meg\/","title":{"rendered":"A gyerek j\u00e1t\u00e9k k\u00f6zben t\u00f6bbet tanulhat, mint egy \u00fajabb k\u00fcl\u00f6n\u00f3r\u00e1n"},"content":{"rendered":"\n<p>Alig kezd\u0151dik el szeptemberben az iskola, \u00e9s az embernek olyan \u00e9rz\u00e9se van, mintha nem is lett volna ny\u00e1ri sz\u00fcnet. <a href=\"https:\/\/yelon.hu\/szuloknek\/nem-vagyok-eleg-jo\/\" target=\"_blank\" rel=\"noreferrer noopener\" aria-label=\"A gyerek h\u00e1t\u00e1t reggel megg\u00f6rnyeszti a t\u00e1ska, d\u00e9lut\u00e1n pedig \u00fagy \u00e9rkezik haza, hogy m\u00e9g dolga van. (\u00faj f\u00fcl\u00f6n nyitja meg)\">A gyerek h\u00e1t\u00e1t reggel megg\u00f6rnyeszti a t\u00e1ska, d\u00e9lut\u00e1n pedig \u00fagy \u00e9rkezik haza, hogy m\u00e9g dolga van.<\/a> Rohan edz\u00e9sre, zenesuliba, ki tudja, m\u00e9g hova. Nem egyform\u00e1n vannak \u201ekis\u00e1mf\u00e1zva\u201d a gyerekek, de \u00e1ltal\u00e1ban az\u00e9rt elmondhat\u00f3, hogy egyre kevesebbet j\u00e1tszanak. \u00c9s ez nem j\u00f3.<\/p>\n\n\n\n<!--more-->\n\n\n\n<h2>De mi is a baj ezzel?<\/h2>\n\n\n\n<p>Nagyon fontos <a href=\"https:\/\/yelon.hu\/szuloknek\/rendezveny-gyerekekkel-iranyelvek\/\" target=\"_blank\" rel=\"noreferrer noopener\" aria-label=\"gyermekjog (\u00faj f\u00fcl\u00f6n nyitja meg)\">gyermekjog<\/a> az iskol\u00e1ba j\u00e1r\u00e1s, ami a vil\u00e1gon minden gyereket egyform\u00e1n megillet (ezt sose felejts\u00fck el, ha napk\u00f6zben gyerekeket l\u00e1tunk p\u00e1lyaudvarokon, k\u00f6ztereken, utak mellett b\u00f3kl\u00e1szni). De \u00fagy t\u0171nik, az oktat\u00e1s olt\u00e1r\u00e1n fel\u00e1ldoztunk egy m\u00e1sik gyerekjogot: a szabadid\u0151h\u00f6z \u00e9s a j\u00e1t\u00e9khoz val\u00f3 jogot.<\/p>\n\n\n\n<h2>A gyereknek joga \u2013 \u00e9s ig\u00e9nye \u2013 a j\u00e1t\u00e9k<\/h2>\n\n\n\n<p>Kevesen tudj\u00e1k: jogszab\u00e1ly \u00edrja el\u0151 a gyerekeknek, hogy j\u00e1tszhassanak.<\/p>\n\n\n\n<p>Az ENSZ Gyermekjogi egyezm\u00e9nye (31. cikk) ugyanis \u00edgy sz\u00f3l: \u201eAz \u00e1llam elismeri a gyermeknek a pihen\u00e9shez \u00e9s a szabadid\u0151 elt\u00f6lt\u00e9s\u00e9hez, a kor\u00e1nak megfelel\u0151 j\u00e1t\u00e9khoz \u00e9s sz\u00f3rakoztat\u00f3 tev\u00e9kenys\u00e9gekhez val\u00f3 jog\u00e1t.\u201d<\/p>\n\n\n\n<h4>De mikor lesz ideje erre?<\/h4>\n\n\n\n<p>A j\u00e1t\u00e9khoz \u00e9s szabadid\u0151h\u00f6z val\u00f3 jog \u00e1llami elismer\u00e9se nagyon fontos, b\u00e1r igaz\u00e1b\u00f3l k\u00e9rd\u00e9s, hogy ha az (\u00e1llami) iskola k\u00f6telez\u0151en tart d\u00e9lut\u00e1n is, \u00e9s minden perc be van osztva, akkor mikor j\u00e1tszhat vagy pihenhet egy gyerek, \u00e9s hogyan? Mit tesz az \u00e1llam annak \u00e9rdek\u00e9ben, hogy a gyerekeknek ez a joga t\u00e9nylegesen is megval\u00f3sulhasson?<\/p>\n\n\n\n<h4>Nehez\u00edtett p\u00e1lya, tele akad\u00e1lyokkal<\/h4>\n\n\n\n<p>Persze nemcsak az iskola \u00e9s a tanrend az akad\u00e1lya annak, hogy a gyerekek j\u00e1tszhassanak, hanem sokszor maga a sz\u00fcl\u0151, aki nem tud ellen\u00e1llni a cs\u00e1b\u00edt\u00e1snak, hogy a gyerek\u00e9t be\u00edrassa a lehet\u0151 legt\u00f6bb foglalkoz\u00e1sra a zen\u00e9t\u0151l a korrepet\u00e1l\u00e1son, nyelv\u00f3r\u00e1n \u00e1t a sportedz\u00e9sekig. Ami \u00e9rthet\u0151 is sok szempontb\u00f3l, hiszen hi\u00e1ba van (fizikailag) olyan sokat a gyerek a suliban, az\u00e9rt rendesen nyelvet tanulni, sportolni, rajzolni stb. \u00e1ltal\u00e1ban csak \u00fagy lehet igaz\u00e1n, ha azt a sz\u00fcl\u0151 k\u00fcl\u00f6n megszervezi.<\/p>\n\n\n\n<h4>Mi a gyerek \u00e9s mi a sz\u00fcl\u0151 ig\u00e9nye?<\/h4>\n\n\n\n<p>A j\u00e1t\u00e9khoz val\u00f3 jog teh\u00e1t nagyon h\u00e1tt\u00e9rbe szorul, ha m\u00e1s (v\u00e9lt vagy val\u00f3s) gyermeki \u00e9rdekr\u0151l van sz\u00f3. \u00d6sszess\u00e9g\u00e9ben azt mondhatjuk, hogy mire bek\u00f6sz\u00f6nt\u00f6tt a 21. sz\u00e1zad, fel\u00e1ldoztuk azt, amire az egyik legnagyobb sz\u00fcks\u00e9g\u00fck lenne a gyerekeknek: a j\u00e1t\u00e9kot, a semmittev\u00e9st, a pihen\u00e9st, a szabadid\u0151 k\u00f6tetlen elt\u00f6lt\u00e9s\u00e9t.<\/p>\n\n\n\n<p>Ez pedig nemcsak egyszer\u0171en annyit jelent, hogy egy \u00fajabb gyerekjog s\u00e9r\u00fcl, hanem azt is, hogy a gyerekek eg\u00e9szs\u00e9ges fejl\u0151d\u00e9se vesz\u00e9lybe ker\u00fcl.<\/p>\n\n\n\n<h2>\u00c9s mi\u00e9rt van sz\u00fcks\u00e9ge a j\u00e1t\u00e9kra egy gyereknek?<\/h2>\n\n\n\n<p>Egyes kutat\u00e1sok szerint a <em>szabad j\u00e1t\u00e9k<\/em> \u2013 amikor a gyerek mindenf\u00e9le megk\u00f6t\u00e9s n\u00e9lk\u00fcl j\u00e1tszik \u2013 minden m\u00e1s tev\u00e9kenys\u00e9gn\u00e9l t\u00f6bbet tesz az agy fejl\u0151d\u00e9s\u00e9\u00e9rt. Ilyenkor ugyanis a gyerek pr\u00f3b\u00e1lkozik, hib\u00e1zik, \u00f6sszpontos\u00edt, c\u00e9lokat hat\u00e1roz meg, szembes\u00fcl k\u00f6vetkezm\u00e9nyekkel \u2013 \u00e9s mindek\u00f6zben elk\u00e9peszt\u0151en fejl\u0151dik az agya.<\/p>\n\n\n\n<h4>A j\u00e1t\u00e9k tanul\u00e1s<\/h4>\n\n\n\n<p>Az eg\u00e9szen kicsi gyerekekn\u00e9l egy\u00e9rtelm\u0171, hogy a j\u00e1t\u00e9kon kereszt\u00fcl tanulj\u00e1k az \u00e9letet \u00e9s a vil\u00e1got. Azt azonban sokszor elfelejtj\u00fck, hogy a nagyobb gyerekeknek is ugyanolyan alapvet\u0151 sz\u00fcks\u00e9glet\u00fck lehet a j\u00e1t\u00e9k vagy ak\u00e1r egyszer\u0171en csak az, hogy ne legyen \u00e9ppen semmi feladatuk.<\/p>\n\n\n\n<h4>\u00c9let-hal\u00e1l k\u00e9rd\u00e9se?<\/h4>\n\n\n\n<p>Amikor kutat\u00f3k patk\u00e1nyokkal k\u00eds\u00e9rleteztek, az a csoport, amelyiknek nem engedt\u00e9k, hogy j\u00e1tsszon, t\u00e1rsas helyzetekben annyira stresszelt, hogy sokkal t\u00f6bb volt k\u00f6r\u00fckben a hal\u00e1l. A j\u00e1t\u00e9k \u00e1ltal\u00e1ban az emberekn\u00e9l nem \u00e9let-hal\u00e1l k\u00e9rd\u00e9se, viszont olyan, a sikeres \u00e9lethez sz\u00fcks\u00e9ges, alapvet\u0151 k\u00e9szs\u00e9geket enged elsaj\u00e1t\u00edtani, mint a kommunik\u00e1ci\u00f3, az egy\u00fcttm\u0171k\u00f6d\u00e9s vagy a kreat\u00edv gondolkod\u00e1s.<\/p>\n\n\n\n<h2>Ok\u00e9, de mit \u00e9s hogyan?<\/h2>\n\n\n\n<p>A teljesen szabad j\u00e1t\u00e9k nagyon k\u00fcl\u00f6nb\u00f6zik a szervezett vagy ir\u00e1ny\u00edtott j\u00e1t\u00e9kokt\u00f3l. Ezek persze szint\u00e9n hasznosak, \u00e9s sok pozit\u00edv \u201efunkci\u00f3juk\u201d van, azonban nem seg\u00edtik a gyereket abban, hogy a szab\u00e1lyok k\u00f6t\u00f6tts\u00e9ge n\u00e9lk\u00fcl kreat\u00edvan gondolkodhasson. Ir\u00e1ny\u00edtott vagy eszk\u00f6zhaszn\u00e1latos j\u00e1t\u00e9kban sokszor egy-egy karakter elj\u00e1tsz\u00e1s\u00e1ra van csak lehet\u0151s\u00e9g (aszerint, hogy mi van a kez\u00e9ben: Lego, Barbi vagy <a href=\"https:\/\/yelon.hu\/szuloknek\/a-testkepzavar-fiukat-is-erinthet\/\" target=\"_blank\" rel=\"noreferrer noopener\" aria-label=\"P\u00f3kember (\u00faj f\u00fcl\u00f6n nyitja meg)\">P\u00f3kember<\/a>). B\u00e1r ez f\u0151leg a fi\u00fakra jellemz\u0151, a l\u00e1nyok \u00e1ltal\u00e1ban ebben (is) picit szabadabbak: ink\u00e1bb karaktereket szem\u00e9lyes\u00edtenek meg a j\u00e1t\u00e9kukban (kir\u00e1lyl\u00e1ny, l\u00f3), \u00e9s nem egy-egy konkr\u00e9t alakot (Csipker\u00f3zsika, Overdose).<\/p>\n\n\n\n<h4>Kreativit\u00e1sra \u00e9s egy\u00fcttm\u0171k\u00f6d\u00e9sre nevel<\/h4>\n\n\n\n<p>A j\u00e1t\u00e9k teh\u00e1t (igaz\u00e1b\u00f3l ak\u00e1rh\u00e1ny \u00e9vesek is vagyunk) n\u00f6veli a kreativit\u00e1sunkat \u00e9s egy\u00fcttm\u0171k\u00f6d\u00e9sre tan\u00edt. Ezek olyan alapvet\u0151 k\u00e9szs\u00e9gek, melyek \u00e1ltal\u00e1ban a sikeres embereket is jellemzik. A gyerekeket nemcsak a szab\u00e1lyok k\u00f6vet\u00e9s\u00e9re kell megtan\u00edtani, hanem arra is, hogy hogyan alkothatnak maguk szab\u00e1lyokat, hogyan alkalmazhatj\u00e1k azokat rugalmasan, \u00e9s hogyan tehetik a saj\u00e1t \u00e9let\u00fcket hat\u00e9konyabb\u00e1, sikeresebb\u00e9.<\/p>\n\n\n\n<h4>K\u00e9szs\u00e9gek \u00e9s kompetenci\u00e1k<\/h4>\n\n\n\n<p>Mindezek az\u00e9rt is nagyon fontos k\u00e9szs\u00e9gek, mert egyes becsl\u00e9sek szerint a ma l\u00e9tez\u0151 foglalkoz\u00e1soknak a 70 sz\u00e1zal\u00e9ka a j\u00f6v\u0151 gener\u00e1ci\u00f3i sz\u00e1m\u00e1ra m\u00e1r ismeretlenek lesznek. (Ki eml\u00e9kszik m\u00e1r ezekre a mesters\u00e9gekre, szakm\u00e1kra: szemfelszed\u0151, sz\u00f3d\u00e1s, szenes ember\u2026?)<\/p>\n\n\n\n<p>A ma gener\u00e1ci\u00f3it nem egy-egy feladatr\u00f3l alkotott t\u00e9nyleges tud\u00e1s fogja sikerre vezetni, hanem az, hogy ha olyan k\u00e9szs\u00e9geket, k\u00e9pess\u00e9geket fejleszt\u00fcnk benn\u00fck, melyekkel kreat\u00edv megold\u00e1st tal\u00e1lhatnak a j\u00f6v\u0151 m\u00e9g (sz\u00e1munkra elk\u00e9pzelhetetlen) kih\u00edv\u00e1saira.<\/p>\n\n\n\n<h2>\u201eJ\u00e1tszani is engedd\u2026\u201d<\/h2>\n\n\n\n<p>A gyerekeinket j\u00e1tszani is engedni kell, ha igaz\u00e1n j\u00f3l akarjuk \u0151ket nevelni. Egyens\u00falyt teremtve a szabadt\u00e9ri \u00e9s szabad j\u00e1t\u00e9kok, a netes, technikai, k\u00fcty\u00fcs sz\u00f3rakoz\u00e1sok meg a teljesen parttalan, k\u00f6tetlen m\u00f3k\u00e1z\u00e1sok k\u00f6z\u00f6tt. Seg\u00edts\u00fck a gyerekeinket abban, hogy j\u00f3l tudjanak j\u00e1tszani. Hiszen ma m\u00e1r azt is gyakran l\u00e1tjuk, hogy a <a href=\"https:\/\/yelon.hu\/szuloknek\/okostelefonok-okos-gyerekek\/\" target=\"_blank\" rel=\"noreferrer noopener\" aria-label=\"digit\u00e1lis eszk\u00f6z\u00f6kkel (\u00faj f\u00fcl\u00f6n nyitja meg)\">digit\u00e1lis eszk\u00f6z\u00f6kkel<\/a> teli&nbsp; k\u00f6rnyezetben feln\u0151tt gyerekek t\u00fals\u00e1gosan struktur\u00e1ltak. Szinte meg kell \u0151ket tan\u00edtani arra, hogy milyen is a \u2012 sz\u00e1mukra kaotikus \u2012 val\u00f3s\u00e1g, \u00e9s \u0151k hogyan j\u00e1tsszanak benne. A sz\u00e1m\u00edt\u00f3g\u00e9pes j\u00e1t\u00e9kokhoz szokott gyerekeknek id\u0151nk\u00e9nt seg\u00edts\u00e9g kell ahhoz, hogy \u00e9rts\u00e9k \u00e9s megtanulj\u00e1k, mennyire lehetnek kem\u00e9nyek a m\u00e1sikkal szemben, p\u00e9ld\u00e1ul egy j\u00e1tsz\u00f3t\u00e9ren. Vagy milyen fizikai \u00e9rintkez\u00e9sek megengedettek, minek mi lehet a k\u00f6vetkezm\u00e9nye a val\u00f3s\u00e1gban.<\/p>\n\n\n\n<p>Ma m\u00e1r j\u00e1tszani sem k\u00f6nny\u0171. De fontos \u2013 nemcsak az\u00e9rt, mert joguk van hozz\u00e1 a gyerekeknek, hanem az\u00e9rt is, mert sz\u00fcks\u00e9g\u00fck van r\u00e1.<\/p>\n\n\n\n<p><em>Gyurk\u00f3 Szilvi&nbsp;<\/em><\/p>\n\n\n\n<p><em>K\u00e9sz\u00fclt a<\/em> <a href=\"https:\/\/wmn.hu\/ugy\/27910-10-praktikus-tanacs-hogyan-beszelj-mar-ovodas-koratol-a-gyerekekkel-a-drogokrol\"><em>WMN<\/em><\/a> <em>cikke alapj\u00e1n.<\/em><br><\/p>\n\n\n\n<p><em>Kiemelt k\u00e9p <a href=\"https:\/\/unsplash.com\/\">innen<\/a><\/em><\/p>\n","protected":false},"excerpt":{"rendered":"<p>A k\u00fcl\u00f6n\u00f3r\u00e1k alatt fontos tud\u00e1st szerezhetnek meg a gyerekeink &#8211; de lehet, k\u00f6zben nem marad idej\u00fck a szint\u00e9n alapvet\u0151, els\u0151sorban j\u00e1t\u00e9k k\u00f6zben elsaj\u00e1t\u00edthat\u00f3 k\u00e9szs\u00e9gekre.<\/p>\n","protected":false},"author":9,"featured_media":3330,"comment_status":"closed","ping_status":"closed","sticky":false,"template":"","format":"standard","meta":[],"categories":[11],"tags":[734,745,746,743,739,122,127,744,733,563,328,735,740,177,658,738,377,736,737,59,732,742,741],"yoast_head":"<!-- This site is optimized with the Yoast SEO plugin v15.1 - https:\/\/yoast.com\/wordpress\/plugins\/seo\/ -->\n<title>A gyerek j\u00e1t\u00e9k k\u00f6zben t\u00f6bbet tanulhat, mint egy \u00fajabb k\u00fcl\u00f6n\u00f3r\u00e1n - Yelon<\/title>\n<meta name=\"description\" content=\"Szabad j\u00e1t\u00e9k k\u00f6zben a gyerek kreativit\u00e1st \u00e9s egy\u00fcttm\u0171k\u00f6d\u00e9st is tanul, ezek pedig legal\u00e1bb olyan fontos k\u00e9szs\u00e9gek, mint a nyelvek \u00e9s a sportok.\" \/>\n<meta name=\"robots\" content=\"index, follow, max-snippet:-1, max-image-preview:large, max-video-preview:-1\" \/>\n<link rel=\"canonical\" href=\"https:\/\/yelon.hu\/szuloknek\/keszsegek-amiket-a-jatek-tanithat-meg\/\" \/>\n<meta property=\"og:locale\" content=\"hu_HU\" \/>\n<meta property=\"og:type\" content=\"article\" \/>\n<meta property=\"og:title\" content=\"A gyerek j\u00e1t\u00e9k k\u00f6zben t\u00f6bbet tanulhat, mint egy \u00fajabb k\u00fcl\u00f6n\u00f3r\u00e1n - Yelon\" \/>\n<meta property=\"og:description\" content=\"Szabad j\u00e1t\u00e9k k\u00f6zben a gyerek kreativit\u00e1st \u00e9s egy\u00fcttm\u0171k\u00f6d\u00e9st is tanul, ezek pedig legal\u00e1bb olyan fontos k\u00e9szs\u00e9gek, mint a nyelvek \u00e9s a sportok.\" \/>\n<meta property=\"og:url\" content=\"https:\/\/yelon.hu\/szuloknek\/keszsegek-amiket-a-jatek-tanithat-meg\/\" \/>\n<meta property=\"og:site_name\" content=\"Yelon\" \/>\n<meta property=\"article:published_time\" content=\"2017-10-12T08:21:00+00:00\" \/>\n<meta property=\"article:modified_time\" content=\"2020-09-17T13:41:56+00:00\" \/>\n<meta property=\"og:image\" content=\"https:\/\/yelon.hu\/szuloknek\/wp-content\/uploads\/2019\/12\/park-troopers-gyerekjatek-majmok-kapcsolat-scaled.jpg\" \/>\n\t<meta property=\"og:image:width\" content=\"2560\" \/>\n\t<meta property=\"og:image:height\" content=\"1757\" \/>\n<meta name=\"twitter:card\" content=\"summary_large_image\" \/>\n<script type=\"application\/ld+json\" class=\"yoast-schema-graph\">{\"@context\":\"https:\/\/schema.org\",\"@graph\":[{\"@type\":\"WebSite\",\"@id\":\"https:\/\/yelon.hu\/szuloknek\/#website\",\"url\":\"https:\/\/yelon.hu\/szuloknek\/\",\"name\":\"Yelon\",\"description\":\"Kamaszoknak \\u00e9s sz\\u00fcl\\u0151knek sz\\u00f3l\\u00f3 online magazin\",\"potentialAction\":[{\"@type\":\"SearchAction\",\"target\":\"https:\/\/yelon.hu\/szuloknek\/?s={search_term_string}\",\"query-input\":\"required name=search_term_string\"}],\"inLanguage\":\"hu\"},{\"@type\":\"ImageObject\",\"@id\":\"https:\/\/yelon.hu\/szuloknek\/keszsegek-amiket-a-jatek-tanithat-meg\/#primaryimage\",\"inLanguage\":\"hu\",\"url\":\"https:\/\/yelon.hu\/szuloknek\/wp-content\/uploads\/2019\/12\/park-troopers-gyerekjatek-majmok-kapcsolat-scaled.jpg\",\"width\":2560,\"height\":1757,\"caption\":\"K\\u00e9szs\\u00e9gek, amikre a j\\u00e1t\\u00e9k tan\\u00edtja meg a gyereket\"},{\"@type\":\"WebPage\",\"@id\":\"https:\/\/yelon.hu\/szuloknek\/keszsegek-amiket-a-jatek-tanithat-meg\/#webpage\",\"url\":\"https:\/\/yelon.hu\/szuloknek\/keszsegek-amiket-a-jatek-tanithat-meg\/\",\"name\":\"A gyerek j\\u00e1t\\u00e9k k\\u00f6zben t\\u00f6bbet tanulhat, mint egy \\u00fajabb k\\u00fcl\\u00f6n\\u00f3r\\u00e1n - Yelon\",\"isPartOf\":{\"@id\":\"https:\/\/yelon.hu\/szuloknek\/#website\"},\"primaryImageOfPage\":{\"@id\":\"https:\/\/yelon.hu\/szuloknek\/keszsegek-amiket-a-jatek-tanithat-meg\/#primaryimage\"},\"datePublished\":\"2017-10-12T08:21:00+00:00\",\"dateModified\":\"2020-09-17T13:41:56+00:00\",\"author\":{\"@id\":\"https:\/\/yelon.hu\/szuloknek\/#\/schema\/person\/c9fa38f81f80ff5bbd245a64fddaee93\"},\"description\":\"Szabad j\\u00e1t\\u00e9k k\\u00f6zben a gyerek kreativit\\u00e1st \\u00e9s egy\\u00fcttm\\u0171k\\u00f6d\\u00e9st is tanul, ezek pedig legal\\u00e1bb olyan fontos k\\u00e9szs\\u00e9gek, mint a nyelvek \\u00e9s a sportok.\",\"inLanguage\":\"hu\",\"potentialAction\":[{\"@type\":\"ReadAction\",\"target\":[\"https:\/\/yelon.hu\/szuloknek\/keszsegek-amiket-a-jatek-tanithat-meg\/\"]}]},{\"@type\":\"Person\",\"@id\":\"https:\/\/yelon.hu\/szuloknek\/#\/schema\/person\/c9fa38f81f80ff5bbd245a64fddaee93\",\"name\":\"B. Zsofi\",\"image\":{\"@type\":\"ImageObject\",\"@id\":\"https:\/\/yelon.hu\/szuloknek\/#personlogo\",\"inLanguage\":\"hu\",\"url\":\"https:\/\/secure.gravatar.com\/avatar\/0936caaf13a2f9714ad4b7bd07dd9bca?s=96&d=mm&r=g\",\"caption\":\"B. Zsofi\"}}]}<\/script>\n<!-- \/ Yoast SEO plugin. -->","_links":{"self":[{"href":"https:\/\/yelon.hu\/szuloknek\/wp-json\/wp\/v2\/posts\/3074"}],"collection":[{"href":"https:\/\/yelon.hu\/szuloknek\/wp-json\/wp\/v2\/posts"}],"about":[{"href":"https:\/\/yelon.hu\/szuloknek\/wp-json\/wp\/v2\/types\/post"}],"author":[{"embeddable":true,"href":"https:\/\/yelon.hu\/szuloknek\/wp-json\/wp\/v2\/users\/9"}],"replies":[{"embeddable":true,"href":"https:\/\/yelon.hu\/szuloknek\/wp-json\/wp\/v2\/comments?post=3074"}],"version-history":[{"count":4,"href":"https:\/\/yelon.hu\/szuloknek\/wp-json\/wp\/v2\/posts\/3074\/revisions"}],"predecessor-version":[{"id":5090,"href":"https:\/\/yelon.hu\/szuloknek\/wp-json\/wp\/v2\/posts\/3074\/revisions\/5090"}],"wp:featuredmedia":[{"embeddable":true,"href":"https:\/\/yelon.hu\/szuloknek\/wp-json\/wp\/v2\/media\/3330"}],"wp:attachment":[{"href":"https:\/\/yelon.hu\/szuloknek\/wp-json\/wp\/v2\/media?parent=3074"}],"wp:term":[{"taxonomy":"category","embeddable":true,"href":"https:\/\/yelon.hu\/szuloknek\/wp-json\/wp\/v2\/categories?post=3074"},{"taxonomy":"post_tag","embeddable":true,"href":"https:\/\/yelon.hu\/szuloknek\/wp-json\/wp\/v2\/tags?post=3074"}],"curies":[{"name":"wp","href":"https:\/\/api.w.org\/{rel}","templated":true}]}}