{"id":3084,"date":"2016-10-31T10:41:00","date_gmt":"2016-10-31T09:41:00","guid":{"rendered":"https:\/\/yelon.hu\/szuloknek\/?p=3084"},"modified":"2020-04-08T17:09:11","modified_gmt":"2020-04-08T15:09:11","slug":"nem-tudok-hogyan-beszelni-a-szexualitasrol-a-gyerekemmel","status":"publish","type":"post","link":"https:\/\/yelon.hu\/szuloknek\/nem-tudok-hogyan-beszelni-a-szexualitasrol-a-gyerekemmel\/","title":{"rendered":"Nem tudok hogyan besz\u00e9lni a szexualit\u00e1sr\u00f3l a gyerekemmel&#8230;"},"content":{"rendered":"\n<p>A sz\u00fcl\u0151k t\u00f6bbs\u00e9ge tudja, hogy vannak olyan ismeretek, amelyeket <a href=\"https:\/\/yelon.hu\/szuloknek\/szexualis-neveles-kisokos\/\" target=\"_blank\" rel=\"noreferrer noopener\" aria-label=\"fontos lenne \u00e1tadni a gyerek\u00e9nek (\u00faj f\u00fcl\u00f6n nyitja meg)\">fontos lenne \u00e1tadni a gyerek\u00e9nek<\/a>. A gond csak az, hogy hogyan. Sok sz\u00fcl\u0151nek esz\u00e9be jut, hogy milyen j\u00f3 lett volna, ha neki valaki rendesen elmondja, hogy mire sz\u00e1m\u00edthat a szexualit\u00e1s ter\u00e9n, vagy ha valakihez fordulhatott volna konkr\u00e9t k\u00e9rd\u00e9seivel. Akad olyan sz\u00fcl\u0151, aki b\u00e1r \u00e9rzi ezt a hi\u00e1nyt, \u00e9s szeretn\u00e9, ha a gyereke m\u00e1sk\u00e9pp n\u0151ne fel, m\u00e9gsem tudja, hogy hogyan seg\u00edthetne ebben.&nbsp;<\/p>\n\n\n\n<!--more-->\n\n\n\n<h2>Neked mi term\u00e9szetes?<\/h2>\n\n\n\n<p>Akinek m\u00e9g kicsi a gyereke, annak nem k\u00e9s\u0151 kis l\u00e9p\u00e9sekkel ezt elkezdenie. Nem j\u00f3, ha a sz\u00fcl\u0151 olyasmit akar \u00e1tadni a gyerek\u00e9nek \u2012 ak\u00e1r tud\u00e1st, ak\u00e1r viselked\u00e9sm\u00f3dot \u2012, amiben \u0151 maga nem hisz, vagy nem k\u00e9pes saj\u00e1t term\u00e9szetes gyakorlat\u00e1v\u00e1 tenni. Van, aki azt tan\u00e1csolja a sz\u00fcl\u0151knek, hogy <a href=\"https:\/\/yelon.hu\/szuloknek\/meztelenkedes-a-csaladban\/\" target=\"_blank\" rel=\"noreferrer noopener\" aria-label=\"ha meztelen\u00fcl mutatkoznak a gyerek el\u0151tt (\u00faj f\u00fcl\u00f6n nyitja meg)\">ha meztelen\u00fcl mutatkoznak a gyerek el\u0151tt<\/a>, ez akkor a gyerek sz\u00e1m\u00e1ra is term\u00e9szetes lesz, \u00e9s nem alakulnak ki a testtel kapcsolatban g\u00e1tl\u00e1sai. De ha a sz\u00fcl\u0151nek ez nem term\u00e9szetes \u00e9s mag\u00e1t\u00f3l \u00e9rtet\u0151d\u0151, hanem felvett viselked\u00e9s, amiben nem \u00e9rzi mag\u00e1t k\u00e9nyelmesen, akkor a gyereknek sem lesz ez a helyzet k\u00e9nyelmes. <\/p>\n\n\n\n<h4>Hogyan tudsz hiteles lenni?<\/h4>\n\n\n\n<p>Vagyis csak olyat \u00e9rdemes a gyereknek \u00e1tadni viselked\u00e9si formak\u00e9nt, amit mi magunk hitelesen meg tudunk val\u00f3s\u00edtani. Kevesebb kavarod\u00e1st okoz a <a href=\"https:\/\/yelon.hu\/szuloknek\/szuloi-minta-a-gyerek-szexualitasaban\/\" target=\"_blank\" rel=\"noreferrer noopener\" aria-label=\"gyerek szexualit\u00e1shoz val\u00f3 viszony\u00e1ban (\u00faj f\u00fcl\u00f6n nyitja meg)\">gyerek szexualit\u00e1shoz val\u00f3 viszony\u00e1ban<\/a> az, ha azt l\u00e1tja, hogy a sz\u00fclei g\u00e1tl\u00e1sosak, mint ha azt, hogy g\u00e1tl\u00e1sosak, de ezt megpr\u00f3b\u00e1lj\u00e1k eltitkolni.&nbsp;<\/p>\n\n\n\n<h4>Vannak szavaid a zavarba ejt\u0151 dolgokra, jelens\u00e9gekre?<\/h4>\n\n\n\n<p><a href=\"https:\/\/yelon.hu\/szuloknek\/a-gyerek-kerdez-mi-tanulunk\/\" target=\"_blank\" rel=\"noreferrer noopener\" aria-label=\"A gyerek k\u00e9rd\u00e9seit (\u00faj f\u00fcl\u00f6n nyitja meg)\">A gyerek k\u00e9rd\u00e9seit<\/a> hallva j\u00f3, ha a sz\u00fcl\u0151, <a href=\"https:\/\/yelon.hu\/szuloknek\/hogyan-beszeljunk-a-szexrol-gyerekekkel\/\" target=\"_blank\" rel=\"noreferrer noopener\" aria-label=\"m\u00e9g ha zavarba is j\u00f6n azokt\u00f3l (\u00faj f\u00fcl\u00f6n nyitja meg)\">m\u00e9g ha zavarba is j\u00f6n azokt\u00f3l<\/a>, \u00e1tgondolja, hogy mennyire tartja fontosnak, hogy arra a k\u00e9rd\u00e9sre a gyerek v\u00e1laszt kapjon. Ha l\u00e9nyegesnek gondolja, akkor szerezzen be a k\u00e9rd\u00e9sre vonatkoz\u00f3 gyerekirodalmat (hogy sz\u00fcletik a gyerek, hogy m\u0171k\u00f6dik a testem, fi\u00fak \u00e9s l\u00e1nyok stb.), ezek seg\u00edtenek, ha a sz\u00fcl\u0151 nem tudja megfogalmazni a v\u00e1laszokat, mert nincsenek neki mag\u00e1nak sem szavai. <\/p>\n\n\n\n<h2>Legyen neve<\/h2>\n\n\n\n<p>Fontos, hogy <a href=\"https:\/\/yelon.hu\/szuloknek\/adjunk-szavakat-a-gyereknek-hogy-tudjon-beszelni-a-testerol\/\" target=\"_blank\" rel=\"noreferrer noopener\" aria-label=\"a nemi szerveknek is legyen neve (\u00faj f\u00fcl\u00f6n nyitja meg)\">a nemi szerveknek is legyen neve<\/a>. Ha a sz\u00fcl\u0151 \u00fagy n\u0151tt fel, hogy soha nem nevezte nev\u00e9n a saj\u00e1t nemi szerv\u00e9t sem, akkor err\u0151l is \u00e9rdemes tanulni, \u00e9s \u00e1tgondolni, hogy szeretn\u00e9-e, hogy a gyereke is \u00fagy eml\u00edtse a nemi szerv\u00e9t, hogy \u201eott lent\u201d. A gyerek akkor tanulja meg elfogadni \u00e9s tisztelni a test\u00e9t, <a href=\"https:\/\/yelon.hu\/szuloknek\/bugyiszabaly-tanitsuk-meg-hogy-a-nem-az-nem\/\" target=\"_blank\" rel=\"noreferrer noopener\" aria-label=\"vigy\u00e1zni r\u00e1 (\u00faj f\u00fcl\u00f6n nyitja meg)\">vigy\u00e1zni r\u00e1<\/a>, ha mindent nev\u00e9n tud nevezni, ha ugyan\u00fagy besz\u00e9lhet arr\u00f3l, hogy viszket a feneke, mint arr\u00f3l, hogy viszket a l\u00e1bsz\u00e1ra.&nbsp;<\/p>\n\n\n\n<h4>A test \u00e9s funkci\u00f3i<\/h4>\n\n\n\n<p>Ha a sz\u00fcl\u0151nek siker\u00fcl a gyereket kicsi kor\u00e1ban hozz\u00e1szoktatnia, hogy lehet a testr\u0151l \u00e9s annak minden r\u00e9sz\u00e9r\u0151l \u00e9s funkci\u00f3j\u00e1r\u00f3l besz\u00e9lni, akkor ez k\u00e9s\u0151bb egyre k\u00f6nnyebb, mert a gyerek term\u00e9szetesnek veszi, hogy k\u00e9rdez \u00e9s v\u00e1laszt kap.<\/p>\n\n\n\n<h2>Az inform\u00e1ci\u00f3 fontoss\u00e1ga<\/h2>\n\n\n\n<p>Ha m\u00e1r nagyobb a gyerek, \u00e9s eddig nem az volt a gyakorlat a csal\u00e1dban, hogy szabad a testr\u0151l \u00e9s a nemis\u00e9gr\u0151l besz\u00e9lni, akkor kamaszkorban annyit mindenk\u00e9pp tehet a sz\u00fcl\u0151, hogy igyekszik a megfelel\u0151 inform\u00e1ci\u00f3s forr\u00e1sokhoz terelni a gyerek\u00e9t. Ehhez elengedhetetlen, hogy el\u0151sz\u00f6r <a href=\"https:\/\/yelon.hu\/szuloknek\/szulokent-tanulni\/\" target=\"_blank\" rel=\"noreferrer noopener\" aria-label=\"\u0151 maga t\u00e1j\u00e9koz\u00f3djon (\u00faj f\u00fcl\u00f6n nyitja meg)\">\u0151 maga t\u00e1j\u00e9koz\u00f3djon<\/a> a gyerek sz\u00e1m\u00e1ra biztons\u00e1gos \u00e9s megb\u00edzhat\u00f3 szakirodalomr\u00f3l. Fel lehet aj\u00e1nlani a nagyobb gyereknek is, hogy k\u00e9rdezzen, de az ilyen aj\u00e1nlatot ritk\u00e1n veszik ig\u00e9nybe olyan gyerekek, akik sz\u00e1m\u00e1ra eddig nem volt gyakorlat a sz\u00fcl\u0151vel val\u00f3 besz\u00e9lget\u00e9s. Ha m\u00e9gis \u00e9lnek az aj\u00e1nlattal, ezt addig teszik bizalommal, am\u00edg t\u00e9nyleg sz\u00edvesen \u00e9s szorong\u00e1s n\u00e9lk\u00fcl tud a sz\u00fcl\u0151 v\u00e1laszolni. A gyerekek udvariasak, \u00e9s nem szeretik, ha a sz\u00fcleiket feszengeni l\u00e1tj\u00e1k.&nbsp;<\/p>\n\n\n\n<p><em>A Yelon szerkeszt\u0151s\u00e9ge<\/em><\/p>\n\n\n\n<p><em>Kiemelt k\u00e9p <a href=\"https:\/\/unsplash.com\/\">innen<\/a><\/em><\/p>\n","protected":false},"excerpt":{"rendered":"<p>M\u00e9g ha tudod is, mit szeretn\u00e9l \u00e1tadni sz\u00fcl\u0151k\u00e9nt, nem biztos, hogy tudod, hogyan &#8211; \u00e9s a zavar sem seg\u00edt, amit ilyenkor \u00e9rzel. Nem vagy vele egyed\u00fcl.<\/p>\n","protected":false},"author":9,"featured_media":3322,"comment_status":"closed","ping_status":"closed","sticky":false,"template":"","format":"standard","meta":[],"categories":[12],"tags":[489,121,229,550,493,496,491,495,494,487,490,128,499,549,551],"yoast_head":"<!-- This site is optimized with the Yoast SEO plugin v15.1 - https:\/\/yoast.com\/wordpress\/plugins\/seo\/ -->\n<title>Nem tudok hogyan besz\u00e9lni a szexualit\u00e1sr\u00f3l a gyerekemmel... - Yelon<\/title>\n<meta name=\"description\" content=\"Zavarba j\u00f6ssz, mikor sz\u00fcl\u0151k\u00e9nt a szexr\u0151l k\u00e9rdez(ne) a gyereked? Ez \u00e9rthet\u0151 \u00e9s term\u00e9szetes, \u00e9s nem te vagy az egyetlen - \u00edgy seg\u00edthetsz a helyzeten.\" \/>\n<meta name=\"robots\" content=\"index, follow, max-snippet:-1, max-image-preview:large, max-video-preview:-1\" \/>\n<link rel=\"canonical\" href=\"https:\/\/yelon.hu\/szuloknek\/nem-tudok-hogyan-beszelni-a-szexualitasrol-a-gyerekemmel\/\" \/>\n<meta property=\"og:locale\" content=\"hu_HU\" \/>\n<meta property=\"og:type\" content=\"article\" \/>\n<meta property=\"og:title\" content=\"Nem tudok hogyan besz\u00e9lni a szexualit\u00e1sr\u00f3l a gyerekemmel... - Yelon\" \/>\n<meta property=\"og:description\" content=\"Zavarba j\u00f6ssz, mikor sz\u00fcl\u0151k\u00e9nt a szexr\u0151l k\u00e9rdez(ne) a gyereked? Ez \u00e9rthet\u0151 \u00e9s term\u00e9szetes, \u00e9s nem te vagy az egyetlen - \u00edgy seg\u00edthetsz a helyzeten.\" \/>\n<meta property=\"og:url\" content=\"https:\/\/yelon.hu\/szuloknek\/nem-tudok-hogyan-beszelni-a-szexualitasrol-a-gyerekemmel\/\" \/>\n<meta property=\"og:site_name\" content=\"Yelon\" \/>\n<meta property=\"article:published_time\" content=\"2016-10-31T09:41:00+00:00\" \/>\n<meta property=\"article:modified_time\" content=\"2020-04-08T15:09:11+00:00\" \/>\n<meta property=\"og:image\" content=\"https:\/\/yelon.hu\/szuloknek\/wp-content\/uploads\/2019\/12\/jeremy-bishop-egyedul-viz-alatt-scaled.jpg\" \/>\n\t<meta property=\"og:image:width\" content=\"2560\" \/>\n\t<meta property=\"og:image:height\" content=\"1707\" \/>\n<meta name=\"twitter:card\" content=\"summary_large_image\" \/>\n<script type=\"application\/ld+json\" class=\"yoast-schema-graph\">{\"@context\":\"https:\/\/schema.org\",\"@graph\":[{\"@type\":\"WebSite\",\"@id\":\"https:\/\/yelon.hu\/szuloknek\/#website\",\"url\":\"https:\/\/yelon.hu\/szuloknek\/\",\"name\":\"Yelon\",\"description\":\"Kamaszoknak \\u00e9s sz\\u00fcl\\u0151knek sz\\u00f3l\\u00f3 online magazin\",\"potentialAction\":[{\"@type\":\"SearchAction\",\"target\":\"https:\/\/yelon.hu\/szuloknek\/?s={search_term_string}\",\"query-input\":\"required name=search_term_string\"}],\"inLanguage\":\"hu\"},{\"@type\":\"ImageObject\",\"@id\":\"https:\/\/yelon.hu\/szuloknek\/nem-tudok-hogyan-beszelni-a-szexualitasrol-a-gyerekemmel\/#primaryimage\",\"inLanguage\":\"hu\",\"url\":\"https:\/\/yelon.hu\/szuloknek\/wp-content\/uploads\/2019\/12\/jeremy-bishop-egyedul-viz-alatt-scaled.jpg\",\"width\":2560,\"height\":1707,\"caption\":\"Zavarban lenni, szexr\\u0151l besz\\u00e9lni\"},{\"@type\":\"WebPage\",\"@id\":\"https:\/\/yelon.hu\/szuloknek\/nem-tudok-hogyan-beszelni-a-szexualitasrol-a-gyerekemmel\/#webpage\",\"url\":\"https:\/\/yelon.hu\/szuloknek\/nem-tudok-hogyan-beszelni-a-szexualitasrol-a-gyerekemmel\/\",\"name\":\"Nem tudok hogyan besz\\u00e9lni a szexualit\\u00e1sr\\u00f3l a gyerekemmel... - Yelon\",\"isPartOf\":{\"@id\":\"https:\/\/yelon.hu\/szuloknek\/#website\"},\"primaryImageOfPage\":{\"@id\":\"https:\/\/yelon.hu\/szuloknek\/nem-tudok-hogyan-beszelni-a-szexualitasrol-a-gyerekemmel\/#primaryimage\"},\"datePublished\":\"2016-10-31T09:41:00+00:00\",\"dateModified\":\"2020-04-08T15:09:11+00:00\",\"author\":{\"@id\":\"https:\/\/yelon.hu\/szuloknek\/#\/schema\/person\/c9fa38f81f80ff5bbd245a64fddaee93\"},\"description\":\"Zavarba j\\u00f6ssz, mikor sz\\u00fcl\\u0151k\\u00e9nt a szexr\\u0151l k\\u00e9rdez(ne) a gyereked? Ez \\u00e9rthet\\u0151 \\u00e9s term\\u00e9szetes, \\u00e9s nem te vagy az egyetlen - \\u00edgy seg\\u00edthetsz a helyzeten.\",\"inLanguage\":\"hu\",\"potentialAction\":[{\"@type\":\"ReadAction\",\"target\":[\"https:\/\/yelon.hu\/szuloknek\/nem-tudok-hogyan-beszelni-a-szexualitasrol-a-gyerekemmel\/\"]}]},{\"@type\":\"Person\",\"@id\":\"https:\/\/yelon.hu\/szuloknek\/#\/schema\/person\/c9fa38f81f80ff5bbd245a64fddaee93\",\"name\":\"B. Zsofi\",\"image\":{\"@type\":\"ImageObject\",\"@id\":\"https:\/\/yelon.hu\/szuloknek\/#personlogo\",\"inLanguage\":\"hu\",\"url\":\"https:\/\/secure.gravatar.com\/avatar\/0936caaf13a2f9714ad4b7bd07dd9bca?s=96&d=mm&r=g\",\"caption\":\"B. Zsofi\"}}]}<\/script>\n<!-- \/ Yoast SEO plugin. -->","_links":{"self":[{"href":"https:\/\/yelon.hu\/szuloknek\/wp-json\/wp\/v2\/posts\/3084"}],"collection":[{"href":"https:\/\/yelon.hu\/szuloknek\/wp-json\/wp\/v2\/posts"}],"about":[{"href":"https:\/\/yelon.hu\/szuloknek\/wp-json\/wp\/v2\/types\/post"}],"author":[{"embeddable":true,"href":"https:\/\/yelon.hu\/szuloknek\/wp-json\/wp\/v2\/users\/9"}],"replies":[{"embeddable":true,"href":"https:\/\/yelon.hu\/szuloknek\/wp-json\/wp\/v2\/comments?post=3084"}],"version-history":[{"count":5,"href":"https:\/\/yelon.hu\/szuloknek\/wp-json\/wp\/v2\/posts\/3084\/revisions"}],"predecessor-version":[{"id":4495,"href":"https:\/\/yelon.hu\/szuloknek\/wp-json\/wp\/v2\/posts\/3084\/revisions\/4495"}],"wp:featuredmedia":[{"embeddable":true,"href":"https:\/\/yelon.hu\/szuloknek\/wp-json\/wp\/v2\/media\/3322"}],"wp:attachment":[{"href":"https:\/\/yelon.hu\/szuloknek\/wp-json\/wp\/v2\/media?parent=3084"}],"wp:term":[{"taxonomy":"category","embeddable":true,"href":"https:\/\/yelon.hu\/szuloknek\/wp-json\/wp\/v2\/categories?post=3084"},{"taxonomy":"post_tag","embeddable":true,"href":"https:\/\/yelon.hu\/szuloknek\/wp-json\/wp\/v2\/tags?post=3084"}],"curies":[{"name":"wp","href":"https:\/\/api.w.org\/{rel}","templated":true}]}}