{"id":3086,"date":"2016-10-27T10:45:00","date_gmt":"2016-10-27T08:45:00","guid":{"rendered":"https:\/\/yelon.hu\/szuloknek\/?p=3086"},"modified":"2020-05-15T11:08:24","modified_gmt":"2020-05-15T09:08:24","slug":"ne-kelts-buntudatot-a-maszturbalo-gyerekben","status":"publish","type":"post","link":"https:\/\/yelon.hu\/szuloknek\/ne-kelts-buntudatot-a-maszturbalo-gyerekben\/","title":{"rendered":"Amit ne mondj a gyerekednek, ha maszturb\u00e1l\u00e1s k\u00f6zben nyitsz r\u00e1"},"content":{"rendered":"\n<p>A legt\u00f6bb gyerek m\u00e1r eg\u00e9szen <a href=\"https:\/\/yelon.hu\/szuloknek\/a-gyerekkori-szexualitas-szakaszai\/\" target=\"_blank\" rel=\"noreferrer noopener\" aria-label=\"kiskor\u00e1t\u00f3l j\u00e1tszik a nemi szerv\u00e9vel (\u00faj f\u00fcl\u00f6n nyitja meg)\">kiskor\u00e1t\u00f3l j\u00e1tszik a nemi szerv\u00e9vel<\/a>, \u00e9s ezzel id\u0151nk\u00e9nt k\u00ednos perceket szerez a sz\u00fcleinek. Fontos, hogy a sz\u00fcl\u0151 ne a helyzet kellemetlens\u00e9g\u00e9re reag\u00e1ljon (mit sz\u00f3l a nagymama, a j\u00e1tsz\u00f3h\u00e1z k\u00f6z\u00f6ns\u00e9ge, a t\u00f6bbi sz\u00fcl\u0151), hanem arra figyeljen, hogy a gyerek sz\u00e1m\u00e1ra <a href=\"https:\/\/yelon.hu\/szuloknek\/adjunk-szavakat-a-gyereknek-hogy-tudjon-beszelni-a-testerol\/\" target=\"_blank\" rel=\"noreferrer noopener\" aria-label=\"a nemi szerve pont olyan testr\u00e9sz, mint a t\u00f6bbi (\u00faj f\u00fcl\u00f6n nyitja meg)\">a nemi szerve pont olyan testr\u00e9sz, mint a t\u00f6bbi<\/a>, \u00e9s j\u00f3, ha ez \u00edgy is marad.<\/p>\n\n\n\n<!--more-->\n\n\n\n<p>Annak \u00e9rdek\u00e9ben, hogy elker\u00fclj\u00fck a k\u00ednos helyzeteket \u00e9s a gyerek esetleges megsz\u00e9gyen\u00edt\u00e9s\u00e9t, arra meg kell tan\u00edtani a gyerekeket, hogy a nemi szervekkel kapcsolatos b\u00e1rmilyen j\u00e1t\u00e9k mag\u00e1n\u00fcgy, \u00e9s jobb, ha nem a nyilv\u00e1noss\u00e1g el\u0151tt zajlik.&nbsp;<\/p>\n\n\n\n<h2>Mi\u00e9rt mag\u00e1n\u00fcgy, \u00e9s hogyan tudunk err\u0151l besz\u00e9lni?<\/h2>\n\n\n\n<p>Azt azonban fontos tudni, hogy a maszturb\u00e1ci\u00f3 diszkr\u00e9t form\u00e1ja nem \u00e1rtalmas, s\u0151t fontos \u00e1llom\u00e1sa lehet a saj\u00e1t test\u00fcnkkel \u00e9s annak reakci\u00f3ival val\u00f3 ismerked\u00e9snek. Abban az esetben \u00e9rdemes csak szak\u00e9rt\u0151h\u00f6z fordulni, amennyiben nem szorul keretek k\u00f6z\u00e9 (\u00e1tbesz\u00e9l\u00e9s ut\u00e1n is gyakran t\u00f6rt\u00e9nik nyilv\u00e1nosan, vagy eg\u00e9sz napos tev\u00e9kenys\u00e9gg\u00e9 v\u00e1lik), mert ez esetben utalhat szorong\u00e1sra vagy fizikai probl\u00e9m\u00e1ra (pl. fert\u0151z\u00e9sb\u0151l ad\u00f3d\u00f3 viszket\u00e9sre).<\/p>\n\n\n\n<h2>Hogyan ne besz\u00e9lj\u00fcnk r\u00f3la<\/h2>\n\n\n\n<p>Az al\u00e1bbiakban bemutatunk n\u00e9h\u00e1ny olyan mondatot, amelyek garant\u00e1ltan rossz hat\u00e1ssal lesznek a gyerek <a href=\"https:\/\/yelon.hu\/szuloknek\/gyerekkori-szexualitas\/\" target=\"_blank\" rel=\"noreferrer noopener\" aria-label=\"szexu\u00e1lis fejl\u0151d\u00e9s\u00e9re (\u00faj f\u00fcl\u00f6n nyitja meg)\">szexu\u00e1lis fejl\u0151d\u00e9s\u00e9re<\/a>, \u00e9s olyan g\u00e1tl\u00e1sokat alak\u00edthatnak ki, amelyekkel feln\u0151ttkorban is neh\u00e9z lesz megk\u00fczdeni.<\/p>\n\n\n\n<ol><li>Vedd el onnan a kezed! Oda nem szabad ny\u00falni soha!!!<\/li><li>Na, ezt meg ne l\u00e1ssam m\u00e9g egyszer! Ett\u0151l sz\u0151r\u00f6s lesz a tenyered\/lesz\u00e1rad a f\u00fctyid!<\/li><li>Ezt a sz\u00e9gyent! J\u00f6v\u0151 h\u00e9ten <a href=\"https:\/\/yelon.hu\/szuloknek\/gyerek-jogai-az-orvosnal\/\" target=\"_blank\" rel=\"noreferrer noopener\" aria-label=\"elviszlek orvoshoz (\u00faj f\u00fcl\u00f6n nyitja meg)\">elviszlek orvoshoz<\/a>, az majd kezd veled valamit.<\/li><li>Ny\u00fajtsd ki a kezed, <a href=\"https:\/\/yelon.hu\/szuloknek\/a-gyerekveres-nem-segit\/\" target=\"_blank\" rel=\"noreferrer noopener\" aria-label=\"hadd csapjak r\u00e1 (\u00faj f\u00fcl\u00f6n nyitja meg)\">hadd csapjak r\u00e1<\/a>! \u00cdgy tal\u00e1n megtanulod, hogy ilyet nem csin\u00e1lunk!<\/li><li>Hagyod abba, nagyon gyorsan! Mi lesz \u00edgy bel\u0151led, kurva???<\/li><li>Ilyet eg\u00e9szs\u00e9ges, norm\u00e1lis ember nem csin\u00e1l! Meg ne pr\u00f3b\u00e1ld, soha t\u00f6bb\u00e9!<\/li><li>Tudtam, hogy jobban szemmel kell tartsalak! Hogy lehetsz ennyire undor\u00edt\u00f3?!<\/li><li>Micsoda buta viselked\u00e9s ez? Azt hittem, te okos gyerek vagy\u2026<\/li><li>Ezt nem hiszem el! Nem el\u00e9g, hogy az ap\u00e1d, most m\u00e9g te is!<\/li><li>Hogy te milyen mocskos vagy! Ezek ut\u00e1n r\u00e1d sem b\u00edrok n\u00e9zni!!!<\/li><\/ol>\n\n\n\n<h2>A g\u00e1tl\u00e1sok egy \u00e9leten \u00e1t elk\u00eds\u00e9rhetnek<\/h2>\n\n\n\n<p><a rel=\"noreferrer noopener\" aria-label=\"Ezek m\u00e9rgez\u0151 mondatok. (\u00faj f\u00fcl\u00f6n nyitja meg)\" href=\"https:\/\/yelon.hu\/szuloknek\/lelki-bantalmazas-fajdalmas-szavak\/\" target=\"_blank\">Ezek m\u00e9rgez\u0151 mondatok.<\/a> El\u00e9g csak elolvasni \u0151ket, \u00e9s m\u00e1ris \u00e9rezz\u00fck, hogy szorul \u00f6ssze a gyomrunk, indul be a szorong\u00e1s a sz\u00edv\u00fcnkben, lelk\u00fcnkben. B\u0171ntudatot \u00e9s sz\u00e9gyent keltenek a gyerekben.&nbsp;Ha abban az id\u0151szakban ker\u00fcl a gyerek kiszolg\u00e1ltatott vagy megal\u00e1z\u00f3 helyzetbe, amikor az <a href=\"https:\/\/yelon.hu\/szuloknek\/mit-kell-tudnod-ha-a-gyereked-mar-szexel\/\" target=\"_blank\" rel=\"noreferrer noopener\" aria-label=\"eg\u00e9szs\u00e9ges szexu\u00e1lis \u00e9rdekl\u0151d\u00e9s\u00e9t (\u00faj f\u00fcl\u00f6n nyitja meg)\">eg\u00e9szs\u00e9ges szexu\u00e1lis \u00e9rdekl\u0151d\u00e9s\u00e9t<\/a>, a <a href=\"https:\/\/yelon.hu\/szuloknek\/gyerekkori-szexualitas\/\" target=\"_blank\" rel=\"noreferrer noopener\" aria-label=\"saj\u00e1t teste megismer\u00e9se (\u00faj f\u00fcl\u00f6n nyitja meg)\">saj\u00e1t teste megismer\u00e9se<\/a> ir\u00e1nti v\u00e1gy\u00e1t pr\u00f3b\u00e1lja meg\u00e9lni, ez alapvet\u0151en kihathat a k\u00e9s\u0151bbi szexu\u00e1lis \u00e9let\u00e9re. Ez\u00e9rt ker\u00fclj\u00fck az ilyen \u00e9s a fentiekhez hasonl\u00f3 mondatokat.<\/p>\n\n\n\n<p><em>Papp Helga<\/em><\/p>\n\n\n\n<p><em>Kiemelt k\u00e9p <a href=\"https:\/\/unsplash.com\/\">innen<\/a><\/em><\/p>\n","protected":false},"excerpt":{"rendered":"<p>\u00c9letre sz\u00f3l\u00f3 g\u00e1tl\u00e1sokkal terhelhetj\u00fck azt a gyereket, akiben b\u0171ntudatot kelt\u00fcnk, ami\u00e9rt a test\u00e9vel ismerkedik &#8211; \u00edgy ker\u00fclheted el ennek a vesz\u00e9ly\u00e9t.<\/p>\n","protected":false},"author":9,"featured_media":3310,"comment_status":"closed","ping_status":"closed","sticky":false,"template":"","format":"standard","meta":[],"categories":[12],"tags":[366,679,121,62,395,61,365,487,505,128,678,507,133,683,682,684,344],"yoast_head":"<!-- This site is optimized with the Yoast SEO plugin v15.1 - https:\/\/yoast.com\/wordpress\/plugins\/seo\/ -->\n<title>Amit ne mondj a gyerekednek, ha maszturb\u00e1l\u00e1s k\u00f6zben nyitsz r\u00e1 - Yelon<\/title>\n<meta name=\"description\" content=\"Minden gyerekben megvan a saj\u00e1t teste megismer\u00e9se ir\u00e1nti v\u00e1gy, amit egy rosszul megv\u00e1lasztott mondattal \u00e9letre sz\u00f3l\u00f3 b\u0171ntudattal terhelhet\u00fcnk.\" \/>\n<meta name=\"robots\" content=\"index, follow, max-snippet:-1, max-image-preview:large, max-video-preview:-1\" \/>\n<link rel=\"canonical\" href=\"https:\/\/yelon.hu\/szuloknek\/ne-kelts-buntudatot-a-maszturbalo-gyerekben\/\" \/>\n<meta property=\"og:locale\" content=\"hu_HU\" \/>\n<meta property=\"og:type\" content=\"article\" \/>\n<meta property=\"og:title\" content=\"Amit ne mondj a gyerekednek, ha maszturb\u00e1l\u00e1s k\u00f6zben nyitsz r\u00e1 - Yelon\" \/>\n<meta property=\"og:description\" content=\"Minden gyerekben megvan a saj\u00e1t teste megismer\u00e9se ir\u00e1nti v\u00e1gy, amit egy rosszul megv\u00e1lasztott mondattal \u00e9letre sz\u00f3l\u00f3 b\u0171ntudattal terhelhet\u00fcnk.\" \/>\n<meta property=\"og:url\" content=\"https:\/\/yelon.hu\/szuloknek\/ne-kelts-buntudatot-a-maszturbalo-gyerekben\/\" \/>\n<meta property=\"og:site_name\" content=\"Yelon\" \/>\n<meta property=\"article:published_time\" content=\"2016-10-27T08:45:00+00:00\" \/>\n<meta property=\"article:modified_time\" content=\"2020-05-15T09:08:24+00:00\" \/>\n<meta property=\"og:image\" content=\"https:\/\/yelon.hu\/szuloknek\/wp-content\/uploads\/2019\/12\/jonathan-poncelet-alagut-fekete-feher-csempe-aszfalt-kettosseg-scaled.jpg\" \/>\n\t<meta property=\"og:image:width\" content=\"2560\" \/>\n\t<meta property=\"og:image:height\" content=\"1709\" \/>\n<meta name=\"twitter:card\" content=\"summary_large_image\" \/>\n<script type=\"application\/ld+json\" class=\"yoast-schema-graph\">{\"@context\":\"https:\/\/schema.org\",\"@graph\":[{\"@type\":\"WebSite\",\"@id\":\"https:\/\/yelon.hu\/szuloknek\/#website\",\"url\":\"https:\/\/yelon.hu\/szuloknek\/\",\"name\":\"Yelon\",\"description\":\"Kamaszoknak \\u00e9s sz\\u00fcl\\u0151knek sz\\u00f3l\\u00f3 online magazin\",\"potentialAction\":[{\"@type\":\"SearchAction\",\"target\":\"https:\/\/yelon.hu\/szuloknek\/?s={search_term_string}\",\"query-input\":\"required name=search_term_string\"}],\"inLanguage\":\"hu\"},{\"@type\":\"ImageObject\",\"@id\":\"https:\/\/yelon.hu\/szuloknek\/ne-kelts-buntudatot-a-maszturbalo-gyerekben\/#primaryimage\",\"inLanguage\":\"hu\",\"url\":\"https:\/\/yelon.hu\/szuloknek\/wp-content\/uploads\/2019\/12\/jonathan-poncelet-alagut-fekete-feher-csempe-aszfalt-kettosseg-scaled.jpg\",\"width\":2560,\"height\":1709,\"caption\":\"Maszturb\\u00e1l\\u00e1s, b\\u0171ntudat\"},{\"@type\":\"WebPage\",\"@id\":\"https:\/\/yelon.hu\/szuloknek\/ne-kelts-buntudatot-a-maszturbalo-gyerekben\/#webpage\",\"url\":\"https:\/\/yelon.hu\/szuloknek\/ne-kelts-buntudatot-a-maszturbalo-gyerekben\/\",\"name\":\"Amit ne mondj a gyerekednek, ha maszturb\\u00e1l\\u00e1s k\\u00f6zben nyitsz r\\u00e1 - Yelon\",\"isPartOf\":{\"@id\":\"https:\/\/yelon.hu\/szuloknek\/#website\"},\"primaryImageOfPage\":{\"@id\":\"https:\/\/yelon.hu\/szuloknek\/ne-kelts-buntudatot-a-maszturbalo-gyerekben\/#primaryimage\"},\"datePublished\":\"2016-10-27T08:45:00+00:00\",\"dateModified\":\"2020-05-15T09:08:24+00:00\",\"author\":{\"@id\":\"https:\/\/yelon.hu\/szuloknek\/#\/schema\/person\/c9fa38f81f80ff5bbd245a64fddaee93\"},\"description\":\"Minden gyerekben megvan a saj\\u00e1t teste megismer\\u00e9se ir\\u00e1nti v\\u00e1gy, amit egy rosszul megv\\u00e1lasztott mondattal \\u00e9letre sz\\u00f3l\\u00f3 b\\u0171ntudattal terhelhet\\u00fcnk.\",\"inLanguage\":\"hu\",\"potentialAction\":[{\"@type\":\"ReadAction\",\"target\":[\"https:\/\/yelon.hu\/szuloknek\/ne-kelts-buntudatot-a-maszturbalo-gyerekben\/\"]}]},{\"@type\":\"Person\",\"@id\":\"https:\/\/yelon.hu\/szuloknek\/#\/schema\/person\/c9fa38f81f80ff5bbd245a64fddaee93\",\"name\":\"B. Zsofi\",\"image\":{\"@type\":\"ImageObject\",\"@id\":\"https:\/\/yelon.hu\/szuloknek\/#personlogo\",\"inLanguage\":\"hu\",\"url\":\"https:\/\/secure.gravatar.com\/avatar\/0936caaf13a2f9714ad4b7bd07dd9bca?s=96&d=mm&r=g\",\"caption\":\"B. Zsofi\"}}]}<\/script>\n<!-- \/ Yoast SEO plugin. -->","_links":{"self":[{"href":"https:\/\/yelon.hu\/szuloknek\/wp-json\/wp\/v2\/posts\/3086"}],"collection":[{"href":"https:\/\/yelon.hu\/szuloknek\/wp-json\/wp\/v2\/posts"}],"about":[{"href":"https:\/\/yelon.hu\/szuloknek\/wp-json\/wp\/v2\/types\/post"}],"author":[{"embeddable":true,"href":"https:\/\/yelon.hu\/szuloknek\/wp-json\/wp\/v2\/users\/9"}],"replies":[{"embeddable":true,"href":"https:\/\/yelon.hu\/szuloknek\/wp-json\/wp\/v2\/comments?post=3086"}],"version-history":[{"count":4,"href":"https:\/\/yelon.hu\/szuloknek\/wp-json\/wp\/v2\/posts\/3086\/revisions"}],"predecessor-version":[{"id":4619,"href":"https:\/\/yelon.hu\/szuloknek\/wp-json\/wp\/v2\/posts\/3086\/revisions\/4619"}],"wp:featuredmedia":[{"embeddable":true,"href":"https:\/\/yelon.hu\/szuloknek\/wp-json\/wp\/v2\/media\/3310"}],"wp:attachment":[{"href":"https:\/\/yelon.hu\/szuloknek\/wp-json\/wp\/v2\/media?parent=3086"}],"wp:term":[{"taxonomy":"category","embeddable":true,"href":"https:\/\/yelon.hu\/szuloknek\/wp-json\/wp\/v2\/categories?post=3086"},{"taxonomy":"post_tag","embeddable":true,"href":"https:\/\/yelon.hu\/szuloknek\/wp-json\/wp\/v2\/tags?post=3086"}],"curies":[{"name":"wp","href":"https:\/\/api.w.org\/{rel}","templated":true}]}}