{"id":3098,"date":"2016-10-09T11:19:00","date_gmt":"2016-10-09T09:19:00","guid":{"rendered":"https:\/\/yelon.hu\/szuloknek\/?p=3098"},"modified":"2020-05-22T12:09:20","modified_gmt":"2020-05-22T10:09:20","slug":"a-gyerek-kerdez-mi-tanulunk","status":"publish","type":"post","link":"https:\/\/yelon.hu\/szuloknek\/a-gyerek-kerdez-mi-tanulunk\/","title":{"rendered":"Amikor a gyerek k\u00e9rdez, \u00e9s m\u00e9gis mi tanulunk"},"content":{"rendered":"\n<p>A gyerek\u00fcnk k\u00e9rd\u00e9se lehet\u0151s\u00e9g a k\u00f6z\u00f6s tanul\u00e1sra: <a href=\"https:\/\/yelon.hu\/szuloknek\/szulokent-tanulni\/\" target=\"_blank\" rel=\"noreferrer noopener\" aria-label=\"nincs olyan sz\u00fcl\u0151, aki minden k\u00e9rd\u00e9sre tudn\u00e1 a v\u00e1laszt (\u00faj f\u00fcl\u00f6n nyitja meg)\">nincs olyan sz\u00fcl\u0151, aki minden k\u00e9rd\u00e9sre tudn\u00e1 a v\u00e1laszt<\/a>, csak olyan van, aki vagy ezt hiszi, vagy ezt szeretn\u00e9 elhitetni mag\u00e1r\u00f3l. <\/p>\n\n\n\n<!--more-->\n\n\n\n<p>A gyerekek nagyon j\u00f3l meg\u00e9rzik, ha valaki csak az\u00e9rt v\u00e1laszol, hogy nehogy azt lehessen gondolni, hogy valamit nem tud. A legjobb megmondani, hogy sajnos erre a k\u00e9rd\u00e9sre nem tudok felelni. Ha t\u00e9nyszer\u0171 k\u00e9rd\u00e9sre keres\u00fcnk v\u00e1laszt, akkor aj\u00e1nljuk fel, hogy egy\u00fctt ut\u00e1nan\u00e9z\u00fcnk az <a rel=\"noreferrer noopener\" aria-label=\"interneten (\u00faj f\u00fcl\u00f6n nyitja meg)\" href=\"https:\/\/yelon.hu\/szuloknek\/hogyan-beszeljunk-a-gyerekekkel-az-internetrol\/\" target=\"_blank\">interneten<\/a> vagy a szakk\u00f6nyvekben. A k\u00f6z\u00f6s ismeretszerz\u00e9s egyben megtan\u00edtja&nbsp;a gyereknek, hogy hol \u00e9s hogyan \u00e9rdemes nekikezdeni. <\/p>\n\n\n\n<h2>K\u00f6z\u00f6s ismeretszerz\u00e9s vs. k\u00e9sz v\u00e1laszok<\/h2>\n\n\n\n<p>Ez k\u00fcl\u00f6n\u00f6sen fontos lehet akkor, ha szexualit\u00e1ssal kapcsolatos t\u00e9m\u00e1ban kutakodunk, mert az interneten a szex sz\u00f3 be\u00edr\u00e1sa a keres\u0151be <a href=\"https:\/\/yelon.hu\/szuloknek\/pornot-talalt-a-gyerek\/\" target=\"_blank\" rel=\"noreferrer noopener\" aria-label=\"porn\u00f3\u00e1radatot (\u00faj f\u00fcl\u00f6n nyitja meg)\">porn\u00f3\u00e1radatot<\/a> ind\u00edthat meg. Megmutathatjuk \u00edgy a gyereknek, hogy hogyan kell \u00fagy megfogalmazni egy k\u00e9rd\u00e9st, hogy arra a megfelel\u0151 v\u00e1laszt kapja. J\u00f3 alkalom a k\u00f6z\u00f6s keres\u00e9s arra is, hogy elmondjuk, melyik felj\u00f6v\u0151 v\u00e1lasszal mi lehet a gond, mit\u0151l hi\u00e1nyos vagy egyoldal\u00fa, vagy valamilyen sz\u00e1nd\u00e9k \u00e1ltal vez\u00e9relt. Ezt \u00e9rdemes eg\u00e9szen fiatal kort\u00f3l gyakorolni a gyerekkel, mert \u00edgy \u0151 is <a href=\"https:\/\/yelon.hu\/szuloknek\/8-fontos-digitalis-keszseg-a-gyerekeknek\/\" target=\"_blank\" rel=\"noreferrer noopener\" aria-label=\"kritikusabban, szelekt\u00edvebben tudja majd haszn\u00e1lni az interneten tal\u00e1lhat\u00f3 inform\u00e1ci\u00f3kat (\u00faj f\u00fcl\u00f6n nyitja meg)\">kritikusabban, szelekt\u00edvebben tudja majd haszn\u00e1lni az interneten tal\u00e1lhat\u00f3 inform\u00e1ci\u00f3kat<\/a>.&nbsp;<\/p>\n\n\n\n<h2>A gyerek saj\u00e1t v\u00e1laszai<\/h2>\n\n\n\n<p>Ha szem\u00e9lyes k\u00e9rd\u00e9sr\u0151l van sz\u00f3, akkor besz\u00e9lgetni kell a gyerekkel, \u00e9s elvezetni oda, hogy a saj\u00e1t v\u00e1lasz\u00e1t tal\u00e1lja meg. Ehhez j\u00f3 seg\u00edts\u00e9get adhat Thomas Gordon <em>A sz\u00fcl\u0151i eredm\u00e9nyess\u00e9g tanul\u00e1sa<\/em> c\u00edm\u0171 k\u00f6nyve.<\/p>\n\n\n\n<p><em>P\u00e9ld\u00e1ul ha azt k\u00e9rdezi egy gyerek, hogy ha k\u00e9kre festen\u00e9 a haj\u00e1t, akkor bej\u00f6nne-e&nbsp;\u0151 X-nek, akkor erre nyilv\u00e1n nem tudja a sz\u00fcl\u0151 a v\u00e1laszt. Sz\u00edve szerint azt mondan\u00e1, hogy \u201ete \u00edgy vagy a legszebb, ahogy vagy, biztosan m\u00e1r \u00edgy is tetszel neki\u201d, de ezt persze nem tudhatja, s\u0151t a k\u00e9rd\u00e9sb\u0151l \u00edt\u00e9lve val\u00f3sz\u00edn\u0171, hogy nem ez a helyzet.&nbsp;Lehet, hogy azt gondolja a sz\u00fcl\u0151, hogy \u201ena, m\u00e9g csak az k\u00e9ne, hogy X-nek akarj tetszeni\u201d. Ha ezt ki is mondja, akkor biztos, hogy t\u00f6bbet ilyet nem fog t\u0151le k\u00e9rdezni a gyerek.&nbsp;<\/em><\/p>\n\n\n\n<h4>A j\u00f3 besz\u00e9lget\u00e9s is tanulhat\u00f3<\/h4>\n\n\n\n<p><em>Olyan besz\u00e9lget\u00e9st \u00e9rdemes ilyenkor kezdem\u00e9nyezni, amelyb\u0151l kider\u00fcl, hogy a sz\u00fcl\u0151 komolyan veszi az \u00f6tletet (m\u00e9g ha a gyerek esetleg nem is mondta komolyan), hajland\u00f3 v\u00e9giggondolni a gyerekkel, amit az elk\u00e9pzelt, \u00e9s nem akarja r\u00e1k\u00e9nyszer\u00edteni a saj\u00e1t \u00edzl\u00e9s\u00e9t, v\u00e9lem\u00e9ny\u00e9t.&nbsp;<\/em><\/p>\n\n\n\n<p><em>\u2013 \u00dagy tudod, hogy X-nek a k\u00e9k haj tetszik?<\/em><\/p>\n\n\n\n<p><em>\u2013 Azt nem tudom, csak el\u00e9g extra dolgokat szeret \u00e1ltal\u00e1ban.<\/em><\/p>\n\n\n\n<p><em>\u2013 Mondasz egy p\u00e9ld\u00e1t?<\/em><\/p>\n\n\n\n<p><em>\u2013 \u2026\u2026\u2026<\/em><\/p>\n\n\n\n<p><em>\u2013 Elmondod, hogy mi\u00e9rt pont neki szeretn\u00e9l tetszeni?<\/em><\/p>\n\n\n\n<p><em>\u2013 \u2026\u2026.<\/em><\/p>\n\n\n\n<p><em>\u2013 Neked is tetszeni fog, ha k\u00e9k a hajad?<\/em><\/p>\n\n\n\n<p><em>\u2013 \u2026\u2026..<\/em><\/p>\n\n\n\n<p><em>\u2013 Van egy alkalmaz\u00e1s, van kedved megn\u00e9zni a f\u00e9nyk\u00e9peddel, hogy hogy n\u00e9zn\u00e9l ki k\u00e9k hajjal?<\/em><\/p>\n\n\n\n<p><em>\u2013 \u2026\u2026..<\/em> <em>stb.<\/em><\/p>\n\n\n\n<h2>A v\u00e9geredm\u00e9ny \u00e9s az oda vezet\u0151 \u00fat<\/h2>\n\n\n\n<p>Az ehhez hasonl\u00f3 besz\u00e9lget\u00e9sek seg\u00edthetik a gyereket, hogy saj\u00e1t maga d\u00f6nts\u00f6n. Lehet persze, hogy ahov\u00e1 eljut, az nem fog a sz\u00fcl\u0151nek tetszeni (pl. ha m\u00e9gis \u00fagy d\u00f6nt, hogy \u00e9rdemes tal\u00e1n kipr\u00f3b\u00e1lni a k\u00e9k hajas tr\u00fckk\u00f6t), de legal\u00e1bb tudja a sz\u00fcl\u0151, hogy mi mi\u00e9rt t\u00f6rt\u00e9nik a gyerekkel, \u00e9s egy ilyen el\u0151zm\u00e9nnyel az is val\u00f3sz\u00edn\u0171, hogy a gyerek elmondja neki, ha valami nem \u00fagy siker\u00fcl, mint ahogy szerette volna.&nbsp;<\/p>\n\n\n\n<p><em>A Yelon szerkeszt\u0151s\u00e9ge<\/em><\/p>\n\n\n\n<p><em>Kiemelt k\u00e9p <a href=\"https:\/\/unsplash.com\/\">innen<\/a><\/em><\/p>\n","protected":false},"excerpt":{"rendered":"<p>Mit tehetek, ha olyat k\u00e9rdez a gyerek, amire nem tudom a v\u00e1laszt? Egy\u00fctt n\u00e9zz\u00fcnk ut\u00e1na, vagy nekem k\u00e9ne tudnom?<\/p>\n","protected":false},"author":9,"featured_media":3297,"comment_status":"closed","ping_status":"closed","sticky":false,"template":"","format":"standard","meta":[],"categories":[12,11],"tags":[644,657,172,651,643,646,655,653,654,650,652,648,645,647,658,605,656,649,659],"yoast_head":"<!-- This site is optimized with the Yoast SEO plugin v15.1 - https:\/\/yoast.com\/wordpress\/plugins\/seo\/ -->\n<title>Amikor a gyerek k\u00e9rdez, \u00e9s m\u00e9gis mi tanulunk - Yelon<\/title>\n<meta name=\"description\" content=\"Azt gondolod, a &quot;nem tudom&quot; egy olyan v\u00e1lasz, amit sz\u00fcl\u0151k\u00e9nt nem engedhetsz meg magadnak? Pedig egy csom\u00f3 j\u00f3 lehet\u0151s\u00e9get rejt - mutatjuk!\" \/>\n<meta name=\"robots\" content=\"index, follow, max-snippet:-1, max-image-preview:large, max-video-preview:-1\" \/>\n<link rel=\"canonical\" href=\"https:\/\/yelon.hu\/szuloknek\/a-gyerek-kerdez-mi-tanulunk\/\" \/>\n<meta property=\"og:locale\" content=\"hu_HU\" \/>\n<meta property=\"og:type\" content=\"article\" \/>\n<meta property=\"og:title\" content=\"Amikor a gyerek k\u00e9rdez, \u00e9s m\u00e9gis mi tanulunk - Yelon\" \/>\n<meta property=\"og:description\" content=\"Azt gondolod, a &quot;nem tudom&quot; egy olyan v\u00e1lasz, amit sz\u00fcl\u0151k\u00e9nt nem engedhetsz meg magadnak? Pedig egy csom\u00f3 j\u00f3 lehet\u0151s\u00e9get rejt - mutatjuk!\" \/>\n<meta property=\"og:url\" content=\"https:\/\/yelon.hu\/szuloknek\/a-gyerek-kerdez-mi-tanulunk\/\" \/>\n<meta property=\"og:site_name\" content=\"Yelon\" \/>\n<meta property=\"article:published_time\" content=\"2016-10-09T09:19:00+00:00\" \/>\n<meta property=\"article:modified_time\" content=\"2020-05-22T10:09:20+00:00\" \/>\n<meta property=\"og:image\" content=\"https:\/\/yelon.hu\/szuloknek\/wp-content\/uploads\/2019\/12\/michal-bozek-formajatek-gyerekkez-fa-szinek-scaled.jpg\" \/>\n\t<meta property=\"og:image:width\" content=\"2560\" \/>\n\t<meta property=\"og:image:height\" content=\"1920\" \/>\n<meta name=\"twitter:card\" content=\"summary_large_image\" \/>\n<script type=\"application\/ld+json\" class=\"yoast-schema-graph\">{\"@context\":\"https:\/\/schema.org\",\"@graph\":[{\"@type\":\"WebSite\",\"@id\":\"https:\/\/yelon.hu\/szuloknek\/#website\",\"url\":\"https:\/\/yelon.hu\/szuloknek\/\",\"name\":\"Yelon\",\"description\":\"Kamaszoknak \\u00e9s sz\\u00fcl\\u0151knek sz\\u00f3l\\u00f3 online magazin\",\"potentialAction\":[{\"@type\":\"SearchAction\",\"target\":\"https:\/\/yelon.hu\/szuloknek\/?s={search_term_string}\",\"query-input\":\"required name=search_term_string\"}],\"inLanguage\":\"hu\"},{\"@type\":\"ImageObject\",\"@id\":\"https:\/\/yelon.hu\/szuloknek\/a-gyerek-kerdez-mi-tanulunk\/#primaryimage\",\"inLanguage\":\"hu\",\"url\":\"https:\/\/yelon.hu\/szuloknek\/wp-content\/uploads\/2019\/12\/michal-bozek-formajatek-gyerekkez-fa-szinek-scaled.jpg\",\"width\":2560,\"height\":1920,\"caption\":\"Gyerek, v\\u00e1lasz, k\\u00e9rd\\u00e9s, tanul\\u00e1s\"},{\"@type\":\"WebPage\",\"@id\":\"https:\/\/yelon.hu\/szuloknek\/a-gyerek-kerdez-mi-tanulunk\/#webpage\",\"url\":\"https:\/\/yelon.hu\/szuloknek\/a-gyerek-kerdez-mi-tanulunk\/\",\"name\":\"Amikor a gyerek k\\u00e9rdez, \\u00e9s m\\u00e9gis mi tanulunk - Yelon\",\"isPartOf\":{\"@id\":\"https:\/\/yelon.hu\/szuloknek\/#website\"},\"primaryImageOfPage\":{\"@id\":\"https:\/\/yelon.hu\/szuloknek\/a-gyerek-kerdez-mi-tanulunk\/#primaryimage\"},\"datePublished\":\"2016-10-09T09:19:00+00:00\",\"dateModified\":\"2020-05-22T10:09:20+00:00\",\"author\":{\"@id\":\"https:\/\/yelon.hu\/szuloknek\/#\/schema\/person\/c9fa38f81f80ff5bbd245a64fddaee93\"},\"description\":\"Azt gondolod, a \\\"nem tudom\\\" egy olyan v\\u00e1lasz, amit sz\\u00fcl\\u0151k\\u00e9nt nem engedhetsz meg magadnak? Pedig egy csom\\u00f3 j\\u00f3 lehet\\u0151s\\u00e9get rejt - mutatjuk!\",\"inLanguage\":\"hu\",\"potentialAction\":[{\"@type\":\"ReadAction\",\"target\":[\"https:\/\/yelon.hu\/szuloknek\/a-gyerek-kerdez-mi-tanulunk\/\"]}]},{\"@type\":\"Person\",\"@id\":\"https:\/\/yelon.hu\/szuloknek\/#\/schema\/person\/c9fa38f81f80ff5bbd245a64fddaee93\",\"name\":\"B. Zsofi\",\"image\":{\"@type\":\"ImageObject\",\"@id\":\"https:\/\/yelon.hu\/szuloknek\/#personlogo\",\"inLanguage\":\"hu\",\"url\":\"https:\/\/secure.gravatar.com\/avatar\/0936caaf13a2f9714ad4b7bd07dd9bca?s=96&d=mm&r=g\",\"caption\":\"B. Zsofi\"}}]}<\/script>\n<!-- \/ Yoast SEO plugin. -->","_links":{"self":[{"href":"https:\/\/yelon.hu\/szuloknek\/wp-json\/wp\/v2\/posts\/3098"}],"collection":[{"href":"https:\/\/yelon.hu\/szuloknek\/wp-json\/wp\/v2\/posts"}],"about":[{"href":"https:\/\/yelon.hu\/szuloknek\/wp-json\/wp\/v2\/types\/post"}],"author":[{"embeddable":true,"href":"https:\/\/yelon.hu\/szuloknek\/wp-json\/wp\/v2\/users\/9"}],"replies":[{"embeddable":true,"href":"https:\/\/yelon.hu\/szuloknek\/wp-json\/wp\/v2\/comments?post=3098"}],"version-history":[{"count":8,"href":"https:\/\/yelon.hu\/szuloknek\/wp-json\/wp\/v2\/posts\/3098\/revisions"}],"predecessor-version":[{"id":4493,"href":"https:\/\/yelon.hu\/szuloknek\/wp-json\/wp\/v2\/posts\/3098\/revisions\/4493"}],"wp:featuredmedia":[{"embeddable":true,"href":"https:\/\/yelon.hu\/szuloknek\/wp-json\/wp\/v2\/media\/3297"}],"wp:attachment":[{"href":"https:\/\/yelon.hu\/szuloknek\/wp-json\/wp\/v2\/media?parent=3098"}],"wp:term":[{"taxonomy":"category","embeddable":true,"href":"https:\/\/yelon.hu\/szuloknek\/wp-json\/wp\/v2\/categories?post=3098"},{"taxonomy":"post_tag","embeddable":true,"href":"https:\/\/yelon.hu\/szuloknek\/wp-json\/wp\/v2\/tags?post=3098"}],"curies":[{"name":"wp","href":"https:\/\/api.w.org\/{rel}","templated":true}]}}