{"id":3373,"date":"2018-04-11T15:53:00","date_gmt":"2018-04-11T13:53:00","guid":{"rendered":"https:\/\/yelon.hu\/szuloknek\/?p=3373"},"modified":"2020-05-25T10:28:21","modified_gmt":"2020-05-25T08:28:21","slug":"meddig-tart-a-gyerekkor","status":"publish","type":"post","link":"https:\/\/yelon.hu\/szuloknek\/meddig-tart-a-gyerekkor\/","title":{"rendered":"Meddig tart a gyerekkor? \u2013 Janikovszky \u00c9va verse"},"content":{"rendered":"\n<p>&#8230;mert a <a href=\"https:\/\/yelon.hu\/szuloknek\/gyermeki-kepzelet-vilag\/\" target=\"_blank\" rel=\"noreferrer noopener\" aria-label=\"gyerekkor (\u00faj f\u00fcl\u00f6n nyitja meg)\">gyerekkor<\/a> a legt\u00f6bbsz\u00f6r gyorsabban elillan, mint gondoln\u00e1nk&#8230;<\/p>\n\n\n\n<!--more-->\n\n\n\n<h2>Janikovszky \u00c9va: \u0150k ma gyerekek<\/h2>\n\n\n\n<p>Ha ma kihagyod az esti mes\u00e9t, holnap m\u00e1r lehet,<br>hogy nem is k\u00e9ri a l\u00e1nyod vagy a fiad.<br>Ha ma nem \u00fclsz oda vele a t\u00e1rsasj\u00e1t\u00e9k mell\u00e9,<br>el\u0151fordulhat, hogy a j\u00f6v\u0151 h\u00e9ten m\u00e1r k\u00e9s\u0151 lesz.<\/p>\n\n\n\n<p>\u0150k ma gyerekek, s nem p\u00f3tolhatod<br>az \u00f6nfeledt leg\u00f3z\u00e1st, bab\u00e1z\u00e1st \u00fagy \u00f6t \u00e9v m\u00falva,<br>amikor m\u00e1r kev\u00e9sb\u00e9 szor\u00edtanak<br>meg\u00e9lhet\u00e9si gondok, amikor m\u00e1r<br>nem kell \u00faj sz\u0151nyeg, vagy f\u00fcgg\u00f6ny az ablakra.<\/p>\n\n\n\n<p>Ha most kihagyod az egy\u00fcttl\u00e9t meghitt perceit,<br>\u00e9vek m\u00falt\u00e1n tal\u00e1n m\u00e1r<br>a meghitt besz\u00e9lget\u00e9seket sem ig\u00e9nylik.<br>Ha most nem s\u00e9t\u00e1lsz vel\u00fck k\u00e9zen fogva,<br>akkor p\u00e1r \u00e9v m\u00falva v\u00e9gleg elengedik a kezed,<br>\u00e9s a kapaszkod\u00f3 n\u00e9lk\u00fcl elsodr\u00f3dhatnak.<\/p>\n\n\n\n<p>Visszahozhatatlanok \u00e9s megism\u00e9telhetetlenek<br>a gyermekkor napjai, hetei, h\u00f3napjai.<br>T\u00e9gl\u00e1k ezek, amelyekb\u0151l \u00e9s amelyekre<br>a feln\u0151tt \u00e9let fel\u00e9p\u00fcl.<br>Ha sok t\u00e9gla hi\u00e1nyzik, labilis lesz az \u00e9p\u00edtm\u00e9ny.<\/p>\n\n\n\n<p><em>Kiemelt k\u00e9p <a href=\"https:\/\/unsplash.com\/\" target=\"_blank\" rel=\"noreferrer noopener\" aria-label=\"innen (\u00faj f\u00fcl\u00f6n nyitja meg)\">innen<\/a>.<\/em><\/p>\n","protected":false},"excerpt":{"rendered":"<p>K\u00edv\u00e1ntad m\u00e1r valaha, hogy b\u00e1rcsak sohase n\u0151ne fel? Janikovszky \u00c9va verset is \u00edrt az \u00e9rz\u00e9sr\u0151l.<\/p>\n","protected":false},"author":9,"featured_media":4713,"comment_status":"closed","ping_status":"closed","sticky":false,"template":"","format":"standard","meta":[],"categories":[37,33],"tags":[824,829,821,822,147,174,831,830,823,828,825,826,833,827,832],"yoast_head":"<!-- This site is optimized with the Yoast SEO plugin v15.1 - https:\/\/yoast.com\/wordpress\/plugins\/seo\/ -->\n<title>Meddig tart a gyerekkor? \u2013 Janikovszky \u00c9va verse - Yelon<\/title>\n<meta name=\"description\" content=\"\u0150k ma gyerekek: amit ma kihagysz, holnapra ak\u00e1r k\u00e9s\u0151 is lehet... Janikovszky \u00c9va verse arr\u00f3l, mennyire gyorsan elillan a gyerekkor.\" \/>\n<meta name=\"robots\" content=\"index, follow, max-snippet:-1, max-image-preview:large, max-video-preview:-1\" \/>\n<link rel=\"canonical\" href=\"https:\/\/yelon.hu\/szuloknek\/meddig-tart-a-gyerekkor\/\" \/>\n<meta property=\"og:locale\" content=\"hu_HU\" \/>\n<meta property=\"og:type\" content=\"article\" \/>\n<meta property=\"og:title\" content=\"Meddig tart a gyerekkor? \u2013 Janikovszky \u00c9va verse - Yelon\" \/>\n<meta property=\"og:description\" content=\"\u0150k ma gyerekek: amit ma kihagysz, holnapra ak\u00e1r k\u00e9s\u0151 is lehet... Janikovszky \u00c9va verse arr\u00f3l, mennyire gyorsan elillan a gyerekkor.\" \/>\n<meta property=\"og:url\" content=\"https:\/\/yelon.hu\/szuloknek\/meddig-tart-a-gyerekkor\/\" \/>\n<meta property=\"og:site_name\" content=\"Yelon\" \/>\n<meta property=\"article:published_time\" content=\"2018-04-11T13:53:00+00:00\" \/>\n<meta property=\"article:modified_time\" content=\"2020-05-25T08:28:21+00:00\" \/>\n<meta property=\"og:image\" content=\"https:\/\/yelon.hu\/szuloknek\/wp-content\/uploads\/2018\/04\/carolina-garcia-tavizon-origami-par-scaled.jpg\" \/>\n\t<meta property=\"og:image:width\" content=\"2560\" \/>\n\t<meta property=\"og:image:height\" content=\"1709\" \/>\n<meta name=\"twitter:card\" content=\"summary_large_image\" \/>\n<script type=\"application\/ld+json\" class=\"yoast-schema-graph\">{\"@context\":\"https:\/\/schema.org\",\"@graph\":[{\"@type\":\"WebSite\",\"@id\":\"https:\/\/yelon.hu\/szuloknek\/#website\",\"url\":\"https:\/\/yelon.hu\/szuloknek\/\",\"name\":\"Yelon\",\"description\":\"Kamaszoknak \\u00e9s sz\\u00fcl\\u0151knek sz\\u00f3l\\u00f3 online magazin\",\"potentialAction\":[{\"@type\":\"SearchAction\",\"target\":\"https:\/\/yelon.hu\/szuloknek\/?s={search_term_string}\",\"query-input\":\"required name=search_term_string\"}],\"inLanguage\":\"hu\"},{\"@type\":\"ImageObject\",\"@id\":\"https:\/\/yelon.hu\/szuloknek\/meddig-tart-a-gyerekkor\/#primaryimage\",\"inLanguage\":\"hu\",\"url\":\"https:\/\/yelon.hu\/szuloknek\/wp-content\/uploads\/2018\/04\/carolina-garcia-tavizon-origami-par-scaled.jpg\",\"width\":2560,\"height\":1709,\"caption\":\"elillan\\u00f3 gyerekkor\"},{\"@type\":\"WebPage\",\"@id\":\"https:\/\/yelon.hu\/szuloknek\/meddig-tart-a-gyerekkor\/#webpage\",\"url\":\"https:\/\/yelon.hu\/szuloknek\/meddig-tart-a-gyerekkor\/\",\"name\":\"Meddig tart a gyerekkor? \\u2013 Janikovszky \\u00c9va verse - Yelon\",\"isPartOf\":{\"@id\":\"https:\/\/yelon.hu\/szuloknek\/#website\"},\"primaryImageOfPage\":{\"@id\":\"https:\/\/yelon.hu\/szuloknek\/meddig-tart-a-gyerekkor\/#primaryimage\"},\"datePublished\":\"2018-04-11T13:53:00+00:00\",\"dateModified\":\"2020-05-25T08:28:21+00:00\",\"author\":{\"@id\":\"https:\/\/yelon.hu\/szuloknek\/#\/schema\/person\/c9fa38f81f80ff5bbd245a64fddaee93\"},\"description\":\"\\u0150k ma gyerekek: amit ma kihagysz, holnapra ak\\u00e1r k\\u00e9s\\u0151 is lehet... Janikovszky \\u00c9va verse arr\\u00f3l, mennyire gyorsan elillan a gyerekkor.\",\"inLanguage\":\"hu\",\"potentialAction\":[{\"@type\":\"ReadAction\",\"target\":[\"https:\/\/yelon.hu\/szuloknek\/meddig-tart-a-gyerekkor\/\"]}]},{\"@type\":\"Person\",\"@id\":\"https:\/\/yelon.hu\/szuloknek\/#\/schema\/person\/c9fa38f81f80ff5bbd245a64fddaee93\",\"name\":\"B. Zsofi\",\"image\":{\"@type\":\"ImageObject\",\"@id\":\"https:\/\/yelon.hu\/szuloknek\/#personlogo\",\"inLanguage\":\"hu\",\"url\":\"https:\/\/secure.gravatar.com\/avatar\/0936caaf13a2f9714ad4b7bd07dd9bca?s=96&d=mm&r=g\",\"caption\":\"B. Zsofi\"}}]}<\/script>\n<!-- \/ Yoast SEO plugin. -->","_links":{"self":[{"href":"https:\/\/yelon.hu\/szuloknek\/wp-json\/wp\/v2\/posts\/3373"}],"collection":[{"href":"https:\/\/yelon.hu\/szuloknek\/wp-json\/wp\/v2\/posts"}],"about":[{"href":"https:\/\/yelon.hu\/szuloknek\/wp-json\/wp\/v2\/types\/post"}],"author":[{"embeddable":true,"href":"https:\/\/yelon.hu\/szuloknek\/wp-json\/wp\/v2\/users\/9"}],"replies":[{"embeddable":true,"href":"https:\/\/yelon.hu\/szuloknek\/wp-json\/wp\/v2\/comments?post=3373"}],"version-history":[{"count":4,"href":"https:\/\/yelon.hu\/szuloknek\/wp-json\/wp\/v2\/posts\/3373\/revisions"}],"predecessor-version":[{"id":4714,"href":"https:\/\/yelon.hu\/szuloknek\/wp-json\/wp\/v2\/posts\/3373\/revisions\/4714"}],"wp:featuredmedia":[{"embeddable":true,"href":"https:\/\/yelon.hu\/szuloknek\/wp-json\/wp\/v2\/media\/4713"}],"wp:attachment":[{"href":"https:\/\/yelon.hu\/szuloknek\/wp-json\/wp\/v2\/media?parent=3373"}],"wp:term":[{"taxonomy":"category","embeddable":true,"href":"https:\/\/yelon.hu\/szuloknek\/wp-json\/wp\/v2\/categories?post=3373"},{"taxonomy":"post_tag","embeddable":true,"href":"https:\/\/yelon.hu\/szuloknek\/wp-json\/wp\/v2\/tags?post=3373"}],"curies":[{"name":"wp","href":"https:\/\/api.w.org\/{rel}","templated":true}]}}