{"id":3399,"date":"2017-05-04T14:12:00","date_gmt":"2017-05-04T12:12:00","guid":{"rendered":"https:\/\/yelon.hu\/szuloknek\/?p=3399"},"modified":"2020-07-06T08:41:41","modified_gmt":"2020-07-06T06:41:41","slug":"a-gyerekkori-szexualitas-szakaszai","status":"publish","type":"post","link":"https:\/\/yelon.hu\/szuloknek\/a-gyerekkori-szexualitas-szakaszai\/","title":{"rendered":"A gyerekkori szexualit\u00e1s szakaszai, \u00e9letkori saj\u00e1toss\u00e1gai"},"content":{"rendered":"\n<p>Kisbaba, \u00f3vod\u00e1s, kisiskol\u00e1s: m\u00e1s-m\u00e1s korszak, m\u00e9gis mindh\u00e1rom egyform\u00e1n fontos a gyerekek eg\u00e9szs\u00e9ges szexualit\u00e1s\u00e1nak kialakul\u00e1s\u00e1ban.<\/p>\n\n\n\n<!--more-->\n\n\n\n<p>A szexu\u00e1lis fejl\u0151d\u00e9s nemcsak a testi n\u00f6veked\u00e9ssel, \u00e9r\u00e9ssel \u00f6sszef\u00fcgg\u0151 fizikai v\u00e1ltoz\u00e1sokat jelenti, hanem a <a rel=\"noreferrer noopener\" aria-label=\"szexualit\u00e1ssal kapcsolatos ismeretek \u00e9s viselked\u00e9sform\u00e1k elsaj\u00e1t\u00edt\u00e1s\u00e1t (\u00faj f\u00fcl\u00f6n nyitja meg)\" href=\"https:\/\/yelon.hu\/szuloknek\/szexualis-neveles-jo-minta-nelkul\/\" target=\"_blank\">szexualit\u00e1ssal kapcsolatos ismeretek \u00e9s viselked\u00e9sform\u00e1k elsaj\u00e1t\u00edt\u00e1s\u00e1t<\/a>, alakul\u00e1s\u00e1t is. A gyerekek szexu\u00e1lis tud\u00e1s\u00e1t \u00e9s viselked\u00e9s\u00e9t az al\u00e1bbi t\u00e9nyez\u0151k hat\u00e1rozz\u00e1k meg: az \u00e9letkor; a gyerekek megfigyel\u00e9sei, tapasztalatai (<a rel=\"noreferrer noopener\" aria-label=\"a csal\u00e1d \u00e9s a bar\u00e1tok szexu\u00e1lis viselked\u00e9se (\u00faj f\u00fcl\u00f6n nyitja meg)\" href=\"https:\/\/yelon.hu\/szuloknek\/szuloi-minta-a-gyerek-szexualitasaban\/\" target=\"_blank\">a csal\u00e1d \u00e9s a bar\u00e1tok szexu\u00e1lis viselked\u00e9se<\/a>); valamint a gyerekek tud\u00e1sa (a szexualit\u00e1ssal \u00e9s a <a href=\"https:\/\/yelon.hu\/szuloknek\/egeszseges-szexualitasra-neveles-tabuk-nelkul\/\" target=\"_blank\" rel=\"noreferrer noopener\" aria-label=\"testtel (\u00faj f\u00fcl\u00f6n nyitja meg)\">testtel<\/a> kapcsolatos kultur\u00e1lis \u00e9s vall\u00e1si hiedelmeket is ide \u00e9rtve).<\/p>\n\n\n\n<h2><strong>A kisgyerekek szexualit\u00e1sa (3 \u00e9ves kor alatt)<\/strong><\/h2>\n\n\n\n<p>A kisgyerekek \u00e1ltal\u00e1ban term\u00e9szetesen \u201eszem\u00e9rmetlenek\u201d, nyitottan \u00e9rdekl\u0151dnek a saj\u00e1t, illetve a m\u00e1sik teste \u00e9s annak m\u0171k\u00f6d\u00e9se ir\u00e1nt: megfogj\u00e1k a n\u0151k mell\u00e9t, ahogyan saj\u00e1t anyjuk\u00e9t szop\u00e1s k\u00f6zben, vagy k\u00f6vetik a feln\u0151tteket a f\u00fcrd\u0151szob\u00e1ba. \u00c1ltal\u00e1ban szeretnek meztelenkedni, tapogatj\u00e1k, simogatj\u00e1k a nemi szerveiket. Mivel k\u00edv\u00e1ncsiak, hamar felfedezik, hogy a test egyes r\u00e9szeinek \u00e9rint\u00e9se, ingerl\u00e9se k\u00fcl\u00f6n\u00f6sen kellemes \u00e9rz\u00e9ssel j\u00e1r egy\u00fctt. (Ezek \u00e9s m\u00e1s, a fejl\u0151d\u00e9ssel norm\u00e1lisan egy\u00fctt j\u00e1r\u00f3 viselked\u00e9sek l\u00e1that\u00f3k az 1. t\u00e1bl\u00e1zatban.)<\/p>\n\n\n\n<h2><strong>Az \u00f3vod\u00e1skor\u00fa gyerekek szexualit\u00e1sa (3\u20136 \u00e9ves kor)<\/strong><\/h2>\n\n\n\n<p>Ahogy a gyerekek egyre t\u00f6bb id\u0151t t\u00f6ltenek egym\u00e1s t\u00e1rsas\u00e1g\u00e1ban (3 \u00e9s 6 \u00e9ves kor k\u00f6z\u00f6tt), a fi\u00fak \u00e9s a l\u00e1nyok mindink\u00e1bb felfedezik a test\u00fck k\u00f6z\u00f6tti k\u00fcl\u00f6nbs\u00e9geket, szexu\u00e1lis k\u00edv\u00e1ncsis\u00e1guk m\u00e1r a t\u00e1rsaikra is ir\u00e1nyul. Nemcsak saj\u00e1t test\u00fck ingerl\u00e9s\u00e9t \u00e9lvezik (ebben az \u00e9letkorban nagyon sokan <a href=\"https:\/\/yelon.hu\/szuloknek\/ne-kelts-buntudatot-a-maszturbalo-gyerekben\/\" target=\"_blank\" rel=\"noreferrer noopener\" aria-label=\"maszturb\u00e1lnak (\u00faj f\u00fcl\u00f6n nyitja meg)\">maszturb\u00e1lnak<\/a>), hanem \u00f6r\u00f6mmel j\u00e1tszanak olyan j\u00e1t\u00e9kokat \u2012 p\u00e9ld\u00e1ul doktorosat, pap\u00e1s-mam\u00e1st \u2012, amelyek sor\u00e1n meg\u00e9rinthetik, megpuszilhatj\u00e1k, megsimogathatj\u00e1k egym\u00e1st.<\/p>\n\n\n\n<p>Az \u00f3vod\u00e1sok m\u00e1r egyre ink\u00e1bb ismerik a <a href=\"https:\/\/yelon.hu\/szuloknek\/bugyiszabaly-tanitsuk-meg-hogy-a-nem-az-nem\/\" target=\"_blank\" rel=\"noreferrer noopener\" aria-label=\"szexualit\u00e1ssal kapcsolatos szab\u00e1lyokat (\u00faj f\u00fcl\u00f6n nyitja meg)\">szexualit\u00e1ssal kapcsolatos szab\u00e1lyokat<\/a>, \u00e9s gyakran feszegetik is ezeket a korl\u00e1tokat a viselked\u00e9s\u00fckkel vagy szavakkal, p\u00e9ld\u00e1ul \u201ecs\u00fanya\u201d besz\u00e9ddel, kaki-pisi viccekkel. Emellett term\u00e9szetes k\u00edv\u00e1ncsis\u00e1guk miatt sokat \u00e9s sokszor k\u00e9rdeznek, p\u00e9ld\u00e1ul \u201ehonnan j\u00f6n a gyerek?\u201d, \u201emi\u00e9rt k\u00fcl\u00f6nb\u00f6znek a fi\u00fak \u00e9s a l\u00e1nyok?\u201d (b\u0151vebben l\u00e1sd. a t\u00e1bl\u00e1zatot).<\/p>\n\n\n\n<figure class=\"wp-block-gallery columns-1 is-cropped\"><ul class=\"blocks-gallery-grid\"><li class=\"blocks-gallery-item\"><figure><img loading=\"lazy\" width=\"726\" height=\"349\" src=\"https:\/\/yelon.hu\/szuloknek\/wp-content\/uploads\/2020\/02\/tabl1.jpg\" alt=\"\" data-id=\"3414\" data-full-url=\"https:\/\/yelon.hu\/szuloknek\/wp-content\/uploads\/2020\/02\/tabl1.jpg\" data-link=\"https:\/\/yelon.hu\/szuloknek\/?attachment_id=3414\" class=\"wp-image-3414\" srcset=\"https:\/\/yelon.hu\/szuloknek\/wp-content\/uploads\/2020\/02\/tabl1.jpg 726w, https:\/\/yelon.hu\/szuloknek\/wp-content\/uploads\/2020\/02\/tabl1-300x144.jpg 300w\" sizes=\"(max-width: 726px) 100vw, 726px\" \/><\/figure><\/li><\/ul><\/figure>\n\n\n\n<figure class=\"wp-block-gallery columns-1 is-cropped\"><ul class=\"blocks-gallery-grid\"><li class=\"blocks-gallery-item\"><figure><img loading=\"lazy\" width=\"730\" height=\"267\" src=\"https:\/\/yelon.hu\/szuloknek\/wp-content\/uploads\/2020\/02\/tabl2.jpg\" alt=\"\" data-id=\"3415\" data-full-url=\"https:\/\/yelon.hu\/szuloknek\/wp-content\/uploads\/2020\/02\/tabl2.jpg\" data-link=\"https:\/\/yelon.hu\/szuloknek\/?attachment_id=3415\" class=\"wp-image-3415\" srcset=\"https:\/\/yelon.hu\/szuloknek\/wp-content\/uploads\/2020\/02\/tabl2.jpg 730w, https:\/\/yelon.hu\/szuloknek\/wp-content\/uploads\/2020\/02\/tabl2-300x110.jpg 300w\" sizes=\"(max-width: 730px) 100vw, 730px\" \/><\/figure><\/li><\/ul><\/figure>\n\n\n\n<figure class=\"wp-block-gallery columns-1 is-cropped\"><ul class=\"blocks-gallery-grid\"><li class=\"blocks-gallery-item\"><figure><img loading=\"lazy\" width=\"735\" height=\"354\" src=\"https:\/\/yelon.hu\/szuloknek\/wp-content\/uploads\/2020\/02\/tabl3.jpg\" alt=\"\" data-id=\"3416\" data-full-url=\"https:\/\/yelon.hu\/szuloknek\/wp-content\/uploads\/2020\/02\/tabl3.jpg\" data-link=\"https:\/\/yelon.hu\/szuloknek\/?attachment_id=3416\" class=\"wp-image-3416\" srcset=\"https:\/\/yelon.hu\/szuloknek\/wp-content\/uploads\/2020\/02\/tabl3.jpg 735w, https:\/\/yelon.hu\/szuloknek\/wp-content\/uploads\/2020\/02\/tabl3-300x144.jpg 300w\" sizes=\"(max-width: 735px) 100vw, 735px\" \/><\/figure><\/li><\/ul><\/figure>\n\n\n\n<h2><strong>A kisiskol\u00e1s kor\u00fa gyerekek szexu\u00e1lis fejl\u0151d\u00e9se (7\u201212 \u00e9ves kor)<\/strong><\/h2>\n\n\n\n<p>Iskol\u00e1skorban a gyerekek m\u00e1r t\u00f6bbet \u00e9rz\u00e9kelnek k\u00f6rnyezet\u00fck elv\u00e1r\u00e1saib\u00f3l, igyekeznek meg is felelni azoknak, ez\u00e9rt szem\u00e9rmesebbek, tart\u00f3zkod\u00f3bbak lesznek, els\u0151sorban a feln\u0151ttekkel szemben. Ugyan az \u00f6ningerl\u00e9s (maszturb\u00e1ci\u00f3) \u00e9s a szexu\u00e1lis j\u00e1t\u00e9kok folytat\u00f3dnak, azonban ezeket \u00e1ltal\u00e1ban elrejtik a feln\u0151ttek el\u0151l. A szexu\u00e1lis \u00e9rdekl\u0151d\u00e9s megn\u0151, ez\u00e9rt tudatosan keresik az ilyen&nbsp;tartalm\u00fa k\u00e9peket a t\u00e9v\u00e9ben, <a rel=\"noreferrer noopener\" aria-label=\"interneten (\u00faj f\u00fcl\u00f6n nyitja meg)\" href=\"https:\/\/yelon.hu\/szuloknek\/8-fontos-digitalis-keszseg-a-gyerekeknek\/\" target=\"_blank\">interneten<\/a>, \u00fajs\u00e1gokban. Sz\u00edvesen mes\u00e9lnek \u201ecs\u00fanya\u201d vicceket \u00e9s t\u00f6rt\u00e9neteket, valamint haszn\u00e1lnak obszc\u00e9n szavakat. A serd\u00fcl\u0151korhoz k\u00f6zeledve a gyerekek \u00e9rdekl\u0151d\u00e9se t\u00e1rsaik ir\u00e1nt nemcsak szexu\u00e1lis \u00e9rtelemben, de \u00e9rzelmileg is fokoz\u00f3dik.<\/p>\n\n\n\n<p>B\u00e1r van olyan sz\u00fcl\u0151, aki megijed a gyereke szexu\u00e1lis \u00e9rdekl\u0151d\u00e9s\u00e9t \u00e9s viselked\u00e9s\u00e9t l\u00e1tva (p\u00e9ld\u00e1ul ha \u00e9szreveszi, hogy maszturb\u00e1l, vagy vizsg\u00e1lgatja saj\u00e1t vagy m\u00e1s gyerek test\u00e9t), ezek a viselked\u00e9sform\u00e1k a gyermeki fejl\u0151d\u00e9s term\u00e9szetes velej\u00e1r\u00f3i, nem egyebek, mint a norm\u00e1lis k\u00edv\u00e1ncsis\u00e1g kifejez\u0151d\u00e9se.<\/p>\n\n\n\n<p>A \u201etipikus\u201d szexu\u00e1lis j\u00e1t\u00e9k egym\u00e1st ismer\u0151, hasonl\u00f3 kor\u00fa \u00e9s nagys\u00e1g\u00fa gyerekek k\u00f6z\u00f6tt t\u00f6rt\u00e9nik, spont\u00e1n, el\u0151re nem tervezett m\u00f3don. A r\u00e9szt vev\u0151 gyerekek beleegyeznek a j\u00e1t\u00e9kba, egyik\u00fck sem t\u0171nik ijedtnek, zavartnak. Ha ilyenkor valaki vagy valami megzavarja \u0151ket, k\u00f6nnyen m\u00e1s ir\u00e1nyba terelhet\u0151 az \u00e9rdekl\u0151d\u00e9s\u00fck. A j\u00e1t\u00e9k t\u00f6bbnyire egy-egy alkalomhoz k\u00f6thet\u0151, nem mindennapos.<\/p>\n\n\n\n<p>A gyermekkori szexu\u00e1lis viselked\u00e9s n\u00e9ha t\u00f6bb, mint \u00e1rtalmatlan \u00e9rdekl\u0151d\u00e9s. Ha ez a magatart\u00e1s vesz\u00e9lyezteti a saj\u00e1t vagy m\u00e1s gyerekek biztons\u00e1g\u00e1t, j\u00f3ll\u00e9t\u00e9t, az egy komoly jelz\u00e9s arra, hogy a gyereket valamilyen form\u00e1j\u00fa vagy tartalm\u00fa <a href=\"https:\/\/yelon.hu\/szuloknek\/metoo-utan-gyerekkent-aldozatta-valni\/\" target=\"_blank\" rel=\"noreferrer noopener\" aria-label=\" (\u00faj f\u00fcl\u00f6n nyitja meg)\">szexu\u00e1lis b\u00e1ntalmaz\u00e1s<\/a> \u00e9rhette.<\/p>\n\n\n\n<p>Szexualiz\u00e1lt viselked\u00e9snek tekinthet\u0151 b\u00e1rmely viselked\u00e9s, amely:<\/p>\n\n\n\n<ul><li>nem a gyerek \u00e9letkor\u00e1nak megfelel\u0151 (p\u00e9ld\u00e1ul ha egy h\u00e1rom\u00e9ves egy feln\u0151tt nemi szerv\u00e9t szeretn\u00e9 megfogni, megpuszilni, arra k\u00e9ri a feln\u0151ttet, hogy az \u0151 nemi szerv\u00e9t simogassa, nagyobb fi\u00fakat fogdos) <\/li><li>olyan intenzit\u00e1s\u00fa maszturb\u00e1l\u00e1s, ami m\u00e1r a h\u00e9tk\u00f6znapi tev\u00e9kenys\u00e9gekt\u0151l is elvonja a figyelm\u00e9t \u2012 pl. j\u00e1t\u00e9k vagy mes\u00e9l\u00e9s, besz\u00e9lget\u00e9s k\u00f6zben is \u2012, vagy a fizikai intenzit\u00e1s olyan nagy, hogy pl. kisebesedik a nemi szerve <\/li><li>ha a rajzain megjelennek a szexu\u00e1lis elemek: pl. egy\u00e9rtelm\u0171en szexu\u00e1lis jelenetet \u00e1br\u00e1zol, <a href=\"https:\/\/yelon.hu\/szuloknek\/hogyan-beszeljunk-a-gyerekunkkel-az-erekciorol\/\" target=\"_blank\" rel=\"noreferrer noopener\" aria-label=\"merev p\u00e9nisszel (\u00faj f\u00fcl\u00f6n nyitja meg)\">merev p\u00e9nisszel<\/a> rajzol alakokat, nyilv\u00e1nval\u00f3 utal\u00e1s van <a href=\"https:\/\/yelon.hu\/szuloknek\/pornot-talalt-a-gyerek\/\" target=\"_blank\" rel=\"noreferrer noopener\" aria-label=\"feln\u0151tt szexu\u00e1lis tartalmakra  (\u00faj f\u00fcl\u00f6n nyitja meg)\">feln\u0151tt szexu\u00e1lis tartalmakra <\/a><\/li><\/ul>\n\n\n\n<p>A k\u00f6vetkez\u0151 viselked\u00e9sform\u00e1k <a href=\"https:\/\/yelon.hu\/szuloknek\/valoban-faj-a-gyereknek-a-veres\/\" target=\"_blank\" rel=\"noreferrer noopener\" aria-label=\"fizikai (\u00faj f\u00fcl\u00f6n nyitja meg)\">fizikai<\/a> vagy <a href=\"https:\/\/yelon.hu\/szuloknek\/mi-szamit-szexualis-visszaelesnek-a-gyerekkel-szemben\/\" target=\"_blank\" rel=\"noreferrer noopener\" aria-label=\"\u00e9rzelmi ab\u00fazust (\u00faj f\u00fcl\u00f6n nyitja meg)\">\u00e9rzelmi ab\u00fazust<\/a> jeleznek:<\/p>\n\n\n\n<ul><li>ha a viselked\u00e9s er\u0151szakot, k\u00e9nyszert, fenyeget\u00e9st foglal mag\u00e1ban <\/li><li>k\u00fcl\u00f6nb\u00f6z\u0151 \u00e9letkor\u00fa gyerekek k\u00f6z\u00f6tt zajlik (p\u00e9ld\u00e1ul ha egy tizen\u00e9ves egy h\u00e1rom\u00e9vessel j\u00e1tszik doktorosat) <\/li><li>er\u0151s negat\u00edv \u00e9rzelmi reakci\u00f3t v\u00e1lt ki valamelyik gyermekb\u0151l (p\u00e9ld\u00e1ul <a href=\"https:\/\/yelon.hu\/szuloknek\/a-zarkozott-kamasz-egeszseges\/\" target=\"_blank\" rel=\"noreferrer noopener\" aria-label=\"szorong\u00e1st (\u00faj f\u00fcl\u00f6n nyitja meg)\">szorong\u00e1st<\/a> vagy haragot) <\/li><\/ul>\n\n\n\n<p><em>F. Lass\u00fa Zsuzsa \u00e9s Thoma G\u00e1bor <\/em><\/p>\n\n\n\n<p><em>K\u00e9sz\u00fclt az <\/em><a href=\"http:\/\/www.nctsn.org\/sites\/default\/files\/assets\/pdfs\/sexualdevelopmentandbehavior.pdf\" target=\"_blank\" rel=\"noreferrer noopener\" aria-label=\" (\u00faj f\u00fcl\u00f6n nyitja meg)\"><em>NCTSN<\/em><\/a><em> kiadv\u00e1nya alapj\u00e1n.<\/em><\/p>\n\n\n\n<p><em>Kiemelt k\u00e9p <a href=\"https:\/\/images.unsplash.com\/photo-1471871480126-59ab253c49e9?ixlib=rb-1.2.1&amp;ixid=eyJhcHBfaWQiOjEyMDd9&amp;auto=format&amp;fit=crop&amp;w=750&amp;q=80\" target=\"_blank\" rel=\"noreferrer noopener\" aria-label=\" (\u00faj f\u00fcl\u00f6n nyitja meg)\">innen<\/a><\/em><\/p>\n","protected":false},"excerpt":{"rendered":"<p>\u00d6sszegy\u0171jt\u00f6tt\u00fck neked a gyerekkori szexualit\u00e1s kialakul\u00e1s\u00e1nak szakaszait, \u00e9s az egyes \u00e9letkori f\u00e1zisok jellegzetess\u00e9geit, jellemz\u0151it. <\/p>\n","protected":false},"author":9,"featured_media":3412,"comment_status":"closed","ping_status":"closed","sticky":false,"template":"","format":"standard","meta":[],"categories":[12],"tags":[120,679,866,174,755,859,538,62,864,860,754,865,871,635,867,870,869,862,863,868],"yoast_head":"<!-- This site is optimized with the Yoast SEO plugin v15.1 - https:\/\/yoast.com\/wordpress\/plugins\/seo\/ -->\n<title>A gyerekkori szexualit\u00e1s szakaszai, \u00e9letkori saj\u00e1toss\u00e1gai - Yelon<\/title>\n<meta name=\"description\" content=\"Kisbaba, \u00f3vod\u00e1s, kisiskol\u00e1s: m\u00e1s-m\u00e1s korszak, m\u00e9gis mindh\u00e1rom egyform\u00e1n fontos a gyerekek eg\u00e9szs\u00e9ges szexualit\u00e1s\u00e1nak kialakul\u00e1s\u00e1ban.\" \/>\n<meta name=\"robots\" content=\"index, follow, max-snippet:-1, max-image-preview:large, max-video-preview:-1\" \/>\n<link rel=\"canonical\" href=\"https:\/\/yelon.hu\/szuloknek\/a-gyerekkori-szexualitas-szakaszai\/\" \/>\n<meta property=\"og:locale\" content=\"hu_HU\" \/>\n<meta property=\"og:type\" content=\"article\" \/>\n<meta property=\"og:title\" content=\"A gyerekkori szexualit\u00e1s szakaszai, \u00e9letkori saj\u00e1toss\u00e1gai - Yelon\" \/>\n<meta property=\"og:description\" content=\"Kisbaba, \u00f3vod\u00e1s, kisiskol\u00e1s: m\u00e1s-m\u00e1s korszak, m\u00e9gis mindh\u00e1rom egyform\u00e1n fontos a gyerekek eg\u00e9szs\u00e9ges szexualit\u00e1s\u00e1nak kialakul\u00e1s\u00e1ban.\" \/>\n<meta property=\"og:url\" content=\"https:\/\/yelon.hu\/szuloknek\/a-gyerekkori-szexualitas-szakaszai\/\" \/>\n<meta property=\"og:site_name\" content=\"Yelon\" \/>\n<meta property=\"article:published_time\" content=\"2017-05-04T12:12:00+00:00\" \/>\n<meta property=\"article:modified_time\" content=\"2020-07-06T06:41:41+00:00\" \/>\n<meta property=\"og:image\" content=\"https:\/\/yelon.hu\/szuloknek\/wp-content\/uploads\/2017\/05\/oliver-dumoulin-kollazs-hashtag-streetart-scaled.jpg\" \/>\n\t<meta property=\"og:image:width\" content=\"2560\" \/>\n\t<meta property=\"og:image:height\" content=\"1853\" \/>\n<meta name=\"twitter:card\" content=\"summary_large_image\" \/>\n<script type=\"application\/ld+json\" class=\"yoast-schema-graph\">{\"@context\":\"https:\/\/schema.org\",\"@graph\":[{\"@type\":\"WebSite\",\"@id\":\"https:\/\/yelon.hu\/szuloknek\/#website\",\"url\":\"https:\/\/yelon.hu\/szuloknek\/\",\"name\":\"Yelon\",\"description\":\"Kamaszoknak \\u00e9s sz\\u00fcl\\u0151knek sz\\u00f3l\\u00f3 online magazin\",\"potentialAction\":[{\"@type\":\"SearchAction\",\"target\":\"https:\/\/yelon.hu\/szuloknek\/?s={search_term_string}\",\"query-input\":\"required name=search_term_string\"}],\"inLanguage\":\"hu\"},{\"@type\":\"ImageObject\",\"@id\":\"https:\/\/yelon.hu\/szuloknek\/a-gyerekkori-szexualitas-szakaszai\/#primaryimage\",\"inLanguage\":\"hu\",\"url\":\"https:\/\/yelon.hu\/szuloknek\/wp-content\/uploads\/2017\/05\/oliver-dumoulin-kollazs-hashtag-streetart-scaled.jpg\",\"width\":2560,\"height\":1853,\"caption\":\"Gyerekkori szexualit\\u00e1s\"},{\"@type\":\"WebPage\",\"@id\":\"https:\/\/yelon.hu\/szuloknek\/a-gyerekkori-szexualitas-szakaszai\/#webpage\",\"url\":\"https:\/\/yelon.hu\/szuloknek\/a-gyerekkori-szexualitas-szakaszai\/\",\"name\":\"A gyerekkori szexualit\\u00e1s szakaszai, \\u00e9letkori saj\\u00e1toss\\u00e1gai - Yelon\",\"isPartOf\":{\"@id\":\"https:\/\/yelon.hu\/szuloknek\/#website\"},\"primaryImageOfPage\":{\"@id\":\"https:\/\/yelon.hu\/szuloknek\/a-gyerekkori-szexualitas-szakaszai\/#primaryimage\"},\"datePublished\":\"2017-05-04T12:12:00+00:00\",\"dateModified\":\"2020-07-06T06:41:41+00:00\",\"author\":{\"@id\":\"https:\/\/yelon.hu\/szuloknek\/#\/schema\/person\/c9fa38f81f80ff5bbd245a64fddaee93\"},\"description\":\"Kisbaba, \\u00f3vod\\u00e1s, kisiskol\\u00e1s: m\\u00e1s-m\\u00e1s korszak, m\\u00e9gis mindh\\u00e1rom egyform\\u00e1n fontos a gyerekek eg\\u00e9szs\\u00e9ges szexualit\\u00e1s\\u00e1nak kialakul\\u00e1s\\u00e1ban.\",\"inLanguage\":\"hu\",\"potentialAction\":[{\"@type\":\"ReadAction\",\"target\":[\"https:\/\/yelon.hu\/szuloknek\/a-gyerekkori-szexualitas-szakaszai\/\"]}]},{\"@type\":\"Person\",\"@id\":\"https:\/\/yelon.hu\/szuloknek\/#\/schema\/person\/c9fa38f81f80ff5bbd245a64fddaee93\",\"name\":\"B. Zsofi\",\"image\":{\"@type\":\"ImageObject\",\"@id\":\"https:\/\/yelon.hu\/szuloknek\/#personlogo\",\"inLanguage\":\"hu\",\"url\":\"https:\/\/secure.gravatar.com\/avatar\/0936caaf13a2f9714ad4b7bd07dd9bca?s=96&d=mm&r=g\",\"caption\":\"B. Zsofi\"}}]}<\/script>\n<!-- \/ Yoast SEO plugin. -->","_links":{"self":[{"href":"https:\/\/yelon.hu\/szuloknek\/wp-json\/wp\/v2\/posts\/3399"}],"collection":[{"href":"https:\/\/yelon.hu\/szuloknek\/wp-json\/wp\/v2\/posts"}],"about":[{"href":"https:\/\/yelon.hu\/szuloknek\/wp-json\/wp\/v2\/types\/post"}],"author":[{"embeddable":true,"href":"https:\/\/yelon.hu\/szuloknek\/wp-json\/wp\/v2\/users\/9"}],"replies":[{"embeddable":true,"href":"https:\/\/yelon.hu\/szuloknek\/wp-json\/wp\/v2\/comments?post=3399"}],"version-history":[{"count":6,"href":"https:\/\/yelon.hu\/szuloknek\/wp-json\/wp\/v2\/posts\/3399\/revisions"}],"predecessor-version":[{"id":4662,"href":"https:\/\/yelon.hu\/szuloknek\/wp-json\/wp\/v2\/posts\/3399\/revisions\/4662"}],"wp:featuredmedia":[{"embeddable":true,"href":"https:\/\/yelon.hu\/szuloknek\/wp-json\/wp\/v2\/media\/3412"}],"wp:attachment":[{"href":"https:\/\/yelon.hu\/szuloknek\/wp-json\/wp\/v2\/media?parent=3399"}],"wp:term":[{"taxonomy":"category","embeddable":true,"href":"https:\/\/yelon.hu\/szuloknek\/wp-json\/wp\/v2\/categories?post=3399"},{"taxonomy":"post_tag","embeddable":true,"href":"https:\/\/yelon.hu\/szuloknek\/wp-json\/wp\/v2\/tags?post=3399"}],"curies":[{"name":"wp","href":"https:\/\/api.w.org\/{rel}","templated":true}]}}