{"id":3419,"date":"2018-03-04T10:31:00","date_gmt":"2018-03-04T09:31:00","guid":{"rendered":"https:\/\/yelon.hu\/szuloknek\/?p=3419"},"modified":"2020-02-20T16:14:48","modified_gmt":"2020-02-20T15:14:48","slug":"a-gyerekveres-nem-segit","status":"publish","type":"post","link":"https:\/\/yelon.hu\/szuloknek\/a-gyerekveres-nem-segit\/","title":{"rendered":"T\u00f6bb \u00e9vtizede tudjuk, hogy a gyerekver\u00e9s nem seg\u00edt"},"content":{"rendered":"\n<p>Ezt t\u00e1masztja al\u00e1 az 1960-as \u00e9vekt\u0151l sz\u00e1mos kutat\u00e1s, amelyek sorra c\u00e1folj\u00e1k a gyerekver\u00e9s hasznosnak v\u00e9lt hat\u00e1sait.&nbsp;<\/p>\n\n\n\n<!--more-->\n\n\n\n<p>Azzal, hogy 2017 december\u00e9ben Franciaorsz\u00e1g betiltotta <a href=\"https:\/\/yelon.hu\/szuloknek\/valoban-faj-a-gyereknek-a-veres\/\" target=\"_blank\" rel=\"noreferrer noopener\" aria-label=\"a gyerekek testi feny\u00edt\u00e9s\u00e9t (\u00faj f\u00fcl\u00f6n nyitja meg)\">a gyerekek testi feny\u00edt\u00e9s\u00e9t<\/a> (az orsz\u00e1gok k\u00f6z\u00f6tt 52.-k\u00e9nt), \u00e9s m\u00e1s orsz\u00e1gok is hasonl\u00f3 l\u00e9p\u00e9st fontolgatnak, a sz\u00fcl\u0151k r\u00e1\u00e9bredtek, hogy m\u00e1ra t\u00e1rsadalmilag elfogadhatatlan ez a kor\u00e1bban hagyom\u00e1nyosan gyorsnak \u00e9s egyszer\u0171nek sz\u00e1m\u00edt\u00f3 v\u00e1lasz a gyerek helytelen viselked\u00e9s\u00e9re.<\/p>\n\n\n\n<h2>Hol h\u00faz\u00f3dik a hat\u00e1r?<\/h2>\n\n\n\n<p>A sz\u00fcl\u0151k m\u00e1r az id\u0151k kezdete \u00f3ta alkalmazz\u00e1k a testi feny\u00edt\u00e9st a gyerekeikkel szemben. Az \u00fct\u00e9s mint a helytelen viselked\u00e9s megel\u0151z\u00e9s\u00e9re tett k\u00eds\u00e9rlet gener\u00e1ci\u00f3kon \u00e1t \u00e9rv\u00e9nyes\u00fclt. Felvet\u0151dhet, hogy ez \u201eterm\u00e9szetes\u201d dolog, hiszen az id\u0151k sor\u00e1n m\u00e9lyen be\u00e1gyaz\u00f3dott a k\u00f6zfelfog\u00e1sba, m\u00e1r-m\u00e1r rutinszer\u0171v\u00e9 v\u00e1lt. De hol h\u00faz\u00f3dik a hat\u00e1r a feny\u00edt\u00e9s \u00e9s a <a href=\"https:\/\/yelon.hu\/szuloknek\/megis-rendes-ember-lettem\/\" target=\"_blank\" rel=\"noreferrer noopener\" aria-label=\"fizikai er\u0151szak, a b\u00e1ntalmaz\u00e1s (\u00faj f\u00fcl\u00f6n nyitja meg)\">fizikai er\u0151szak, a b\u00e1ntalmaz\u00e1s<\/a> k\u00f6z\u00f6tt?<\/p>\n\n\n\n<p>A feln\u0151ttek t\u0171r\u0151k\u00e9pess\u00e9g\u00e9nek t\u00f6bbnyire van egy hat\u00e1ra, \u00e9s ahogy azt minden sz\u00fcl\u0151 tudja, a gyerekek k\u00fcl\u00f6nleges k\u00e9pess\u00e9ggel b\u00edrnak e hat\u00e1rok feszeget\u00e9s\u00e9re. A legt\u00f6bb feln\u0151tt nem helyesli az er\u0151szakot, ker\u00fcli a konfliktust, \u00e9s viszonylag magas a t\u0171r\u00e9shat\u00e1ra.<\/p>\n\n\n\n<p>Ugyanakkor vannak olyan esem\u00e9nyek, amelyek ezt a hat\u00e1rt \u00e1tmenetileg vagy ak\u00e1r tart\u00f3san elmozd\u00edtj\u00e1k: a munkahely elveszt\u00e9se miatti stressz, az anyagi gondok, a gy\u00e1sz, az eg\u00e9szs\u00e9g\u00fcgyi probl\u00e9m\u00e1k stb. m\u00e9g a legnyugodtabb feln\u0151ttet is t\u00fcrelmetlenn\u00e9 tehetik. Ahol ez megt\u00f6rt\u00e9nik, ott egy egyszer\u0171 \u00fct\u00e9s is k\u00f6nnyen er\u0151szakos ver\u00e9ss\u00e9 fajulhat (amit a sz\u00fcl\u0151 gyakran azonnal megb\u00e1n) \u2012 hossz\u00fa t\u00e1v\u00fa lelki s\u00e9r\u00fcl\u00e9seket okozva a gyereknek. Ha ezt a hat\u00e1rt \u00e1tl\u00e9pj\u00fck, az ilyen ver\u00e9sek k\u00f6nnyen v\u00e1lhatnak \u00faj norm\u00e1v\u00e1.<\/p>\n\n\n\n<h2>Gyerek meg\u00fct\u00e9se = csal\u00e1don bel\u00fcli testi feny\u00edt\u00e9s<\/h2>\n\n\n\n<p>Form\u00e1lisan a gyerek meg\u00fct\u00e9se a csal\u00e1don bel\u00fcli testi feny\u00edt\u00e9snek min\u0151s\u00fcl. Jogi \u00e9rtelemben a testi feny\u00edt\u00e9st mint b\u00fcntet\u00e9si gyakorlatot a feln\u0151ttekkel szemben alkalmazta a hat\u00f3s\u00e1g a k\u00e9s\u0151 20. sz\u00e1zadig, k\u00fcl\u00f6n\u00f6sen a b\u00f6rt\u00f6n\u00f6kben, a katonas\u00e1gn\u00e1l \u00e9s m\u00e1s test\u00fcletekn\u00e9l. Az egy\u00fcttm\u0171k\u00f6d\u00e9s \u00e9s az engedelmess\u00e9g el\u00e9r\u00e9se c\u00e9lj\u00e1b\u00f3l sz\u00e1mos m\u00f3dszert \u00e9s eszk\u00f6zt bevetettek (n\u00e9h\u00e1ny orsz\u00e1gban a mai napig haszn\u00e1lj\u00e1k ezeket), hogy a feln\u0151tteknek f\u00e1jdalmat okozzanak. Azonban az emberi jogok tiszteletben tart\u00e1sa \u00e9s az a felismer\u00e9s, hogy az ember szem\u00e9lye elleni er\u0151szak kiz\u00e1r\u00f3lag h\u00e1tr\u00e1nyos k\u00f6vetkezm\u00e9nyekkel j\u00e1r, a modern t\u00e1rsadalmakban v\u00e9get vetett ennek a gyakorlatnak.<\/p>\n\n\n\n<p>Ugyanakkor a<a href=\"https:\/\/yelon.hu\/szuloknek\/gyerekek-akik-szerint-helyes-a-veres\/\" target=\"_blank\" rel=\"noreferrer noopener\" aria-label=\" csal\u00e1don bel\u00fcli testi feny\u00edt\u00e9s  (\u00faj f\u00fcl\u00f6n nyitja meg)\"> csal\u00e1don bel\u00fcli testi feny\u00edt\u00e9s <\/a>tov\u00e1bbra is fennmaradhat. B\u00e1r 52 orsz\u00e1g m\u00e1r tiltja, a t\u00e1rsadalmak t\u00f6bbs\u00e9ge nevel\u00e9si m\u00f3dszerk\u00e9nt m\u00e9g mindig megengedi \u00e9s elfogadja a gyerekek meg\u00fct\u00e9s\u00e9t. Ez annak ellen\u00e9re is \u00edgy van, hogy nemzetk\u00f6zi tanulm\u00e1nyok igazolt\u00e1k, hogy \u2012 b\u00e1r a sz\u00fcl\u0151k t\u00f6bbs\u00e9ge a gyerek szem\u00e9lyis\u00e9ge alak\u00edt\u00e1s\u00e1nak hat\u00e9kony \u00e9s el\u0151ny\u00f6s eszk\u00f6z\u00e9nek tekinti a feny\u00edt\u00e9st \u2012 ennek \u00e9ppen az ellenkez\u0151je igaz.<\/p>\n\n\n\n<h2>Testi feny\u00edt\u00e9s hossz\u00fa t\u00e1v\u00fa k\u00f6vetkezm\u00e9nyei<\/h2>\n\n\n\n<p>Az 1960-as \u00e9vek \u00f3ta sz\u00e1mos kutat\u00e1s kimutatta, hogy a testi feny\u00edt\u00e9s n\u00f6veli az agresszi\u00f3t, \u00e9s hossz\u00fa t\u00e1von <a href=\"https:\/\/yelon.hu\/szuloknek\/a-zarkozott-kamasz-egeszseges\/\" target=\"_blank\" rel=\"noreferrer noopener\" aria-label=\"antiszoci\u00e1lis hat\u00e1ssal van a gyerekekre (\u00faj f\u00fcl\u00f6n nyitja meg)\">antiszoci\u00e1lis hat\u00e1ssal van a gyerekekre<\/a>.(1) \u00c9rintheti az eg\u00e9szs\u00e9ges fejl\u0151d\u00e9s\u00fcket, az \u00f6nbizalmukat, a koncentr\u00e1ci\u00f3jukat, valamint a szoci\u00e1lis k\u00e9pess\u00e9geiket: hogy id\u0151vel a t\u00e1rsadalmi norm\u00e1knak megfelel\u0151en tudjanak viselkedni m\u00e1s emberekkel.<\/p>\n\n\n\n<p>Elizabeth Gershoff professzor szerint a testi feny\u00edt\u00e9s ronthatja a gyerekek pozit\u00edv bels\u0151 erk\u00f6lcsi \u00e9rt\u00e9krendj\u00e9nek kialak\u00edt\u00e1s\u00e1t.(2) A testi feny\u00edt\u00e9s 60 \u00e9vnyi kutat\u00e1s\u00e1b\u00f3l Gershoff kiemeli a testi feny\u00edt\u00e9s kilenc h\u00e1tr\u00e1nyos k\u00f6vetkezm\u00e9ny\u00e9t, \u00edgy t\u00f6bbek k\u00f6z\u00f6tt a megn\u00f6vekedett agresszi\u00f3t, a b\u0171nelk\u00f6vet\u00e9st, a ment\u00e1lis probl\u00e9m\u00e1kat, a sz\u00fcl\u0151kkel val\u00f3 kapcsolatban megjelen\u0151 probl\u00e9m\u00e1kat \u00e9s annak a val\u00f3sz\u00edn\u0171s\u00e9g\u00e9t, hogy fizikai b\u00e1ntalmaz\u00e1s \u00e1ldozataiv\u00e1 v\u00e1lnak. (3)<\/p>\n\n\n\n<h2>\u201e\u00c9szszer\u0171 fizikai feny\u00edt\u00e9s\u201d <\/h2>\n\n\n\n<p>A Human Rights Watch szerint a gyerekek 90 sz\u00e1zal\u00e9ka olyan t\u00e1rsadalmakban \u00e9l, ahol a meg\u00fct\u00e9s\u00fck jogszer\u0171. Az \u201e\u00e9szszer\u0171 dorg\u00e1l\u00e1s\u201d v\u00e9delm\u00e9ben felhozott \u00e9rvek az angol jogb\u00f3l erednek, ez az egyik oka annak, hogy Angli\u00e1ban tov\u00e1bbra is enged\u00e9lyezett. Azonban annak hat\u00e1s\u00e1ra, hogy a Brit-szigetek gyermekjogi biztosai az eg\u00e9sz Egyes\u00fclt Kir\u00e1lys\u00e1got \u00e9rint\u0151 jogi reformra sz\u00f3l\u00edtanak fel(3), Sk\u00f3ci\u00e1ban m\u00e1r d\u00f6nt\u00e9st hoztak a gyerekver\u00e9s tilalm\u00e1r\u00f3l (b\u00e1r a jogi szab\u00e1lyoz\u00e1s egyel\u0151re nem v\u00e1ltozott), Wales is elt\u00f6k\u00e9lt ezen a t\u00e9ren, \u00e9s val\u00f3sz\u00edn\u0171, hogy Anglia is v\u00e1ltoztat majd eddigi gyakorlat\u00e1n. Ez id\u0151vel sz\u00fcks\u00e9gszer\u0171en m\u00e1s orsz\u00e1gok \u00e1ll\u00e1spontj\u00e1nak megv\u00e1ltoz\u00e1s\u00e1t is maga ut\u00e1n vonhatja.<\/p>\n\n\n\n<p>A gyerekver\u00e9s gyakorlat\u00e1t az\u00e9rt is neh\u00e9z t\u00e1mogatni, mert az \u201e\u00e9szszer\u0171 fizikai feny\u00edt\u00e9s\u201d jogi \u00e9rtelemben \u00e9s gyakorlatilag is meghat\u00e1rozhatatlan, hiszen az \u201e\u00e9szszer\u0171s\u00e9g\u201d rendk\u00edv\u00fcl nehezen megragadhat\u00f3 fogalom. A gyerek test\u00e9nek mely r\u00e9szeit szabad meg\u00fctni? Mekkora er\u0151vel \u00fcthet\u0151k meg az egyes testr\u00e9szek? Teny\u00e9rrel vagy \u00f6k\u00f6llel? L\u00e1bbal is szabad? Hogyan hat\u00e1rozhat\u00f3 meg a fegyver, \u00e9s milyen fegyver tekinthet\u0151 \u00e9szszer\u0171nek? Mi a helyzet egy \u00f6sszetekert konyharuh\u00e1val? Val\u00f3j\u00e1ban hogyan \u00edt\u00e9lhet\u0151 meg b\u00e1rmilyen eszk\u00f6z a feln\u0151tt kez\u00e9ben, amikor az t\u00fal van a \u201et\u0171r\u00e9shat\u00e1r\u00e1n\u201d? Kiz\u00e1r\u00f3lag a b\u00edr\u00f3s\u00e1g lehet hivatott az \u201e\u00e9szszer\u0171 m\u00e9rt\u00e9k\u201d meghat\u00e1roz\u00e1s\u00e1ra, \u00e1m ilyenkor ez m\u00e1r t\u00fal k\u00e9s\u0151 a b\u00e1ntalmazott gyerek sz\u00e1m\u00e1ra.<\/p>\n\n\n\n<h2>A gyerekver\u00e9s csak h\u00e1tr\u00e1nyokkal j\u00e1r<\/h2>\n\n\n\n<p>A Monash University adjunktusa, dr. Bernadette Saunders szerint: \u201eGyakran mes\u00e9lik a\u00a0 gyerekek, hogy a testi <a href=\"https:\/\/yelon.hu\/szuloknek\/neveles-vs-buntetes-mi-a-kulonbseg\/\" target=\"_blank\" rel=\"noreferrer noopener\" aria-label=\"b\u00fcntet\u00e9s (\u00faj f\u00fcl\u00f6n nyitja meg)\">b\u00fcntet\u00e9s<\/a> f\u00e1jdalmat okoz nekik, de a f\u00e1jdalomn\u00e1l ak\u00e1r s\u00falyosabb k\u00f6vetkezm\u00e9nyei is lehetnek: olyan rossz \u00e9rz\u00e9seket okoz, mint a megb\u00e1n\u00e1s, a zavarodotts\u00e1g, a szomor\u00fas\u00e1g, a gy\u0171l\u00f6let, a megal\u00e1zotts\u00e1g vagy a harag, emellett f\u00e9lelmet kelt, \u00e9s akad\u00e1lyozza a tanul\u00e1st. Nem \u00e9p\u00edt\u0151 jelleg\u0171, a gyerekek \u00e9rveket ig\u00e9nyelnek helyette, tov\u00e1bb\u00e1 az er\u0151szakot lehets\u00e9ges konfliktuskezel\u00e9si m\u00f3dk\u00e9nt t\u00fcnteti fel. A gyerekek megjegyz\u00e9sei azt sugallj\u00e1k, hogy \u00e9rz\u00e9kenyek az igazs\u00e1gtalans\u00e1gra \u00e9s a kett\u0151s m\u00e9rc\u00e9re, valamint arra sarkallnak minket, hogy tartsuk \u0151ket tiszteletben, \u00e9s viselkedj\u00fcnk felel\u0151ss\u00e9gteljesen.\u201d<\/p>\n\n\n\n<p>A gyerekek megver\u00e9s\u00e9t t\u00e1mogat\u00f3 \u00e9rvek m\u00e1r nem helyt\u00e1ll\u00f3ak. A sz\u00fcl\u0151 sz\u00e1m\u00e1ra csak r\u00f6vid t\u00e1v\u00fa nyeres\u00e9get jelent, ha a gyereke val\u00f3sz\u00edn\u0171leg abbahagyja a helytelen magatart\u00e1st. K\u00f6z\u00e9p- \u00e9s hossz\u00fa t\u00e1v\u00fa el\u0151nye azonban senkinek sem sz\u00e1rmazik bel\u0151le. Egy\u00e9rtelm\u0171, hogy a ver\u00e9s kiz\u00e1r\u00f3lag h\u00e1tr\u00e1nyokkal j\u00e1r az egy\u00e9n sz\u00e1m\u00e1ra, a t\u00e1rsadalomra pedig m\u00e9g sz\u00e9lesebb k\u00f6rben hat k\u00e1rosan.<\/p>\n\n\n\n<h2>Rossz t\u00e1rsadalmi beidegz\u0151d\u00e9s <\/h2>\n\n\n\n<p>Felmer\u00fcl a k\u00e9rd\u00e9s: hogyan lehet gyorsan \u00e9s hat\u00e9konyan \u00e1talak\u00edtani egy t\u00e1rsadalmi beidegz\u0151d\u00e9st? A jogi reform ellen\u00e9re azok a sz\u00fcl\u0151k nehezen fognak tudni alkalmazkodni, akiket szint\u00e9n vertek gyerekk\u00e9nt, akik a saj\u00e1t gyerek\u00fcket is meg\u00fctik, k\u00fcl\u00f6n\u00f6sk\u00e9ppen, ha ez az er\u0151szak z\u00e1rt ajt\u00f3k m\u00f6g\u00f6tt zajlik. Ugyanakkor a jogi szab\u00e1lyoz\u00e1s megv\u00e1ltoztat\u00e1s\u00e1t k\u00f6vet\u0151en id\u0151vel el fog \u00e9rkezni az a fordul\u00f3pont, amikor a feln\u0151ttek t\u00f6bbs\u00e9ge meg\u00e9rti, hogy a testi feny\u00edt\u00e9snek semmilyen form\u00e1ja sem elfogadhat\u00f3 t\u00f6bb\u00e9.<\/p>\n\n\n\n<p>(1.) New Scientist<\/p>\n\n\n\n<p>(2.) \u201eMore Harm Than Good\u2026\u201d 2010.<\/p>\n\n\n\n<p>(3.) Wikip\u00e9dia<\/p>\n\n\n\n<p><em>Steve McKeown<\/em><\/p>\n\n\n\n<p><em>A <a href=\"http:\/\/www.themckeownclinic.co.uk\/\" target=\"_blank\" rel=\"noreferrer noopener\" aria-label=\" (\u00faj f\u00fcl\u00f6n nyitja meg)\">The McKeown Clinic<\/a> cikk\u00e9nek ford\u00edt\u00e1sa.\u00a0<\/em><\/p>\n\n\n\n<p><em>Kiemelt k\u00e9p<a href=\"https:\/\/images.unsplash.com\/photo-1466916119434-d72cdf577c4d?ixlib=rb-1.2.1&amp;ixid=eyJhcHBfaWQiOjEyMDd9&amp;auto=format&amp;fit=crop&amp;w=626&amp;q=80\" target=\"_blank\" rel=\"noreferrer noopener\" aria-label=\" (\u00faj f\u00fcl\u00f6n nyitja meg)\"> innen<\/a><\/em><\/p>\n","protected":false},"excerpt":{"rendered":"<p>A t\u0171r\u0151k\u00e9pess\u00e9gnek van egy hat\u00e1ra, amit gyerekeink k\u00fcl\u00f6nleges k\u00e9pess\u00e9ggel b\u00edrnak feszegetni. De az ilyen hat\u00e1rfeszeget\u0151 esetekben sem lehet megold\u00e1s a gyerek meg\u00fct\u00e9se. Lehet, hogy az \u00fct\u00e9s hat\u00e1s\u00e1ra abbamarad a helytelen viselked\u00e9s, de hossz\u00fat\u00e1von csak negat\u00edv k\u00f6vetkezm\u00e9nyekkel sz\u00e1molhatunk.<\/p>\n","protected":false},"author":9,"featured_media":3420,"comment_status":"closed","ping_status":"closed","sticky":false,"template":"","format":"standard","meta":[],"categories":[11],"tags":[710,899,290,896,895,892,898,888,889,270,885,886,890,900,469,887,386,901,884,893,894,891,883,897],"yoast_head":"<!-- This site is optimized with the Yoast SEO plugin v15.1 - https:\/\/yoast.com\/wordpress\/plugins\/seo\/ -->\n<title>T\u00f6bb \u00e9vtizede tudjuk, hogy a gyerekver\u00e9s nem seg\u00edt - Yelon<\/title>\n<meta name=\"description\" content=\"Sz\u00e1mos kutat\u00e1s k\u00e9sz\u00fclt az ut\u00f3bbi \u00e9vtizedekben, amelyek megc\u00e1folj\u00e1k a gyerekver\u00e9snek t\u00e9vesen tulajdon\u00edtott el\u0151ny\u00f6ket - ismerd meg a t\u00e9nyeket.\" \/>\n<meta name=\"robots\" content=\"index, follow, max-snippet:-1, max-image-preview:large, max-video-preview:-1\" \/>\n<link rel=\"canonical\" href=\"https:\/\/yelon.hu\/szuloknek\/a-gyerekveres-nem-segit\/\" \/>\n<meta property=\"og:locale\" content=\"hu_HU\" \/>\n<meta property=\"og:type\" content=\"article\" \/>\n<meta property=\"og:title\" content=\"T\u00f6bb \u00e9vtizede tudjuk, hogy a gyerekver\u00e9s nem seg\u00edt - Yelon\" \/>\n<meta property=\"og:description\" content=\"Sz\u00e1mos kutat\u00e1s k\u00e9sz\u00fclt az ut\u00f3bbi \u00e9vtizedekben, amelyek megc\u00e1folj\u00e1k a gyerekver\u00e9snek t\u00e9vesen tulajdon\u00edtott el\u0151ny\u00f6ket - ismerd meg a t\u00e9nyeket.\" \/>\n<meta property=\"og:url\" content=\"https:\/\/yelon.hu\/szuloknek\/a-gyerekveres-nem-segit\/\" \/>\n<meta property=\"og:site_name\" content=\"Yelon\" \/>\n<meta property=\"article:published_time\" content=\"2018-03-04T09:31:00+00:00\" \/>\n<meta property=\"article:modified_time\" content=\"2020-02-20T15:14:48+00:00\" \/>\n<meta property=\"og:image\" content=\"https:\/\/yelon.hu\/szuloknek\/wp-content\/uploads\/2020\/02\/gyerekveres.jpg\" \/>\n\t<meta property=\"og:image:width\" content=\"626\" \/>\n\t<meta property=\"og:image:height\" content=\"501\" \/>\n<meta name=\"twitter:card\" content=\"summary_large_image\" \/>\n<script type=\"application\/ld+json\" class=\"yoast-schema-graph\">{\"@context\":\"https:\/\/schema.org\",\"@graph\":[{\"@type\":\"WebSite\",\"@id\":\"https:\/\/yelon.hu\/szuloknek\/#website\",\"url\":\"https:\/\/yelon.hu\/szuloknek\/\",\"name\":\"Yelon\",\"description\":\"Kamaszoknak \\u00e9s sz\\u00fcl\\u0151knek sz\\u00f3l\\u00f3 online magazin\",\"potentialAction\":[{\"@type\":\"SearchAction\",\"target\":\"https:\/\/yelon.hu\/szuloknek\/?s={search_term_string}\",\"query-input\":\"required name=search_term_string\"}],\"inLanguage\":\"hu\"},{\"@type\":\"ImageObject\",\"@id\":\"https:\/\/yelon.hu\/szuloknek\/a-gyerekveres-nem-segit\/#primaryimage\",\"inLanguage\":\"hu\",\"url\":\"https:\/\/yelon.hu\/szuloknek\/wp-content\/uploads\/2020\/02\/gyerekveres.jpg\",\"width\":626,\"height\":501,\"caption\":\"Gyerekver\\u00e9s\"},{\"@type\":\"WebPage\",\"@id\":\"https:\/\/yelon.hu\/szuloknek\/a-gyerekveres-nem-segit\/#webpage\",\"url\":\"https:\/\/yelon.hu\/szuloknek\/a-gyerekveres-nem-segit\/\",\"name\":\"T\\u00f6bb \\u00e9vtizede tudjuk, hogy a gyerekver\\u00e9s nem seg\\u00edt - Yelon\",\"isPartOf\":{\"@id\":\"https:\/\/yelon.hu\/szuloknek\/#website\"},\"primaryImageOfPage\":{\"@id\":\"https:\/\/yelon.hu\/szuloknek\/a-gyerekveres-nem-segit\/#primaryimage\"},\"datePublished\":\"2018-03-04T09:31:00+00:00\",\"dateModified\":\"2020-02-20T15:14:48+00:00\",\"author\":{\"@id\":\"https:\/\/yelon.hu\/szuloknek\/#\/schema\/person\/c9fa38f81f80ff5bbd245a64fddaee93\"},\"description\":\"Sz\\u00e1mos kutat\\u00e1s k\\u00e9sz\\u00fclt az ut\\u00f3bbi \\u00e9vtizedekben, amelyek megc\\u00e1folj\\u00e1k a gyerekver\\u00e9snek t\\u00e9vesen tulajdon\\u00edtott el\\u0151ny\\u00f6ket - ismerd meg a t\\u00e9nyeket.\",\"inLanguage\":\"hu\",\"potentialAction\":[{\"@type\":\"ReadAction\",\"target\":[\"https:\/\/yelon.hu\/szuloknek\/a-gyerekveres-nem-segit\/\"]}]},{\"@type\":\"Person\",\"@id\":\"https:\/\/yelon.hu\/szuloknek\/#\/schema\/person\/c9fa38f81f80ff5bbd245a64fddaee93\",\"name\":\"B. Zsofi\",\"image\":{\"@type\":\"ImageObject\",\"@id\":\"https:\/\/yelon.hu\/szuloknek\/#personlogo\",\"inLanguage\":\"hu\",\"url\":\"https:\/\/secure.gravatar.com\/avatar\/0936caaf13a2f9714ad4b7bd07dd9bca?s=96&d=mm&r=g\",\"caption\":\"B. Zsofi\"}}]}<\/script>\n<!-- \/ Yoast SEO plugin. -->","_links":{"self":[{"href":"https:\/\/yelon.hu\/szuloknek\/wp-json\/wp\/v2\/posts\/3419"}],"collection":[{"href":"https:\/\/yelon.hu\/szuloknek\/wp-json\/wp\/v2\/posts"}],"about":[{"href":"https:\/\/yelon.hu\/szuloknek\/wp-json\/wp\/v2\/types\/post"}],"author":[{"embeddable":true,"href":"https:\/\/yelon.hu\/szuloknek\/wp-json\/wp\/v2\/users\/9"}],"replies":[{"embeddable":true,"href":"https:\/\/yelon.hu\/szuloknek\/wp-json\/wp\/v2\/comments?post=3419"}],"version-history":[{"count":6,"href":"https:\/\/yelon.hu\/szuloknek\/wp-json\/wp\/v2\/posts\/3419\/revisions"}],"predecessor-version":[{"id":3900,"href":"https:\/\/yelon.hu\/szuloknek\/wp-json\/wp\/v2\/posts\/3419\/revisions\/3900"}],"wp:featuredmedia":[{"embeddable":true,"href":"https:\/\/yelon.hu\/szuloknek\/wp-json\/wp\/v2\/media\/3420"}],"wp:attachment":[{"href":"https:\/\/yelon.hu\/szuloknek\/wp-json\/wp\/v2\/media?parent=3419"}],"wp:term":[{"taxonomy":"category","embeddable":true,"href":"https:\/\/yelon.hu\/szuloknek\/wp-json\/wp\/v2\/categories?post=3419"},{"taxonomy":"post_tag","embeddable":true,"href":"https:\/\/yelon.hu\/szuloknek\/wp-json\/wp\/v2\/tags?post=3419"}],"curies":[{"name":"wp","href":"https:\/\/api.w.org\/{rel}","templated":true}]}}