{"id":3429,"date":"2018-09-02T13:16:00","date_gmt":"2018-09-02T11:16:00","guid":{"rendered":"https:\/\/yelon.hu\/szuloknek\/?p=3429"},"modified":"2020-02-21T02:39:50","modified_gmt":"2020-02-21T01:39:50","slug":"kek-balna-momo-hogyan-vedjuk-meg-a-gyerekeket","status":"publish","type":"post","link":"https:\/\/yelon.hu\/szuloknek\/kek-balna-momo-hogyan-vedjuk-meg-a-gyerekeket\/","title":{"rendered":"K\u00e9k b\u00e1lna, Momo \u2013 Hogyan v\u00e9dj\u00fck meg a gyerekeket?"},"content":{"rendered":"\n<p>Hogyan el\u0151zhetik meg a sz\u00fcl\u0151k, hogy a gyerekek a netes ijesztget\u00e9s c\u00e9lpontj\u00e1v\u00e1 v\u00e1ljanak?<\/p>\n\n\n\n<!--more-->\n\n\n\n<p>\u00d6ngyilkoss\u00e1gra biztat\u00f3 internetes oldalak, \u00e9letvesz\u00e9lyes webes kih\u00edv\u00e1sok, <a href=\"https:\/\/yelon.hu\/szuloknek\/online-bantalmazas\/\" target=\"_blank\" rel=\"noreferrer noopener\" aria-label=\"online zaklat\u00e1s (\u00faj f\u00fcl\u00f6n nyitja meg)\">online zaklat\u00e1s<\/a> \u00e9s szexting. Csak n\u00e9h\u00e1ny kih\u00edv\u00e1s a mindennapokb\u00f3l, amelyekkel egy tizen\u00e9ves gyerek sz\u00fcl\u0151j\u00e9nek szembe kell n\u00e9zni. Nem m\u00falik el \u00fagy h\u00e9t, hogy ne keltene p\u00e1nikot valamilyen \u00fajabb, neten terjed\u0151 \u0151r\u00fclet \u2013 legut\u00f3bb egy Momo nev\u0171 \u201ehorrorl\u00e9nyr\u0151l\u201d \u00edrtak a lapok, aki a WhatsApp nev\u0171 cseveg\u0151programon kereszt\u00fcl ijesztgeti a gyerekeket, s\u0151t a leg\u00fajabb h\u00edrek szerint egy 12 \u00e9ves l\u00e1ny \u00f6ngyilkoss\u00e1g\u00e1hoz is k\u00f6ze lehetett. Mindek\u00f6zben egyes magyar<a href=\"http:\/\/www.hop12.hu\/\"> <\/a>statisztik\u00e1k szerint a sz\u00fcl\u0151k t\u00f6bbs\u00e9g\u00e9nek tov\u00e1bbra sincs fogalma arr\u00f3l, hogy a gyereke val\u00f3j\u00e1ban mit csin\u00e1l a neten, pedig az \u00f6ngyilkoss\u00e1ghoz hasonl\u00f3 extr\u00e9m reakci\u00f3 \u00e1ltal\u00e1ban nem egyik pillanatr\u00f3l a m\u00e1sikra jut a gyerekek esz\u00e9be.&nbsp;<\/p>\n\n\n\n<h2>5 tipp feln\u0151tteknek a gyerekek biztons\u00e1g\u00e1\u00e9rt<\/h2>\n\n\n\n<p>Nek\u00fcnk, feln\u0151tteknek kell megtenn\u00fcnk az els\u0151 l\u00e9p\u00e9seket a gyerekek fel\u00e9. Ehhez ad ez a cikk 5 tippet, hogy mik\u00e9nt el\u0151zhetj\u00fck meg sz\u00fcl\u0151k\u00e9nt, hogy a gyereket ber\u00e1ntsa egy Mom\u00f3hoz vagy az \u00e1ll\u00edt\u00f3lagos <a href=\"https:\/\/yelon.hu\/szuloknek\/5-teny-es-5-valos-veszely-a-kek-balna-kapcsan\/\" target=\"_blank\" rel=\"noreferrer noopener\" aria-label=\" (\u00faj f\u00fcl\u00f6n nyitja meg)\">K\u00e9k B\u00e1ln\u00e1hoz hasonl\u00f3<\/a> \u0151r\u00fclet.<\/p>\n\n\n\n<p>Az internet-hozz\u00e1f\u00e9r\u00e9s Magyarorsz\u00e1gon 80 sz\u00e1zal\u00e9k feletti, \u00e9s ha ehhez hozz\u00e1vessz\u00fck, hogy fejenk\u00e9nt k\u00e9t \u00e9s f\u00e9l <a href=\"https:\/\/yelon.hu\/szuloknek\/okostelefonok-okos-gyerekek\/\" target=\"_blank\" rel=\"noreferrer noopener\" aria-label=\"mobiltelefon (\u00faj f\u00fcl\u00f6n nyitja meg)\">mobiltelefon<\/a> jut mindenkire az orsz\u00e1gban, akkor t\u00e9nyleg joggal \u00e9rezheti minden sz\u00fcl\u0151, hogy \u0151 \u00e9s a csal\u00e1dj\u00e1ban \u00e9l\u0151 gyerek is \u00e9rintett. \u00c9s minden oka (\u00e9s joga) megvan arra, hogy agg\u00f3djon.<\/p>\n\n\n\n<h3>Digit\u00e1lis gyerekek, digit\u00e1lis gyerekkor<\/h3>\n\n\n\n<p>A gyerekek \u00e1ltal\u00e1ban nyitottak mindenre, ami \u00faj, \u00e9s az online t\u00e9rben is jellemz\u0151en \u0151k tal\u00e1lj\u00e1k meg el\u0151sz\u00f6r az \u00faj fejleszt\u00e9seket, kezdem\u00e9nyez\u00e9seket, \u00e9s pr\u00f3b\u00e1lj\u00e1k ki azt, amivel m\u00e9g nem tal\u00e1lkoztak. Technikailag m\u00e1r nagyon fiatal korban k\u00f6nnyed\u00e9n \u00e9s j\u00f3l tudj\u00e1k haszn\u00e1lni a digit\u00e1lis eszk\u00f6z\u00f6ket, ez azonban nem jelenti azt, hogy id\u0151ben k\u00e9pesek felismerni a vesz\u00e9lyt, \u00e9s j\u00f3l tudnak reag\u00e1lni arra, ha valami f\u00e9lelemkelt\u0151 vagy manipulat\u00edv tartalomba futnak bele.<\/p>\n\n\n\n<p>Ez m\u00e1r csak az\u00e9rt is \u00edgy van, mert a magyar oktat\u00e1si rendszer \u00fagy tesz, mintha az internet, a m\u00e9dia \u00e9s a digit\u00e1lis vil\u00e1g nem a mindennapok r\u00e9sze lenne. A gyerekeket m\u00e1r \u00f3vod\u00e1skort\u00f3l lehetne tudatos \u00e9s <a href=\"https:\/\/yelon.hu\/szuloknek\/8-fontos-digitalis-keszseg-a-gyerekeknek\/\" target=\"_blank\" rel=\"noreferrer noopener\" aria-label=\"biztons\u00e1gos nethaszn\u00e1latra (\u00faj f\u00fcl\u00f6n nyitja meg)\">biztons\u00e1gos nethaszn\u00e1latra<\/a> oktatni, \u00e9s felk\u00e9sz\u00edteni, ez azonban nem t\u00f6rt\u00e9nik meg az int\u00e9zm\u00e9nyek t\u00f6bbs\u00e9g\u00e9ben, hi\u00e1ba v\u00e1rj\u00e1k el a sz\u00fcl\u0151k.<\/p>\n\n\n\n<h3>Digit\u00e1lis biztons\u00e1g?<\/h3>\n\n\n\n<p>A gyerekek hamarabb (\u00e9s alaposabban) tanulj\u00e1k meg, hogy az \u0151sember hogyan k\u00e9sz\u00edtett pattintott k\u0151eszk\u00f6z\u00f6ket, mint azt, hogy mit tehetnek, ha online zaklat\u00e1ssal tal\u00e1lkoznak.<\/p>\n\n\n\n<p>Viszont minden gyereket megillet az er\u0151szakt\u00f3l val\u00f3 legteljesebb v\u00e9delem (ez az egyik legfontosabb gyermekjog), \u00fagyhogy hatalmas a csal\u00e1dok felel\u0151ss\u00e9ge a gyerekek digit\u00e1lis v\u00e9delm\u00e9ben.<\/p>\n\n\n\n<p>A rossz h\u00edr az, hogy olyan t\u00edpus\u00fa \u201ekih\u00edv\u00e1sok\u201d, mint az \u00f6ngyilkoss\u00e1gra buzd\u00edt\u00f3 internetes programok vagy m\u00e1s, beteg elm\u00e9k \u00e1ltal teremtett \u00fajabb \u00e9s \u00fajabb \u0151r\u00fcletek, mindig lesznek a neten. Most b\u00faslakodhatn\u00e1nk azon, hogy \u201ebezzeg a mi id\u0151nkben\u201d, \u00e9s p\u00e1nikolhatn\u00e1nk, t\u00f6rdelve a kez\u00fcnket\u2026 Ehelyett ink\u00e1bb n\u00e9zz\u00fck meg, val\u00f3j\u00e1ban hogyan is k\u00fczdhet\u00fcnk az internet legs\u00f6t\u00e9tebb fenyeget\u00e9sei ellen.<\/p>\n\n\n\n<h2>\u00cdgy v\u00e9dheted meg a gyerekeidet sz\u00fcl\u0151k\u00e9nt<\/h2>\n\n\n\n<p>Mert a j\u00f3 h\u00edr az, hogy ahhoz, hogy felvegy\u00fck a keszty\u0171t, nem szuper sz\u0171r\u0151program kell, \u00e9s nem is az, hogy egy wifimentes atombunkerbe vonuljunk vissza a vil\u00e1gt\u00f3l, am\u00edg a gyerek 18 \u00e9ves nem lesz. Hanem ann\u00e1l sokkal egyszer\u0171bb dolgok.<\/p>\n\n\n\n<p>Sz\u00fcl\u0151k\u00e9nt a k\u00f6vetkez\u0151 5 l\u00e9p\u00e9s betart\u00e1s\u00e1val lehet hat\u00e9konyan felvenni a harcot a netes vesz\u00e9lyek ellen:<\/p>\n\n\n\n<h2><strong>1. Nem az \u00f6ngyilkoss\u00e1g az els\u0151dleges ellens\u00e9g<\/strong><\/h2>\n\n\n\n<p>Az ellens\u00e9g, amire sz\u00fcl\u0151k\u00e9nt figyelni kell, a kommunik\u00e1ci\u00f3 hi\u00e1nya: ha a gyerekeddel nem tudtok besz\u00e9lgetni egym\u00e1ssal, ha \u00fagy \u00e9rzed, hogy a gyereked l\u00e9g\u00fcres t\u00e9rbe ker\u00fclt, \u00e9s nincs senki, aki ott t\u00e1rs\u00e1ul szeg\u0151dhetne.<\/p>\n\n\n\n<p>Nagyon fontos, hogy a gyerek nem csak veled besz\u00e9lgethet, nem csak te lehetsz a \u201ebizalmi embere\u201d. S\u0151t, vannak \u00e9letszakaszok, amikor ez \u00f3hatatlanul \u00e1ttev\u0151dik m\u00e1sokra.&nbsp;<\/p>\n\n\n\n<p>Kort\u00e1rsakra, id\u0151sebb gyerekekre, fiatalokra, olyan feln\u0151ttekre, akik a gyerek sz\u00e1m\u00e1ra fontosak. Ha sz\u00fcl\u0151k\u00e9nt tehetetlennek \u00e9rzed magad, mert nem tudsz igaz\u00e1n kommunik\u00e1lni a gyerekeddel, nem sz\u00e9gyen seg\u00edts\u00e9get k\u00e9rni, ahogy az is teljesen rendben van, ha a nappaliban el\u00f6l hagyod p\u00e9ld\u00e1ul a <a href=\"https:\/\/kek-vonal.hu\/index.php\/hu\/\">K\u00e9k Vonal<\/a> gyereklelkiseg\u00e9ly telefonsz\u00e1m\u00e1t, hogy ha a gyerek akarja, fel tudja h\u00edvni \u0151ket, hogy n\u00e9vtelen\u00fcl besz\u00e9lhessen arr\u00f3l, ami aggasztja, fesz\u00edti, elgondolkodtatja.<\/p>\n\n\n\n<p>Sok tizen\u00e9ves lesz befel\u00e9 fordul\u00f3, \u00e9s <a href=\"https:\/\/yelon.hu\/szuloknek\/a-zarkozott-kamasz-egeszseges\/\" target=\"_blank\" rel=\"noreferrer noopener\" aria-label=\"sokszor neh\u00e9z eld\u00f6nteni, hogy a gyerek\u00fcnk viselked\u00e9se m\u00e1r maga a depresszi\u00f3, esetleg annak az \u201eel\u0151szob\u00e1ja\u201d, vagy m\u00e9g csak egy picit extr\u00e9mebb kamaszkor (\u00faj f\u00fcl\u00f6n nyitja meg)\">sokszor neh\u00e9z eld\u00f6nteni, hogy a gyerek\u00fcnk viselked\u00e9se m\u00e1r maga a depresszi\u00f3, esetleg annak az \u201eel\u0151szob\u00e1ja\u201d, vagy m\u00e9g csak egy picit extr\u00e9mebb kamaszkor<\/a>. Ilyenkor \u00e9rdemes felkeresni egy szakembert (nek\u00fcnk, sz\u00fcl\u0151knek), \u00e9s konzult\u00e1lni arr\u00f3l, amit tapasztalunk, \u00e9s amilyen f\u00e9lelmek vannak benn\u00fcnk.<\/p>\n\n\n\n<h2><strong>2. Az online \u00e9s offline vil\u00e1g k\u00f6z\u00f6tti egyens\u00faly mindenk\u00e9ppen seg\u00edt<\/strong><\/h2>\n\n\n\n<p>A gyerek elmag\u00e1nyosod\u00e1s\u00e1nak, elszigetel\u0151d\u00e9s\u00e9nek egyik komoly t\u00fcnete, ha az emberi kapcsolatai f\u0151k\u00e9nt az online t\u00e9rre korl\u00e1toz\u00f3dnak, \u00e9s ha a szabadideje (s\u0151t az ideje) meghat\u00e1roz\u00f3 r\u00e9sz\u00e9t a neten t\u00f6lti. Sz\u00fcl\u0151k\u00e9nt sokat tehet\u00fcnk az\u00e9rt, ha m\u00e1r kisgyerek kort\u00f3l odafigyel\u00fcnk arra, hogy egyens\u00falyban legyen a k\u00e9perny\u0151 el\u0151tt \u00e9s a k\u00e9perny\u0151 n\u00e9lk\u00fcl t\u00f6lt\u00f6tt id\u0151. A sport, a k\u00f6z\u00f6s csal\u00e1di programok, a m\u0171v\u00e9szeti \u00e9s zenei esem\u00e9nyek, a h\u00e1zi\u00e1llatok k\u00f6r\u00fcli teend\u0151k, a term\u00e9szet mind-mind alternat\u00edv lehet\u0151s\u00e9get k\u00edn\u00e1lnak. Ha mi magunk, sz\u00fcl\u0151k\u00e9nt j\u00f3 p\u00e9ld\u00e1val j\u00e1runk el\u00f6l, \u00e9s k\u00e9pesek vagyunk p\u00e9ld\u00e1ul meg\u00e1llni, hogy a k\u00f6z\u00f6s csal\u00e1di \u00e9tkez\u00e9sek idej\u00e9n ne legyen a kez\u00fcnkben a telefonunk, az a gyereknek is seg\u00edt.<\/p>\n\n\n\n<p>Ha pedig az offline vil\u00e1g hat\u00e1sai el\u00e9g er\u0151sek maradnak, akkor a k\u00e1ros online befoly\u00e1s lehet\u0151s\u00e9ge is cs\u00f6kken.<\/p>\n\n\n\n<h2><strong>3. A bizalom k\u00e9tir\u00e1ny\u00fa folyamat<\/strong><\/h2>\n\n\n\n<p>Nagyon k\u00f6nnyen beleeshet\u00fcnk sz\u00fcl\u0151k\u00e9nt abba a csapd\u00e1ba, hogy az aggodalmunk miatt elkezd\u00fcnk nyomozni a gyerek ut\u00e1n, \u00e9s belen\u00e9z\u00fcnk a telefonj\u00e1ba, felt\u00f6rj\u00fck az e-mailj\u00e9t, v\u00e9gign\u00e9zz\u00fck a b\u00f6ng\u00e9sz\u00e9si el\u0151zm\u00e9nyeket. Amellett, hogy ez gyermekjogi szempontb\u00f3l s\u00falyos jogs\u00e9rt\u00e9s, hiszen minden gyereknek joga van a mag\u00e1n\u00e9lethez, sz\u00fcl\u0151k\u00e9nt is neh\u00e9z helyzetbe ker\u00fcl\u00fcnk ilyenkor: elvesz\u00edthetj\u00fck a gyerek\u00fcnk bizalm\u00e1t, ami ut\u00e1n m\u00e9g kev\u00e9sb\u00e9 besz\u00e9l vel\u00fcnk arr\u00f3l, ami az online t\u00e9rben t\u00f6rt\u00e9nik vele.<\/p>\n\n\n\n<p>Ha valami aggaszt benn\u00fcnket, ami miatt p\u00e9ld\u00e1ul eltiltjuk a gyereket a nett\u0151l, \u201etiltott gy\u00fcm\u00f6lcsk\u00e9nt\u201d csak m\u00e9g vonz\u00f3bb\u00e1 tessz\u00fck sz\u00e1m\u00e1ra az eg\u00e9szet, arr\u00f3l nem is besz\u00e9lve, hogy ne legyenek ill\u00fazi\u00f3ink arr\u00f3l, vajon ki tudj\u00e1k-e cselezni a tilalmunkat. Viszont amit tiltunk, ott megfosztjuk magunkat val\u00f3j\u00e1ban att\u00f3l, hogy seg\u00edts\u00fcnk, ha baj van.<\/p>\n\n\n\n<h2><strong>4. Ne csak az aggodalom legyen t\u00e9ma<\/strong><\/h2>\n\n\n\n<p>Ha a gyerek azt \u00e9rzi, hogy a sz\u00fclei megint p\u00e1nikolnak, \u00e9s mindig kiakadnak, ha valamilyen netes dologr\u00f3l van sz\u00f3, akkor hamar elj\u00f6n az a helyzet, amikor a gyerek \u201enyugtatgat\u201d, a sz\u00fcl\u0151 meg \u00fagy tesz, mintha megnyugodna. Ha viszont nemcsak arr\u00f3l besz\u00e9l\u00fcnk, amikor baj van, hanem \u00fagy \u00e1ltal\u00e1ban \u00e9rdekl\u0151d\u00e9st mutatunk a gyerek netes \u00e9lm\u00e9nyei ir\u00e1nt, akkor sokkal nagyobb es\u00e9llyel tudunk elrugaszkodni a sablonos v\u00e1laszokt\u00f3l, \u00e9s jutunk k\u00f6zelebb id\u0151vel ahhoz, amire val\u00f3j\u00e1ban sz\u00fcks\u00e9g\u00fcnk van sz\u00fcl\u0151k\u00e9nt: hogy a gyerek megb\u00edzzon benn\u00fcnk, mert az \u00e9rzi, hogy k\u00edv\u00e1ncsiak vagyunk r\u00e1, \u00e9s szeretj\u00fck, \u00e9s elfogadjuk \u0151t (akkor is, ha nem mindig \u00e9rtj\u00fck, hogy mit mi\u00e9rt csin\u00e1l).<\/p>\n\n\n\n<h2><strong>5. A szeretetnyelv sokf\u00e9le lehet<\/strong><\/h2>\n\n\n\n<p>Az \u00f6ngyilkoss\u00e1ggal vagy a netes er\u0151szakkal \u00e9s b\u00e1ntalmaz\u00e1ssal legink\u00e1bb vesz\u00e9lyeztetett gyerekek eset\u00e9ben \u00e1ltal\u00e1ban azt l\u00e1tjuk, hogy az\u00e9rt kiszolg\u00e1ltatottak a k\u00e1ros oldalaknak, programoknak, mert \u00fagy \u00e9rzik, <a href=\"https:\/\/yelon.hu\/szuloknek\/tudatos-jelenlet-a-gyereknevelesben\/\" target=\"_blank\" rel=\"noreferrer noopener\" aria-label=\"senki nem figyel r\u00e1juk (\u00faj f\u00fcl\u00f6n nyitja meg)\">senki nem figyel r\u00e1juk<\/a>, nem fontosak, nem szeretik \u0151ket, nem sz\u00e1m\u00edtanak. Sz\u00fcl\u0151k\u00e9nt sokat tehet\u00fcnk az\u00e9rt, hogy a gyerek\u00fcnk ne \u00e9rezze \u00edgy mag\u00e1t (akkor sem, ha aktu\u00e1lisan t\u00f6bb a konfliktusunk vele, mert \u00e9ppen nehezebb \u00e9letszakaszban vagy korban van).\u00a0<\/p>\n\n\n\n<p>Ilyenkor fontos, hogy hogyan fejezz\u00fck ki fel\u00e9 a szeretet\u00fcnket: ha nem tudjuk mondani, akkor az \u00e9rint\u00e9s, az \u00f6lel\u00e9s is sz\u00e1m\u00edt. Ha a gyerek kit\u00e9r az \u00e9rint\u00e9s el\u0151l, akkor adjunk neki az id\u0151nkb\u0151l, \u00e9s pr\u00f3b\u00e1ljunk t\u00f6bbet lenni vele. Ha ez sem megy, akkor minden tett\u00fcnk sz\u00f3ljon arr\u00f3l, hogy szeretj\u00fck. <a href=\"https:\/\/yelon.hu\/szuloknek\/tippek-az-onbizalom-novelesehez\/\" target=\"_blank\" rel=\"noreferrer noopener\" aria-label=\"T\u00e1mogassuk abban (\u00faj f\u00fcl\u00f6n nyitja meg)\">T\u00e1mogassuk abban<\/a>, amit csin\u00e1l, eml\u00e9kezz\u00fcnk a neki fontos dolgokra. Pr\u00f3b\u00e1ljuk meg a lehet\u0151 legt\u00f6bb m\u00f3don <a href=\"https:\/\/yelon.hu\/szuloknek\/30-gyereksimogato-mondat\/\" target=\"_blank\" rel=\"noreferrer noopener\" aria-label=\"kifejezni, hogy szeretj\u00fck \u00e9s elfogadjuk (\u00faj f\u00fcl\u00f6n nyitja meg)\">kifejezni, hogy szeretj\u00fck \u00e9s elfogadjuk<\/a>.<\/p>\n\n\n\n<p>Az esetek d\u00f6nt\u0151 t\u00f6bbs\u00e9g\u00e9ben nem egyik pillanatr\u00f3l a m\u00e1sikra jut egy gyerek oda, hogy \u00f6nmaga ellen fordul.<\/p>\n\n\n\n<p>Ha viszont egy folyamattal \u00e1llunk szemben, az mindig lehet\u0151s\u00e9get ad sz\u00e1munkra, hogy tegy\u00fcnk valamit, v\u00e1ltoztassunk, seg\u00edts\u00e9get k\u00e9rj\u00fcnk \u2013 hogy seg\u00edthess\u00fcnk.<\/p>\n\n\n\n<p><em>Gyurk\u00f3 Szilvi<\/em><\/p>\n\n\n\n<p><em>K\u00e9sz\u00fclt a <a href=\"https:\/\/wmn.hu\/ugy\/49228-kek-balna-momo-es-a-tobbiek--5-tipp-szuloknek-hogy-megvedd-a-gyerekedet-a-netes-oruletektol\" target=\"_blank\" rel=\"noreferrer noopener\" aria-label=\"WMN cikke (\u00faj f\u00fcl\u00f6n nyitja meg)\">WMN cikke<\/a> alapj\u00e1n.<\/em><\/p>\n\n\n\n<p><em>Kiemelt k\u00e9p <a href=\"https:\/\/images.unsplash.com\/photo-1544890225-2f3faec4cd60?ixlib=rb-1.2.1&amp;ixid=eyJhcHBfaWQiOjEyMDd9&amp;auto=format&amp;fit=crop&amp;w=625&amp;q=80\" target=\"_blank\" rel=\"noreferrer noopener\" aria-label=\" (\u00faj f\u00fcl\u00f6n nyitja meg)\">innen<\/a><\/em><\/p>\n","protected":false},"excerpt":{"rendered":"<p>Mit tehet\u00fcnk sz\u00fcl\u0151k\u00e9nt az egyre gyakrabban felbukkan\u00f3 netes ijesztget\u00e9sek, webes kih\u00edv\u00e1sok, online zaklat\u00e1s ellen? Hogyan seg\u00edts\u00fcnk gyerekeinknek, \u00e9s hogyan k\u00e9sz\u00edthetj\u00fck fel \u0151ket a biztons\u00e1gos netez\u00e9sre?  <\/p>\n","protected":false},"author":9,"featured_media":3430,"comment_status":"closed","ping_status":"closed","sticky":false,"template":"","format":"standard","meta":[],"categories":[8],"tags":[134,922,921,924,698,166,492,919,714,926,630,916,511,923,917,925,918,927,47,201,928,920],"yoast_head":"<!-- This site is optimized with the Yoast SEO plugin v15.1 - https:\/\/yoast.com\/wordpress\/plugins\/seo\/ -->\n<title>K\u00e9k b\u00e1lna, Momo \u2013 Hogyan v\u00e9dj\u00fck meg a gyerekeket? - Yelon<\/title>\n<meta name=\"description\" content=\"\u00d6ngyilkoss\u00e1gra biztat\u00f3 internetes oldalak, \u00e9letvesz\u00e9lyes webes kih\u00edv\u00e1sok, online zaklat\u00e1s, szexting... Hogyan el\u0151zhetj\u00fck meg sz\u00fcl\u0151k\u00e9nt ezeknek a vesz\u00e9lyeit?\" \/>\n<meta name=\"robots\" content=\"index, follow, max-snippet:-1, max-image-preview:large, max-video-preview:-1\" \/>\n<link rel=\"canonical\" href=\"https:\/\/yelon.hu\/szuloknek\/kek-balna-momo-hogyan-vedjuk-meg-a-gyerekeket\/\" \/>\n<meta property=\"og:locale\" content=\"hu_HU\" \/>\n<meta property=\"og:type\" content=\"article\" \/>\n<meta property=\"og:title\" content=\"K\u00e9k b\u00e1lna, Momo \u2013 Hogyan v\u00e9dj\u00fck meg a gyerekeket? - Yelon\" \/>\n<meta property=\"og:description\" content=\"\u00d6ngyilkoss\u00e1gra biztat\u00f3 internetes oldalak, \u00e9letvesz\u00e9lyes webes kih\u00edv\u00e1sok, online zaklat\u00e1s, szexting... Hogyan el\u0151zhetj\u00fck meg sz\u00fcl\u0151k\u00e9nt ezeknek a vesz\u00e9lyeit?\" \/>\n<meta property=\"og:url\" content=\"https:\/\/yelon.hu\/szuloknek\/kek-balna-momo-hogyan-vedjuk-meg-a-gyerekeket\/\" \/>\n<meta property=\"og:site_name\" content=\"Yelon\" \/>\n<meta property=\"article:published_time\" content=\"2018-09-02T11:16:00+00:00\" \/>\n<meta property=\"article:modified_time\" content=\"2020-02-21T01:39:50+00:00\" \/>\n<meta property=\"og:image\" content=\"https:\/\/yelon.hu\/szuloknek\/wp-content\/uploads\/2020\/02\/netes_ijesztegetes.jpg\" \/>\n\t<meta property=\"og:image:width\" content=\"625\" \/>\n\t<meta property=\"og:image:height\" content=\"500\" \/>\n<meta name=\"twitter:card\" content=\"summary_large_image\" \/>\n<script type=\"application\/ld+json\" class=\"yoast-schema-graph\">{\"@context\":\"https:\/\/schema.org\",\"@graph\":[{\"@type\":\"WebSite\",\"@id\":\"https:\/\/yelon.hu\/szuloknek\/#website\",\"url\":\"https:\/\/yelon.hu\/szuloknek\/\",\"name\":\"Yelon\",\"description\":\"Kamaszoknak \\u00e9s sz\\u00fcl\\u0151knek sz\\u00f3l\\u00f3 online magazin\",\"potentialAction\":[{\"@type\":\"SearchAction\",\"target\":\"https:\/\/yelon.hu\/szuloknek\/?s={search_term_string}\",\"query-input\":\"required name=search_term_string\"}],\"inLanguage\":\"hu\"},{\"@type\":\"ImageObject\",\"@id\":\"https:\/\/yelon.hu\/szuloknek\/kek-balna-momo-hogyan-vedjuk-meg-a-gyerekeket\/#primaryimage\",\"inLanguage\":\"hu\",\"url\":\"https:\/\/yelon.hu\/szuloknek\/wp-content\/uploads\/2020\/02\/netes_ijesztegetes.jpg\",\"width\":625,\"height\":500,\"caption\":\"Netes ijeszteget\\u00e9s\"},{\"@type\":\"WebPage\",\"@id\":\"https:\/\/yelon.hu\/szuloknek\/kek-balna-momo-hogyan-vedjuk-meg-a-gyerekeket\/#webpage\",\"url\":\"https:\/\/yelon.hu\/szuloknek\/kek-balna-momo-hogyan-vedjuk-meg-a-gyerekeket\/\",\"name\":\"K\\u00e9k b\\u00e1lna, Momo \\u2013 Hogyan v\\u00e9dj\\u00fck meg a gyerekeket? - Yelon\",\"isPartOf\":{\"@id\":\"https:\/\/yelon.hu\/szuloknek\/#website\"},\"primaryImageOfPage\":{\"@id\":\"https:\/\/yelon.hu\/szuloknek\/kek-balna-momo-hogyan-vedjuk-meg-a-gyerekeket\/#primaryimage\"},\"datePublished\":\"2018-09-02T11:16:00+00:00\",\"dateModified\":\"2020-02-21T01:39:50+00:00\",\"author\":{\"@id\":\"https:\/\/yelon.hu\/szuloknek\/#\/schema\/person\/c9fa38f81f80ff5bbd245a64fddaee93\"},\"description\":\"\\u00d6ngyilkoss\\u00e1gra biztat\\u00f3 internetes oldalak, \\u00e9letvesz\\u00e9lyes webes kih\\u00edv\\u00e1sok, online zaklat\\u00e1s, szexting... Hogyan el\\u0151zhetj\\u00fck meg sz\\u00fcl\\u0151k\\u00e9nt ezeknek a vesz\\u00e9lyeit?\",\"inLanguage\":\"hu\",\"potentialAction\":[{\"@type\":\"ReadAction\",\"target\":[\"https:\/\/yelon.hu\/szuloknek\/kek-balna-momo-hogyan-vedjuk-meg-a-gyerekeket\/\"]}]},{\"@type\":\"Person\",\"@id\":\"https:\/\/yelon.hu\/szuloknek\/#\/schema\/person\/c9fa38f81f80ff5bbd245a64fddaee93\",\"name\":\"B. Zsofi\",\"image\":{\"@type\":\"ImageObject\",\"@id\":\"https:\/\/yelon.hu\/szuloknek\/#personlogo\",\"inLanguage\":\"hu\",\"url\":\"https:\/\/secure.gravatar.com\/avatar\/0936caaf13a2f9714ad4b7bd07dd9bca?s=96&d=mm&r=g\",\"caption\":\"B. Zsofi\"}}]}<\/script>\n<!-- \/ Yoast SEO plugin. -->","_links":{"self":[{"href":"https:\/\/yelon.hu\/szuloknek\/wp-json\/wp\/v2\/posts\/3429"}],"collection":[{"href":"https:\/\/yelon.hu\/szuloknek\/wp-json\/wp\/v2\/posts"}],"about":[{"href":"https:\/\/yelon.hu\/szuloknek\/wp-json\/wp\/v2\/types\/post"}],"author":[{"embeddable":true,"href":"https:\/\/yelon.hu\/szuloknek\/wp-json\/wp\/v2\/users\/9"}],"replies":[{"embeddable":true,"href":"https:\/\/yelon.hu\/szuloknek\/wp-json\/wp\/v2\/comments?post=3429"}],"version-history":[{"count":5,"href":"https:\/\/yelon.hu\/szuloknek\/wp-json\/wp\/v2\/posts\/3429\/revisions"}],"predecessor-version":[{"id":3980,"href":"https:\/\/yelon.hu\/szuloknek\/wp-json\/wp\/v2\/posts\/3429\/revisions\/3980"}],"wp:featuredmedia":[{"embeddable":true,"href":"https:\/\/yelon.hu\/szuloknek\/wp-json\/wp\/v2\/media\/3430"}],"wp:attachment":[{"href":"https:\/\/yelon.hu\/szuloknek\/wp-json\/wp\/v2\/media?parent=3429"}],"wp:term":[{"taxonomy":"category","embeddable":true,"href":"https:\/\/yelon.hu\/szuloknek\/wp-json\/wp\/v2\/categories?post=3429"},{"taxonomy":"post_tag","embeddable":true,"href":"https:\/\/yelon.hu\/szuloknek\/wp-json\/wp\/v2\/tags?post=3429"}],"curies":[{"name":"wp","href":"https:\/\/api.w.org\/{rel}","templated":true}]}}