{"id":3469,"date":"2017-09-07T12:38:00","date_gmt":"2017-09-07T10:38:00","guid":{"rendered":"https:\/\/yelon.hu\/szuloknek\/?p=3469"},"modified":"2020-05-30T10:10:01","modified_gmt":"2020-05-30T08:10:01","slug":"a-media-szerepe-az-eveszavarok-kialakulasaban","status":"publish","type":"post","link":"https:\/\/yelon.hu\/szuloknek\/a-media-szerepe-az-eveszavarok-kialakulasaban\/","title":{"rendered":"Mekkora a m\u00e9dia val\u00f3s szerepe az ev\u00e9szavarok kialakul\u00e1s\u00e1ban?"},"content":{"rendered":"\n<p>Olykor m\u00e9g a mindenki \u00e1ltal csod\u00e1lt modellek is <a href=\"https:\/\/yelon.hu\/szuloknek\/a-testkepzavar-fiukat-is-erinthet\/\" target=\"_blank\" rel=\"noreferrer noopener\" aria-label=\"k\u00fczdenek testk\u00e9pzavarral (\u00faj f\u00fcl\u00f6n nyitja meg)\">k\u00fczdenek testk\u00e9pzavarral<\/a> vagy <a href=\"https:\/\/yelon.hu\/szuloknek\/az-eveszavarokrol-altalaban\/\" target=\"_blank\" rel=\"noreferrer noopener\" aria-label=\"ev\u00e9szavarral (\u00faj f\u00fcl\u00f6n nyitja meg)\">ev\u00e9szavarral<\/a>, ami nemcsak a n\u0151k k\u00f6r\u00e9ben terjed, a f\u00e9rfiakat sem k\u00edm\u00e9li.<\/p>\n\n\n\n<!--more-->\n\n\n\n<h2>Fogy\u00f3k\u00far\u00e1z\u00e1s r\u00e9gen, \u00e9letm\u00f3dv\u00e1lt\u00e1s ma<\/h2>\n\n\n\n<p>A t\u00e9v\u00e9, az <a href=\"https:\/\/yelon.hu\/szuloknek\/hogyan-beszeljunk-a-gyerekekkel-az-internetrol\/\" target=\"_blank\" rel=\"noreferrer noopener\" aria-label=\"internet (\u00faj f\u00fcl\u00f6n nyitja meg)\">internet<\/a>, a magazinok hemzsegnek a k\u00fcl\u00f6nb\u00f6z\u0151 fogy\u00e1st \u00edg\u00e9r\u0151 csodaszerek hirdet\u00e9seit\u0151l, a 100%-osan biztos sikert \u00edg\u00e9r\u0151 fogyaszt\u00f3 di\u00e9t\u00e1kt\u00f3l, \u00edgy szinte \u00e9szrev\u00e9tlen\u00fcl ker\u00fclt bele a k\u00f6ztudatba \u00fagy nagyj\u00e1b\u00f3l 10\u201315 \u00e9ve, hogy fogy\u00f3k\u00far\u00e1zni kell, fogy\u00f3k\u00far\u00e1zni divat. Azt\u00e1n a fogy\u00f3k\u00fara fogalma egyre ink\u00e1bb el\u00e9rt\u00e9ktelenedett, tal\u00e1n azzal, hogy a t\u00e1rsadalmi sikertelens\u00e9ge t\u00f6retlen, hiszen az emberek egyre csak h\u00edznak. Mostan\u00e1ban a teljes \u00e9letm\u00f3dv\u00e1lt\u00e1sok a n\u00e9pszer\u0171ek, amelyek az \u00e9tkez\u00e9sen t\u00fal a testmozg\u00e1sra is kiterjednek, s\u0151t pszichol\u00f3giai oldalr\u00f3l a pozit\u00edv gondolkod\u00e1s mint k\u00f6telez\u0151en elsaj\u00e1t\u00edtand\u00f3 k\u00e9szs\u00e9g is az \u00faj, eg\u00e9szs\u00e9ges \u00e9letvitel alappill\u00e9r\u00e9v\u00e9 v\u00e1lt.<\/p>\n\n\n\n<h2>Irre\u00e1lis testide\u00e1l<\/h2>\n\n\n\n<p>Az elm\u00falt n\u00e9h\u00e1ny \u00e9vtizedben a nyugati kult\u00fara \u00e1ltal sugallt testide\u00e1l a sokszor k\u00f3rosan sov\u00e1ny testalkat. Sajnos, manaps\u00e1g m\u00e1r a 7-8 \u00e9ves gyerekek is maguk\u00e9v\u00e1 tett\u00e9k ezt az ide\u00e1lt, amit kor\u00e1bban a feln\u0151ttek k\u00e9pviseltek. A legt\u00f6bb n\u0151 sz\u00e1m\u00e1ra fizikailag lehetetlen el\u00e9rni a keskeny cs\u00edp\u0151j\u0171, v\u00e9kony comb\u00fa idealiz\u00e1lt testform\u00e1t. M\u00e9gis n\u0151k milli\u00f3i a vil\u00e1gon nap mint nap ez\u00e9rt k\u00fczdenek, s \u00edgy \u00e9lik le gyakran az eg\u00e9sz \u00e9let\u00fcket.&nbsp;<\/p>\n\n\n\n<h2>A k\u00fcls\u0151 mindenek felett<\/h2>\n\n\n\n<p>A zavarok sz\u00ednesed\u00e9se a n\u0151i popul\u00e1ci\u00f3ban m\u00e1r \u00f6nmag\u00e1ban felveti a szociokultur\u00e1lis t\u00e9nyez\u0151k jelent\u0151s\u00e9g\u00e9t az ev\u00e9szavarokban. Ennek okai k\u00f6z\u00f6tt eml\u00edt\u00e9sre m\u00e9lt\u00f3 a testtel foglalkoz\u00f3 ipar\u00e1gak elterjed\u00e9se, a testkultusz kibontakoz\u00e1sa (wellness, fitness megjelen\u00e9se, a plasztikai seb\u00e9szet egyes ter\u00fcleteinek n\u00e9pszer\u0171v\u00e9 \u00e9s el\u00e9rhet\u0151v\u00e9 v\u00e1l\u00e1sa egyre sz\u00e9lesebb t\u00e1rsadalmi r\u00e9tegekben), tov\u00e1bb\u00e1 az eur\u00f3pai kult\u00fara amerikaniz\u00e1l\u00f3d\u00e1sa, mely mag\u00e1val hozza a szt\u00e1rkultuszt \u00e9s a kompetenci\u00e1t, testi \u00e9s lelki er\u0151t, sikeress\u00e9get sug\u00e1rz\u00f3 androg\u00fcn (a pozit\u00edv n\u0151ies \u00e9s f\u00e9rfias jegyeket egyar\u00e1nt tartalmaz\u00f3) ide\u00e1lokat is.&nbsp;<\/p>\n\n\n\n<p>A szociokultur\u00e1lis v\u00e1ltoz\u00e1sok k\u00f6z\u00fcl kiemelend\u0151 a <a href=\"https:\/\/yelon.hu\/szuloknek\/a-nemi-identitas-fiu-vagy-lany\/\" target=\"_blank\" rel=\"noreferrer noopener\" aria-label=\"nemi szerepekben (\u00faj f\u00fcl\u00f6n nyitja meg)\">nemi szerepekben<\/a> az elm\u00falt 30\u201340 \u00e9vben bek\u00f6vetkezett \u00e9s folyamatosan hat\u00f3 v\u00e1ltoz\u00e1s, amelynek jelent\u0151s\u00e9g\u00e9t az ev\u00e9szavarok spektrum\u00e1nak a testk\u00e9pzavarok fel\u00e9 val\u00f3 kisz\u00e9lesed\u00e9s\u00e9ben al\u00e1t\u00e1maszt a f\u00e9rfi t\u00fals\u00faly\u00fa zavarok megjelen\u00e9se is. Az ev\u00e9si zavarokban (<a href=\"https:\/\/yelon.hu\/szuloknek\/gyermekkori-eveszavarok\/\" target=\"_blank\" rel=\"noreferrer noopener\" aria-label=\"anorexia, bulimia (\u00faj f\u00fcl\u00f6n nyitja meg)\">anorexia, bulimia<\/a>) a f\u00e9rfiak ar\u00e1nya az \u00f6sszes megbeteged\u00e9sek 2\u201310%-\u00e1t teszi ki, az \u00faj esetek megjelen\u00e9s\u00e9nek gyakoris\u00e1ga az ut\u00f3bbi \u00e9vtizedekben a n\u0151kben \u00e9szleltek\u00e9hez hasonl\u00f3.<\/p>\n\n\n\n<h2>A m\u00e9dia \u00e1ltal sugallt irre\u00e1lis testide\u00e1l \u00f6nmag\u00e1ban nem el\u00e9g az ev\u00e9szavarok megjelen\u00e9s\u00e9hez<\/h2>\n\n\n\n<p>A m\u00e9dia \u00e1ltal sugallt irre\u00e1lis testide\u00e1l egy hajlamos\u00edt\u00f3 t\u00e9nyez\u0151t jelent az ev\u00e9szavarok vonatkoz\u00e1s\u00e1ban. Azonban k\u00f3ros hat\u00e1sa csak azokra az emberekre lesz, akik m\u00e1r gyermekkori tapasztalataik miatt fog\u00e9konyak a befoly\u00e1sol\u00e1sra, s \u00f6n\u00e9rt\u00e9kel\u00e9s\u00fck ingatag, \u00f6nismeret\u00fck szeg\u00e9nyes, \u00f6n\u00e9rv\u00e9nyes\u00edt\u00e9si k\u00e9pess\u00e9g\u00fck gyenge. Teh\u00e1t \u00f6nmag\u00e1ban a csontsov\u00e1ny modellek l\u00e1tv\u00e1nya nem ind\u00edt el anorexi\u00e1s folyamatot egy embern\u00e9l sem, ha nem rendelkezik m\u00e1r eleve pszich\u00e9s hajlamos\u00edt\u00f3 t\u00e9nyez\u0151kkel.<\/p>\n\n\n\n<h2>Nem szabad elbagatelliz\u00e1lni sem a m\u00e9dia szerep\u00e9t az ev\u00e9szavarok kialakul\u00e1s\u00e1ban<\/h2>\n\n\n\n<p>Ugyanakkor a t\u00f6megkommunik\u00e1ci\u00f3 szerepe hangs\u00falyos, hiszen ha sz\u00e9ls\u0151s\u00e9ges testide\u00e1lokat l\u00e1thatunk a rekl\u00e1mokban, a magazinokban, akkor ezt a hajlamos\u00edt\u00f3 faktort eleve adottnak kell venn\u00fcnk. Az ut\u00f3bbi \u00e9vekben sok olyan pr\u00f3b\u00e1lkoz\u00e1snak lehet\u00fcnk tan\u00fai a m\u00e9diumok r\u00e9sz\u00e9r\u0151l, amely a duci modellek sz\u00e9ps\u00e9g\u00e9re s \u00f6nmagukkal val\u00f3 megel\u00e9ged\u00e9s\u00e9re akarja felh\u00edvni a figyelmet. Csakhogy eltelik p\u00e1r h\u00f3nap, \u00e9s \u00f3ri\u00e1si h\u00edrver\u00e9st kap az a duci modell, aki lefogyott, s mellette a szalagc\u00edmek: \u201ebomba form\u00e1ban\u201d, \u201esoha nem n\u00e9zett ki ilyen j\u00f3l\u201d\u2026 Az \u00e9rzelemkifejez\u00e9s neh\u00e9zs\u00e9ge, a kommunik\u00e1ci\u00f3s k\u00e9szs\u00e9g hi\u00e1nyoss\u00e1gai, \u00e9nhat\u00e1rprobl\u00e9m\u00e1k, kontrollzavarok \u2013 ezek jellemzik legink\u00e1bb a pszich\u00e9s h\u00e1tteret.<\/p>\n\n\n\n<p>Annak a szem\u00e9lynek, aki \u00fagy \u00e9rzi, hogy elvesz\u00edtette a kontrollt az \u00e9let\u00e9ben, az ev\u00e9szavar egy lehets\u00e9ges eszk\u00f6zt jelenthet valamif\u00e9le er\u0151 vagy kontroll visszaszerz\u00e9s\u00e9hez. Egy olyan kult\u00far\u00e1ban, amely a tests\u00falycs\u00f6kken\u00e9st \u00e9s a sov\u00e1nys\u00e1got idealiz\u00e1lja, az olyan s\u00e9r\u00fcl\u00e9keny emberek sz\u00e1m\u00e1ra, mint a bulimi\u00e1sok vagy az anorexi\u00e1sok, a fogy\u00e1s \u00e9s az alacsony tests\u00faly mindenek feletti kontrollja \u00fagy t\u0171nhet, mintha megold\u00e1s lenne minden probl\u00e9m\u00e1jukra.<\/p>\n\n\n\n<p><em>Dr. Luk\u00e1cs Liza szakpszichol\u00f3gus<\/em><\/p>\n\n\n\n<p><em>Az ev\u00e9szavarokr\u00f3l b\u0151vebben a<\/em> <a href=\"http:\/\/mashogy.hu\/\">mashogy.hu<\/a> <em>oldalon olvashatsz.<\/em><\/p>\n\n\n\n<p><em>Kiemelt k\u00e9p <a href=\"https:\/\/images.unsplash.com\/photo-1520787182336-0e4f42027ac6?ixlib=rb-1.2.1&amp;ixid=eyJhcHBfaWQiOjEyMDd9&amp;auto=format&amp;fit=crop&amp;w=1350&amp;q=80\">innen<\/a><\/em><\/p>\n","protected":false},"excerpt":{"rendered":"<p>Ev\u00e9szavar. Testk\u00e9pzavar. Egyre s\u0171r\u0171ben el\u0151fordul\u00f3 fogalmak. De mit\u0151l alakulhat ki valakin\u00e9l ev\u00e9szavar? Mekkora szerepe van ebben a m\u00e9di\u00e1ban megjelen\u0151, gyakran sz\u00e9ls\u0151s\u00e9ges sz\u00e9ps\u00e9gide\u00e1loknak?<\/p>\n","protected":false},"author":9,"featured_media":3470,"comment_status":"closed","ping_status":"closed","sticky":false,"template":"","format":"standard","meta":[],"categories":[11,33],"tags":[443,1005,1015,618,94,1009,83,1021,492,1014,750,1019,1000,1002,1003,1010,1018,1016,1013,1004,1008,1006,1001,1011,1022,1012,1017,1020,1007],"yoast_head":"<!-- This site is optimized with the Yoast SEO plugin v15.1 - https:\/\/yoast.com\/wordpress\/plugins\/seo\/ -->\n<title>Mekkora a m\u00e9dia val\u00f3s szerepe az ev\u00e9szavarok kialakul\u00e1s\u00e1ban? - Yelon<\/title>\n<meta name=\"description\" content=\"A mindenki \u00e1ltal csod\u00e1lt modellek is k\u00fczdhetenek testk\u00e9pzavarral vagy ev\u00e9szavarral, ami mindk\u00e9t nemet \u00e9rinti... de mi volt el\u0151bb, a ty\u00fak vagy a toj\u00e1s?\" \/>\n<meta name=\"robots\" content=\"index, follow, max-snippet:-1, max-image-preview:large, max-video-preview:-1\" \/>\n<link rel=\"canonical\" href=\"https:\/\/yelon.hu\/szuloknek\/a-media-szerepe-az-eveszavarok-kialakulasaban\/\" \/>\n<meta property=\"og:locale\" content=\"hu_HU\" \/>\n<meta property=\"og:type\" content=\"article\" \/>\n<meta property=\"og:title\" content=\"Mekkora a m\u00e9dia val\u00f3s szerepe az ev\u00e9szavarok kialakul\u00e1s\u00e1ban? - Yelon\" \/>\n<meta property=\"og:description\" content=\"A mindenki \u00e1ltal csod\u00e1lt modellek is k\u00fczdhetenek testk\u00e9pzavarral vagy ev\u00e9szavarral, ami mindk\u00e9t nemet \u00e9rinti... de mi volt el\u0151bb, a ty\u00fak vagy a toj\u00e1s?\" \/>\n<meta property=\"og:url\" content=\"https:\/\/yelon.hu\/szuloknek\/a-media-szerepe-az-eveszavarok-kialakulasaban\/\" \/>\n<meta property=\"og:site_name\" content=\"Yelon\" \/>\n<meta property=\"article:published_time\" content=\"2017-09-07T10:38:00+00:00\" \/>\n<meta property=\"article:modified_time\" content=\"2020-05-30T08:10:01+00:00\" \/>\n<meta property=\"og:image\" content=\"https:\/\/yelon.hu\/szuloknek\/wp-content\/uploads\/2020\/02\/eveszavar.jpg\" \/>\n\t<meta property=\"og:image:width\" content=\"1350\" \/>\n\t<meta property=\"og:image:height\" content=\"900\" \/>\n<meta name=\"twitter:card\" content=\"summary_large_image\" \/>\n<script type=\"application\/ld+json\" class=\"yoast-schema-graph\">{\"@context\":\"https:\/\/schema.org\",\"@graph\":[{\"@type\":\"WebSite\",\"@id\":\"https:\/\/yelon.hu\/szuloknek\/#website\",\"url\":\"https:\/\/yelon.hu\/szuloknek\/\",\"name\":\"Yelon\",\"description\":\"Kamaszoknak \\u00e9s sz\\u00fcl\\u0151knek sz\\u00f3l\\u00f3 online magazin\",\"potentialAction\":[{\"@type\":\"SearchAction\",\"target\":\"https:\/\/yelon.hu\/szuloknek\/?s={search_term_string}\",\"query-input\":\"required name=search_term_string\"}],\"inLanguage\":\"hu\"},{\"@type\":\"ImageObject\",\"@id\":\"https:\/\/yelon.hu\/szuloknek\/a-media-szerepe-az-eveszavarok-kialakulasaban\/#primaryimage\",\"inLanguage\":\"hu\",\"url\":\"https:\/\/yelon.hu\/szuloknek\/wp-content\/uploads\/2020\/02\/eveszavar.jpg\",\"width\":1350,\"height\":900,\"caption\":\"Ev\\u00e9szavar \\u00e9s m\\u00e9dia\"},{\"@type\":\"WebPage\",\"@id\":\"https:\/\/yelon.hu\/szuloknek\/a-media-szerepe-az-eveszavarok-kialakulasaban\/#webpage\",\"url\":\"https:\/\/yelon.hu\/szuloknek\/a-media-szerepe-az-eveszavarok-kialakulasaban\/\",\"name\":\"Mekkora a m\\u00e9dia val\\u00f3s szerepe az ev\\u00e9szavarok kialakul\\u00e1s\\u00e1ban? - Yelon\",\"isPartOf\":{\"@id\":\"https:\/\/yelon.hu\/szuloknek\/#website\"},\"primaryImageOfPage\":{\"@id\":\"https:\/\/yelon.hu\/szuloknek\/a-media-szerepe-az-eveszavarok-kialakulasaban\/#primaryimage\"},\"datePublished\":\"2017-09-07T10:38:00+00:00\",\"dateModified\":\"2020-05-30T08:10:01+00:00\",\"author\":{\"@id\":\"https:\/\/yelon.hu\/szuloknek\/#\/schema\/person\/c9fa38f81f80ff5bbd245a64fddaee93\"},\"description\":\"A mindenki \\u00e1ltal csod\\u00e1lt modellek is k\\u00fczdhetenek testk\\u00e9pzavarral vagy ev\\u00e9szavarral, ami mindk\\u00e9t nemet \\u00e9rinti... de mi volt el\\u0151bb, a ty\\u00fak vagy a toj\\u00e1s?\",\"inLanguage\":\"hu\",\"potentialAction\":[{\"@type\":\"ReadAction\",\"target\":[\"https:\/\/yelon.hu\/szuloknek\/a-media-szerepe-az-eveszavarok-kialakulasaban\/\"]}]},{\"@type\":\"Person\",\"@id\":\"https:\/\/yelon.hu\/szuloknek\/#\/schema\/person\/c9fa38f81f80ff5bbd245a64fddaee93\",\"name\":\"B. Zsofi\",\"image\":{\"@type\":\"ImageObject\",\"@id\":\"https:\/\/yelon.hu\/szuloknek\/#personlogo\",\"inLanguage\":\"hu\",\"url\":\"https:\/\/secure.gravatar.com\/avatar\/0936caaf13a2f9714ad4b7bd07dd9bca?s=96&d=mm&r=g\",\"caption\":\"B. Zsofi\"}}]}<\/script>\n<!-- \/ Yoast SEO plugin. -->","_links":{"self":[{"href":"https:\/\/yelon.hu\/szuloknek\/wp-json\/wp\/v2\/posts\/3469"}],"collection":[{"href":"https:\/\/yelon.hu\/szuloknek\/wp-json\/wp\/v2\/posts"}],"about":[{"href":"https:\/\/yelon.hu\/szuloknek\/wp-json\/wp\/v2\/types\/post"}],"author":[{"embeddable":true,"href":"https:\/\/yelon.hu\/szuloknek\/wp-json\/wp\/v2\/users\/9"}],"replies":[{"embeddable":true,"href":"https:\/\/yelon.hu\/szuloknek\/wp-json\/wp\/v2\/comments?post=3469"}],"version-history":[{"count":4,"href":"https:\/\/yelon.hu\/szuloknek\/wp-json\/wp\/v2\/posts\/3469\/revisions"}],"predecessor-version":[{"id":3834,"href":"https:\/\/yelon.hu\/szuloknek\/wp-json\/wp\/v2\/posts\/3469\/revisions\/3834"}],"wp:featuredmedia":[{"embeddable":true,"href":"https:\/\/yelon.hu\/szuloknek\/wp-json\/wp\/v2\/media\/3470"}],"wp:attachment":[{"href":"https:\/\/yelon.hu\/szuloknek\/wp-json\/wp\/v2\/media?parent=3469"}],"wp:term":[{"taxonomy":"category","embeddable":true,"href":"https:\/\/yelon.hu\/szuloknek\/wp-json\/wp\/v2\/categories?post=3469"},{"taxonomy":"post_tag","embeddable":true,"href":"https:\/\/yelon.hu\/szuloknek\/wp-json\/wp\/v2\/tags?post=3469"}],"curies":[{"name":"wp","href":"https:\/\/api.w.org\/{rel}","templated":true}]}}