{"id":3475,"date":"2017-04-13T15:06:00","date_gmt":"2017-04-13T13:06:00","guid":{"rendered":"https:\/\/yelon.hu\/szuloknek\/?p=3475"},"modified":"2020-02-20T15:05:54","modified_gmt":"2020-02-20T14:05:54","slug":"hogyan-beszeljunk-a-gyerekunkkel-az-erekciorol","status":"publish","type":"post","link":"https:\/\/yelon.hu\/szuloknek\/hogyan-beszeljunk-a-gyerekunkkel-az-erekciorol\/","title":{"rendered":"Az erekci\u00f3: \u00edgy seg\u00edthetsz, hogy ne ijessze meg a fiadat az els\u0151"},"content":{"rendered":"\n<p>Kisfi\u00fa vagy nagyfi\u00fa \u2012 b\u00e1rmikor lehet erekci\u00f3ja. Hogy mikor, mit \u00e9s hogyan besz\u00e9lj\u00fcnk err\u0151l? <a href=\"https:\/\/yelon.hu\/szuloknek\/felvilagositas-vagy-szexualis-neveles\/\" target=\"_blank\" rel=\"noreferrer noopener\" aria-label=\"Ak\u00e1r m\u00e1r kisbabakor\u00e1ban kezdhetj\u00fck. (\u00faj f\u00fcl\u00f6n nyitja meg)\">Ak\u00e1r m\u00e1r kisbabakor\u00e1ban kezdhetj\u00fck.<\/a><\/p>\n\n\n\n<!--more-->\n\n\n\n<p>Amennyiben a c\u00edm l\u00e1tt\u00e1n kiss\u00e9 \u00f6sszeszorul a gyomrod, vegy\u00e9l egy m\u00e9ly leveg\u0151t, \u00e9s olvass tov\u00e1bb! Ha szeretn\u00e9d, hogy a gyereked b\u00e1rmilyen t\u00e9m\u00e1t illet\u0151en bizalommal forduljon hozz\u00e1d, legels\u0151 l\u00e9p\u00e9sk\u00e9nt <a href=\"https:\/\/yelon.hu\/szuloknek\/a-szexualis-neveles-bizalom\/\" target=\"_blank\" rel=\"noreferrer noopener\" aria-label=\"b\u00edznod kell magadban (\u00faj f\u00fcl\u00f6n nyitja meg)\">b\u00edznod kell magadban<\/a> \u00e9s abban, hogy alkalmas vagy j\u00f3l nevelni a gyerekedet. Ez nem azt jelenti, hogy t\u00f6k\u00e9letesnek kell lenned. Sokkal fontosabb, hogy hiteles \u00e9s \u00f6nazonos legy\u00e9l, a vele val\u00f3 kapcsolatodban is. Minden m\u00e1s \u2012 a gyakorlatiasabb k\u00e9rd\u00e9seket illet\u0151 tud\u00e1s \u00e1tad\u00e1s\u00e1t is bele\u00e9rtve \u2012 csak ezzel egy\u00fctt m\u0171k\u00f6dik. Ha szeretn\u00e9d j\u00f3l kihaszn\u00e1lni azt az id\u0151szakot, amikor <a href=\"https:\/\/yelon.hu\/szuloknek\/a-gyerek-kerdez-mi-tanulunk\/\" target=\"_blank\" rel=\"noreferrer noopener\" aria-label=\"a gyereked m\u00e9g els\u0151sorban t\u0151led k\u00e9rdez (\u00faj f\u00fcl\u00f6n nyitja meg)\">a gyereked m\u00e9g els\u0151sorban t\u0151led k\u00e9rdez<\/a>, az is fontos, hogy nyitott legy\u00e9l igaz\u00e1n \u0151szint\u00e9n besz\u00e9lgetni vele \u2012 ak\u00e1r az erekci\u00f3r\u00f3l is.\u00a0<\/p>\n\n\n\n<p>Ha m\u00e9g \u00e9ppen k\u00fasz\u00f3-m\u00e1sz\u00f3 korszak\u00e1t \u00e9li, k\u00f6nnyen lehet, hogy azt gondolod, ez a t\u00e9ma m\u00e9g f\u00e9ny\u00e9vekre van t\u0151letek. A helyzet azonban az, hogy megt\u00f6rt\u00e9nhet, hogy egy \u00e1rtatlan pelenk\u00e1z\u00e1sn\u00e1l szembe tal\u00e1lod magad a kisfiad els\u0151 erekci\u00f3j\u00e1val, ami kor\u00e1n felh\u00edvja a figyelmet <a href=\"https:\/\/yelon.hu\/szuloknek\/a-gyerekkori-szexualitas-szakaszai\/\" target=\"_blank\" rel=\"noreferrer noopener\" aria-label=\"a gyerekek nagyon is l\u00e9tez\u0151 szexualit\u00e1s\u00e1ra (\u00faj f\u00fcl\u00f6n nyitja meg)\">a gyerekek nagyon is l\u00e9tez\u0151 szexualit\u00e1s\u00e1ra<\/a>.<\/p>\n\n\n\n<h2><strong>Mikor, mit, hogyan?<\/strong><\/h2>\n\n\n\n<p>Gyakran m\u00e1r eg\u00e9sz pici gyerekek k\u00e9rdeznek testi \u00fcgyekr\u0151l, ami remek alkalom lehet arra, hogy megadjuk a koruknak megfelel\u0151 inform\u00e1ci\u00f3kat. \u00d3vod\u00e1skor\u00fa kisfi\u00faknak a testr\u00e9szek tanul\u00e1sakor <a href=\"https:\/\/yelon.hu\/szuloknek\/adjunk-szavakat-a-gyereknek-hogy-tudjon-beszelni-a-testerol\/\" target=\"_blank\" rel=\"noreferrer noopener\" aria-label=\"a nemi szervek neveit is meg kell mondani (\u00faj f\u00fcl\u00f6n nyitja meg)\">a nemi szervek neveit is meg kell mondani<\/a>, illetve a fi\u00fak \u00e9s l\u00e1nyok teste k\u00f6z\u00f6tti k\u00fcl\u00f6nbs\u00e9gekre is fel kell h\u00edvni a figyelmet. A nemi szervekkel val\u00f3 j\u00e1t\u00e9k, az <a href=\"https:\/\/yelon.hu\/szuloknek\/ne-kelts-buntudatot-a-maszturbalo-gyerekben\/\" target=\"_blank\" rel=\"noreferrer noopener\" aria-label=\"\u00f6nkiel\u00e9g\u00edt\u00e9s (\u00faj f\u00fcl\u00f6n nyitja meg)\">\u00f6nkiel\u00e9g\u00edt\u00e9s<\/a> \u00f6ntudatlan form\u00e1ja \u2012 ilyen kicsi korban ez is term\u00e9szetes. Ezt semmi esetre se tiltsuk. Azt viszont fontos min\u00e9l hamarabb megtan\u00edtani, hogy az ilyesmi mag\u00e1n\u00fcgy, amit nyugodtan lehet csin\u00e1lni elalv\u00e1s el\u0151tt az \u00e1gyban, de a vas\u00e1rnapi csal\u00e1di eb\u00e9dn\u00e9l p\u00e9ld\u00e1ul nem.\u00a0<\/p>\n\n\n\n<p>A pubert\u00e1skor \u00e1ltal\u00e1ban 11 \u00e9s 15 \u00e9ves kor k\u00f6r\u00fcl kezd\u0151dik, \u00e9s k\u00f6r\u00fclbel\u00fcl 5\u20127 \u00e9vig tart. Sok bizonytalans\u00e1gnak \u00e9s <a href=\"https:\/\/yelon.hu\/szuloknek\/a-zarkozott-kamasz-egeszseges\/\" target=\"_blank\" rel=\"noreferrer noopener\" aria-label=\"szorong\u00e1snak (\u00faj f\u00fcl\u00f6n nyitja meg)\">szorong\u00e1snak<\/a> elej\u00e9t veheted, ha m\u00e1r a pubert\u00e1skor kezdete el\u0151tt \u2012 k\u00f6r\u00fclbel\u00fcl 8\u201211 \u00e9ves kor k\u00f6z\u00f6tt \u2012 rendszeresen besz\u00e9lgetsz a gyerekeddel a v\u00e1rhat\u00f3 testi \u00e9s lelki v\u00e1ltoz\u00e1sokr\u00f3l, bele\u00e9rtve az erekci\u00f3t is. <\/p>\n\n\n\n<h4> Ezzel kapcsolatban a k\u00f6vetkez\u0151ket fontos elmondani: <\/h4>\n\n\n\n<ul><li>A p\u00e9nisz \u00e1ltal\u00e1ban puha, de erekci\u00f3 sor\u00e1n a benne l\u00e9v\u0151 barlangos testek v\u00e9rrel tel\u00edt\u0151dnek, aminek hat\u00e1s\u00e1ra megkem\u00e9nyedik \u00e9s fel\u00e1ll.<\/li><li>Erekci\u00f3 l\u00e9trej\u00f6het \u00e9rint\u00e9sre, szexu\u00e1lis izgalom hat\u00e1s\u00e1ra, de teljesen spont\u00e1n m\u00f3don is, p\u00e9ld\u00e1ul \u00e9bred\u00e9skor.<\/li><li>A spont\u00e1n erekci\u00f3 kellemetlen helyzetbe hozhatja a fi\u00fakat. Mag\u00e1t az erekci\u00f3 l\u00e9trej\u00f6tt\u00e9t val\u00f3sz\u00edn\u0171leg nem fogja tudni befoly\u00e1solni, de megpr\u00f3b\u00e1lhatja eltakarni. Ebben seg\u00edthet egy der\u00e9kra k\u00f6t\u00f6tt kab\u00e1t vagy pul\u00f3ver, egy iskolai mappa, testhez simul\u00f3, feszesebb als\u00f3nadr\u00e1g, v\u00e9konyabb anyag\u00fa nadr\u00e1gok helyett pedig farmer.&nbsp;<\/li><li>A fi\u00fagyerekek erekci\u00f3ja a testv\u00e9reket vagy b\u00e1rki m\u00e1st is zavarba hozhat a csal\u00e1don bel\u00fcl. Ilyenkor \u00e9rdemes elmagyar\u00e1zni, hogy ez nem sz\u00e1nd\u00e9kos, \u00e9s neki is kellemetlen, ez\u00e9rt jobb, ha ilyenkor elfordulunk, nem tesz\u00fcnk megjegyz\u00e9st, \u00e9s nem viccel\u0151d\u00fcnk ezen.<\/li><li>Nagyobb fi\u00fak eset\u00e9ben el lehet r\u00e9szletesebben is magyar\u00e1zni a f\u00e9rfi nemi szervek anat\u00f3mi\u00e1j\u00e1t, kit\u00e9rve az ejakul\u00e1ci\u00f3ra, \u00e9s esetleg r\u00e9szletezni, hogy az ond\u00f3 pontosan mib\u0151l, hogyan \u00e9s hol is termel\u0151dik, \u00e9s milyen utat tesz meg a fi\u00fak test\u00e9n bel\u00fcl, miel\u0151tt a p\u00e9niszen kereszt\u00fcl t\u00e1vozik. Itt \u00e9rdemes kit\u00e9rni az el\u0151v\u00e1lad\u00e9kra is, ami szint\u00e9n tartalmazhat spermiumokat, ez\u00e1ltal megterm\u00e9keny\u00edt\u00e9sre alkalmas lehet.&nbsp;<\/li><li>Az ejakul\u00e1ci\u00f3 kapcs\u00e1n besz\u00e9lgethettek az \u00e9jszakai mag\u00f6ml\u00e9sr\u0151l \u00e9s az \u00f6nkiel\u00e9g\u00edt\u00e9sr\u0151l is.&nbsp;<\/li><li>Szint\u00e9n fontos, hogy elmondd neki, hogy milyen v\u00e9dekez\u00e9si m\u00f3dszerek \u00e1llnak a rendelkez\u00e9s\u00e9re, \u00e9s melyiknek mik az el\u0151nyei \u00e9s a h\u00e1tr\u00e1nyai.&nbsp;<\/li><\/ul>\n\n\n\n<h2><strong>Mi a norm\u00e1lis?<\/strong><\/h2>\n\n\n\n<p>A pubert\u00e1skorban l\u00e9v\u0151 fi\u00fak fej\u00e9ben rengeteg a k\u00e9rd\u00e9s az erekci\u00f3val kapcsolatban, hogy mi a norm\u00e1lis \u00e9s mi nem, mint p\u00e9ld\u00e1ul:<\/p>\n\n\n\n<h2><strong>El\u00e9g nagy-e a p\u00e9niszem? Mi az \u00e1tlagos&nbsp; p\u00e9niszm\u00e9ret?<\/strong><\/h2>\n\n\n\n<p>A p\u00e9nisz alakja \u00e9s m\u00e9rete egy\u00e9nenk\u00e9nt m\u00e1s \u00e9s m\u00e1s. Abban is nagy elt\u00e9r\u00e9sek vannak, hogy mennyit v\u00e1ltozik a p\u00e9nisz m\u00e9rete erekci\u00f3 sor\u00e1n. Vannak, akiknek nyugalmi \u00e1llapotban kisebb a p\u00e9nisz\u00fck, \u00e9s t\u00f6bbsz\u00f6r\u00f6s\u00e9re n\u0151 erekci\u00f3 sor\u00e1n, \u00e9s vannak, akiknek nagyobb, \u00e9s kevesebbet v\u00e1ltozik erekci\u00f3kor. A p\u00e9nisz m\u00e9ret\u00e9nek nincs k\u00f6ze ahhoz, hogy valaki j\u00f3 szexu\u00e1lis partnerr\u00e9 v\u00e1lik-e vagy sem. Sokkal fontosabb, hogy mennyire ny\u00fajtunk kellemes t\u00e1rsas\u00e1got a m\u00e1sik sz\u00e1m\u00e1ra.<\/p>\n\n\n\n<h2><strong>Napi h\u00e1ny erekci\u00f3 norm\u00e1lis, \u00e9s meddig tart az erekci\u00f3?<\/strong><\/h2>\n\n\n\n<p>Nincs szab\u00e1ly arra, hogy napi h\u00e1ny erekci\u00f3 sz\u00e1m\u00edt norm\u00e1lisnak. A pubert\u00e1skor alatt naponta t\u00f6bbsz\u00f6r is lehet a fi\u00faknak spont\u00e1n erekci\u00f3ja, ezeknek a sz\u00e1ma k\u00e9s\u0151bb cs\u00f6kkenhet, \u00e9s ink\u00e1bb szexu\u00e1lis helyzetekhez k\u00f6t\u0151dik majd. Az erekci\u00f3 tarthat m\u00e1sodpercekig, de sokkal tov\u00e1bb is. Egy\u00fcttl\u00e9tkor semmik\u00e9pp sem elv\u00e1r\u00e1s a fi\u00fakkal szemben, hogy \u00f3r\u00e1kon \u00e1t tart\u00f3 erekci\u00f3t \u201eproduk\u00e1ljanak\u201d.&nbsp;<\/p>\n\n\n\n<h2><strong>Norm\u00e1lis, ha v\u00e1ltozik a p\u00e9niszem sz\u00edne?<\/strong><\/h2>\n\n\n\n<p>A p\u00e9nisz b\u0151r\u00e9nek a sz\u00edne s\u00f6t\u00e9tebb lehet, mint a test t\u00f6bbi r\u00e9sze, \u00e9s lehetnek rajta kidudorod\u00f3 erek. Erekci\u00f3 sor\u00e1n a p\u00e9nisz az izgalom hat\u00e1s\u00e1ra ak\u00e1r eg\u00e9szen bord\u00f3s, lil\u00e1s sz\u00edn\u0171v\u00e9 is v\u00e1ltozhat.<\/p>\n\n\n\n<h2><strong>Az erekci\u00f3 mindig szexu\u00e1lis izgalmat jelent?<\/strong><\/h2>\n\n\n\n<p>Ez egy\u00e1ltal\u00e1n nem biztos. Az erekci\u00f3nak sok esetben semmi k\u00f6ze a szexu\u00e1lis izgalomhoz. Ha valakinek erekci\u00f3ja van, de nem \u00e9rez szexu\u00e1lis v\u00e1gyat, akkor egyszer\u0171en nem kell foglalkozni vele, elm\u00falik mag\u00e1t\u00f3l. Ugyanez igaz ford\u00edtva is: a p\u00e9nisznek nem kell kem\u00e9nynek lennie ahhoz, hogy szexu\u00e1lis v\u00e1gyat \u00e9rezz\u00fcnk. Term\u00e9szetes, ha valaki izgalomba j\u00f6n, de m\u00e9g sincs erekci\u00f3ja.&nbsp;&nbsp;<\/p>\n\n\n\n<p><em>Marton Kata<\/em><\/p>\n\n\n\n<p><em>Kiemelt k\u00e9p <a href=\"https:\/\/images.unsplash.com\/photo-1561058325-986c344500f2?ixlib=rb-1.2.1&amp;ixid=eyJhcHBfaWQiOjEyMDd9&amp;auto=format&amp;fit=crop&amp;w=755&amp;q=80\">innen<\/a><\/em><\/p>\n","protected":false},"excerpt":{"rendered":"<p>Sok bizonytalans\u00e1gt\u00f3l \u00e9s szorong\u00e1st\u00f3l megk\u00edm\u00e9lheted gyereked, ha pubert\u00e1skor el\u0151tt, \u00e9letkor\u00e1nak megfelel\u0151en besz\u00e9lgetsz vele a v\u00e1rhat\u00f3 testi \u00e9s lelki v\u00e1ltoz\u00e1sokr\u00f3l. Hogy hogyan? Ebben seg\u00edt\u00fcnk neked ebben a cikkben.<\/p>\n","protected":false},"author":9,"featured_media":3488,"comment_status":"closed","ping_status":"closed","sticky":false,"template":"","format":"standard","meta":[],"categories":[12,11],"tags":[1049,1050,1040,1039,866,1045,1041,1046,1044,58,761,1051,61,1042,63,1054,1052,1053,1043,1048,66,1047,540,499],"yoast_head":"<!-- This site is optimized with the Yoast SEO plugin v15.1 - https:\/\/yoast.com\/wordpress\/plugins\/seo\/ -->\n<title>Az erekci\u00f3: \u00edgy seg\u00edthetsz, hogy ne ijessze meg a fiadat az els\u0151 - Yelon<\/title>\n<meta name=\"description\" content=\"Az els\u0151 erekci\u00f3 a fi\u00fakat v\u00e1ratlanul \u00e9ri. Felk\u00e9sz\u00edtheted, hogy ne egy ijeszt\u0151, hanem egy term\u00e9szetes dolog legyen - de mikor, mit \u00e9s hogyan besz\u00e9lj\u00fcnk err\u0151l?\" \/>\n<meta name=\"robots\" content=\"index, follow, max-snippet:-1, max-image-preview:large, max-video-preview:-1\" \/>\n<link rel=\"canonical\" href=\"https:\/\/yelon.hu\/szuloknek\/hogyan-beszeljunk-a-gyerekunkkel-az-erekciorol\/\" \/>\n<meta property=\"og:locale\" content=\"hu_HU\" \/>\n<meta property=\"og:type\" content=\"article\" \/>\n<meta property=\"og:title\" content=\"Az erekci\u00f3: \u00edgy seg\u00edthetsz, hogy ne ijessze meg a fiadat az els\u0151 - Yelon\" \/>\n<meta property=\"og:description\" content=\"Az els\u0151 erekci\u00f3 a fi\u00fakat v\u00e1ratlanul \u00e9ri. Felk\u00e9sz\u00edtheted, hogy ne egy ijeszt\u0151, hanem egy term\u00e9szetes dolog legyen - de mikor, mit \u00e9s hogyan besz\u00e9lj\u00fcnk err\u0151l?\" \/>\n<meta property=\"og:url\" content=\"https:\/\/yelon.hu\/szuloknek\/hogyan-beszeljunk-a-gyerekunkkel-az-erekciorol\/\" \/>\n<meta property=\"og:site_name\" content=\"Yelon\" \/>\n<meta property=\"article:published_time\" content=\"2017-04-13T13:06:00+00:00\" \/>\n<meta property=\"article:modified_time\" content=\"2020-02-20T14:05:54+00:00\" \/>\n<meta property=\"og:image\" content=\"https:\/\/yelon.hu\/szuloknek\/wp-content\/uploads\/2017\/04\/erekcio-szexualis-neveles.jpg\" \/>\n\t<meta property=\"og:image:width\" content=\"1047\" \/>\n\t<meta property=\"og:image:height\" content=\"701\" \/>\n<meta name=\"twitter:card\" content=\"summary_large_image\" \/>\n<script type=\"application\/ld+json\" class=\"yoast-schema-graph\">{\"@context\":\"https:\/\/schema.org\",\"@graph\":[{\"@type\":\"WebSite\",\"@id\":\"https:\/\/yelon.hu\/szuloknek\/#website\",\"url\":\"https:\/\/yelon.hu\/szuloknek\/\",\"name\":\"Yelon\",\"description\":\"Kamaszoknak \\u00e9s sz\\u00fcl\\u0151knek sz\\u00f3l\\u00f3 online magazin\",\"potentialAction\":[{\"@type\":\"SearchAction\",\"target\":\"https:\/\/yelon.hu\/szuloknek\/?s={search_term_string}\",\"query-input\":\"required name=search_term_string\"}],\"inLanguage\":\"hu\"},{\"@type\":\"ImageObject\",\"@id\":\"https:\/\/yelon.hu\/szuloknek\/hogyan-beszeljunk-a-gyerekunkkel-az-erekciorol\/#primaryimage\",\"inLanguage\":\"hu\",\"url\":\"https:\/\/yelon.hu\/szuloknek\/wp-content\/uploads\/2017\/04\/erekcio-szexualis-neveles.jpg\",\"width\":1047,\"height\":701,\"caption\":\"Erekci\\u00f3 gyerekkorban\"},{\"@type\":\"WebPage\",\"@id\":\"https:\/\/yelon.hu\/szuloknek\/hogyan-beszeljunk-a-gyerekunkkel-az-erekciorol\/#webpage\",\"url\":\"https:\/\/yelon.hu\/szuloknek\/hogyan-beszeljunk-a-gyerekunkkel-az-erekciorol\/\",\"name\":\"Az erekci\\u00f3: \\u00edgy seg\\u00edthetsz, hogy ne ijessze meg a fiadat az els\\u0151 - Yelon\",\"isPartOf\":{\"@id\":\"https:\/\/yelon.hu\/szuloknek\/#website\"},\"primaryImageOfPage\":{\"@id\":\"https:\/\/yelon.hu\/szuloknek\/hogyan-beszeljunk-a-gyerekunkkel-az-erekciorol\/#primaryimage\"},\"datePublished\":\"2017-04-13T13:06:00+00:00\",\"dateModified\":\"2020-02-20T14:05:54+00:00\",\"author\":{\"@id\":\"https:\/\/yelon.hu\/szuloknek\/#\/schema\/person\/c9fa38f81f80ff5bbd245a64fddaee93\"},\"description\":\"Az els\\u0151 erekci\\u00f3 a fi\\u00fakat v\\u00e1ratlanul \\u00e9ri. Felk\\u00e9sz\\u00edtheted, hogy ne egy ijeszt\\u0151, hanem egy term\\u00e9szetes dolog legyen - de mikor, mit \\u00e9s hogyan besz\\u00e9lj\\u00fcnk err\\u0151l?\",\"inLanguage\":\"hu\",\"potentialAction\":[{\"@type\":\"ReadAction\",\"target\":[\"https:\/\/yelon.hu\/szuloknek\/hogyan-beszeljunk-a-gyerekunkkel-az-erekciorol\/\"]}]},{\"@type\":\"Person\",\"@id\":\"https:\/\/yelon.hu\/szuloknek\/#\/schema\/person\/c9fa38f81f80ff5bbd245a64fddaee93\",\"name\":\"B. Zsofi\",\"image\":{\"@type\":\"ImageObject\",\"@id\":\"https:\/\/yelon.hu\/szuloknek\/#personlogo\",\"inLanguage\":\"hu\",\"url\":\"https:\/\/secure.gravatar.com\/avatar\/0936caaf13a2f9714ad4b7bd07dd9bca?s=96&d=mm&r=g\",\"caption\":\"B. Zsofi\"}}]}<\/script>\n<!-- \/ Yoast SEO plugin. -->","_links":{"self":[{"href":"https:\/\/yelon.hu\/szuloknek\/wp-json\/wp\/v2\/posts\/3475"}],"collection":[{"href":"https:\/\/yelon.hu\/szuloknek\/wp-json\/wp\/v2\/posts"}],"about":[{"href":"https:\/\/yelon.hu\/szuloknek\/wp-json\/wp\/v2\/types\/post"}],"author":[{"embeddable":true,"href":"https:\/\/yelon.hu\/szuloknek\/wp-json\/wp\/v2\/users\/9"}],"replies":[{"embeddable":true,"href":"https:\/\/yelon.hu\/szuloknek\/wp-json\/wp\/v2\/comments?post=3475"}],"version-history":[{"count":5,"href":"https:\/\/yelon.hu\/szuloknek\/wp-json\/wp\/v2\/posts\/3475\/revisions"}],"predecessor-version":[{"id":3858,"href":"https:\/\/yelon.hu\/szuloknek\/wp-json\/wp\/v2\/posts\/3475\/revisions\/3858"}],"wp:featuredmedia":[{"embeddable":true,"href":"https:\/\/yelon.hu\/szuloknek\/wp-json\/wp\/v2\/media\/3488"}],"wp:attachment":[{"href":"https:\/\/yelon.hu\/szuloknek\/wp-json\/wp\/v2\/media?parent=3475"}],"wp:term":[{"taxonomy":"category","embeddable":true,"href":"https:\/\/yelon.hu\/szuloknek\/wp-json\/wp\/v2\/categories?post=3475"},{"taxonomy":"post_tag","embeddable":true,"href":"https:\/\/yelon.hu\/szuloknek\/wp-json\/wp\/v2\/tags?post=3475"}],"curies":[{"name":"wp","href":"https:\/\/api.w.org\/{rel}","templated":true}]}}