{"id":3494,"date":"2016-10-31T09:55:00","date_gmt":"2016-10-31T08:55:00","guid":{"rendered":"https:\/\/yelon.hu\/szuloknek\/?p=3494"},"modified":"2020-02-20T12:39:25","modified_gmt":"2020-02-20T11:39:25","slug":"adjunk-szavakat-a-gyereknek-hogy-tudjon-beszelni-a-testerol","status":"publish","type":"post","link":"https:\/\/yelon.hu\/szuloknek\/adjunk-szavakat-a-gyereknek-hogy-tudjon-beszelni-a-testerol\/","title":{"rendered":"Adjunk szavakat a gyereknek, hogy tudjon besz\u00e9lni a test\u00e9r\u0151l"},"content":{"rendered":"\n<p>Honnan tudn\u00e1 a gyerek, mi az a punci, ha nem tan\u00edtjuk meg neki? Minden testr\u00e9sz\u00e9hez adjunk szavakat! <\/p>\n\n\n\n<!--more-->\n\n\n\n<p>Senki sem sz\u00fcletik \u00fagy, hogy tiszt\u00e1ban legyen a saj\u00e1t testr\u00e9szeinek nev\u00e9vel, azok m\u0171k\u00f6d\u00e9s\u00e9vel. Ahogy a gyerek a nyelvet tanulja, megtanulja kifejezni mag\u00e1t, \u00fagy kell hogy megtanulja <a href=\"https:\/\/yelon.hu\/szuloknek\/egeszseges-szexualitasra-neveles-tabuk-nelkul\/\" target=\"_blank\" rel=\"noreferrer noopener\" aria-label=\"a saj\u00e1t test\u00e9nek m\u0171k\u00f6d\u00e9s\u00e9t (\u00faj f\u00fcl\u00f6n nyitja meg)\">a saj\u00e1t test\u00e9nek m\u0171k\u00f6d\u00e9s\u00e9t<\/a>, a saj\u00e1t testr\u00e9szeinek nev\u00e9t is.<\/p>\n\n\n\n<p>Nagyon fontos, hogy egy gyerek (k\u00e9s\u0151bb kamasz \u00e9s feln\u0151tt) hamar tiszt\u00e1ban legyen azzal, melyik testr\u00e9sz\u00e9t hogy nevezik. Nemcsak a testr\u00e9szek neveir\u0151l fontos a gyereket t\u00e1j\u00e9koztatnunk, hanem arr\u00f3l is, hogy azok:<\/p>\n\n\n\n<ul><li>hogyan m\u0171k\u00f6dnek,<\/li><li><a href=\"https:\/\/yelon.hu\/szuloknek\/szexualis-neveles-kisokos\/\" target=\"_blank\" rel=\"noreferrer noopener\" aria-label=\"mire val\u00f3k (\u00faj f\u00fcl\u00f6n nyitja meg)\">mire val\u00f3k<\/a>,<\/li><li>az alapfunkci\u00f3in k\u00edv\u00fcl esetleg m\u00e9g mire haszn\u00e1lhat\u00f3k,<\/li><li>ki l\u00e1thatja azokat,<\/li><li><a href=\"https:\/\/yelon.hu\/szuloknek\/bugyiszabaly-tanitsuk-meg-hogy-a-nem-az-nem\/\" target=\"_blank\" rel=\"noreferrer noopener\" aria-label=\"ki \u00e9rhet hozz\u00e1 (\u00faj f\u00fcl\u00f6n nyitja meg)\">ki \u00e9rhet hozz\u00e1<\/a>,<\/li><li>ezek milyen \u00e9rzeteket \u00e9s \u00e9rz\u00e9seket keltenek benne.<\/li><\/ul>\n\n\n\n<h2><strong>Hogyan nevezz\u00fck a nemi szerveket?<\/strong><\/h2>\n\n\n\n<p>Ugyanabban az id\u0151ben, amikor az esti f\u00fcrd\u00e9sn\u00e9l azt mutatjuk a gyereknek, hol van az orra, a f\u00fcle, m\u00e1r c\u00e9lszer\u0171 azt is tan\u00edtani, hogy hol a puncija vagy kukaca. Szinte minden csal\u00e1dnak van k\u00fcl\u00f6n, egyedi sz\u00f3k\u00e9szlete a nemi szervek megnevez\u00e9s\u00e9re, ah\u00e1ny h\u00e1z, annyi szok\u00e1s, \u00e1m az nagyon fontos, hogy a megnevez\u00e9s egy\u00e9rtelm\u0171 legyen. Mindegy, hogy milyen n\u00e9vvel illetj\u00fck a testr\u00e9szeket, a l\u00e9nyeg, hogy besz\u00e9lj\u00fcnk r\u00f3luk!<\/p>\n\n\n\n<h2><strong>Tudjon a gyerek jelezni \u00e9s vigy\u00e1zn<\/strong>i<\/h2>\n\n\n\n<p>Ahhoz hogy egy gyerek vigy\u00e1zni tudjon mag\u00e1ra, amikor annak elj\u00f6n az ideje, \u00e9s m\u00e1r a csal\u00e1dban is <a href=\"https:\/\/yelon.hu\/szuloknek\/a-gyerek-aki-tud-es-mer-nemet-mondani\/\" target=\"_blank\" rel=\"noreferrer noopener\" aria-label=\"tudja jelezni, ha valami nem j\u00f3 neki (\u00faj f\u00fcl\u00f6n nyitja meg)\">tudja jelezni, ha valami nem j\u00f3 neki<\/a>, nagyon kor\u00e1n el kell kezdeni a testr\u00e9szekr\u0151l val\u00f3 besz\u00e9lget\u00e9st. Mire a gyerek k\u00f6z\u00f6ss\u00e9gbe ker\u00fcl, tudnia kell, hogy senki nem ny\u00falhat a nemi szerv\u00e9hez, hogy csak az \u0151t gondoz\u00f3 feln\u0151ttek t\u00f6r\u00f6lhetik a fenek\u00e9t, \u00e9s f\u0151leg azt, hogy ha valami sz\u00e1m\u00e1ra kellemetlen, akkor azt b\u00e1tran mondja el, b\u00e1rmi is az. Majd a feln\u0151ttek eld\u00f6ntik, mit kell tenni vele.<\/p>\n\n\n\n<p>Ahogy egy gyerek \u00e9rik, \u00fagy tanul meg egyre t\u00f6bbet mag\u00e1r\u00f3l, mindig a racion\u00e1lisan lehets\u00e9ges tapasztalatok meg\u00e9rt\u00e9s\u00e9nek a hat\u00e1r\u00e1ig. \u00cdgy lesz mindig felv\u00e9rtezve azokkal a szavakkal \u00e9s \u00f6nismerettel, amire sz\u00fcks\u00e9ge van ahhoz, hogy t\u00e9nyleg meg tudja mag\u00e1t v\u00e9deni, de ha m\u00e9gsem tudja, akkor seg\u00edts\u00e9get tudjon k\u00e9rni.<\/p>\n\n\n\n<p><em>Sz\u0151ke Andr\u00e1s<\/em><\/p>\n\n\n\n<p><em>Kiemelt k\u00e9p <a href=\"https:\/\/images.unsplash.com\/photo-1529203915787-cc54fa70a428?ixlib=rb-1.2.1&amp;ixid=eyJhcHBfaWQiOjEyMDd9&amp;auto=format&amp;fit=crop&amp;w=750&amp;q=80\">innen<\/a><\/em><\/p>\n","protected":false},"excerpt":{"rendered":"<p>Kuki vagy f\u00fctyi? Punci vagy nuni? Mindegy, hogy h\u00edvj\u00e1tok, a l\u00e9nyeg, hogy a gyereked tudja, hogy melyik testr\u00e9sze az, \u00e9s hogy ki l\u00e1thatja \u00e9s \u00e9rhet hozz\u00e1!<\/p>\n","protected":false},"author":9,"featured_media":3495,"comment_status":"closed","ping_status":"closed","sticky":false,"template":"","format":"standard","meta":[],"categories":[12,11],"tags":[1065,1068,1069,1041,1067,472,995,1063,1058,1057,1060,1062,276,1059,1056,63,1070,49,1055,42,1064,1061,1066],"yoast_head":"<!-- This site is optimized with the Yoast SEO plugin v15.1 - https:\/\/yoast.com\/wordpress\/plugins\/seo\/ -->\n<title>Adjunk szavakat a gyereknek, hogy tudjon besz\u00e9lni a test\u00e9r\u0151l - Yelon<\/title>\n<meta name=\"description\" content=\"Ahhoz, hogy a gyerek jelezhesse a sz\u00e1m\u00e1ra kellemetlen \u00e9rint\u00e9seket, helyzeteket, el\u0151sz\u00f6r tudnia kell besz\u00e9lnie minden testr\u00e9sz\u00e9r\u0151l \u2013 a nemi szerveir\u0151l is.\" \/>\n<meta name=\"robots\" content=\"index, follow, max-snippet:-1, max-image-preview:large, max-video-preview:-1\" \/>\n<link rel=\"canonical\" href=\"https:\/\/yelon.hu\/szuloknek\/adjunk-szavakat-a-gyereknek-hogy-tudjon-beszelni-a-testerol\/\" \/>\n<meta property=\"og:locale\" content=\"hu_HU\" \/>\n<meta property=\"og:type\" content=\"article\" \/>\n<meta property=\"og:title\" content=\"Adjunk szavakat a gyereknek, hogy tudjon besz\u00e9lni a test\u00e9r\u0151l - Yelon\" \/>\n<meta property=\"og:description\" content=\"Ahhoz, hogy a gyerek jelezhesse a sz\u00e1m\u00e1ra kellemetlen \u00e9rint\u00e9seket, helyzeteket, el\u0151sz\u00f6r tudnia kell besz\u00e9lnie minden testr\u00e9sz\u00e9r\u0151l \u2013 a nemi szerveir\u0151l is.\" \/>\n<meta property=\"og:url\" content=\"https:\/\/yelon.hu\/szuloknek\/adjunk-szavakat-a-gyereknek-hogy-tudjon-beszelni-a-testerol\/\" \/>\n<meta property=\"og:site_name\" content=\"Yelon\" \/>\n<meta property=\"article:published_time\" content=\"2016-10-31T08:55:00+00:00\" \/>\n<meta property=\"article:modified_time\" content=\"2020-02-20T11:39:25+00:00\" \/>\n<meta property=\"og:image\" content=\"https:\/\/yelon.hu\/szuloknek\/wp-content\/uploads\/2020\/02\/testreszek_megnevezese.jpg\" \/>\n\t<meta property=\"og:image:width\" content=\"750\" \/>\n\t<meta property=\"og:image:height\" content=\"500\" \/>\n<meta name=\"twitter:card\" content=\"summary_large_image\" \/>\n<script type=\"application\/ld+json\" class=\"yoast-schema-graph\">{\"@context\":\"https:\/\/schema.org\",\"@graph\":[{\"@type\":\"WebSite\",\"@id\":\"https:\/\/yelon.hu\/szuloknek\/#website\",\"url\":\"https:\/\/yelon.hu\/szuloknek\/\",\"name\":\"Yelon\",\"description\":\"Kamaszoknak \\u00e9s sz\\u00fcl\\u0151knek sz\\u00f3l\\u00f3 online magazin\",\"potentialAction\":[{\"@type\":\"SearchAction\",\"target\":\"https:\/\/yelon.hu\/szuloknek\/?s={search_term_string}\",\"query-input\":\"required name=search_term_string\"}],\"inLanguage\":\"hu\"},{\"@type\":\"ImageObject\",\"@id\":\"https:\/\/yelon.hu\/szuloknek\/adjunk-szavakat-a-gyereknek-hogy-tudjon-beszelni-a-testerol\/#primaryimage\",\"inLanguage\":\"hu\",\"url\":\"https:\/\/yelon.hu\/szuloknek\/wp-content\/uploads\/2020\/02\/testreszek_megnevezese.jpg\",\"width\":750,\"height\":500},{\"@type\":\"WebPage\",\"@id\":\"https:\/\/yelon.hu\/szuloknek\/adjunk-szavakat-a-gyereknek-hogy-tudjon-beszelni-a-testerol\/#webpage\",\"url\":\"https:\/\/yelon.hu\/szuloknek\/adjunk-szavakat-a-gyereknek-hogy-tudjon-beszelni-a-testerol\/\",\"name\":\"Adjunk szavakat a gyereknek, hogy tudjon besz\\u00e9lni a test\\u00e9r\\u0151l - Yelon\",\"isPartOf\":{\"@id\":\"https:\/\/yelon.hu\/szuloknek\/#website\"},\"primaryImageOfPage\":{\"@id\":\"https:\/\/yelon.hu\/szuloknek\/adjunk-szavakat-a-gyereknek-hogy-tudjon-beszelni-a-testerol\/#primaryimage\"},\"datePublished\":\"2016-10-31T08:55:00+00:00\",\"dateModified\":\"2020-02-20T11:39:25+00:00\",\"author\":{\"@id\":\"https:\/\/yelon.hu\/szuloknek\/#\/schema\/person\/c9fa38f81f80ff5bbd245a64fddaee93\"},\"description\":\"Ahhoz, hogy a gyerek jelezhesse a sz\\u00e1m\\u00e1ra kellemetlen \\u00e9rint\\u00e9seket, helyzeteket, el\\u0151sz\\u00f6r tudnia kell besz\\u00e9lnie minden testr\\u00e9sz\\u00e9r\\u0151l \\u2013 a nemi szerveir\\u0151l is.\",\"inLanguage\":\"hu\",\"potentialAction\":[{\"@type\":\"ReadAction\",\"target\":[\"https:\/\/yelon.hu\/szuloknek\/adjunk-szavakat-a-gyereknek-hogy-tudjon-beszelni-a-testerol\/\"]}]},{\"@type\":\"Person\",\"@id\":\"https:\/\/yelon.hu\/szuloknek\/#\/schema\/person\/c9fa38f81f80ff5bbd245a64fddaee93\",\"name\":\"B. Zsofi\",\"image\":{\"@type\":\"ImageObject\",\"@id\":\"https:\/\/yelon.hu\/szuloknek\/#personlogo\",\"inLanguage\":\"hu\",\"url\":\"https:\/\/secure.gravatar.com\/avatar\/0936caaf13a2f9714ad4b7bd07dd9bca?s=96&d=mm&r=g\",\"caption\":\"B. Zsofi\"}}]}<\/script>\n<!-- \/ Yoast SEO plugin. -->","_links":{"self":[{"href":"https:\/\/yelon.hu\/szuloknek\/wp-json\/wp\/v2\/posts\/3494"}],"collection":[{"href":"https:\/\/yelon.hu\/szuloknek\/wp-json\/wp\/v2\/posts"}],"about":[{"href":"https:\/\/yelon.hu\/szuloknek\/wp-json\/wp\/v2\/types\/post"}],"author":[{"embeddable":true,"href":"https:\/\/yelon.hu\/szuloknek\/wp-json\/wp\/v2\/users\/9"}],"replies":[{"embeddable":true,"href":"https:\/\/yelon.hu\/szuloknek\/wp-json\/wp\/v2\/comments?post=3494"}],"version-history":[{"count":3,"href":"https:\/\/yelon.hu\/szuloknek\/wp-json\/wp\/v2\/posts\/3494\/revisions"}],"predecessor-version":[{"id":3808,"href":"https:\/\/yelon.hu\/szuloknek\/wp-json\/wp\/v2\/posts\/3494\/revisions\/3808"}],"wp:featuredmedia":[{"embeddable":true,"href":"https:\/\/yelon.hu\/szuloknek\/wp-json\/wp\/v2\/media\/3495"}],"wp:attachment":[{"href":"https:\/\/yelon.hu\/szuloknek\/wp-json\/wp\/v2\/media?parent=3494"}],"wp:term":[{"taxonomy":"category","embeddable":true,"href":"https:\/\/yelon.hu\/szuloknek\/wp-json\/wp\/v2\/categories?post=3494"},{"taxonomy":"post_tag","embeddable":true,"href":"https:\/\/yelon.hu\/szuloknek\/wp-json\/wp\/v2\/tags?post=3494"}],"curies":[{"name":"wp","href":"https:\/\/api.w.org\/{rel}","templated":true}]}}