{"id":3588,"date":"2020-06-18T20:00:00","date_gmt":"2020-06-18T18:00:00","guid":{"rendered":"https:\/\/yelon.hu\/szuloknek\/?p=3588"},"modified":"2020-06-23T13:58:06","modified_gmt":"2020-06-23T11:58:06","slug":"apak-gyerekszemmel","status":"publish","type":"post","link":"https:\/\/yelon.hu\/szuloknek\/apak-gyerekszemmel\/","title":{"rendered":"Ilyennek (is) l\u00e1tj\u00e1k a gyerekek az ap\u00e1kat &#8211; avagy a j\u00f3 ap\u00e1r\u00f3l"},"content":{"rendered":"\n<p>Az ap\u00e1k fontosak \u2013 Ap\u00e1k napj\u00e1n \u00e9s az \u00e9v minden napj\u00e1n. Gal\u00e9ri\u00e1nk v\u00e1logat\u00e1s 10\u201318 \u00e9vesek gondolataib\u00f3l.<\/p>\n\n\n\n<!--more-->\n\n\n\n<figure class=\"wp-block-gallery columns-2 is-cropped\"><ul class=\"blocks-gallery-grid\"><li class=\"blocks-gallery-item\"><figure><img loading=\"lazy\" width=\"940\" height=\"788\" src=\"https:\/\/yelon.hu\/szuloknek\/wp-content\/uploads\/2020\/03\/\u201eA-jo\u0301-apa-kedves-aranyos-e\u0301s-megenged-bizonyos-dolgokat-de-ezeknek-van-hata\u0301ra.-De-legfo\u030bke\u0301ppen-nem-kiaba\u0301l-minden-hu\u0308lyese\u0301ge\u0301rt.\u201d.png\" alt=\"\" data-id=\"4186\" data-full-url=\"https:\/\/yelon.hu\/szuloknek\/wp-content\/uploads\/2020\/03\/\u201eA-jo\u0301-apa-kedves-aranyos-e\u0301s-megenged-bizonyos-dolgokat-de-ezeknek-van-hata\u0301ra.-De-legfo\u030bke\u0301ppen-nem-kiaba\u0301l-minden-hu\u0308lyese\u0301ge\u0301rt.\u201d.png\" data-link=\"https:\/\/yelon.hu\/szuloknek\/?attachment_id=4186\" class=\"wp-image-4186\" srcset=\"https:\/\/yelon.hu\/szuloknek\/wp-content\/uploads\/2020\/03\/\u201eA-jo\u0301-apa-kedves-aranyos-e\u0301s-megenged-bizonyos-dolgokat-de-ezeknek-van-hata\u0301ra.-De-legfo\u030bke\u0301ppen-nem-kiaba\u0301l-minden-hu\u0308lyese\u0301ge\u0301rt.\u201d.png 940w, https:\/\/yelon.hu\/szuloknek\/wp-content\/uploads\/2020\/03\/\u201eA-jo\u0301-apa-kedves-aranyos-e\u0301s-megenged-bizonyos-dolgokat-de-ezeknek-van-hata\u0301ra.-De-legfo\u030bke\u0301ppen-nem-kiaba\u0301l-minden-hu\u0308lyese\u0301ge\u0301rt.\u201d-300x251.png 300w, https:\/\/yelon.hu\/szuloknek\/wp-content\/uploads\/2020\/03\/\u201eA-jo\u0301-apa-kedves-aranyos-e\u0301s-megenged-bizonyos-dolgokat-de-ezeknek-van-hata\u0301ra.-De-legfo\u030bke\u0301ppen-nem-kiaba\u0301l-minden-hu\u0308lyese\u0301ge\u0301rt.\u201d-768x644.png 768w\" sizes=\"(max-width: 940px) 100vw, 940px\" \/><\/figure><\/li><li class=\"blocks-gallery-item\"><figure><img loading=\"lazy\" width=\"940\" height=\"788\" src=\"https:\/\/yelon.hu\/szuloknek\/wp-content\/uploads\/2020\/03\/\u201eA-jo\u0301-apa-ta\u0301mogato\u0301-o\u030bszinte.-E\u0301s-mer-gyenge-is-lenni.\u201d.png\" alt=\"\" data-id=\"4187\" data-full-url=\"https:\/\/yelon.hu\/szuloknek\/wp-content\/uploads\/2020\/03\/\u201eA-jo\u0301-apa-ta\u0301mogato\u0301-o\u030bszinte.-E\u0301s-mer-gyenge-is-lenni.\u201d.png\" data-link=\"https:\/\/yelon.hu\/szuloknek\/?attachment_id=4187\" class=\"wp-image-4187\" srcset=\"https:\/\/yelon.hu\/szuloknek\/wp-content\/uploads\/2020\/03\/\u201eA-jo\u0301-apa-ta\u0301mogato\u0301-o\u030bszinte.-E\u0301s-mer-gyenge-is-lenni.\u201d.png 940w, https:\/\/yelon.hu\/szuloknek\/wp-content\/uploads\/2020\/03\/\u201eA-jo\u0301-apa-ta\u0301mogato\u0301-o\u030bszinte.-E\u0301s-mer-gyenge-is-lenni.\u201d-300x251.png 300w, https:\/\/yelon.hu\/szuloknek\/wp-content\/uploads\/2020\/03\/\u201eA-jo\u0301-apa-ta\u0301mogato\u0301-o\u030bszinte.-E\u0301s-mer-gyenge-is-lenni.\u201d-768x644.png 768w\" sizes=\"(max-width: 940px) 100vw, 940px\" \/><\/figure><\/li><li class=\"blocks-gallery-item\"><figure><img loading=\"lazy\" width=\"940\" height=\"788\" src=\"https:\/\/yelon.hu\/szuloknek\/wp-content\/uploads\/2020\/03\/\u201eAz-apa-szo\u0301ro\u0301l-az-jut-eszembe-hogy-ve\u0301delmezo\u030b..png\" alt=\"\" data-id=\"4188\" data-full-url=\"https:\/\/yelon.hu\/szuloknek\/wp-content\/uploads\/2020\/03\/\u201eAz-apa-szo\u0301ro\u0301l-az-jut-eszembe-hogy-ve\u0301delmezo\u030b..png\" data-link=\"https:\/\/yelon.hu\/szuloknek\/?attachment_id=4188\" class=\"wp-image-4188\" srcset=\"https:\/\/yelon.hu\/szuloknek\/wp-content\/uploads\/2020\/03\/\u201eAz-apa-szo\u0301ro\u0301l-az-jut-eszembe-hogy-ve\u0301delmezo\u030b..png 940w, https:\/\/yelon.hu\/szuloknek\/wp-content\/uploads\/2020\/03\/\u201eAz-apa-szo\u0301ro\u0301l-az-jut-eszembe-hogy-ve\u0301delmezo\u030b.-300x251.png 300w, https:\/\/yelon.hu\/szuloknek\/wp-content\/uploads\/2020\/03\/\u201eAz-apa-szo\u0301ro\u0301l-az-jut-eszembe-hogy-ve\u0301delmezo\u030b.-768x644.png 768w\" sizes=\"(max-width: 940px) 100vw, 940px\" \/><\/figure><\/li><li class=\"blocks-gallery-item\"><figure><img loading=\"lazy\" width=\"940\" height=\"788\" src=\"https:\/\/yelon.hu\/szuloknek\/wp-content\/uploads\/2020\/03\/A-jo\u0301-apa-gondoskodo\u0301..png\" alt=\"\" data-id=\"4189\" data-full-url=\"https:\/\/yelon.hu\/szuloknek\/wp-content\/uploads\/2020\/03\/A-jo\u0301-apa-gondoskodo\u0301..png\" data-link=\"https:\/\/yelon.hu\/szuloknek\/?attachment_id=4189\" class=\"wp-image-4189\" srcset=\"https:\/\/yelon.hu\/szuloknek\/wp-content\/uploads\/2020\/03\/A-jo\u0301-apa-gondoskodo\u0301..png 940w, https:\/\/yelon.hu\/szuloknek\/wp-content\/uploads\/2020\/03\/A-jo\u0301-apa-gondoskodo\u0301.-300x251.png 300w, https:\/\/yelon.hu\/szuloknek\/wp-content\/uploads\/2020\/03\/A-jo\u0301-apa-gondoskodo\u0301.-768x644.png 768w\" sizes=\"(max-width: 940px) 100vw, 940px\" \/><\/figure><\/li><li class=\"blocks-gallery-item\"><figure><img loading=\"lazy\" width=\"940\" height=\"788\" src=\"https:\/\/yelon.hu\/szuloknek\/wp-content\/uploads\/2020\/03\/A-jo\u0301-apa-szeretetteljes..png\" alt=\"\" data-id=\"4190\" data-full-url=\"https:\/\/yelon.hu\/szuloknek\/wp-content\/uploads\/2020\/03\/A-jo\u0301-apa-szeretetteljes..png\" data-link=\"https:\/\/yelon.hu\/szuloknek\/?attachment_id=4190\" class=\"wp-image-4190\" srcset=\"https:\/\/yelon.hu\/szuloknek\/wp-content\/uploads\/2020\/03\/A-jo\u0301-apa-szeretetteljes..png 940w, https:\/\/yelon.hu\/szuloknek\/wp-content\/uploads\/2020\/03\/A-jo\u0301-apa-szeretetteljes.-300x251.png 300w, https:\/\/yelon.hu\/szuloknek\/wp-content\/uploads\/2020\/03\/A-jo\u0301-apa-szeretetteljes.-768x644.png 768w\" sizes=\"(max-width: 940px) 100vw, 940px\" \/><\/figure><\/li><li class=\"blocks-gallery-item\"><figure><img loading=\"lazy\" width=\"940\" height=\"788\" src=\"https:\/\/yelon.hu\/szuloknek\/wp-content\/uploads\/2020\/03\/Apuka\u0301m-szenvede\u0301lybeteg-de-u\u0301jra-meg-u\u0301jra-legyo\u030bzi-o\u0308nmaga\u0301t-e\u0301s-a-de\u0301monait-maga\u0301e\u0301rt-e\u0301s-e\u0301rtu\u0308nk-amie\u0301rt-ku\u0308lo\u0308no\u0308sen-felne\u0301zek-ra\u0301.png\" alt=\"\" data-id=\"4191\" data-full-url=\"https:\/\/yelon.hu\/szuloknek\/wp-content\/uploads\/2020\/03\/Apuka\u0301m-szenvede\u0301lybeteg-de-u\u0301jra-meg-u\u0301jra-legyo\u030bzi-o\u0308nmaga\u0301t-e\u0301s-a-de\u0301monait-maga\u0301e\u0301rt-e\u0301s-e\u0301rtu\u0308nk-amie\u0301rt-ku\u0308lo\u0308no\u0308sen-felne\u0301zek-ra\u0301.png\" data-link=\"https:\/\/yelon.hu\/szuloknek\/?attachment_id=4191\" class=\"wp-image-4191\" srcset=\"https:\/\/yelon.hu\/szuloknek\/wp-content\/uploads\/2020\/03\/Apuka\u0301m-szenvede\u0301lybeteg-de-u\u0301jra-meg-u\u0301jra-legyo\u030bzi-o\u0308nmaga\u0301t-e\u0301s-a-de\u0301monait-maga\u0301e\u0301rt-e\u0301s-e\u0301rtu\u0308nk-amie\u0301rt-ku\u0308lo\u0308no\u0308sen-felne\u0301zek-ra\u0301.png 940w, https:\/\/yelon.hu\/szuloknek\/wp-content\/uploads\/2020\/03\/Apuka\u0301m-szenvede\u0301lybeteg-de-u\u0301jra-meg-u\u0301jra-legyo\u030bzi-o\u0308nmaga\u0301t-e\u0301s-a-de\u0301monait-maga\u0301e\u0301rt-e\u0301s-e\u0301rtu\u0308nk-amie\u0301rt-ku\u0308lo\u0308no\u0308sen-felne\u0301zek-ra\u0301-300x251.png 300w, https:\/\/yelon.hu\/szuloknek\/wp-content\/uploads\/2020\/03\/Apuka\u0301m-szenvede\u0301lybeteg-de-u\u0301jra-meg-u\u0301jra-legyo\u030bzi-o\u0308nmaga\u0301t-e\u0301s-a-de\u0301monait-maga\u0301e\u0301rt-e\u0301s-e\u0301rtu\u0308nk-amie\u0301rt-ku\u0308lo\u0308no\u0308sen-felne\u0301zek-ra\u0301-768x644.png 768w\" sizes=\"(max-width: 940px) 100vw, 940px\" \/><\/figure><\/li><li class=\"blocks-gallery-item\"><figure><img loading=\"lazy\" width=\"940\" height=\"788\" src=\"https:\/\/yelon.hu\/szuloknek\/wp-content\/uploads\/2020\/03\/Az-a-jo\u0301-apa-aki-besze\u0301lget-ja\u0301tszik-veled-kia\u0301ll-melletted.-E\u0301s-vicces..png\" alt=\"\" data-id=\"4192\" data-full-url=\"https:\/\/yelon.hu\/szuloknek\/wp-content\/uploads\/2020\/03\/Az-a-jo\u0301-apa-aki-besze\u0301lget-ja\u0301tszik-veled-kia\u0301ll-melletted.-E\u0301s-vicces..png\" data-link=\"https:\/\/yelon.hu\/szuloknek\/?attachment_id=4192\" class=\"wp-image-4192\" srcset=\"https:\/\/yelon.hu\/szuloknek\/wp-content\/uploads\/2020\/03\/Az-a-jo\u0301-apa-aki-besze\u0301lget-ja\u0301tszik-veled-kia\u0301ll-melletted.-E\u0301s-vicces..png 940w, https:\/\/yelon.hu\/szuloknek\/wp-content\/uploads\/2020\/03\/Az-a-jo\u0301-apa-aki-besze\u0301lget-ja\u0301tszik-veled-kia\u0301ll-melletted.-E\u0301s-vicces.-300x251.png 300w, https:\/\/yelon.hu\/szuloknek\/wp-content\/uploads\/2020\/03\/Az-a-jo\u0301-apa-aki-besze\u0301lget-ja\u0301tszik-veled-kia\u0301ll-melletted.-E\u0301s-vicces.-768x644.png 768w\" sizes=\"(max-width: 940px) 100vw, 940px\" \/><\/figure><\/li><li class=\"blocks-gallery-item\"><figure><img loading=\"lazy\" width=\"940\" height=\"788\" src=\"https:\/\/yelon.hu\/szuloknek\/wp-content\/uploads\/2020\/03\/Az-elso\u030b-dolog-ami-eszembe-jut-az-apa-szo\u0301ro\u0301l-az-a-biztonsa\u0301g..png\" alt=\"\" data-id=\"4193\" data-full-url=\"https:\/\/yelon.hu\/szuloknek\/wp-content\/uploads\/2020\/03\/Az-elso\u030b-dolog-ami-eszembe-jut-az-apa-szo\u0301ro\u0301l-az-a-biztonsa\u0301g..png\" data-link=\"https:\/\/yelon.hu\/szuloknek\/?attachment_id=4193\" class=\"wp-image-4193\" srcset=\"https:\/\/yelon.hu\/szuloknek\/wp-content\/uploads\/2020\/03\/Az-elso\u030b-dolog-ami-eszembe-jut-az-apa-szo\u0301ro\u0301l-az-a-biztonsa\u0301g..png 940w, https:\/\/yelon.hu\/szuloknek\/wp-content\/uploads\/2020\/03\/Az-elso\u030b-dolog-ami-eszembe-jut-az-apa-szo\u0301ro\u0301l-az-a-biztonsa\u0301g.-300x251.png 300w, https:\/\/yelon.hu\/szuloknek\/wp-content\/uploads\/2020\/03\/Az-elso\u030b-dolog-ami-eszembe-jut-az-apa-szo\u0301ro\u0301l-az-a-biztonsa\u0301g.-768x644.png 768w\" sizes=\"(max-width: 940px) 100vw, 940px\" \/><\/figure><\/li><li class=\"blocks-gallery-item\"><figure><img loading=\"lazy\" width=\"940\" height=\"788\" src=\"https:\/\/yelon.hu\/szuloknek\/wp-content\/uploads\/2020\/03\/Felne\u0301zek-apuka\u0301mra-a-nagylelku\u030bse\u0301ge\u0301e\u0301rt..png\" alt=\"\" data-id=\"4194\" data-full-url=\"https:\/\/yelon.hu\/szuloknek\/wp-content\/uploads\/2020\/03\/Felne\u0301zek-apuka\u0301mra-a-nagylelku\u030bse\u0301ge\u0301e\u0301rt..png\" data-link=\"https:\/\/yelon.hu\/szuloknek\/?attachment_id=4194\" class=\"wp-image-4194\" srcset=\"https:\/\/yelon.hu\/szuloknek\/wp-content\/uploads\/2020\/03\/Felne\u0301zek-apuka\u0301mra-a-nagylelku\u030bse\u0301ge\u0301e\u0301rt..png 940w, https:\/\/yelon.hu\/szuloknek\/wp-content\/uploads\/2020\/03\/Felne\u0301zek-apuka\u0301mra-a-nagylelku\u030bse\u0301ge\u0301e\u0301rt.-300x251.png 300w, https:\/\/yelon.hu\/szuloknek\/wp-content\/uploads\/2020\/03\/Felne\u0301zek-apuka\u0301mra-a-nagylelku\u030bse\u0301ge\u0301e\u0301rt.-768x644.png 768w\" sizes=\"(max-width: 940px) 100vw, 940px\" \/><\/figure><\/li><li class=\"blocks-gallery-item\"><figure><img loading=\"lazy\" width=\"940\" height=\"788\" src=\"https:\/\/yelon.hu\/szuloknek\/wp-content\/uploads\/2020\/03\/Felne\u0301zek-apuka\u0301mra-mert-nagyon-okos-intelligens..png\" alt=\"\" data-id=\"4195\" data-full-url=\"https:\/\/yelon.hu\/szuloknek\/wp-content\/uploads\/2020\/03\/Felne\u0301zek-apuka\u0301mra-mert-nagyon-okos-intelligens..png\" data-link=\"https:\/\/yelon.hu\/szuloknek\/?attachment_id=4195\" class=\"wp-image-4195\" srcset=\"https:\/\/yelon.hu\/szuloknek\/wp-content\/uploads\/2020\/03\/Felne\u0301zek-apuka\u0301mra-mert-nagyon-okos-intelligens..png 940w, https:\/\/yelon.hu\/szuloknek\/wp-content\/uploads\/2020\/03\/Felne\u0301zek-apuka\u0301mra-mert-nagyon-okos-intelligens.-300x251.png 300w, https:\/\/yelon.hu\/szuloknek\/wp-content\/uploads\/2020\/03\/Felne\u0301zek-apuka\u0301mra-mert-nagyon-okos-intelligens.-768x644.png 768w\" sizes=\"(max-width: 940px) 100vw, 940px\" \/><\/figure><\/li><li class=\"blocks-gallery-item\"><figure><img loading=\"lazy\" width=\"940\" height=\"788\" src=\"https:\/\/yelon.hu\/szuloknek\/wp-content\/uploads\/2020\/03\/Nem-tudom-milyen-a-jo\u0301-apa-nekem-nem-volt..png\" alt=\"\" data-id=\"4196\" data-full-url=\"https:\/\/yelon.hu\/szuloknek\/wp-content\/uploads\/2020\/03\/Nem-tudom-milyen-a-jo\u0301-apa-nekem-nem-volt..png\" data-link=\"https:\/\/yelon.hu\/szuloknek\/?attachment_id=4196\" class=\"wp-image-4196\" srcset=\"https:\/\/yelon.hu\/szuloknek\/wp-content\/uploads\/2020\/03\/Nem-tudom-milyen-a-jo\u0301-apa-nekem-nem-volt..png 940w, https:\/\/yelon.hu\/szuloknek\/wp-content\/uploads\/2020\/03\/Nem-tudom-milyen-a-jo\u0301-apa-nekem-nem-volt.-300x251.png 300w, https:\/\/yelon.hu\/szuloknek\/wp-content\/uploads\/2020\/03\/Nem-tudom-milyen-a-jo\u0301-apa-nekem-nem-volt.-768x644.png 768w\" sizes=\"(max-width: 940px) 100vw, 940px\" \/><\/figure><\/li><li class=\"blocks-gallery-item\"><figure><img loading=\"lazy\" width=\"940\" height=\"788\" src=\"https:\/\/yelon.hu\/szuloknek\/wp-content\/uploads\/2020\/03\/Szerintem-az-a-jo\u0301-apa-aki-akkor-is-e\u0301rted-jo\u0308n-e\u0301s-hazavisz-miuta\u0301n-leke\u0301sted-a-buszod2Fvonatod-ha-e\u0301pp-haragszik-ra\u0301d..png\" alt=\"\" data-id=\"4197\" data-full-url=\"https:\/\/yelon.hu\/szuloknek\/wp-content\/uploads\/2020\/03\/Szerintem-az-a-jo\u0301-apa-aki-akkor-is-e\u0301rted-jo\u0308n-e\u0301s-hazavisz-miuta\u0301n-leke\u0301sted-a-buszod2Fvonatod-ha-e\u0301pp-haragszik-ra\u0301d..png\" data-link=\"https:\/\/yelon.hu\/szuloknek\/?attachment_id=4197\" class=\"wp-image-4197\" srcset=\"https:\/\/yelon.hu\/szuloknek\/wp-content\/uploads\/2020\/03\/Szerintem-az-a-jo\u0301-apa-aki-akkor-is-e\u0301rted-jo\u0308n-e\u0301s-hazavisz-miuta\u0301n-leke\u0301sted-a-buszod2Fvonatod-ha-e\u0301pp-haragszik-ra\u0301d..png 940w, https:\/\/yelon.hu\/szuloknek\/wp-content\/uploads\/2020\/03\/Szerintem-az-a-jo\u0301-apa-aki-akkor-is-e\u0301rted-jo\u0308n-e\u0301s-hazavisz-miuta\u0301n-leke\u0301sted-a-buszod2Fvonatod-ha-e\u0301pp-haragszik-ra\u0301d.-300x251.png 300w, https:\/\/yelon.hu\/szuloknek\/wp-content\/uploads\/2020\/03\/Szerintem-az-a-jo\u0301-apa-aki-akkor-is-e\u0301rted-jo\u0308n-e\u0301s-hazavisz-miuta\u0301n-leke\u0301sted-a-buszod2Fvonatod-ha-e\u0301pp-haragszik-ra\u0301d.-768x644.png 768w\" sizes=\"(max-width: 940px) 100vw, 940px\" \/><\/figure><\/li><\/ul><\/figure>\n\n\n\n<p><em>Kiemelt k\u00e9p <a href=\"https:\/\/unsplash.com\/\" target=\"_blank\" rel=\"noreferrer noopener\" aria-label=\"innen (\u00faj f\u00fcl\u00f6n nyitja meg)\">innen<\/a>.<\/em><\/p>\n","protected":false},"excerpt":{"rendered":"<p>Milyen a j\u00f3 apa? Az, akire feln\u00e9z\u00fcnk? Akit\u0151l tanulunk? Aki mellett biztons\u00e1gban \u00e9rezhetj\u00fck magunkat? Tudd meg, mit v\u00e1laszoltak erre a k\u00e9rd\u00e9sre a gyerekek!<\/p>\n","protected":false},"author":9,"featured_media":4789,"comment_status":"closed","ping_status":"closed","sticky":false,"template":"","format":"standard","meta":[],"categories":[33],"tags":[1739,1291,1734,1737,1740,1741,1738,1735,1736],"yoast_head":"<!-- This site is optimized with the Yoast SEO plugin v15.1 - https:\/\/yoast.com\/wordpress\/plugins\/seo\/ -->\n<title>Ilyennek (is) l\u00e1tj\u00e1k a gyerekek az ap\u00e1kat - avagy a j\u00f3 ap\u00e1r\u00f3l - Yelon<\/title>\n<meta name=\"description\" content=\"Hogy milyen a j\u00f3 apa? Val\u00f3sz\u00edn\u0171leg ezer arca van, \u00e9s ezer m\u00f3don lehet j\u00f3 - tudd meg, milyen egy j\u00f3 apa a gyerekek szerint.\" \/>\n<meta name=\"robots\" content=\"index, follow, max-snippet:-1, max-image-preview:large, max-video-preview:-1\" \/>\n<link rel=\"canonical\" href=\"https:\/\/yelon.hu\/szuloknek\/apak-gyerekszemmel\/\" \/>\n<meta property=\"og:locale\" content=\"hu_HU\" \/>\n<meta property=\"og:type\" content=\"article\" \/>\n<meta property=\"og:title\" content=\"Ilyennek (is) l\u00e1tj\u00e1k a gyerekek az ap\u00e1kat - avagy a j\u00f3 ap\u00e1r\u00f3l - Yelon\" \/>\n<meta property=\"og:description\" content=\"Hogy milyen a j\u00f3 apa? Val\u00f3sz\u00edn\u0171leg ezer arca van, \u00e9s ezer m\u00f3don lehet j\u00f3 - tudd meg, milyen egy j\u00f3 apa a gyerekek szerint.\" \/>\n<meta property=\"og:url\" content=\"https:\/\/yelon.hu\/szuloknek\/apak-gyerekszemmel\/\" \/>\n<meta property=\"og:site_name\" content=\"Yelon\" \/>\n<meta property=\"article:published_time\" content=\"2020-06-18T18:00:00+00:00\" \/>\n<meta property=\"article:modified_time\" content=\"2020-06-23T11:58:06+00:00\" \/>\n<meta property=\"og:image\" content=\"https:\/\/yelon.hu\/szuloknek\/wp-content\/uploads\/2020\/03\/apak-napja-gyerekszem-scaled.jpg\" \/>\n\t<meta property=\"og:image:width\" content=\"2560\" \/>\n\t<meta property=\"og:image:height\" content=\"1707\" \/>\n<meta name=\"twitter:card\" content=\"summary_large_image\" \/>\n<script type=\"application\/ld+json\" class=\"yoast-schema-graph\">{\"@context\":\"https:\/\/schema.org\",\"@graph\":[{\"@type\":\"WebSite\",\"@id\":\"https:\/\/yelon.hu\/szuloknek\/#website\",\"url\":\"https:\/\/yelon.hu\/szuloknek\/\",\"name\":\"Yelon\",\"description\":\"Kamaszoknak \\u00e9s sz\\u00fcl\\u0151knek sz\\u00f3l\\u00f3 online magazin\",\"potentialAction\":[{\"@type\":\"SearchAction\",\"target\":\"https:\/\/yelon.hu\/szuloknek\/?s={search_term_string}\",\"query-input\":\"required name=search_term_string\"}],\"inLanguage\":\"hu\"},{\"@type\":\"ImageObject\",\"@id\":\"https:\/\/yelon.hu\/szuloknek\/apak-gyerekszemmel\/#primaryimage\",\"inLanguage\":\"hu\",\"url\":\"https:\/\/yelon.hu\/szuloknek\/wp-content\/uploads\/2020\/03\/apak-napja-gyerekszem-scaled.jpg\",\"width\":2560,\"height\":1707,\"caption\":\"Ap\\u00e1k napja, gyerekszem\"},{\"@type\":\"WebPage\",\"@id\":\"https:\/\/yelon.hu\/szuloknek\/apak-gyerekszemmel\/#webpage\",\"url\":\"https:\/\/yelon.hu\/szuloknek\/apak-gyerekszemmel\/\",\"name\":\"Ilyennek (is) l\\u00e1tj\\u00e1k a gyerekek az ap\\u00e1kat - avagy a j\\u00f3 ap\\u00e1r\\u00f3l - Yelon\",\"isPartOf\":{\"@id\":\"https:\/\/yelon.hu\/szuloknek\/#website\"},\"primaryImageOfPage\":{\"@id\":\"https:\/\/yelon.hu\/szuloknek\/apak-gyerekszemmel\/#primaryimage\"},\"datePublished\":\"2020-06-18T18:00:00+00:00\",\"dateModified\":\"2020-06-23T11:58:06+00:00\",\"author\":{\"@id\":\"https:\/\/yelon.hu\/szuloknek\/#\/schema\/person\/c9fa38f81f80ff5bbd245a64fddaee93\"},\"description\":\"Hogy milyen a j\\u00f3 apa? Val\\u00f3sz\\u00edn\\u0171leg ezer arca van, \\u00e9s ezer m\\u00f3don lehet j\\u00f3 - tudd meg, milyen egy j\\u00f3 apa a gyerekek szerint.\",\"inLanguage\":\"hu\",\"potentialAction\":[{\"@type\":\"ReadAction\",\"target\":[\"https:\/\/yelon.hu\/szuloknek\/apak-gyerekszemmel\/\"]}]},{\"@type\":\"Person\",\"@id\":\"https:\/\/yelon.hu\/szuloknek\/#\/schema\/person\/c9fa38f81f80ff5bbd245a64fddaee93\",\"name\":\"B. Zsofi\",\"image\":{\"@type\":\"ImageObject\",\"@id\":\"https:\/\/yelon.hu\/szuloknek\/#personlogo\",\"inLanguage\":\"hu\",\"url\":\"https:\/\/secure.gravatar.com\/avatar\/0936caaf13a2f9714ad4b7bd07dd9bca?s=96&d=mm&r=g\",\"caption\":\"B. Zsofi\"}}]}<\/script>\n<!-- \/ Yoast SEO plugin. -->","_links":{"self":[{"href":"https:\/\/yelon.hu\/szuloknek\/wp-json\/wp\/v2\/posts\/3588"}],"collection":[{"href":"https:\/\/yelon.hu\/szuloknek\/wp-json\/wp\/v2\/posts"}],"about":[{"href":"https:\/\/yelon.hu\/szuloknek\/wp-json\/wp\/v2\/types\/post"}],"author":[{"embeddable":true,"href":"https:\/\/yelon.hu\/szuloknek\/wp-json\/wp\/v2\/users\/9"}],"replies":[{"embeddable":true,"href":"https:\/\/yelon.hu\/szuloknek\/wp-json\/wp\/v2\/comments?post=3588"}],"version-history":[{"count":4,"href":"https:\/\/yelon.hu\/szuloknek\/wp-json\/wp\/v2\/posts\/3588\/revisions"}],"predecessor-version":[{"id":4791,"href":"https:\/\/yelon.hu\/szuloknek\/wp-json\/wp\/v2\/posts\/3588\/revisions\/4791"}],"wp:featuredmedia":[{"embeddable":true,"href":"https:\/\/yelon.hu\/szuloknek\/wp-json\/wp\/v2\/media\/4789"}],"wp:attachment":[{"href":"https:\/\/yelon.hu\/szuloknek\/wp-json\/wp\/v2\/media?parent=3588"}],"wp:term":[{"taxonomy":"category","embeddable":true,"href":"https:\/\/yelon.hu\/szuloknek\/wp-json\/wp\/v2\/categories?post=3588"},{"taxonomy":"post_tag","embeddable":true,"href":"https:\/\/yelon.hu\/szuloknek\/wp-json\/wp\/v2\/tags?post=3588"}],"curies":[{"name":"wp","href":"https:\/\/api.w.org\/{rel}","templated":true}]}}