{"id":3591,"date":"2019-04-18T10:32:00","date_gmt":"2019-04-18T08:32:00","guid":{"rendered":"https:\/\/yelon.hu\/szuloknek\/?p=3591"},"modified":"2020-02-21T02:17:37","modified_gmt":"2020-02-21T01:17:37","slug":"neveles-vs-buntetes-mi-a-kulonbseg","status":"publish","type":"post","link":"https:\/\/yelon.hu\/szuloknek\/neveles-vs-buntetes-mi-a-kulonbseg\/","title":{"rendered":"Nevel\u00e9s kontra b\u00fcntet\u00e9s \u2013 ez a k\u00fcl\u00f6nbs\u00e9g a kett\u0151 k\u00f6z\u00f6tt"},"content":{"rendered":"\n<p>A <a href=\"https:\/\/yelon.hu\/szuloknek\/a-szeretetteljes-neveles-az-arany-kozeput-a-szulo-gyerek-kapcsolatban\/\" target=\"_blank\" rel=\"noreferrer noopener\" aria-label=\"nevel\u00e9s c\u00e9lja (\u00faj f\u00fcl\u00f6n nyitja meg)\">nevel\u00e9s c\u00e9lja<\/a> nem az, hogy a gyerek gondolkod\u00e1s n\u00e9lk\u00fcl engedelmeskedjen, hanem hogy megtanulja, mi a j\u00f3 \u00e9s mi a rossz.<\/p>\n\n\n\n<!--more-->\n\n\n\n<figure class=\"wp-block-table\"><table class=\"\"><tbody><tr><td><strong>A nevel\u00e9s&#8230;<\/strong><\/td><td><strong>A b\u00fcntet\u00e9s&#8230;<\/strong><\/td><\/tr><tr><td>seg\u00edt a gyereknek megtanulni, hogyan hozzon j\u00f3 d\u00f6nt\u00e9seket, \u00e9s azt, hogy mik lehetnek a tetteinek a k\u00f6vetkezm\u00e9nyei. <\/td><td>megf\u00e9leml\u00edt\u00e9ssel \u00e9s <a href=\"https:\/\/yelon.hu\/szuloknek\/valoban-faj-a-gyereknek-a-veres\/\" target=\"_blank\" rel=\"noreferrer noopener\" aria-label=\"szenved\u00e9ssel (\u00faj f\u00fcl\u00f6n nyitja meg)\">szenved\u00e9ssel<\/a> \u00e9ri el, hogy a gyerek megfeleljen bizonyos elv\u00e1r\u00e1soknak, \u00e9s \u201emegtanulja a leck\u00e9t\u201d. <\/td><\/tr><tr><td><a href=\"https:\/\/yelon.hu\/szuloknek\/20-mondat-a-ne-sirj-helyett\/\" target=\"_blank\" rel=\"noreferrer noopener\" aria-label=\"megnyugtatja (\u00faj f\u00fcl\u00f6n nyitja meg)\">megnyugtatja<\/a> a gyereket, hogy mindig szerethet\u0151, m\u00e9g akkor is, ha rossz d\u00f6nt\u00e9seket hozott, vagy hib\u00e1zott. <\/td><td>a gyereket min\u0151s\u00edti \u201erossznak\u201d, nem pedig a viselked\u00e9s\u00e9t. Ez \u00f6nbeteljes\u00edt\u0151 j\u00f3slatt\u00e1 v\u00e1lik, \u00e9s viselked\u00e9szavarhoz vezethet. <\/td><\/tr><tr><td>t\u00e1mogatja a \u201ej\u00f3\u201d viselked\u00e9st, ami lehet\u0151v\u00e9 teszi a nyitott kommunik\u00e1ci\u00f3t \u00e9s a szoros kapcsolatot a sz\u00fcl\u0151 \u00e9s a gyerek k\u00f6z\u00f6tt. <\/td><td>eredm\u00e9nye gyakran a l\u00e1zad\u00e1s, bossz\u00fa, a <a href=\"https:\/\/yelon.hu\/szuloknek\/lelki-epseg-tisztelet\/\" target=\"_blank\" rel=\"noreferrer noopener\" aria-label=\"tisztelet k\u00f6lcs\u00f6n\u00f6s hi\u00e1nya (\u00faj f\u00fcl\u00f6n nyitja meg)\">tisztelet k\u00f6lcs\u00f6n\u00f6s hi\u00e1nya<\/a>, illetve az, hogy a gyerek \u00e9s a sz\u00fcl\u0151 elt\u00e1volodik egym\u00e1st\u00f3l. <\/td><\/tr><tr><td>c\u00e9lja, hogy a gyerek ir\u00e1ny\u00edtsa a saj\u00e1t viselked\u00e9s\u00e9t. <\/td><td>arr\u00f3l sz\u00f3l, hogy a sz\u00fcl\u0151 ir\u00e1ny\u00edtsa a gyereke viselked\u00e9s\u00e9t. <\/td><\/tr><\/tbody><\/table><\/figure>\n\n\n\n<p><em>Ha tetszett, t\u00f6ltsd le plak\u00e1tk\u00e9nt az\u00a0<a rel=\"noreferrer noopener\" href=\"https:\/\/hintalovon.hu\/hu\/adom%C3%A1nybolt\" target=\"_blank\">adom\u00e1nyboltunkb\u00f3l<\/a><\/em>.<\/p>\n\n\n\n<p><em>Kiemelt k\u00e9p <a href=\"https:\/\/images.unsplash.com\/photo-1518331647614-7a1f04cd34cf?ixlib=rb-1.2.1&amp;ixid=eyJhcHBfaWQiOjEyMDd9&amp;auto=format&amp;fit=crop&amp;w=749&amp;q=80\">innen<\/a><\/em><\/p>\n","protected":false},"excerpt":{"rendered":"<p>Mi\u00e9rt jobb nevelni, mint b\u00fcntetni gyerekeinket? Megf\u00e9leml\u00edt\u00e9ssel kicsikart elv\u00e1r\u00e1sokb\u00f3l gyerek\u00fcnk nem fogja tudni megtanulni, hogy hogyan kell j\u00f3 d\u00f6nt\u00e9st hozni \u00e9s mi a tetteinek a k\u00f6vetkezm\u00e9nye.  <\/p>\n","protected":false},"author":9,"featured_media":3672,"comment_status":"closed","ping_status":"closed","sticky":false,"template":"","format":"standard","meta":[],"categories":[11],"tags":[1172,542,1166,1146,1177,1171,1168,1170,465,658,1164,1174,1176,1169,1165,1173,1167,1175],"yoast_head":"<!-- This site is optimized with the Yoast SEO plugin v15.1 - https:\/\/yoast.com\/wordpress\/plugins\/seo\/ -->\n<title>Nevel\u00e9s kontra b\u00fcntet\u00e9s \u2013 ez a k\u00fcl\u00f6nbs\u00e9g a kett\u0151 k\u00f6z\u00f6tt - Yelon<\/title>\n<meta name=\"description\" content=\"A nevel\u00e9s c\u00e9lja nem az engedelmess\u00e9g, hanem hogy a gyerekek saj\u00e1t tud\u00e1st szerezhessenek arr\u00f3l, mi a j\u00f3, mi a rossz, \u00e9s mi lehet a tetteik k\u00f6vetkezm\u00e9nye.\" \/>\n<meta name=\"robots\" content=\"index, follow, max-snippet:-1, max-image-preview:large, max-video-preview:-1\" \/>\n<link rel=\"canonical\" href=\"https:\/\/yelon.hu\/szuloknek\/neveles-vs-buntetes-mi-a-kulonbseg\/\" \/>\n<meta property=\"og:locale\" content=\"hu_HU\" \/>\n<meta property=\"og:type\" content=\"article\" \/>\n<meta property=\"og:title\" content=\"Nevel\u00e9s kontra b\u00fcntet\u00e9s \u2013 ez a k\u00fcl\u00f6nbs\u00e9g a kett\u0151 k\u00f6z\u00f6tt - Yelon\" \/>\n<meta property=\"og:description\" content=\"A nevel\u00e9s c\u00e9lja nem az engedelmess\u00e9g, hanem hogy a gyerekek saj\u00e1t tud\u00e1st szerezhessenek arr\u00f3l, mi a j\u00f3, mi a rossz, \u00e9s mi lehet a tetteik k\u00f6vetkezm\u00e9nye.\" \/>\n<meta property=\"og:url\" content=\"https:\/\/yelon.hu\/szuloknek\/neveles-vs-buntetes-mi-a-kulonbseg\/\" \/>\n<meta property=\"og:site_name\" content=\"Yelon\" \/>\n<meta property=\"article:published_time\" content=\"2019-04-18T08:32:00+00:00\" \/>\n<meta property=\"article:modified_time\" content=\"2020-02-21T01:17:37+00:00\" \/>\n<meta property=\"og:image\" content=\"https:\/\/yelon.hu\/szuloknek\/wp-content\/uploads\/2019\/04\/vidar-nordli-mathisen-neveles-buntetes-scaled.jpg\" \/>\n\t<meta property=\"og:image:width\" content=\"2560\" \/>\n\t<meta property=\"og:image:height\" content=\"1835\" \/>\n<meta name=\"twitter:card\" content=\"summary_large_image\" \/>\n<script type=\"application\/ld+json\" class=\"yoast-schema-graph\">{\"@context\":\"https:\/\/schema.org\",\"@graph\":[{\"@type\":\"WebSite\",\"@id\":\"https:\/\/yelon.hu\/szuloknek\/#website\",\"url\":\"https:\/\/yelon.hu\/szuloknek\/\",\"name\":\"Yelon\",\"description\":\"Kamaszoknak \\u00e9s sz\\u00fcl\\u0151knek sz\\u00f3l\\u00f3 online magazin\",\"potentialAction\":[{\"@type\":\"SearchAction\",\"target\":\"https:\/\/yelon.hu\/szuloknek\/?s={search_term_string}\",\"query-input\":\"required name=search_term_string\"}],\"inLanguage\":\"hu\"},{\"@type\":\"ImageObject\",\"@id\":\"https:\/\/yelon.hu\/szuloknek\/neveles-vs-buntetes-mi-a-kulonbseg\/#primaryimage\",\"inLanguage\":\"hu\",\"url\":\"https:\/\/yelon.hu\/szuloknek\/wp-content\/uploads\/2019\/04\/vidar-nordli-mathisen-neveles-buntetes-scaled.jpg\",\"width\":2560,\"height\":1835,\"caption\":\"nevel\\u00e9s kontra b\\u00fcntet\\u00e9s\"},{\"@type\":\"WebPage\",\"@id\":\"https:\/\/yelon.hu\/szuloknek\/neveles-vs-buntetes-mi-a-kulonbseg\/#webpage\",\"url\":\"https:\/\/yelon.hu\/szuloknek\/neveles-vs-buntetes-mi-a-kulonbseg\/\",\"name\":\"Nevel\\u00e9s kontra b\\u00fcntet\\u00e9s \\u2013 ez a k\\u00fcl\\u00f6nbs\\u00e9g a kett\\u0151 k\\u00f6z\\u00f6tt - Yelon\",\"isPartOf\":{\"@id\":\"https:\/\/yelon.hu\/szuloknek\/#website\"},\"primaryImageOfPage\":{\"@id\":\"https:\/\/yelon.hu\/szuloknek\/neveles-vs-buntetes-mi-a-kulonbseg\/#primaryimage\"},\"datePublished\":\"2019-04-18T08:32:00+00:00\",\"dateModified\":\"2020-02-21T01:17:37+00:00\",\"author\":{\"@id\":\"https:\/\/yelon.hu\/szuloknek\/#\/schema\/person\/c9fa38f81f80ff5bbd245a64fddaee93\"},\"description\":\"A nevel\\u00e9s c\\u00e9lja nem az engedelmess\\u00e9g, hanem hogy a gyerekek saj\\u00e1t tud\\u00e1st szerezhessenek arr\\u00f3l, mi a j\\u00f3, mi a rossz, \\u00e9s mi lehet a tetteik k\\u00f6vetkezm\\u00e9nye.\",\"inLanguage\":\"hu\",\"potentialAction\":[{\"@type\":\"ReadAction\",\"target\":[\"https:\/\/yelon.hu\/szuloknek\/neveles-vs-buntetes-mi-a-kulonbseg\/\"]}]},{\"@type\":\"Person\",\"@id\":\"https:\/\/yelon.hu\/szuloknek\/#\/schema\/person\/c9fa38f81f80ff5bbd245a64fddaee93\",\"name\":\"B. Zsofi\",\"image\":{\"@type\":\"ImageObject\",\"@id\":\"https:\/\/yelon.hu\/szuloknek\/#personlogo\",\"inLanguage\":\"hu\",\"url\":\"https:\/\/secure.gravatar.com\/avatar\/0936caaf13a2f9714ad4b7bd07dd9bca?s=96&d=mm&r=g\",\"caption\":\"B. Zsofi\"}}]}<\/script>\n<!-- \/ Yoast SEO plugin. -->","_links":{"self":[{"href":"https:\/\/yelon.hu\/szuloknek\/wp-json\/wp\/v2\/posts\/3591"}],"collection":[{"href":"https:\/\/yelon.hu\/szuloknek\/wp-json\/wp\/v2\/posts"}],"about":[{"href":"https:\/\/yelon.hu\/szuloknek\/wp-json\/wp\/v2\/types\/post"}],"author":[{"embeddable":true,"href":"https:\/\/yelon.hu\/szuloknek\/wp-json\/wp\/v2\/users\/9"}],"replies":[{"embeddable":true,"href":"https:\/\/yelon.hu\/szuloknek\/wp-json\/wp\/v2\/comments?post=3591"}],"version-history":[{"count":5,"href":"https:\/\/yelon.hu\/szuloknek\/wp-json\/wp\/v2\/posts\/3591\/revisions"}],"predecessor-version":[{"id":3974,"href":"https:\/\/yelon.hu\/szuloknek\/wp-json\/wp\/v2\/posts\/3591\/revisions\/3974"}],"wp:featuredmedia":[{"embeddable":true,"href":"https:\/\/yelon.hu\/szuloknek\/wp-json\/wp\/v2\/media\/3672"}],"wp:attachment":[{"href":"https:\/\/yelon.hu\/szuloknek\/wp-json\/wp\/v2\/media?parent=3591"}],"wp:term":[{"taxonomy":"category","embeddable":true,"href":"https:\/\/yelon.hu\/szuloknek\/wp-json\/wp\/v2\/categories?post=3591"},{"taxonomy":"post_tag","embeddable":true,"href":"https:\/\/yelon.hu\/szuloknek\/wp-json\/wp\/v2\/tags?post=3591"}],"curies":[{"name":"wp","href":"https:\/\/api.w.org\/{rel}","templated":true}]}}