{"id":3625,"date":"2017-06-19T14:12:00","date_gmt":"2017-06-19T12:12:00","guid":{"rendered":"https:\/\/yelon.hu\/szuloknek\/?p=3625"},"modified":"2020-10-03T18:36:10","modified_gmt":"2020-10-03T16:36:10","slug":"a-gyerek-teste-szuksegletei-jelzesei","status":"publish","type":"post","link":"https:\/\/yelon.hu\/szuloknek\/a-gyerek-teste-szuksegletei-jelzesei\/","title":{"rendered":"A gyerek test\u00e9nek jelz\u00e9sei: az \u0151 sz\u00fcks\u00e9gletei, vagy a sz\u00fclei\u00e9?"},"content":{"rendered":"\n<p>Nagy a k\u00eds\u00e9rt\u00e9s, hogy sz\u00fcl\u0151k\u00e9nt mi d\u00f6nts\u00fcnk a gyerek helyett: \u00e9hes, f\u00e1zik, \u00e1lmos \u2012 \u00edgy viszont nem tanulhatja meg \u00e9rtelmezni a teste jelz\u00e9seit.&nbsp;<\/p>\n\n\n\n<!--more-->\n\n\n\n<p>Sz\u00fcl\u0151k\u00e9nt b\u00fcszk\u00e9n gondozzuk \u00fajsz\u00fcl\u00f6tt, majd gyorsan n\u00f6vekv\u0151 gyerek\u00fcnket, \u00f6lelgetj\u00fck, simogatjuk, kenegetj\u00fck mindenf\u00e9le j\u00f3val. Hissz\u00fck, hogy \u201enekem n\u0151sz nagyra, szentem\u201d, \u00e9s t\u00e9nyleg, ha feln\u0151tt, ugyanolyan b\u00fcszk\u00e9k vagyunk r\u00e1, mint amikor m\u00e9g kicsik\u00e9nt el\u0151sz\u00f6r siker\u00fclt elkapnia a labd\u00e1t.&nbsp;<\/p>\n\n\n\n<h2><strong>A test jelez, de hogy \u00e9rts\u00fck is, hogy mit, azt meg kell tanulni a gyereknek is<\/strong><\/h2>\n\n\n\n<p>A gyerek ek\u00f6zben mag\u00e1nak n\u0151, \u00e9s egyre ink\u00e1bb sz\u00fcks\u00e9ge van arra, hogy \u0151 maga is figyelni tudjon a <a href=\"https:\/\/yelon.hu\/szuloknek\/gyerekkori-szexualitas\/\" target=\"_blank\" rel=\"noreferrer noopener\" aria-label=\"teste jelz\u00e9seire (\u00faj f\u00fcl\u00f6n nyitja meg)\">teste jelz\u00e9seire<\/a>, \u00e9s azokra j\u00f3 v\u00e1laszokat adjon. De hogyan tanulhatja meg, hogy van \u00e9rtelme \u00e9szrevenni, mit mond neki a teste? J\u00f3 esetben nem is kell tanulnia, mag\u00e1t\u00f3l is tudja. A legkisebb <a href=\"https:\/\/yelon.hu\/szuloknek\/siro-baba-tehetetlen-szulo\/\" target=\"_blank\" rel=\"noreferrer noopener\" aria-label=\"csecsem\u0151 is sokf\u00e9le m\u00f3don jelzi (\u00faj f\u00fcl\u00f6n nyitja meg)\">csecsem\u0151 is sokf\u00e9le m\u00f3don jelzi<\/a>, ha valami k\u00e9nyelmetlen sz\u00e1m\u00e1ra. Ha a sz\u00fcl\u0151 megtal\u00e1lja az okot, \u00e9s enyh\u00edti a k\u00e9nyelmetlens\u00e9get, \u00e9hs\u00e9get, f\u00e1jdalmat, akkor abb\u00f3l a gyerek l\u00e1thatja, hogy \u00e9rdemes jeleznie. Nincs ann\u00e1l szomor\u00fabb, mint amikor egy pici gyerek nem rem\u00e9nykedik abban, hogy meg\u00e9rtik a jelz\u00e9seit, \u00e9s m\u00e1r nem is s\u00edr.&nbsp;<\/p>\n\n\n\n<h2><strong>A gyerek is jelez, amire a sz\u00fcl\u0151nek reag\u00e1lnia kell<\/strong><\/h2>\n\n\n\n<p>Amikor a gyerek nem s\u00edr\u00e1ssal, hanem kev\u00e9sb\u00e9 l\u00e1tv\u00e1nyos m\u00f3don jelzi, hogy valami nem j\u00f3 neki, akkor azt sok sz\u00fcl\u0151 figyelmen k\u00edv\u00fcl hagyja, vagy kedvesen meggy\u0151zi a gyereket. P\u00e9ld\u00e1ul etet\u00e9skor: a gyerek nyilv\u00e1nval\u00f3an nem nyitja lelkesen a sz\u00e1j\u00e1t, amikor a kan\u00e1l a k\u00f6zel\u00e9be \u00e9r, <a href=\"https:\/\/yelon.hu\/szuloknek\/elhizas-gyermekkorban\/\" target=\"_blank\" rel=\"noreferrer noopener\" aria-label=\"a sz\u00fcl\u0151 m\u00e9gis a sz\u00e1j\u00e1ba nyomja a kanalat (\u00faj f\u00fcl\u00f6n nyitja meg)\">a sz\u00fcl\u0151 m\u00e9gis a sz\u00e1j\u00e1ba nyomja a kanalat<\/a>. A gyerek \u00fajra pr\u00f3b\u00e1lkozik, nyelv\u00e9vel kitolja az \u00e9telt, amit nem k\u00edv\u00e1n, vagy nem \u00edzlik neki, de a sz\u00fcl\u0151 \u00fajra \u00e9s \u00fajra megpr\u00f3b\u00e1lja akkor \u00e9s ugyanazzal megetetni. \u00c9s ha sikerrel j\u00e1r, abb\u00f3l a gyerek azt tanulja meg, hogy mindegy, hogy valami j\u00f3lesik-e neki, mindenk\u00e9pp meg kell enni. <\/p>\n\n\n\n<h4>Mit tan\u00edt a reakci\u00f3nk?<\/h4>\n\n\n\n<p>Nem mindig van v\u00e1laszt\u00e9k \u00e9telb\u0151l, \u00e9s sok sz\u00fcl\u0151 nem szereti, ha a gyerek v\u00e1logat. De m\u00e9g ilyenkor is lehet b\u00edzni abban, hogy egy b\u00e1rmennyire is fiatal gyerek is megeszi az \u00e9ppen el\u00e9rhet\u0151 \u00e9telt, ha m\u00e1r nagyon \u00e9hes. Ha nem jut r\u00f6gt\u00f6n \u00e9telhez, amikor \u00e9ppen meg\u00e9hezik, abb\u00f3l majd lehet, hogy levonja azt a tanuls\u00e1got, hogy \u00e9rdemes akkor ennie, amikor \u00e9tkez\u00e9si id\u0151 van. De az is lehet, hogy ink\u00e1bb azt v\u00e1lasztja, hogy \u00e9hes marad. Az ide\u00e1lis persze az lenne, ha mindenki akkor enne, amikor \u00e9hes, de ezt feln\u0151ttk\u00e9nt is kevesen tudj\u00e1k megoldani.&nbsp;<\/p>\n\n\n\n<h2><strong>Ki gondoskodik a testi sz\u00fcks\u00e9gletekr\u0151l?<\/strong><\/h2>\n\n\n\n<p>R\u00e1 lehet b\u00edzni a gyerekre azt is, hogy mikor menjen v\u00e9c\u00e9re, \u00e9s azt is, hogy <a href=\"https:\/\/yelon.hu\/szuloknek\/bugyiszabaly-tanitsuk-meg-hogy-a-nem-az-nem\/\" target=\"_blank\" rel=\"noreferrer noopener\" aria-label=\"elfogad-e seg\u00edts\u00e9get a popsija megt\u00f6rl\u00e9s\u00e9hez (\u00faj f\u00fcl\u00f6n nyitja meg)\">elfogad-e seg\u00edts\u00e9get a popsija megt\u00f6rl\u00e9s\u00e9hez<\/a>, vagy m\u00e1r egyed\u00fcl szeretn\u00e9. Sok t\u00fal\u00f6lt\u00f6ztetett csecsem\u0151t \u00e9s kisgyereket l\u00e1tni, akiket a sz\u00fclei a sz\u00e9lt\u0151l is \u00f3vnak. Pedig a gyerek \u00e9rzi, hogy mennyi meleg r\u00e9tegre van sz\u00fcks\u00e9ge. Ha hagyj\u00e1k, pont annyit mozog \u00e9s alszik, amennyit a teste dikt\u00e1l. Ha nem tapasztalhatja meg, hogy \u0151 maga el\u0151zheti meg a k\u00e9nyelmetlens\u00e9get, hogy bepisil, vagy nem t\u00f6rt\u00e9nhet meg, hogy elkezd f\u00e1zni, miel\u0151tt meleg holmit adn\u00e1nak r\u00e1, akkor azt sem tanulja meg, hogy hogyan gondoskodjon a testi komfortj\u00e1r\u00f3l, amikor m\u00e1r nagyobb \u00e9s egyed\u00fcl van.&nbsp;<\/p>\n\n\n\n<h2><strong>Hagyjuk a gyereket d\u00f6nteni<\/strong><\/h2>\n\n\n\n<p>Nem mindig k\u00f6nny\u0171 a rokonokkal, gondoz\u00f3kkal, ismer\u0151s\u00f6kkel elfogadtatni, m\u00e9gis k\u00fcl\u00f6n\u00f6sen fontos, hogy <a href=\"https:\/\/yelon.hu\/szuloknek\/a-gyerek-aki-tud-es-mer-nemet-mondani\/\" target=\"_blank\" rel=\"noreferrer noopener\" aria-label=\"a gyerek eld\u00f6nthesse, ki \u00e9rhet hozz\u00e1 (\u00faj f\u00fcl\u00f6n nyitja meg)\">a gyerek eld\u00f6nthesse, ki \u00e9rhet hozz\u00e1<\/a>, kinek ad puszit, kit akar meg\u00f6lelni. Az\u00e9rt van ennek nagy jelent\u0151s\u00e9ge, mert sz\u00fclet\u00e9s\u00e9t\u0151l kezdve ad\u00f3dnak olyan alkalmak, amikor a gyerek megtapasztalhatja, hogy a teste az \u00f6v\u00e9, \u0151 maga d\u00f6nthet r\u00f3la, \u00e9s senki nem v\u00e1rhatja el t\u0151le, hogy a test\u00e9vel tegyen sz\u00edvess\u00e9get m\u00e1soknak. Ha a nagymama vagy b\u00e1rki m\u00e1s olyankor is meg\u00f6lelgetn\u00e9 a gyereket, amikor a gyerek ezt ink\u00e1bb nem szeretn\u00e9, a sz\u00fcl\u0151 dolga, hogy ezt a nagymam\u00e1val megbesz\u00e9lje. <\/p>\n\n\n\n<h4>Reag\u00e1ljunk a jelz\u00e9seire<\/h4>\n\n\n\n<p>A gyerek csak jelezni tudja, hogy mi nem esik j\u00f3l neki, de egy feln\u0151ttel nem tud megk\u00fczdeni ez\u00e9rt. Az seg\u00edt a gyereknek, ha ezekben a helyzetekben a sz\u00fcl\u0151 mell\u00e9 \u00e1ll, \u00e9s nem kell azt \u00e9reznie, hogy \u0151 rossz, bar\u00e1ts\u00e1gtalan vagy s\u00e9rt\u0151. Egy harmadik szem\u00e9ly fel\u00e9 k\u00ednos lehet a sz\u00fcl\u0151nek, ha a gyerek nem \u00fagy viselkedik, ahogy azt m\u00e1sok elv\u00e1rj\u00e1k. Viszont a sz\u00fcl\u0151\u2013gyerek kapcsolat att\u00f3l is bizalmasabb\u00e1, szorosabb\u00e1 v\u00e1lik, ha a gyerek azt \u00e9rzi, hogy seg\u00edts\u00e9get kap egyik legalapvet\u0151bb jog\u00e1nak gyakorl\u00e1s\u00e1hoz: \u0151 maga rendelkezhet a saj\u00e1t test\u00e9vel.<\/p>\n\n\n\n<p><em>A Yelon szerkeszt\u0151s\u00e9ge<\/em><\/p>\n\n\n\n<p><em>Kiemelt k\u00e9p <a href=\"https:\/\/images.unsplash.com\/photo-1500930540495-e92875696a16?ixlib=rb-1.2.1&amp;ixid=eyJhcHBfaWQiOjEyMDd9&amp;auto=format&amp;fit=crop&amp;w=764&amp;q=80\">innen<\/a><\/em><\/p>\n","protected":false},"excerpt":{"rendered":"<p>A gyerekek minden esetben jelzik, ha nekik valami nem j\u00f3. Ezeket a jelz\u00e9seket \u00e9rdemes figyelembe venni, hogy fokozatosan, biztons\u00e1gosan tanulhass\u00e1k meg, hogyan kell megel\u0151zni a k\u00e9nyelmetlens\u00e9geket (\u00e9hs\u00e9g, f\u00e1z\u00e1s, stb.).<\/p>\n","protected":false},"author":9,"featured_media":3689,"comment_status":"closed","ping_status":"closed","sticky":false,"template":"","format":"standard","meta":[],"categories":[11],"tags":[256,1068,1255,146,270,1258,1256,1257,1252,1254,1251,1253,1250],"yoast_head":"<!-- This site is optimized with the Yoast SEO plugin v15.1 - https:\/\/yoast.com\/wordpress\/plugins\/seo\/ -->\n<title>A gyerek test\u00e9nek jelz\u00e9sei: az \u0151 sz\u00fcks\u00e9gletei, vagy a sz\u00fclei\u00e9? - Yelon<\/title>\n<meta name=\"description\" content=\"Sz\u00fcl\u0151k\u00e9nt igyeksz\u00fcnk j\u00f3l gondoskodni a gyerek\u00fcnkr\u0151l - hogyan vehetj\u00fck \u00fagy figyelembe a sz\u00fcks\u00e9gleteit, hogy k\u00f6zben megtanuljon figyelni a teste jelz\u00e9seire?\" \/>\n<meta name=\"robots\" content=\"index, follow, max-snippet:-1, max-image-preview:large, max-video-preview:-1\" \/>\n<link rel=\"canonical\" href=\"https:\/\/yelon.hu\/szuloknek\/a-gyerek-teste-szuksegletei-jelzesei\/\" \/>\n<meta property=\"og:locale\" content=\"hu_HU\" \/>\n<meta property=\"og:type\" content=\"article\" \/>\n<meta property=\"og:title\" content=\"A gyerek test\u00e9nek jelz\u00e9sei: az \u0151 sz\u00fcks\u00e9gletei, vagy a sz\u00fclei\u00e9? - Yelon\" \/>\n<meta property=\"og:description\" content=\"Sz\u00fcl\u0151k\u00e9nt igyeksz\u00fcnk j\u00f3l gondoskodni a gyerek\u00fcnkr\u0151l - hogyan vehetj\u00fck \u00fagy figyelembe a sz\u00fcks\u00e9gleteit, hogy k\u00f6zben megtanuljon figyelni a teste jelz\u00e9seire?\" \/>\n<meta property=\"og:url\" content=\"https:\/\/yelon.hu\/szuloknek\/a-gyerek-teste-szuksegletei-jelzesei\/\" \/>\n<meta property=\"og:site_name\" content=\"Yelon\" \/>\n<meta property=\"article:published_time\" content=\"2017-06-19T12:12:00+00:00\" \/>\n<meta property=\"article:modified_time\" content=\"2020-10-03T16:36:10+00:00\" \/>\n<meta property=\"og:image\" content=\"https:\/\/yelon.hu\/szuloknek\/wp-content\/uploads\/2017\/06\/mitchell-luo-gyerek-szuksegletei-scaled.jpg\" \/>\n\t<meta property=\"og:image:width\" content=\"2560\" \/>\n\t<meta property=\"og:image:height\" content=\"1795\" \/>\n<meta name=\"twitter:card\" content=\"summary_large_image\" \/>\n<script type=\"application\/ld+json\" class=\"yoast-schema-graph\">{\"@context\":\"https:\/\/schema.org\",\"@graph\":[{\"@type\":\"WebSite\",\"@id\":\"https:\/\/yelon.hu\/szuloknek\/#website\",\"url\":\"https:\/\/yelon.hu\/szuloknek\/\",\"name\":\"Yelon\",\"description\":\"Kamaszoknak \\u00e9s sz\\u00fcl\\u0151knek sz\\u00f3l\\u00f3 online magazin\",\"potentialAction\":[{\"@type\":\"SearchAction\",\"target\":\"https:\/\/yelon.hu\/szuloknek\/?s={search_term_string}\",\"query-input\":\"required name=search_term_string\"}],\"inLanguage\":\"hu\"},{\"@type\":\"ImageObject\",\"@id\":\"https:\/\/yelon.hu\/szuloknek\/a-gyerek-teste-szuksegletei-jelzesei\/#primaryimage\",\"inLanguage\":\"hu\",\"url\":\"https:\/\/yelon.hu\/szuloknek\/wp-content\/uploads\/2017\/06\/mitchell-luo-gyerek-szuksegletei-scaled.jpg\",\"width\":2560,\"height\":1795,\"caption\":\"a gyerek sz\\u00fcks\\u00e9gletei\"},{\"@type\":\"WebPage\",\"@id\":\"https:\/\/yelon.hu\/szuloknek\/a-gyerek-teste-szuksegletei-jelzesei\/#webpage\",\"url\":\"https:\/\/yelon.hu\/szuloknek\/a-gyerek-teste-szuksegletei-jelzesei\/\",\"name\":\"A gyerek test\\u00e9nek jelz\\u00e9sei: az \\u0151 sz\\u00fcks\\u00e9gletei, vagy a sz\\u00fclei\\u00e9? - Yelon\",\"isPartOf\":{\"@id\":\"https:\/\/yelon.hu\/szuloknek\/#website\"},\"primaryImageOfPage\":{\"@id\":\"https:\/\/yelon.hu\/szuloknek\/a-gyerek-teste-szuksegletei-jelzesei\/#primaryimage\"},\"datePublished\":\"2017-06-19T12:12:00+00:00\",\"dateModified\":\"2020-10-03T16:36:10+00:00\",\"author\":{\"@id\":\"https:\/\/yelon.hu\/szuloknek\/#\/schema\/person\/c9fa38f81f80ff5bbd245a64fddaee93\"},\"description\":\"Sz\\u00fcl\\u0151k\\u00e9nt igyeksz\\u00fcnk j\\u00f3l gondoskodni a gyerek\\u00fcnkr\\u0151l - hogyan vehetj\\u00fck \\u00fagy figyelembe a sz\\u00fcks\\u00e9gleteit, hogy k\\u00f6zben megtanuljon figyelni a teste jelz\\u00e9seire?\",\"inLanguage\":\"hu\",\"potentialAction\":[{\"@type\":\"ReadAction\",\"target\":[\"https:\/\/yelon.hu\/szuloknek\/a-gyerek-teste-szuksegletei-jelzesei\/\"]}]},{\"@type\":\"Person\",\"@id\":\"https:\/\/yelon.hu\/szuloknek\/#\/schema\/person\/c9fa38f81f80ff5bbd245a64fddaee93\",\"name\":\"B. Zsofi\",\"image\":{\"@type\":\"ImageObject\",\"@id\":\"https:\/\/yelon.hu\/szuloknek\/#personlogo\",\"inLanguage\":\"hu\",\"url\":\"https:\/\/secure.gravatar.com\/avatar\/0936caaf13a2f9714ad4b7bd07dd9bca?s=96&d=mm&r=g\",\"caption\":\"B. Zsofi\"}}]}<\/script>\n<!-- \/ Yoast SEO plugin. -->","_links":{"self":[{"href":"https:\/\/yelon.hu\/szuloknek\/wp-json\/wp\/v2\/posts\/3625"}],"collection":[{"href":"https:\/\/yelon.hu\/szuloknek\/wp-json\/wp\/v2\/posts"}],"about":[{"href":"https:\/\/yelon.hu\/szuloknek\/wp-json\/wp\/v2\/types\/post"}],"author":[{"embeddable":true,"href":"https:\/\/yelon.hu\/szuloknek\/wp-json\/wp\/v2\/users\/9"}],"replies":[{"embeddable":true,"href":"https:\/\/yelon.hu\/szuloknek\/wp-json\/wp\/v2\/comments?post=3625"}],"version-history":[{"count":8,"href":"https:\/\/yelon.hu\/szuloknek\/wp-json\/wp\/v2\/posts\/3625\/revisions"}],"predecessor-version":[{"id":4499,"href":"https:\/\/yelon.hu\/szuloknek\/wp-json\/wp\/v2\/posts\/3625\/revisions\/4499"}],"wp:featuredmedia":[{"embeddable":true,"href":"https:\/\/yelon.hu\/szuloknek\/wp-json\/wp\/v2\/media\/3689"}],"wp:attachment":[{"href":"https:\/\/yelon.hu\/szuloknek\/wp-json\/wp\/v2\/media?parent=3625"}],"wp:term":[{"taxonomy":"category","embeddable":true,"href":"https:\/\/yelon.hu\/szuloknek\/wp-json\/wp\/v2\/categories?post=3625"},{"taxonomy":"post_tag","embeddable":true,"href":"https:\/\/yelon.hu\/szuloknek\/wp-json\/wp\/v2\/tags?post=3625"}],"curies":[{"name":"wp","href":"https:\/\/api.w.org\/{rel}","templated":true}]}}