{"id":3634,"date":"2017-01-30T10:53:00","date_gmt":"2017-01-30T09:53:00","guid":{"rendered":"https:\/\/yelon.hu\/szuloknek\/?p=3634"},"modified":"2020-02-20T11:28:17","modified_gmt":"2020-02-20T10:28:17","slug":"hogyan-beszelgessunk-gyerekekkel-a-menstruaciorol","status":"publish","type":"post","link":"https:\/\/yelon.hu\/szuloknek\/hogyan-beszelgessunk-gyerekekkel-a-menstruaciorol\/","title":{"rendered":"Hogyan besz\u00e9lgess\u00fcnk gyerekekkel a menstru\u00e1ci\u00f3r\u00f3l?"},"content":{"rendered":"\n<p>A legt\u00f6bb l\u00e1ny 9 \u00e9s 16 \u00e9ves kora k\u00f6z\u00f6tt menstru\u00e1l el\u0151sz\u00f6r. Annak ellen\u00e9re, hogy term\u00e9szetes jelens\u00e9gr\u0151l van sz\u00f3, <a href=\"https:\/\/yelon.hu\/szuloknek\/nem-tudok-hogyan-beszelni-a-szexualitasrol-a-gyerekemmel\/\" target=\"_blank\" rel=\"noreferrer noopener\" aria-label=\"nem k\u00f6nny\u0171 elkezdeni besz\u00e9lgetni r\u00f3la (\u00faj f\u00fcl\u00f6n nyitja meg)\">nem k\u00f6nny\u0171 elkezdeni besz\u00e9lgetni r\u00f3la<\/a>. Mit mondjunk a gyerek\u00fcnknek a menstru\u00e1ci\u00f3r\u00f3l, \u00e9s mikor?<\/p>\n\n\n\n<!--more-->\n\n\n\n<h2><strong>Min\u00e9l el\u0151bb, ann\u00e1l jobb<\/strong><\/h2>\n\n\n\n<p>A feln\u0151tt\u00e9 v\u00e1l\u00e1s izgatja a gyerekek fant\u00e1zi\u00e1j\u00e1t, de a pubert\u00e1skorhoz k\u00f6zeledve sokukban n\u0151 az ezzel kapcsolatos bizonytalans\u00e1g \u00e9s zavar. Ez\u00e9rt j\u00f3, ha m\u00e1r <a href=\"https:\/\/yelon.hu\/szuloknek\/a-gyerekkori-szexualitas-szakaszai\/\" target=\"_blank\" rel=\"noreferrer noopener\" aria-label=\"j\u00f3val a pubert\u00e1skor kezdete el\u0151tt (\u00faj f\u00fcl\u00f6n nyitja meg)\">j\u00f3val a pubert\u00e1skor kezdete el\u0151tt<\/a> (kb. 5 \u00e9ves kort\u00f3l) elkezd\u00fcnk vele besz\u00e9lgetni a v\u00e1rhat\u00f3 v\u00e1ltoz\u00e1sokr\u00f3l, \u00edgy azok nem \u00e9rik majd felk\u00e9sz\u00fcletlen\u00fcl, \u00e9s ha l\u00e1tja rajtunk, hogy nem j\u00f6v\u00fcnk zavarba a k\u00e9rd\u00e9seit\u0151l, b\u00e1rmikor bizalommal fordul majd hozz\u00e1nk.<\/p>\n\n\n\n<h2><strong>Hol kezdjem?<\/strong><\/h2>\n\n\n\n<p>A gyerekek sokszor sokkal \u201esz\u00e9gyentelenebbek\u201d a testi folyamatokat illet\u0151en, mint mi, j\u00f3l nevelt feln\u0151ttek. Ha a gyereked testi \u00fcgyekr\u0151l, tv-ben l\u00e1tott tisztas\u00e1gibet\u00e9t-rekl\u00e1mr\u00f3l (\u00e9s az ott l\u00e1that\u00f3, \u00e9rdekes m\u00f3don k\u00e9k sz\u00edn\u0171 foltokr\u00f3l) vagy a f\u00fcrd\u0151szobai tamponos dobozr\u00f3l k\u00e9rdez, ezek remek alkalmak lehetnek arra, hogy besz\u00e9lgess vele, \u00e9s \u00fajra \u00e9s \u00fajra megadd neki azokat az inform\u00e1ci\u00f3kat, amikre \u00e9pp k\u00edv\u00e1ncsi.<\/p>\n\n\n\n<p>Ha nem \u00e1ll el\u0151 hasonl\u00f3 k\u00e9rd\u00e9sekkel, akkor<a href=\"https:\/\/yelon.hu\/szuloknek\/mi-van-ha-nem-kerdez-a-gyerek\/\" target=\"_blank\" rel=\"noreferrer noopener\" aria-label=\" rajtad a sor, hogy felhozd a t\u00e9m\u00e1t (\u00faj f\u00fcl\u00f6n nyitja meg)\"> rajtad a sor, hogy felhozd a t\u00e9m\u00e1t<\/a>. Egy nagy, mindenre kiterjed\u0151 <a href=\"https:\/\/yelon.hu\/szuloknek\/felvilagositas-vagy-szexualis-neveles\/\" target=\"_blank\" rel=\"noreferrer noopener\" aria-label=\"felvil\u00e1gos\u00edt\u00f3 besz\u00e9d (\u00faj f\u00fcl\u00f6n nyitja meg)\">felvil\u00e1gos\u00edt\u00f3 besz\u00e9d<\/a> helyett jobb, ha rendszeresen besz\u00e9lgettek a menstru\u00e1ci\u00f3r\u00f3l \u00e9s minden egy\u00e9br\u0151l, ami azzal kapcsolatos.<\/p>\n\n\n\n<p>Ez az\u00e9rt is fontos, mert \u00edgy elej\u00e9t veheted annak, hogy innen-onnan (<a href=\"https:\/\/yelon.hu\/szuloknek\/hogyan-beszeljunk-a-gyerekekkel-az-internetrol\/\" target=\"_blank\" rel=\"noreferrer noopener\" aria-label=\"internetr\u0151l (\u00faj f\u00fcl\u00f6n nyitja meg)\">internetr\u0151l<\/a>, oszt\u00e1lyt\u00e1rsakt\u00f3l) \u00f6sszeszedett f\u00e9linform\u00e1ci\u00f3kb\u00f3l t\u00e1j\u00e9koz\u00f3djon. Ha van szexeduk\u00e1ci\u00f3s \u00f3ra az iskol\u00e1ban, j\u00f3 \u00f6tlet lehet ennek kapcs\u00e1n otthon tov\u00e1bb besz\u00e9lgetni.<\/p>\n\n\n\n<h2><strong>Besz\u00e9lget\u00e9s kisebbekkel<\/strong><\/h2>\n\n\n\n<p>5-6 \u00e9ves gyerekeknek m\u00e9g nincs sz\u00fcks\u00e9g\u00fck a menstru\u00e1ci\u00f3val kapcsolatos praktikus ismeretekre. Ha k\u00e9rdeznek r\u00f3la, \u00e9rdemesebb a legalapvet\u0151bb dolgokat elmondani: besz\u00e9lni a n\u0151i testr\u0151l, a n\u0151 m\u00e9h\u00e9r\u0151l, ahol a kisbaba n\u00f6vekszik, arr\u00f3l mes\u00e9lni, hogy ha egy n\u0151 nem v\u00e1r kisbab\u00e1t, akkor minden h\u00f3napban v\u00e9rzik, ami teljesen term\u00e9szetes, ezt nevezz\u00fck menstru\u00e1ci\u00f3nak, \u00e9s a tampont vagy a bet\u00e9tet pedig arra haszn\u00e1ljuk, hogy felsz\u00edvja ezt a v\u00e9rt. Esetleg k\u00f6z\u00f6sen lerajzolhatj\u00e1tok a testet \u00e9s a bels\u0151 nemi szerveket.<\/p>\n\n\n\n<h2><strong>L\u00e9gy gyakorlatias, \u00e9s \u00e1llj pozit\u00edvan a menstru\u00e1ci\u00f3hoz<\/strong><\/h2>\n\n\n\n<p>Ahogy a l\u00e1nyok nagyobbak lesznek, egyre ink\u00e1bb praktikus tan\u00e1csokra lesz majd sz\u00fcks\u00e9g\u00fck. Fontos, hogy felk\u00e9sz\u00fclt l\u00e9gy, de nem kell mindentud\u00f3nak lenned. L\u00e9nyeg az \u0151szintes\u00e9g. <a href=\"https:\/\/yelon.hu\/szuloknek\/a-gyerek-kerdez-mi-tanulunk\/\" target=\"_blank\" rel=\"noreferrer noopener\" aria-label=\"Ha valamire nem tudod a v\u00e1laszt, mondd meg nyugodtan (\u00faj f\u00fcl\u00f6n nyitja meg)\">Ha valamire nem tudod a v\u00e1laszt, mondd meg nyugodtan<\/a>, \u00e9s \u00edg\u00e9rd meg, hogy ut\u00e1nan\u00e9zel, hogy k\u00e9s\u0151bb v\u00e1laszolni tudj.<\/p>\n\n\n\n<p>A k\u00f6vetkez\u0151 k\u00e9rd\u00e9sekre \u00e9rdemes sz\u00e1m\u00edtani:<\/p>\n\n\n\n<ul><li>Mi a norm\u00e1lis?<\/li><li>Mi\u00e9rt menstru\u00e1lunk?<\/li><li>Mikor fog megj\u00f6nni?<\/li><li>Eg\u00e9sz \u00e9letemben menstru\u00e1lni fogok?<\/li><li>F\u00e1jni fog?<\/li><li>Mi a teend\u0151? Bet\u00e9tet, tampont vagy menstru\u00e1ci\u00f3s kelyhet haszn\u00e1ljak? Hogy kell ezeket haszn\u00e1lni?<\/li><li>Mindenki tudni fogja, hogy menstru\u00e1lok?<\/li><li>Mi van, ha a suliban \u00e1tv\u00e9rzem a nadr\u00e1gom?<\/li><\/ul>\n\n\n\n<p>V\u00e9g\u00fcl, de nem utols\u00f3sorban pedig <a href=\"https:\/\/yelon.hu\/szuloknek\/szuloi-minta-a-gyerek-szexualitasaban\/\" target=\"_blank\" rel=\"noreferrer noopener\" aria-label=\"l\u00e9gy \u201emenstru\u00e1ci\u00f3pozit\u00edv\u201d, \u00e9s tan\u00edtsd erre a gyerekedet is (\u00faj f\u00fcl\u00f6n nyitja meg)\">l\u00e9gy \u201emenstru\u00e1ci\u00f3pozit\u00edv\u201d, \u00e9s tan\u00edtsd erre a gyerekedet is<\/a>. Az eg\u00e9szs\u00e9ges n\u0151k \u00e9let\u00e9nek term\u00e9szetes r\u00e9sze a menstru\u00e1ci\u00f3. Jelzi, hogy a test\u00fcnk j\u00f3l m\u0171k\u00f6dik. \u00d6r\u00fclj\u00fcnk ennek, \u00e9s pozit\u00edvan \u00e9s mag\u00e1t\u00f3l \u00e9rtet\u0151d\u0151en besz\u00e9lj\u00fcnk r\u00f3la.<\/p>\n\n\n\n<p><em>Marton Kata<\/em><\/p>\n\n\n\n<p><em>Kiemelt k\u00e9p <a href=\"https:\/\/wexnermedical.osu.edu\/-\/media\/images\/wexnermedical\/blog\/2018-stories\/09\/disappearing-period\/periodcalendar_bloglarge.jpg?la=en&amp;hash=3DA20C1F1B0239637CF3B2E30B0769DFFB6CA7AB\">innen<\/a><\/em><\/p>\n","protected":false},"excerpt":{"rendered":"<p>TV-ben l\u00e1tott rekl\u00e1m, f\u00fcrd\u0151szob\u00e1ban el\u0151l hagyott tisztas\u00e1gi bet\u00e9tek remek alkalmak arra, hogy \u0151szint\u00e9n besz\u00e9lgessetek a menstru\u00e1ci\u00f3r\u00f3l. Cikk\u00fcnkkel seg\u00edt\u00fcnk, hogy mikor mit \u00e9s hogyan mondj el err\u0151l a t\u00e9m\u00e1r\u00f3l gyerekeidnek!<\/p>\n","protected":false},"author":9,"featured_media":3691,"comment_status":"closed","ping_status":"closed","sticky":false,"template":"","format":"standard","meta":[],"categories":[12,11],"tags":[99,1261,121,1259,46,1262,1266,500,1268,1263,128,78,1265,1264,1267,1260],"yoast_head":"<!-- This site is optimized with the Yoast SEO plugin v15.1 - https:\/\/yoast.com\/wordpress\/plugins\/seo\/ -->\n<title>Hogyan besz\u00e9lgess\u00fcnk gyerekekkel a menstru\u00e1ci\u00f3r\u00f3l? - Yelon<\/title>\n<meta name=\"description\" content=\"Hi\u00e1ba term\u00e9szetes, nem k\u00f6nny\u0171 besz\u00e9lni a menstru\u00e1ci\u00f3r\u00f3l, pedig id\u0151vel a gyerek\u00fcnknek biztosan lesznek k\u00e9rd\u00e9sei a t\u00e9m\u00e1ban: mit mondjunk, hogyan \u00e9s mikor?\" \/>\n<meta name=\"robots\" content=\"index, follow, max-snippet:-1, max-image-preview:large, max-video-preview:-1\" \/>\n<link rel=\"canonical\" href=\"https:\/\/yelon.hu\/szuloknek\/hogyan-beszelgessunk-gyerekekkel-a-menstruaciorol\/\" \/>\n<meta property=\"og:locale\" content=\"hu_HU\" \/>\n<meta property=\"og:type\" content=\"article\" \/>\n<meta property=\"og:title\" content=\"Hogyan besz\u00e9lgess\u00fcnk gyerekekkel a menstru\u00e1ci\u00f3r\u00f3l? - Yelon\" \/>\n<meta property=\"og:description\" content=\"Hi\u00e1ba term\u00e9szetes, nem k\u00f6nny\u0171 besz\u00e9lni a menstru\u00e1ci\u00f3r\u00f3l, pedig id\u0151vel a gyerek\u00fcnknek biztosan lesznek k\u00e9rd\u00e9sei a t\u00e9m\u00e1ban: mit mondjunk, hogyan \u00e9s mikor?\" \/>\n<meta property=\"og:url\" content=\"https:\/\/yelon.hu\/szuloknek\/hogyan-beszelgessunk-gyerekekkel-a-menstruaciorol\/\" \/>\n<meta property=\"og:site_name\" content=\"Yelon\" \/>\n<meta property=\"article:published_time\" content=\"2017-01-30T09:53:00+00:00\" \/>\n<meta property=\"article:modified_time\" content=\"2020-02-20T10:28:17+00:00\" \/>\n<meta property=\"og:image\" content=\"https:\/\/yelon.hu\/szuloknek\/wp-content\/uploads\/2017\/01\/periodcalendar_bloglarge.jpg\" \/>\n\t<meta property=\"og:image:width\" content=\"1800\" \/>\n\t<meta property=\"og:image:height\" content=\"1013\" \/>\n<meta name=\"twitter:card\" content=\"summary_large_image\" \/>\n<script type=\"application\/ld+json\" class=\"yoast-schema-graph\">{\"@context\":\"https:\/\/schema.org\",\"@graph\":[{\"@type\":\"WebSite\",\"@id\":\"https:\/\/yelon.hu\/szuloknek\/#website\",\"url\":\"https:\/\/yelon.hu\/szuloknek\/\",\"name\":\"Yelon\",\"description\":\"Kamaszoknak \\u00e9s sz\\u00fcl\\u0151knek sz\\u00f3l\\u00f3 online magazin\",\"potentialAction\":[{\"@type\":\"SearchAction\",\"target\":\"https:\/\/yelon.hu\/szuloknek\/?s={search_term_string}\",\"query-input\":\"required name=search_term_string\"}],\"inLanguage\":\"hu\"},{\"@type\":\"ImageObject\",\"@id\":\"https:\/\/yelon.hu\/szuloknek\/hogyan-beszelgessunk-gyerekekkel-a-menstruaciorol\/#primaryimage\",\"inLanguage\":\"hu\",\"url\":\"https:\/\/yelon.hu\/szuloknek\/wp-content\/uploads\/2017\/01\/periodcalendar_bloglarge.jpg\",\"width\":1800,\"height\":1013,\"caption\":\"Menstru\\u00e1ci\\u00f3 gyerekekkel\"},{\"@type\":\"WebPage\",\"@id\":\"https:\/\/yelon.hu\/szuloknek\/hogyan-beszelgessunk-gyerekekkel-a-menstruaciorol\/#webpage\",\"url\":\"https:\/\/yelon.hu\/szuloknek\/hogyan-beszelgessunk-gyerekekkel-a-menstruaciorol\/\",\"name\":\"Hogyan besz\\u00e9lgess\\u00fcnk gyerekekkel a menstru\\u00e1ci\\u00f3r\\u00f3l? - Yelon\",\"isPartOf\":{\"@id\":\"https:\/\/yelon.hu\/szuloknek\/#website\"},\"primaryImageOfPage\":{\"@id\":\"https:\/\/yelon.hu\/szuloknek\/hogyan-beszelgessunk-gyerekekkel-a-menstruaciorol\/#primaryimage\"},\"datePublished\":\"2017-01-30T09:53:00+00:00\",\"dateModified\":\"2020-02-20T10:28:17+00:00\",\"author\":{\"@id\":\"https:\/\/yelon.hu\/szuloknek\/#\/schema\/person\/c9fa38f81f80ff5bbd245a64fddaee93\"},\"description\":\"Hi\\u00e1ba term\\u00e9szetes, nem k\\u00f6nny\\u0171 besz\\u00e9lni a menstru\\u00e1ci\\u00f3r\\u00f3l, pedig id\\u0151vel a gyerek\\u00fcnknek biztosan lesznek k\\u00e9rd\\u00e9sei a t\\u00e9m\\u00e1ban: mit mondjunk, hogyan \\u00e9s mikor?\",\"inLanguage\":\"hu\",\"potentialAction\":[{\"@type\":\"ReadAction\",\"target\":[\"https:\/\/yelon.hu\/szuloknek\/hogyan-beszelgessunk-gyerekekkel-a-menstruaciorol\/\"]}]},{\"@type\":\"Person\",\"@id\":\"https:\/\/yelon.hu\/szuloknek\/#\/schema\/person\/c9fa38f81f80ff5bbd245a64fddaee93\",\"name\":\"B. Zsofi\",\"image\":{\"@type\":\"ImageObject\",\"@id\":\"https:\/\/yelon.hu\/szuloknek\/#personlogo\",\"inLanguage\":\"hu\",\"url\":\"https:\/\/secure.gravatar.com\/avatar\/0936caaf13a2f9714ad4b7bd07dd9bca?s=96&d=mm&r=g\",\"caption\":\"B. Zsofi\"}}]}<\/script>\n<!-- \/ Yoast SEO plugin. -->","_links":{"self":[{"href":"https:\/\/yelon.hu\/szuloknek\/wp-json\/wp\/v2\/posts\/3634"}],"collection":[{"href":"https:\/\/yelon.hu\/szuloknek\/wp-json\/wp\/v2\/posts"}],"about":[{"href":"https:\/\/yelon.hu\/szuloknek\/wp-json\/wp\/v2\/types\/post"}],"author":[{"embeddable":true,"href":"https:\/\/yelon.hu\/szuloknek\/wp-json\/wp\/v2\/users\/9"}],"replies":[{"embeddable":true,"href":"https:\/\/yelon.hu\/szuloknek\/wp-json\/wp\/v2\/comments?post=3634"}],"version-history":[{"count":5,"href":"https:\/\/yelon.hu\/szuloknek\/wp-json\/wp\/v2\/posts\/3634\/revisions"}],"predecessor-version":[{"id":3785,"href":"https:\/\/yelon.hu\/szuloknek\/wp-json\/wp\/v2\/posts\/3634\/revisions\/3785"}],"wp:featuredmedia":[{"embeddable":true,"href":"https:\/\/yelon.hu\/szuloknek\/wp-json\/wp\/v2\/media\/3691"}],"wp:attachment":[{"href":"https:\/\/yelon.hu\/szuloknek\/wp-json\/wp\/v2\/media?parent=3634"}],"wp:term":[{"taxonomy":"category","embeddable":true,"href":"https:\/\/yelon.hu\/szuloknek\/wp-json\/wp\/v2\/categories?post=3634"},{"taxonomy":"post_tag","embeddable":true,"href":"https:\/\/yelon.hu\/szuloknek\/wp-json\/wp\/v2\/tags?post=3634"}],"curies":[{"name":"wp","href":"https:\/\/api.w.org\/{rel}","templated":true}]}}