{"id":3710,"date":"2017-01-11T13:14:00","date_gmt":"2017-01-11T12:14:00","guid":{"rendered":"https:\/\/yelon.hu\/szuloknek\/?p=3710"},"modified":"2021-06-18T00:17:03","modified_gmt":"2021-06-17T22:17:03","slug":"ha-a-gyereked-meleg","status":"publish","type":"post","link":"https:\/\/yelon.hu\/szuloknek\/ha-a-gyereked-meleg\/","title":{"rendered":"Hogy kezeld, ha a gyereked azt mondja, hogy meleg?"},"content":{"rendered":"\n<p>A H\u00e1tt\u00e9r T\u00e1rsas\u00e1g cikke azt a helyzetet j\u00e1rja k\u00f6r\u00fcl, amikor egy sz\u00fcl\u0151 megtudja, hogy a gyereke meleg. Mi seg\u00edt ilyenkor? El\u00e9g-e a szeretet?<\/p>\n\n\n\n<!--more-->\n\n\n\n<h2><strong>Anya, apa\u2026 meleg vagyok!&nbsp;<\/strong><\/h2>\n\n\n\n<p>Ha sz\u00fcl\u0151k\u00e9nt azzal szembes\u00fclsz, hogy a gyereked <a rel=\"noreferrer noopener\" aria-label=\"meleg (\u00faj f\u00fcl\u00f6n nyitja meg)\" href=\"https:\/\/yelon.hu\/szuloknek\/biologiai-nem-es-nemi-identitas\/\" target=\"_blank\">meleg<\/a>, \u00f6sszezavarodhatsz, \u00fagy \u00e9rezheted, mintha kih\u00fazt\u00e1k volna a l\u00e1bad al\u00f3l a talajt. Hogy t\u00f6rt\u00e9nhetett ez, hiszen te mindent megtett\u00e9l, hogy j\u00f3 \u00e9desanyja vagy \u00e9desapja legy\u00e9l a gyerekednek, \u00e9s m\u00e9gis t\u00f6rt\u00e9nt valami olyasmi, amire nem sz\u00e1m\u00edtott\u00e1l\u2026<\/p>\n\n\n\n<p>Amikor megsz\u00fcletett a gyereked, elk\u00e9pzelted, milyen lesz az \u00e9lete, \u00e1lmodozt\u00e1l r\u00f3la, hogyan fog felcseperedni, l\u00e1ttad magad el\u0151tt&nbsp; kisiskol\u00e1sk\u00e9nt, kamaszk\u00e9nt, arr\u00f3l \u00e1br\u00e1ndozt\u00e1l, hogyan tal\u00e1l majd p\u00e1rra, \u00e9s milyen \u00e9desek lesznek majd az unok\u00e1k\u2026<\/p>\n\n\n\n<p>Most viszont ez a \u201eforgat\u00f3k\u00f6nyv\u201d fenekest\u00fcl felfordul, \u00e9s benned minden bizonnyal rengeteg \u00e9rzelem kavarog.<\/p>\n\n\n\n<h2><strong>Mit tehetsz most?<\/strong><\/h2>\n\n\n\n<p>Teljesen term\u00e9szetes, hogy a h\u00edr hallat\u00e1n az els\u0151 gondolatod az, hogy \u201eez nem lehet igaz, az \u00e9n gyerekem nem lehet meleg, ez valami t\u00e9ved\u00e9s, majd kin\u00f6vi, hiszen olyan sz\u00e9p bar\u00e1tn\u0151i\/j\u00f3k\u00e9p\u0171 bar\u00e1tai voltak eddig, csak meg kell tal\u00e1lnia az igazit\u2026\u201d De nemcsak neked, a gyerekednek is nagyon neh\u00e9z id\u0151szak ez. A meg\u00e9rt\u00e9sedre, <a href=\"https:\/\/yelon.hu\/szuloknek\/28-onbizalom-novelo-mondat-gyerekeknek\/\" target=\"_blank\" rel=\"noreferrer noopener\" aria-label=\"t\u00e1mogat\u00e1sodra (\u00faj f\u00fcl\u00f6n nyitja meg)\">t\u00e1mogat\u00e1sodra<\/a>, szeretetedre van sz\u00fcks\u00e9ge.&nbsp;&nbsp;&nbsp;<\/p>\n\n\n\n<h2><strong>A besz\u00e9lget\u00e9s ebben a helyzetben is hasznos<\/strong><\/h2>\n\n\n\n<p>Ami ilyenkor nagyon sokat seg\u00edt, az a besz\u00e9lget\u00e9s. \u00dcljetek le egym\u00e1ssal egy olyan helyen, ahol mindketten k\u00e9nyelmesen \u00e9rzitek magatokat, \u00e9s mindenki r\u00e1\u00e9r, senki sem rohan sehov\u00e1. Besz\u00e9ljetek ny\u00edltan arr\u00f3l, hogy kiben milyen \u00e9rz\u00e9seket keltett a bejelent\u00e9s. K\u00e9rlek, hallgasd v\u00e9gig a gyereked, hiszen fantasztikus dolog, hogy elmondta neked az egyik legf\u00e9ltettebb titk\u00e1t. Ez neki sem lehetett egyszer\u0171.&nbsp;Adj magadnak \u00e9s magatoknak id\u0151t arra, hogy feldolgozz\u00e1tok a helyzetet.<\/p>\n\n\n\n<h2><strong>A harag helyett meg\u00e9rt\u00e9s<\/strong><\/h2>\n\n\n\n<p>Elk\u00e9pzelhet\u0151, hogy haragszol a gyerekedre, mert a <a rel=\"noreferrer noopener\" aria-label=\"szexu\u00e1lis \u00e9let\u00e9t (\u00faj f\u00fcl\u00f6n nyitja meg)\" href=\"https:\/\/yelon.hu\/szuloknek\/mit-kell-tudnod-ha-a-gyereked-mar-szexel\/\" target=\"_blank\">szexu\u00e1lis \u00e9let\u00e9t<\/a> m\u00e1sk\u00e9nt \u00e9li majd meg, \u00e9s ezt te nem vagy csak nagyon nehezen tudod elfogadni. Ez is&nbsp; term\u00e9szetes reakci\u00f3. Az \u00e9rz\u00e9seid\u00e9rt nem, csak a tetteid\u00e9rt vagy felel\u0151s. \u00cdgy a haragod ne z\u00fad\u00edtsd r\u00e1, hiszen \u0151 most pontosan ugyanolyan neh\u00e9z helyzetben van, mint te. A t\u00e1mad\u00e1s helyett pr\u00f3b\u00e1ld meg\u00e9rteni, min megy kereszt\u00fcl, mi mindennel kell szemben\u00e9znie \u00faj helyzet\u00e9ben. Nem csak a te r\u00f3la alkotott k\u00e9ped v\u00e1ltozott meg gy\u00f6keresen. A gyerekednek is meg kell ismernie \u00faj \u00f6nmag\u00e1t, \u00e9s ezzel egy\u00fctt ki kell alak\u00edtani \u00faj \u00e9let\u00e9t.&nbsp;<\/p>\n\n\n\n<p>Lehet, hogy \u00fagy \u00e9rzed, hogy \u201emajd kin\u00f6vi, ez csak egy \u00e1tmeneti h\u00f3bort\u201d. Az, hogy valaki meleg, nem a saj\u00e1t v\u00e1laszt\u00e1sa, senki nem lesz meleg divatb\u00f3l, \u00e9s az\u00e9rt sem, mert az eddigi partnerei nem voltak el\u00e9g j\u00f3k. A tudom\u00e1ny eddig nem tal\u00e1lt kiel\u00e9g\u00edt\u0151 magyar\u00e1zatot arra, hogy mi\u00e9rt lesz valaki homoszexu\u00e1lis. Rengeteg t\u00e9nyez\u0151 szerep\u00e9t felt\u00e9telezik, de ezek sem adnak sz\u00e1zsz\u00e1zal\u00e9kos magyar\u00e1zatot a homoszexualit\u00e1s kialakul\u00e1s\u00e1ra. A mai t\u00e1rsadalom gyakran viszonyul kirekeszt\u0151en \u00e9s elutas\u00edt\u00f3an a melegekhez, \u00edgy abban biztos lehetsz, hogy senki nem v\u00e1lik melegg\u00e9 kedvtel\u00e9sb\u0151l. A gyereked tal\u00e1n hossz\u00fa id\u0151n kereszt\u00fcl harcolt mag\u00e1val \u00e9s mag\u00e1ban az \u00e9rz\u00e9sei, \u00e9rzelmei, testi v\u00e1gyai ellen, am\u00edg meg tudta fogalmazni a t\u00e9nyt, hogy \u0151 meleg. Tartsd ezt tiszteletben, hiszen hatalmas <a href=\"https:\/\/yelon.hu\/szuloknek\/a-szexualis-neveles-bizalom\/\" target=\"_blank\" rel=\"noreferrer noopener\" aria-label=\"b\u00e1tors\u00e1g kell ahhoz, hogy valaki ezzel a sz\u00fcleinek el\u0151hozakodjon (\u00faj f\u00fcl\u00f6n nyitja meg)\">b\u00e1tors\u00e1g kell ahhoz, hogy valaki ezzel a sz\u00fcleinek el\u0151hozakodjon<\/a>.<\/p>\n\n\n\n<h2><strong>Senki sem hib\u00e1s<\/strong><\/h2>\n\n\n\n<p>Ne hib\u00e1ztasd magad az\u00e9rt, ha kiborulsz, ha \u00fagy \u00e9rzed, ez sz\u00e1modra feldolgozhatatlan, nem tudod, merre van a ki\u00fat ebb\u0151l a helyzetb\u0151l.&nbsp;Az els\u0151 \u00e9s legfontosabb, hogy biztosan tudd: nem rontott\u00e1l el semmit. Nem nevelted f\u00e9lre, nem hozt\u00e1l visszaford\u00edthatatlanul hib\u00e1s d\u00f6nt\u00e9seket. Ne hib\u00e1ztasd magad ez\u00e9rt a helyzet\u00e9rt.&nbsp;<\/p>\n\n\n\n<p>Azt is fontos tudnod: nem vagy egyed\u00fcl. Sok-sok sz\u00fcl\u0151 \u00e1t\u00e9lte ezt a helyzetet. Ha nyitott \u00e9s szeretetteljes maradsz a gyereked fel\u00e9, \u00fajra meg fogj\u00e1tok tal\u00e1lni az utat egym\u00e1shoz, m\u00edg v\u00e9g\u00fcl&nbsp;el tudod fogadni \u0151t \u00e9s tal\u00e1n a v\u00e1lasztott t\u00e1rs\u00e1t is.<\/p>\n\n\n\n<p>Ha \u00fagy \u00e9rzed, sz\u00fcks\u00e9ged van r\u00e1, k\u00e9rj&nbsp; seg\u00edts\u00e9get: a H\u00e1tt\u00e9r T\u00e1rsas\u00e1g telefonos lelkiseg\u00e9ly szolg\u00e1lata az \u00e9v minden napj\u00e1n 18:00 \u00e9s 23:00 k\u00f6z\u00f6tt v\u00e1rja h\u00edv\u00e1sod.<\/p>\n\n\n\n<p><em>H\u00e1tt\u00e9r T\u00e1rsas\u00e1g <\/em><\/p>\n\n\n\n<p><em>Kiemelt k\u00e9p <a href=\"https:\/\/images.unsplash.com\/photo-1566661983838-6f38e8698883?ixlib=rb-1.2.1&amp;auto=format&amp;fit=crop&amp;w=750&amp;q=80\">innen<\/a><\/em><\/p>\n","protected":false},"excerpt":{"rendered":"<p>Mit csin\u00e1lj, ha meghallod a k\u00f6vetkez\u0151 mondatot?: Anya, Apa&#8230; meleg vagyok! A H\u00e1tt\u00e9r T\u00e1rsas\u00e1g \u00f6sszeszedte a leghasznosabb tan\u00e1csokat erre a helyzetre!<\/p>\n","protected":false},"author":9,"featured_media":3722,"comment_status":"closed","ping_status":"closed","sticky":false,"template":"","format":"standard","meta":[],"categories":[12,11],"tags":[1349,809,644,1348,1347,1354,1246,336,1350,45,783,879,1353,1352,1355,357,882,781,344],"yoast_head":"<!-- This site is optimized with the Yoast SEO plugin v15.1 - https:\/\/yoast.com\/wordpress\/plugins\/seo\/ -->\n<title>Hogy kezeld, ha a gyereked azt mondja, hogy meleg? - Yelon<\/title>\n<meta name=\"description\" content=\"Mit tehetsz, ha a gyereked coming out-ol? El\u0151sz\u00f6r is \u00f6r\u00fclj, hogy ennyire bizik benned! K\u00e9s\u0151bb pedig besz\u00e9lgessetek \u0151szint\u00e9n, min\u00e9l t\u00f6bbet!\" \/>\n<meta name=\"robots\" content=\"index, follow, max-snippet:-1, max-image-preview:large, max-video-preview:-1\" \/>\n<link rel=\"canonical\" href=\"https:\/\/yelon.hu\/szuloknek\/ha-a-gyereked-meleg\/\" \/>\n<meta property=\"og:locale\" content=\"hu_HU\" \/>\n<meta property=\"og:type\" content=\"article\" \/>\n<meta property=\"og:title\" content=\"Hogy kezeld, ha a gyereked azt mondja, hogy meleg? - Yelon\" \/>\n<meta property=\"og:description\" content=\"Mit tehetsz, ha a gyereked coming out-ol? El\u0151sz\u00f6r is \u00f6r\u00fclj, hogy ennyire bizik benned! K\u00e9s\u0151bb pedig besz\u00e9lgessetek \u0151szint\u00e9n, min\u00e9l t\u00f6bbet!\" \/>\n<meta property=\"og:url\" content=\"https:\/\/yelon.hu\/szuloknek\/ha-a-gyereked-meleg\/\" \/>\n<meta property=\"og:site_name\" content=\"Yelon\" \/>\n<meta property=\"article:published_time\" content=\"2017-01-11T12:14:00+00:00\" \/>\n<meta property=\"article:modified_time\" content=\"2021-06-17T22:17:03+00:00\" \/>\n<meta property=\"og:image\" content=\"https:\/\/yelon.hu\/szuloknek\/wp-content\/uploads\/2017\/01\/alejandro-garrido-navarro-ernyok-napernyok-szines-arnyekolo-scaled.jpg\" \/>\n\t<meta property=\"og:image:width\" content=\"2560\" \/>\n\t<meta property=\"og:image:height\" content=\"1440\" \/>\n<meta name=\"twitter:card\" content=\"summary_large_image\" \/>\n<script type=\"application\/ld+json\" class=\"yoast-schema-graph\">{\"@context\":\"https:\/\/schema.org\",\"@graph\":[{\"@type\":\"WebSite\",\"@id\":\"https:\/\/yelon.hu\/szuloknek\/#website\",\"url\":\"https:\/\/yelon.hu\/szuloknek\/\",\"name\":\"Yelon\",\"description\":\"Kamaszoknak \\u00e9s sz\\u00fcl\\u0151knek sz\\u00f3l\\u00f3 online magazin\",\"potentialAction\":[{\"@type\":\"SearchAction\",\"target\":\"https:\/\/yelon.hu\/szuloknek\/?s={search_term_string}\",\"query-input\":\"required name=search_term_string\"}],\"inLanguage\":\"hu\"},{\"@type\":\"ImageObject\",\"@id\":\"https:\/\/yelon.hu\/szuloknek\/ha-a-gyereked-meleg\/#primaryimage\",\"inLanguage\":\"hu\",\"url\":\"https:\/\/yelon.hu\/szuloknek\/wp-content\/uploads\/2017\/01\/alejandro-garrido-navarro-ernyok-napernyok-szines-arnyekolo-scaled.jpg\",\"width\":2560,\"height\":1440,\"caption\":\"Ha a gyereked meleg, coming out\"},{\"@type\":\"WebPage\",\"@id\":\"https:\/\/yelon.hu\/szuloknek\/ha-a-gyereked-meleg\/#webpage\",\"url\":\"https:\/\/yelon.hu\/szuloknek\/ha-a-gyereked-meleg\/\",\"name\":\"Hogy kezeld, ha a gyereked azt mondja, hogy meleg? - Yelon\",\"isPartOf\":{\"@id\":\"https:\/\/yelon.hu\/szuloknek\/#website\"},\"primaryImageOfPage\":{\"@id\":\"https:\/\/yelon.hu\/szuloknek\/ha-a-gyereked-meleg\/#primaryimage\"},\"datePublished\":\"2017-01-11T12:14:00+00:00\",\"dateModified\":\"2021-06-17T22:17:03+00:00\",\"author\":{\"@id\":\"https:\/\/yelon.hu\/szuloknek\/#\/schema\/person\/c9fa38f81f80ff5bbd245a64fddaee93\"},\"description\":\"Mit tehetsz, ha a gyereked coming out-ol? El\\u0151sz\\u00f6r is \\u00f6r\\u00fclj, hogy ennyire bizik benned! K\\u00e9s\\u0151bb pedig besz\\u00e9lgessetek \\u0151szint\\u00e9n, min\\u00e9l t\\u00f6bbet!\",\"inLanguage\":\"hu\",\"potentialAction\":[{\"@type\":\"ReadAction\",\"target\":[\"https:\/\/yelon.hu\/szuloknek\/ha-a-gyereked-meleg\/\"]}]},{\"@type\":\"Person\",\"@id\":\"https:\/\/yelon.hu\/szuloknek\/#\/schema\/person\/c9fa38f81f80ff5bbd245a64fddaee93\",\"name\":\"B. Zsofi\",\"image\":{\"@type\":\"ImageObject\",\"@id\":\"https:\/\/yelon.hu\/szuloknek\/#personlogo\",\"inLanguage\":\"hu\",\"url\":\"https:\/\/secure.gravatar.com\/avatar\/0936caaf13a2f9714ad4b7bd07dd9bca?s=96&d=mm&r=g\",\"caption\":\"B. Zsofi\"}}]}<\/script>\n<!-- \/ Yoast SEO plugin. -->","_links":{"self":[{"href":"https:\/\/yelon.hu\/szuloknek\/wp-json\/wp\/v2\/posts\/3710"}],"collection":[{"href":"https:\/\/yelon.hu\/szuloknek\/wp-json\/wp\/v2\/posts"}],"about":[{"href":"https:\/\/yelon.hu\/szuloknek\/wp-json\/wp\/v2\/types\/post"}],"author":[{"embeddable":true,"href":"https:\/\/yelon.hu\/szuloknek\/wp-json\/wp\/v2\/users\/9"}],"replies":[{"embeddable":true,"href":"https:\/\/yelon.hu\/szuloknek\/wp-json\/wp\/v2\/comments?post=3710"}],"version-history":[{"count":6,"href":"https:\/\/yelon.hu\/szuloknek\/wp-json\/wp\/v2\/posts\/3710\/revisions"}],"predecessor-version":[{"id":5552,"href":"https:\/\/yelon.hu\/szuloknek\/wp-json\/wp\/v2\/posts\/3710\/revisions\/5552"}],"wp:featuredmedia":[{"embeddable":true,"href":"https:\/\/yelon.hu\/szuloknek\/wp-json\/wp\/v2\/media\/3722"}],"wp:attachment":[{"href":"https:\/\/yelon.hu\/szuloknek\/wp-json\/wp\/v2\/media?parent=3710"}],"wp:term":[{"taxonomy":"category","embeddable":true,"href":"https:\/\/yelon.hu\/szuloknek\/wp-json\/wp\/v2\/categories?post=3710"},{"taxonomy":"post_tag","embeddable":true,"href":"https:\/\/yelon.hu\/szuloknek\/wp-json\/wp\/v2\/tags?post=3710"}],"curies":[{"name":"wp","href":"https:\/\/api.w.org\/{rel}","templated":true}]}}