{"id":3751,"date":"2018-11-03T11:22:00","date_gmt":"2018-11-03T10:22:00","guid":{"rendered":"https:\/\/yelon.hu\/szuloknek\/?p=3751"},"modified":"2020-02-21T02:03:32","modified_gmt":"2020-02-21T01:03:32","slug":"gyermeki-kepzelet-vilag","status":"publish","type":"post","link":"https:\/\/yelon.hu\/szuloknek\/gyermeki-kepzelet-vilag\/","title":{"rendered":"A gyerekkor k\u00e9pzeletvil\u00e1ga: mi\u00e9rt nem \u00e9rtik a feln\u0151ttek?"},"content":{"rendered":"\n<p>A gyerekek szem\u00e9lyis\u00e9gfejl\u0151d\u00e9s\u00e9ben nagy szerepe van a k\u00e9pzeletnek. A 17 \u00e9ves szerz\u0151nk azt \u00edrta meg, hogy milyen szomor\u00fa, amikor a feln\u0151ttek elfelejtik, hogy a vil\u00e1g tele van var\u00e1zslattal.&nbsp;<\/p>\n\n\n\n<!--more-->\n\n\n\n<p>Pr\u00f3b\u00e1lok elaludni. Apu lekapcsolta a villanyt, bez\u00e1rta maga m\u00f6g\u00f6tt az ajt\u00f3t. Tudom, hogy \u00e9bren vannak. Anyu mosogat, apu focit n\u00e9z. \u00c9n pedig nem tudok elaludni. Kinyitom a szememet. V\u00e1rok n\u00e9h\u00e1ny percet, am\u00edg hozz\u00e1szokom a s\u00f6t\u00e9thez, \u00e9s elism\u00e9telem, amit a s\u00e1rga ruh\u00e1s kisl\u00e1ny mondott a j\u00e1tsz\u00f3t\u00e9ren: \u201eAz ott nem egy \u00f3ri\u00e1s, hanem egy fa! Az a fa, ami alatt homokoztunk.\u201d Az ott nem egy <a href=\"https:\/\/yelon.hu\/szuloknek\/mikor-segithet-a-gyermekpszichologus\/\" target=\"_blank\" rel=\"noreferrer noopener\" aria-label=\"sz\u00f6rny (\u00faj f\u00fcl\u00f6n nyitja meg)\">sz\u00f6rny<\/a>, hanem csak a polcom, a j\u00e1t\u00e9kokkal. De mintha valami mozdulna\u2026 Nem, az nem lehet. <\/p>\n\n\n\n<h4>Sz\u00f6rnyek, boszork\u00e1k, man\u00f3k \u00e9s t\u00fcnd\u00e9rek <\/h4>\n\n\n\n<p>csak a mes\u00e9kben l\u00e9teznek. Keresem a macit a s\u00f6t\u00e9tben. Megszor\u00edtom. Besz\u00edvom az illat\u00e1t. F\u00faj! Levendul\u00e1s mos\u00f3por. Anyu tegnap kimosta. M\u00e1r nincs olyan j\u00f3 illata, mint a mama mos\u00f3szer\u00e9nek. De \u00e9n a mama mos\u00f3szer\u00e9t szeretem! Igaz, hogy anyu \u00f6bl\u00edt\u0151t haszn\u00e1l, mama pedig port, de az \u00f6v\u00e9t jobban szeretem. Ny\u00e1rillata van. Ny\u00e1ron mindig k\u00e9t esti mese hangzott el, mert az els\u0151 ut\u00e1n m\u00e9g vil\u00e1gos van. Azt\u00e1n a mes\u00e9sk\u00f6nyv utols\u00f3 fejezete ut\u00e1n mama tejet meleg\u00edtett nekem, kaka\u00f3t sz\u00f3rt r\u00e1, a tejsz\u00ednhabja pedig mosolygott. Anyu mindig vas\u00e1rnap j\u00f6tt \u00e9rtem, akkor is mes\u00e9ltem neki, hogy a mama kaka\u00f3j\u00e1n a tejsz\u00ednhab mosolyog, mire anyu felvonta a szem\u00f6ld\u00f6k\u00e9t, \u00e9s azt mondta: \u201eUgyan m\u00e1r, hogy mosolyoghatna a tejsz\u00ednhab?! Ne besz\u00e9lj z\u00f6lds\u00e9geket, kisl\u00e1nyom!\u201d, azt\u00e1n <a href=\"https:\/\/yelon.hu\/szuloknek\/tudatos-jelenlet-a-gyereknevelesben\/\" target=\"_blank\" rel=\"noreferrer noopener\" aria-label=\"visszafordult a pap\u00e1hoz, \u00e9s sz\u00e1mokr\u00f3l kezdtek el besz\u00e9lni.  (\u00faj f\u00fcl\u00f6n nyitja meg)\">visszafordult a pap\u00e1hoz, \u00e9s sz\u00e1mokr\u00f3l kezdtek el besz\u00e9lni<\/a>.<a href=\"https:\/\/yelon.hu\/szuloknek\/tudatos-jelenlet-a-gyereknevelesben\/\" target=\"_blank\" rel=\"noreferrer noopener\" aria-label=\"visszafordult a pap\u00e1hoz, \u00e9s sz\u00e1mokr\u00f3l kezdtek el besz\u00e9lni.  (\u00faj f\u00fcl\u00f6n nyitja meg)\"> <\/a><\/p>\n\n\n\n<h4>Nem \u00e9rtette meg.\u00a0 <\/h4>\n\n\n\n<p>Otthagytam \u0151ket, \u00e9s kimentem Apuhoz a gar\u00e1zsba. Neki is elmes\u00e9ltem, hogy a tejsz\u00ednhab mosolygott. Azt v\u00e1laszolta, hogy \u201eAnyuka! Milyen mes\u00e9t n\u00e9zett ez a gyerek?\u201d.&nbsp;<\/p>\n\n\n\n<p>\u2013 Mama! \u2013 ki\u00e1ltottam, mire mama ijedt\u00e9ben elejtette a gy\u00fcm\u00f6lcs\u00f6t.&nbsp;<\/p>\n\n\n\n<p>\u2013 Tess\u00e9k, Angyalom! \u2013 sz\u00f3lt vissza mosolyogva.&nbsp;<\/p>\n\n\n\n<p>\u2013 Elk\u00f6sz\u00f6nhetek Julcsit\u00f3l?&nbsp;<\/p>\n\n\n\n<p>\u2013 Persze, menj csak!&nbsp;<\/p>\n\n\n\n<h4>Julcsi a \u201emamabar\u00e1tn\u0151m\u201d. <\/h4>\n\n\n\n<p>A szomsz\u00e9d lak\u00e1sban lakik, de csak sz\u00fcnetekben tal\u00e1lkozunk, mert Ausztri\u00e1ban tanul. \u00c9n pedig a f\u0151v\u00e1rosban. Igaz, hogy Julcsi m\u00e1r fels\u0151s, de m\u00e9g neki is van babah\u00e1za \u00e9s hajasbab\u00e1i, amiket mindig megcsod\u00e1lok.<\/p>\n\n\n\n<p>\u2013 Szia! Nagyon fontos dolgot szeretn\u00e9k neked mondani \u2013 kezdtem, mikor Julcsi kinyitotta a lak\u00e1sajt\u00f3t.<\/p>\n\n\n\n<p>\u2013 Gyere be! \u00c9ppen a babah\u00e1zat rendezem \u00e1t.<\/p>\n\n\n\n<p>\u2013 Szerinted a tejsz\u00ednhab tud mosolyogni? \u2013 k\u00e9rdeztem nagyon komolyan.<\/p>\n\n\n\n<p>\u2013 Minden tud mosolyogni. <a href=\"https:\/\/yelon.hu\/szuloknek\/ryan-gosling-uzenete-a-szuloknek\/\" target=\"_blank\" rel=\"noreferrer noopener\" aria-label=\"\u00c9s s\u00edrni is! (\u00faj f\u00fcl\u00f6n nyitja meg)\">\u00c9s s\u00edrni is!<\/a> Mikor Ausztri\u00e1ban vagyunk, \u00e9s \u00fagy \u00e9rzem, j\u00f3 ott nekem, feln\u00e9zek a hegyekre, \u00e9s azt l\u00e1tom, hogy mosolyognak, \u00e9s vel\u00fck egy\u00fctt mosolyog a nap is, pontosan \u00fagy, ahogyan az ovisok rajzolj\u00e1k a lapok sz\u00e9l\u00e9re. Amikor pedig valami rosszul siker\u00fcl, azt l\u00e1tom, hogy a hegyek is komorak, a felh\u0151k pedig d\u00fch\u00f6sek. A m\u00faltkor elmes\u00e9ltem ezt a nagyb\u00e1ty\u00e1mnak, aki el\u0151sz\u00f6r j\u00e1rt az Alpokban. Csak legyintett, \u00e9s azt mondta, hogy biztos beteg vagyok \u2013 mes\u00e9lte Julcsi.\u00a0<\/p>\n\n\n\n<p>\u2013 Anyu szerint viszont nem tud mosolyogni a tejsz\u00ednhab a kaka\u00f3n. \u00c9n pedig l\u00e1ttam, hogy mosolyog \u2013 szomorodtam el. Julcsi k\u00f6zelebb h\u00fazott mag\u00e1hoz, \u00e9s suttogni kezdett.&nbsp;<\/p>\n\n\n\n<p>\u2013 Ha neked mosolyog a tejsz\u00ednhab, nekem pedig kacagnak a hegyek, akkor ez t\u00e9nyleg \u00edgy van, de soha ne felejtsd el: Vannak dolgok, amelyek t\u00fal nehezek a feln\u0151ttek sz\u00e1m\u00e1ra. Csak a gyerekek \u00e9rthetik meg!<\/p>\n\n\n\n<p><em>Bodn\u00e1r Lili Anna (17 \u00e9ves)<\/em><\/p>\n\n\n\n<p><em>Kiemelt k\u00e9p <a href=\"https:\/\/images.unsplash.com\/photo-1444703686981-a3abbc4d4fe3?ixlib=rb-1.2.1&amp;ixid=eyJhcHBfaWQiOjEyMDd9&amp;auto=format&amp;fit=crop&amp;w=1350&amp;q=80\">innen<\/a><\/em><\/p>\n","protected":false},"excerpt":{"rendered":"<p>Hogy milyen a vil\u00e1g egy 17 \u00e9ves szem\u00e9vel? Ha nem veszett el bel\u0151le a var\u00e1zs, akkor telis-tele lehet mosolyg\u00f3 tejsz\u00ednhabbal \u00e9s kacag\u00f3 hegyekkel&#8230; <\/p>\n","protected":false},"author":9,"featured_media":3752,"comment_status":"closed","ping_status":"closed","sticky":false,"template":"","format":"standard","meta":[],"categories":[37,33],"tags":[1398,704,174,1401,1400,783,1403,1399,1402,130],"yoast_head":"<!-- This site is optimized with the Yoast SEO plugin v15.1 - https:\/\/yoast.com\/wordpress\/plugins\/seo\/ -->\n<title>A gyerekkor k\u00e9pzeletvil\u00e1ga: mi\u00e9rt nem \u00e9rtik a feln\u0151ttek? - Yelon<\/title>\n<meta name=\"description\" content=\"A fant\u00e1zia fontos r\u00e9sze a gyerekek szem\u00e9lyis\u00e9gfejl\u0151d\u00e9s\u00e9nek. Felismerj\u00fck m\u00e9g sz\u00fcl\u0151k\u00e9nt a var\u00e1zslatot? \u00cdgy maradhatunk a r\u00e9szesei.\" \/>\n<meta name=\"robots\" content=\"index, follow, max-snippet:-1, max-image-preview:large, max-video-preview:-1\" \/>\n<link rel=\"canonical\" href=\"https:\/\/yelon.hu\/szuloknek\/gyermeki-kepzelet-vilag\/\" \/>\n<meta property=\"og:locale\" content=\"hu_HU\" \/>\n<meta property=\"og:type\" content=\"article\" \/>\n<meta property=\"og:title\" content=\"A gyerekkor k\u00e9pzeletvil\u00e1ga: mi\u00e9rt nem \u00e9rtik a feln\u0151ttek? - Yelon\" \/>\n<meta property=\"og:description\" content=\"A fant\u00e1zia fontos r\u00e9sze a gyerekek szem\u00e9lyis\u00e9gfejl\u0151d\u00e9s\u00e9nek. Felismerj\u00fck m\u00e9g sz\u00fcl\u0151k\u00e9nt a var\u00e1zslatot? \u00cdgy maradhatunk a r\u00e9szesei.\" \/>\n<meta property=\"og:url\" content=\"https:\/\/yelon.hu\/szuloknek\/gyermeki-kepzelet-vilag\/\" \/>\n<meta property=\"og:site_name\" content=\"Yelon\" \/>\n<meta property=\"article:published_time\" content=\"2018-11-03T10:22:00+00:00\" \/>\n<meta property=\"article:modified_time\" content=\"2020-02-21T01:03:32+00:00\" \/>\n<meta property=\"og:image\" content=\"https:\/\/yelon.hu\/szuloknek\/wp-content\/uploads\/2020\/02\/fantazia.jpg\" \/>\n\t<meta property=\"og:image:width\" content=\"1350\" \/>\n\t<meta property=\"og:image:height\" content=\"900\" \/>\n<meta name=\"twitter:card\" content=\"summary_large_image\" \/>\n<script type=\"application\/ld+json\" class=\"yoast-schema-graph\">{\"@context\":\"https:\/\/schema.org\",\"@graph\":[{\"@type\":\"WebSite\",\"@id\":\"https:\/\/yelon.hu\/szuloknek\/#website\",\"url\":\"https:\/\/yelon.hu\/szuloknek\/\",\"name\":\"Yelon\",\"description\":\"Kamaszoknak \\u00e9s sz\\u00fcl\\u0151knek sz\\u00f3l\\u00f3 online magazin\",\"potentialAction\":[{\"@type\":\"SearchAction\",\"target\":\"https:\/\/yelon.hu\/szuloknek\/?s={search_term_string}\",\"query-input\":\"required name=search_term_string\"}],\"inLanguage\":\"hu\"},{\"@type\":\"ImageObject\",\"@id\":\"https:\/\/yelon.hu\/szuloknek\/gyermeki-kepzelet-vilag\/#primaryimage\",\"inLanguage\":\"hu\",\"url\":\"https:\/\/yelon.hu\/szuloknek\/wp-content\/uploads\/2020\/02\/fantazia.jpg\",\"width\":1350,\"height\":900,\"caption\":\"gyermeki fant\\u00e1zia\"},{\"@type\":\"WebPage\",\"@id\":\"https:\/\/yelon.hu\/szuloknek\/gyermeki-kepzelet-vilag\/#webpage\",\"url\":\"https:\/\/yelon.hu\/szuloknek\/gyermeki-kepzelet-vilag\/\",\"name\":\"A gyerekkor k\\u00e9pzeletvil\\u00e1ga: mi\\u00e9rt nem \\u00e9rtik a feln\\u0151ttek? - Yelon\",\"isPartOf\":{\"@id\":\"https:\/\/yelon.hu\/szuloknek\/#website\"},\"primaryImageOfPage\":{\"@id\":\"https:\/\/yelon.hu\/szuloknek\/gyermeki-kepzelet-vilag\/#primaryimage\"},\"datePublished\":\"2018-11-03T10:22:00+00:00\",\"dateModified\":\"2020-02-21T01:03:32+00:00\",\"author\":{\"@id\":\"https:\/\/yelon.hu\/szuloknek\/#\/schema\/person\/c9fa38f81f80ff5bbd245a64fddaee93\"},\"description\":\"A fant\\u00e1zia fontos r\\u00e9sze a gyerekek szem\\u00e9lyis\\u00e9gfejl\\u0151d\\u00e9s\\u00e9nek. Felismerj\\u00fck m\\u00e9g sz\\u00fcl\\u0151k\\u00e9nt a var\\u00e1zslatot? \\u00cdgy maradhatunk a r\\u00e9szesei.\",\"inLanguage\":\"hu\",\"potentialAction\":[{\"@type\":\"ReadAction\",\"target\":[\"https:\/\/yelon.hu\/szuloknek\/gyermeki-kepzelet-vilag\/\"]}]},{\"@type\":\"Person\",\"@id\":\"https:\/\/yelon.hu\/szuloknek\/#\/schema\/person\/c9fa38f81f80ff5bbd245a64fddaee93\",\"name\":\"B. Zsofi\",\"image\":{\"@type\":\"ImageObject\",\"@id\":\"https:\/\/yelon.hu\/szuloknek\/#personlogo\",\"inLanguage\":\"hu\",\"url\":\"https:\/\/secure.gravatar.com\/avatar\/0936caaf13a2f9714ad4b7bd07dd9bca?s=96&d=mm&r=g\",\"caption\":\"B. Zsofi\"}}]}<\/script>\n<!-- \/ Yoast SEO plugin. -->","_links":{"self":[{"href":"https:\/\/yelon.hu\/szuloknek\/wp-json\/wp\/v2\/posts\/3751"}],"collection":[{"href":"https:\/\/yelon.hu\/szuloknek\/wp-json\/wp\/v2\/posts"}],"about":[{"href":"https:\/\/yelon.hu\/szuloknek\/wp-json\/wp\/v2\/types\/post"}],"author":[{"embeddable":true,"href":"https:\/\/yelon.hu\/szuloknek\/wp-json\/wp\/v2\/users\/9"}],"replies":[{"embeddable":true,"href":"https:\/\/yelon.hu\/szuloknek\/wp-json\/wp\/v2\/comments?post=3751"}],"version-history":[{"count":5,"href":"https:\/\/yelon.hu\/szuloknek\/wp-json\/wp\/v2\/posts\/3751\/revisions"}],"predecessor-version":[{"id":3964,"href":"https:\/\/yelon.hu\/szuloknek\/wp-json\/wp\/v2\/posts\/3751\/revisions\/3964"}],"wp:featuredmedia":[{"embeddable":true,"href":"https:\/\/yelon.hu\/szuloknek\/wp-json\/wp\/v2\/media\/3752"}],"wp:attachment":[{"href":"https:\/\/yelon.hu\/szuloknek\/wp-json\/wp\/v2\/media?parent=3751"}],"wp:term":[{"taxonomy":"category","embeddable":true,"href":"https:\/\/yelon.hu\/szuloknek\/wp-json\/wp\/v2\/categories?post=3751"},{"taxonomy":"post_tag","embeddable":true,"href":"https:\/\/yelon.hu\/szuloknek\/wp-json\/wp\/v2\/tags?post=3751"}],"curies":[{"name":"wp","href":"https:\/\/api.w.org\/{rel}","templated":true}]}}