{"id":4082,"date":"2020-03-01T20:13:06","date_gmt":"2020-03-01T19:13:06","guid":{"rendered":"https:\/\/yelon.hu\/szuloknek\/?p=4082"},"modified":"2021-06-18T00:17:28","modified_gmt":"2021-06-17T22:17:28","slug":"a-biologia-donti-el-hogy-valaki-fiu-vagy-lany","status":"publish","type":"post","link":"https:\/\/yelon.hu\/szuloknek\/a-biologia-donti-el-hogy-valaki-fiu-vagy-lany\/","title":{"rendered":"T\u00e9nyleg csak a biol\u00f3gia d\u00f6nti el, hogy valaki fi\u00fa vagy l\u00e1ny?"},"content":{"rendered":"\n<h2><strong>Mi az \u00f6sszef\u00fcgg\u00e9s a biol\u00f3giai nem \u00e9s a nemi identit\u00e1s k\u00f6z\u00f6tt?<\/strong><\/h2>\n\n\n\n<p>Ahhoz, hogy a saj\u00e1t test\u00fcnket meg\u00e9rts\u00fck \u00e9s elfogadjuk, hogy a <a href=\"https:\/\/yelon.hu\/szuloknek\/a-nemi-identitas-fiu-vagy-lany\/\" target=\"_blank\" rel=\"noreferrer noopener\" aria-label=\"nemi identit\u00e1sunkat (\u00faj f\u00fcl\u00f6n nyitja meg)\">nemi identit\u00e1sunkat<\/a> (gender) a sz\u00e1munkra ide\u00e1lis m\u00f3don tudjuk meg\u00e9lni, fontos tiszt\u00e1znunk n\u00e9h\u00e1ny biol\u00f3giai t\u00e9nyt a nem\u00fcnkkel kapcsolatban. Hiszen ebb\u0151l a szempontb\u00f3l l\u00e1nynak vagy fi\u00fanak lenni sokkal \u00f6sszetettebb ann\u00e1l, mint hogy mink van odalent: h\u00fcvely\u00fcnk vagy p\u00e9nisz\u00fcnk, herezacsk\u00f3nk. Nem besz\u00e9lve arr\u00f3l, hogy mi a helyzet azokkal, akik mindegyikkel rendelkeznek. De ne szaladjunk ennyire el\u0151re.<\/p>\n\n\n\n<!--more-->\n\n\n\n<p>El\u0151sz\u00f6r is ejts\u00fcnk n\u00e9h\u00e1ny sz\u00f3t arr\u00f3l, hogy <a href=\"https:\/\/yelon.hu\/szuloknek\/biologiai-nem-es-nemi-identitas\/\" target=\"_blank\" rel=\"noreferrer noopener\" aria-label=\"a biol\u00f3giai nemnek \u00e9s a nemi identit\u00e1snak mi k\u00f6ze egym\u00e1shoz (\u00faj f\u00fcl\u00f6n nyitja meg)\">a biol\u00f3giai nemnek \u00e9s a nemi identit\u00e1snak mi k\u00f6ze egym\u00e1shoz<\/a>. A biol\u00f3giai nem\u00fcnknek kiz\u00e1r\u00f3lag a fizikai test\u00fcnk k\u00fcls\u0151 \u00e9s bels\u0151 nemi jellegeihez, szerveihez van k\u00f6ze. A nemi identit\u00e1sunkat viszont az hat\u00e1rozza meg, hogy mennyire tudunk azonosulni a biol\u00f3giai nem\u00fcnkkel \u00e9s a t\u00e1rsadalmunk, a kult\u00far\u00e1nk nemekkel kapcsolatos sztereot\u00edpi\u00e1ival, elv\u00e1r\u00e1saival.<\/p>\n\n\n\n<p>De akkor mi is a helyzet a biol\u00f3giai nem\u00fcnkkel? Els\u0151dleges nemi jellegeink (h\u00fcvely \u00e9s p\u00e9nisz, herezacsk\u00f3) att\u00f3l f\u00fcggnek, hogy a petesejt, amelyb\u0151l kifejl\u0151d\u00fcnk, milyen kromosz\u00f3m\u00e1val rendelkez\u0151 h\u00edmivarsejttel tal\u00e1lkozik, majd term\u00e9keny\u00fcl meg. Amikor vil\u00e1gra j\u00f6v\u00fcnk, kapunk egy anyak\u00f6nyvi kivonatot, amelybe a biol\u00f3giai nem\u00fcnk is beleker\u00fcl. Ezt els\u0151dleges nemi jellegeink alapj\u00e1n hat\u00e1rozz\u00e1k meg. Nevet is ett\u0151l f\u00fcgg\u0151en v\u00e1lasztanak nek\u00fcnk a sz\u00fcleink, hiszen t\u00f6rv\u00e9ny mondja ki, hogy vannak n\u0151i \u00e9s f\u00e9rfi nevek, \u00e9s n\u0151i nevet csak azok az \u00fajsz\u00fcl\u00f6ttek kaphatnak, akiknek h\u00fcvelye van, m\u00edg f\u00e9rfinevet csak p\u00e9nisszel \u00e9s herezacsk\u00f3val sz\u00fcletett bab\u00e1knak adhatnak.<\/p>\n\n\n\n<h2><strong>A nemi hormonok szerepe<\/strong><\/h2>\n\n\n\n<p>Sz\u00fclet\u00e9s\u00fcnkkor m\u00e1r jelen vannak szervezet\u00fcnkben a nemi hormonok is. Ezek a hormonok felel\u0151sek az\u00e9rt, hogy n\u00f6veked\u00e9s\u00fcnk sor\u00e1n kialakuljanak a m\u00e1sodlagos nemi jellegeink: a v\u00e1llak sz\u00e9less\u00e9ge, a hang m\u00e9lys\u00e9ge, a mellek, a der\u00e9k \u00e9s a cs\u00edp\u0151 m\u00e9rete. K\u00e9t nemi hormon l\u00e9tezik, az \u00f6sztrog\u00e9n \u00e9s a tesztoszteron. Mindk\u00e9t nemi hormon jelen van mindk\u00e9t nemben, csak elt\u00e9r\u0151 m\u00e9rt\u00e9kben: az esetek t\u00f6bbs\u00e9g\u00e9ben a f\u00e9rfi k\u00fcls\u0151 nemi szervvel (p\u00e9nisszel \u00e9s herezacsk\u00f3val) b\u00edr\u00f3 emberek test\u00e9ben sokkal t\u00f6bb a tesztoszteron, mint az \u00f6sztrog\u00e9n, m\u00edg a n\u0151i k\u00fcls\u0151 nemi szerv\u0171 (h\u00fcvely) emberek eset\u00e9ben ez pont ford\u00edtva jellemz\u0151.<\/p>\n\n\n\n<p>A k\u00fcls\u0151 nemi szerveink mellett vannak l\u00e1thatatlan, a test belsej\u00e9ben l\u00e9v\u0151 nemi szerveink is: a f\u00e9rfiak eset\u00e9ben ezek a her\u00e9k, a mell\u00e9kher\u00e9k, az ond\u00f3vezet\u00e9k, az ond\u00f3h\u00f3lyag, a d\u00fclmirigy \u00e9s a Cowper-mirigy. A n\u0151k eset\u00e9ben pedig a h\u00fcvely, a m\u00e9h, a petef\u00e9szkek \u00e9s a petevezet\u00e9kek.<\/p>\n\n\n\n<p>Magyarorsz\u00e1gon k\u00f6zel 10 milli\u00f3 ember \u00e9l. Az ismert adatok alapj\u00e1n a lakoss\u00e1g legal\u00e1bb 1%-a interszexu\u00e1lis, ez 100 ezer embert jelent. Azokat a szem\u00e9lyeket nevezz\u00fck interszexu\u00e1lisnak, akik a biol\u00f3giai nemi jellemz\u0151ik alapj\u00e1n nem sorolhat\u00f3k be egy\u00e9rtelm\u0171en sem a n\u0151k, sem a f\u00e9rfiak k\u00f6z\u00e9. P\u00e9ld\u00e1ul m\u00e9h\u00fck \u00e9s p\u00e9nisz\u00fck is van. Mivel sz\u00e1mtalan esetben k\u00edv\u00fclr\u0151l nem l\u00e1that\u00f3 az interszexualit\u00e1s, \u00e9s a bab\u00e1k nem\u00e9t a k\u00fcls\u0151 nemi szerveik alapj\u00e1n hat\u00e1rozz\u00e1k meg, el\u0151fordul, hogy valaki nem is tud arr\u00f3l, hogy interszexu\u00e1lis, \u00e9s csak v\u00e9letlen\u00fcl der\u00fcl ki, ha valami\u00e9rt genetikai vizsg\u00e1latra kell mennie. Ez azt is jelenti, hogy igaz\u00e1b\u00f3l nem tudjuk pontosan, h\u00e1ny interszexu\u00e1lis ember \u00e9l a f\u00f6ld\u00f6n.<\/p>\n\n\n\n<h2><strong>Transznem\u0171s\u00e9g<\/strong><\/h2>\n\n\n\n<p>V\u00e9g\u00fcl, de nem utols\u00f3sorban ejts\u00fcnk n\u00e9h\u00e1ny sz\u00f3t a <a href=\"https:\/\/yelon.hu\/szuloknek\/biologiai-nem-es-nemi-identitas\/\" target=\"_blank\" rel=\"noreferrer noopener\" aria-label=\"transznem\u0171s\u00e9gr\u0151l (\u00faj f\u00fcl\u00f6n nyitja meg)\">transznem\u0171s\u00e9gr\u0151l<\/a> is. Transz fi\u00fak azok a szem\u00e9lyek, akik biol\u00f3giailag n\u0151i testtel sz\u00fcletnek, de nemi identit\u00e1suk szerint fi\u00fak\u00e9nt tekintenek magukra. Transz l\u00e1nyok pedig azok az emberek, akik biol\u00f3giailag f\u00e9rfitesttel sz\u00fcletnek, de nemi identit\u00e1suk szerint l\u00e1nyk\u00e9nt tekintenek magukra. Ha valaki transznem\u0171, az m\u00e9g nem jelenti azt, hogy a nemi identit\u00e1sa szerinti biol\u00f3giai nemet szeretne kialak\u00edtani mag\u00e1nak. Ha viszont az \u00e1talakul\u00e1s mellett d\u00f6nt, ezt a folyamatot tranz\u00edci\u00f3nak nevezz\u00fck, az ehhez vezet\u0151 m\u0171t\u00e9teket pedig nemi helyre\u00e1ll\u00edt\u00f3 m\u0171t\u00e9tnek h\u00edvjuk.<\/p>\n\n\n\n<p>Ahogy l\u00e1tszik, a biol\u00f3giai nem \u00f6sszetett fogalom, amely r\u00e1ad\u00e1sul t\u00f6bb fontos identit\u00e1sbeli k\u00e9rd\u00e9ssel is \u00f6sszef\u00fcgg. \u00c9ppen ez\u00e9rt \u00e9rdemes min\u00e9l ink\u00e1bb tiszt\u00e1ban lenn\u00fcnk a jelent\u00e9s\u00e9vel, hiszen seg\u00edthet abban, hogy meg\u00e9rts\u00fck \u00e9s elfogadjuk \u00f6nmagunk \u00e9s m\u00e1sok test\u00e9t, identit\u00e1s\u00e1t.<\/p>\n\n\n\n<p><em>Heltai J\u00falia<\/em><\/p>\n\n\n\n<p><em>Kiemelt k\u00e9p <a href=\"https:\/\/unsplash.com\/\">innen<\/a>.<\/em><\/p>\n","protected":false},"excerpt":{"rendered":"<p>Egy\u00e9rtelm\u0171nek t\u0171nik, m\u00e9gsem az: nem att\u00f3l sz\u00fclet\u00fcnk l\u00e1nynak vagy fi\u00fanak, hogy milyen nemi szerveink vannak \u2013\u00a0ez sokkal \u00f6sszetettebb dolog.<\/p>\n","protected":false},"author":9,"featured_media":4088,"comment_status":"closed","ping_status":"closed","sticky":false,"template":"","format":"standard","meta":[],"categories":[12],"tags":[1432,878,994,810,1210,113,1435,98,1212,1430,89,45,1207,491,879,1209,1433,1208,1211,1434],"yoast_head":"<!-- This site is optimized with the Yoast SEO plugin v15.1 - https:\/\/yoast.com\/wordpress\/plugins\/seo\/ -->\n<title>T\u00e9nyleg csak a biol\u00f3gia d\u00f6nti el, hogy valaki fi\u00fa vagy l\u00e1ny? - Yelon<\/title>\n<meta name=\"description\" content=\"A biol\u00f3giai nem\u00fcnket a k\u00fcls\u0151 \u00e9s bels\u0151 nemi szerveink hat\u00e1rozz\u00e1k meg, att\u00f3l f\u00fcgg\u0151en, hogy minek sz\u00fclet\u00fcnk \u2013 a nemi identit\u00e1sunk kev\u00e9sb\u00e9 egy\u00e9rtelm\u0171.\" \/>\n<meta name=\"robots\" content=\"index, follow, max-snippet:-1, max-image-preview:large, max-video-preview:-1\" \/>\n<link rel=\"canonical\" href=\"https:\/\/yelon.hu\/szuloknek\/a-biologia-donti-el-hogy-valaki-fiu-vagy-lany\/\" \/>\n<meta property=\"og:locale\" content=\"hu_HU\" \/>\n<meta property=\"og:type\" content=\"article\" \/>\n<meta property=\"og:title\" content=\"T\u00e9nyleg csak a biol\u00f3gia d\u00f6nti el, hogy valaki fi\u00fa vagy l\u00e1ny? - Yelon\" \/>\n<meta property=\"og:description\" content=\"A biol\u00f3giai nem\u00fcnket a k\u00fcls\u0151 \u00e9s bels\u0151 nemi szerveink hat\u00e1rozz\u00e1k meg, att\u00f3l f\u00fcgg\u0151en, hogy minek sz\u00fclet\u00fcnk \u2013 a nemi identit\u00e1sunk kev\u00e9sb\u00e9 egy\u00e9rtelm\u0171.\" \/>\n<meta property=\"og:url\" content=\"https:\/\/yelon.hu\/szuloknek\/a-biologia-donti-el-hogy-valaki-fiu-vagy-lany\/\" \/>\n<meta property=\"og:site_name\" content=\"Yelon\" \/>\n<meta property=\"article:published_time\" content=\"2020-03-01T19:13:06+00:00\" \/>\n<meta property=\"article:modified_time\" content=\"2021-06-17T22:17:28+00:00\" \/>\n<meta property=\"og:image\" content=\"https:\/\/yelon.hu\/szuloknek\/wp-content\/uploads\/2020\/02\/binaris-nemi-identitas-scaled.jpg\" \/>\n\t<meta property=\"og:image:width\" content=\"2560\" \/>\n\t<meta property=\"og:image:height\" content=\"1710\" \/>\n<meta name=\"twitter:card\" content=\"summary_large_image\" \/>\n<script type=\"application\/ld+json\" class=\"yoast-schema-graph\">{\"@context\":\"https:\/\/schema.org\",\"@graph\":[{\"@type\":\"WebSite\",\"@id\":\"https:\/\/yelon.hu\/szuloknek\/#website\",\"url\":\"https:\/\/yelon.hu\/szuloknek\/\",\"name\":\"Yelon\",\"description\":\"Kamaszoknak \\u00e9s sz\\u00fcl\\u0151knek sz\\u00f3l\\u00f3 online magazin\",\"potentialAction\":[{\"@type\":\"SearchAction\",\"target\":\"https:\/\/yelon.hu\/szuloknek\/?s={search_term_string}\",\"query-input\":\"required name=search_term_string\"}],\"inLanguage\":\"hu\"},{\"@type\":\"ImageObject\",\"@id\":\"https:\/\/yelon.hu\/szuloknek\/a-biologia-donti-el-hogy-valaki-fiu-vagy-lany\/#primaryimage\",\"inLanguage\":\"hu\",\"url\":\"https:\/\/yelon.hu\/szuloknek\/wp-content\/uploads\/2020\/02\/binaris-nemi-identitas-scaled.jpg\",\"width\":2560,\"height\":1710},{\"@type\":\"WebPage\",\"@id\":\"https:\/\/yelon.hu\/szuloknek\/a-biologia-donti-el-hogy-valaki-fiu-vagy-lany\/#webpage\",\"url\":\"https:\/\/yelon.hu\/szuloknek\/a-biologia-donti-el-hogy-valaki-fiu-vagy-lany\/\",\"name\":\"T\\u00e9nyleg csak a biol\\u00f3gia d\\u00f6nti el, hogy valaki fi\\u00fa vagy l\\u00e1ny? - Yelon\",\"isPartOf\":{\"@id\":\"https:\/\/yelon.hu\/szuloknek\/#website\"},\"primaryImageOfPage\":{\"@id\":\"https:\/\/yelon.hu\/szuloknek\/a-biologia-donti-el-hogy-valaki-fiu-vagy-lany\/#primaryimage\"},\"datePublished\":\"2020-03-01T19:13:06+00:00\",\"dateModified\":\"2021-06-17T22:17:28+00:00\",\"author\":{\"@id\":\"https:\/\/yelon.hu\/szuloknek\/#\/schema\/person\/c9fa38f81f80ff5bbd245a64fddaee93\"},\"description\":\"A biol\\u00f3giai nem\\u00fcnket a k\\u00fcls\\u0151 \\u00e9s bels\\u0151 nemi szerveink hat\\u00e1rozz\\u00e1k meg, att\\u00f3l f\\u00fcgg\\u0151en, hogy minek sz\\u00fclet\\u00fcnk \\u2013 a nemi identit\\u00e1sunk kev\\u00e9sb\\u00e9 egy\\u00e9rtelm\\u0171.\",\"inLanguage\":\"hu\",\"potentialAction\":[{\"@type\":\"ReadAction\",\"target\":[\"https:\/\/yelon.hu\/szuloknek\/a-biologia-donti-el-hogy-valaki-fiu-vagy-lany\/\"]}]},{\"@type\":\"Person\",\"@id\":\"https:\/\/yelon.hu\/szuloknek\/#\/schema\/person\/c9fa38f81f80ff5bbd245a64fddaee93\",\"name\":\"B. Zsofi\",\"image\":{\"@type\":\"ImageObject\",\"@id\":\"https:\/\/yelon.hu\/szuloknek\/#personlogo\",\"inLanguage\":\"hu\",\"url\":\"https:\/\/secure.gravatar.com\/avatar\/0936caaf13a2f9714ad4b7bd07dd9bca?s=96&d=mm&r=g\",\"caption\":\"B. Zsofi\"}}]}<\/script>\n<!-- \/ Yoast SEO plugin. -->","_links":{"self":[{"href":"https:\/\/yelon.hu\/szuloknek\/wp-json\/wp\/v2\/posts\/4082"}],"collection":[{"href":"https:\/\/yelon.hu\/szuloknek\/wp-json\/wp\/v2\/posts"}],"about":[{"href":"https:\/\/yelon.hu\/szuloknek\/wp-json\/wp\/v2\/types\/post"}],"author":[{"embeddable":true,"href":"https:\/\/yelon.hu\/szuloknek\/wp-json\/wp\/v2\/users\/9"}],"replies":[{"embeddable":true,"href":"https:\/\/yelon.hu\/szuloknek\/wp-json\/wp\/v2\/comments?post=4082"}],"version-history":[{"count":4,"href":"https:\/\/yelon.hu\/szuloknek\/wp-json\/wp\/v2\/posts\/4082\/revisions"}],"predecessor-version":[{"id":4089,"href":"https:\/\/yelon.hu\/szuloknek\/wp-json\/wp\/v2\/posts\/4082\/revisions\/4089"}],"wp:featuredmedia":[{"embeddable":true,"href":"https:\/\/yelon.hu\/szuloknek\/wp-json\/wp\/v2\/media\/4088"}],"wp:attachment":[{"href":"https:\/\/yelon.hu\/szuloknek\/wp-json\/wp\/v2\/media?parent=4082"}],"wp:term":[{"taxonomy":"category","embeddable":true,"href":"https:\/\/yelon.hu\/szuloknek\/wp-json\/wp\/v2\/categories?post=4082"},{"taxonomy":"post_tag","embeddable":true,"href":"https:\/\/yelon.hu\/szuloknek\/wp-json\/wp\/v2\/tags?post=4082"}],"curies":[{"name":"wp","href":"https:\/\/api.w.org\/{rel}","templated":true}]}}