{"id":4164,"date":"2020-04-27T14:49:00","date_gmt":"2020-04-27T12:49:00","guid":{"rendered":"https:\/\/yelon.hu\/szuloknek\/?p=4164"},"modified":"2020-05-20T12:08:48","modified_gmt":"2020-05-20T10:08:48","slug":"koronavirus-karanten-napi-infok-szuloknek","status":"publish","type":"post","link":"https:\/\/yelon.hu\/szuloknek\/koronavirus-karanten-napi-infok-szuloknek\/","title":{"rendered":"Csal\u00e1dk\u00e9nt a koronav\u00edrus idej\u00e9n \u2013 a legfontosabb \u00e9s leghasznosabb tudnival\u00f3k"},"content":{"rendered":"\n<p>Teljesen term\u00e9szetes \u00e9rz\u00e9s, ha esetleg att\u00f3l tartasz, hogy eszk\u00f6ztelen\u00fcl \u00e1llsz a k\u00f6vetkez\u0151 id\u0151szakban r\u00e1nk v\u00e1r\u00f3 kih\u00edv\u00e1sok el\u0151tt. Amilyen sokan k\u00fczd\u00fcnk most ezzel az \u00e9rz\u00e9ssel, legal\u00e1bb annyian keress\u00fck k\u00f6zben a megold\u00e1sokat is a ment\u00e1lis t\u00e1mogat\u00e1st\u00f3l kezdve a praktikus inform\u00e1ci\u00f3kon \u00e1t a gyakorlati k\u00e9rd\u00e9sekig. Ebben a naponta friss\u00fcl\u0151 bejegyz\u00e9sben gy\u0171jtj\u00fck folyamatosan t\u00e9m\u00e1kra bontva a hasznos, haszn\u00e1lhat\u00f3 \u00f6tleteket \u00e9s hiteles inform\u00e1ci\u00f3kat.<\/p>\n\n\n\n<!--more-->\n\n\n\n<h2> \ud83d\udca1 \u00c1ltal\u00e1nos inform\u00e1ci\u00f3k<\/h2>\n\n\n\n<h4><a href=\"https:\/\/helsinkifigyelo.blog.hu\/2020\/03\/27\/a_kijarasi_korlatozasrol\" target=\"_blank\" rel=\"noreferrer noopener\" aria-label=\"A kij\u00e1r\u00e1si korl\u00e1toz\u00e1sokr\u00f3l (\u00faj f\u00fcl\u00f6n nyitja meg)\">A kij\u00e1r\u00e1si korl\u00e1toz\u00e1sokr\u00f3l<\/a><\/h4>\n\n\n\n<p>A Magyar Helsinki Bizotts\u00e1g \u00e9rtelmez\u00e9si seg\u00e9dlete a m\u00e1rcius 28. \u00e9s \u00e1prilis 10. k\u00f6z\u00f6tt \u00e9rv\u00e9nyes korl\u00e1toz\u00e1sokr\u00f3l.<\/p>\n\n\n\n<h4><a href=\"https:\/\/www.youtube.com\/watch?v=1APwq1df6Mw&amp;feature=youtu.be%3F&amp;YTgenre=lifestyle3&amp;ContentType=other-news&amp;feature=lnp-em-ad150-uk-a-OT-OT&amp;utm_medium=email-d&amp;utm_source=newsletter&amp;utm_team=youtube-gb&amp;utm_campaign=20200320-youtube-gb-ytr-weekly-a&amp;mkt_tok=eyJpIjoiTmpZNFpHRm1ZVGMxTmpSaSIsInQiOiJYeHI1Q1hzMDRjdDlGT0RmaDNETkFtQjNqMzg0S1RyMHA1QTcyMVlScFJGOGt2ZXV6Nm5rVUQ1Y09GMGpZMlc2UG1uYlR5SWt6WG5uSWhHelJuVm1oRndRQ05tUEY4M3ozVk5CQkE3Mkg2MDhCVVg3S3h6MzdvSzFWSVFsZzR3TyJ9\" target=\"_blank\" rel=\"noreferrer noopener\" aria-label=\"Hogyan tudhatod biztons\u00e1gban magadat \u00e9s a szeretteidet (\u00faj f\u00fcl\u00f6n nyitja meg)\">Hogyan tudhatod biztons\u00e1gban magadat \u00e9s a szeretteidet<\/a><\/h4>\n\n\n\n<p>R\u00f6vid, angol nyelv\u0171 anim\u00e1ci\u00f3n a l\u00e9nyeg a WHO j\u00f3volt\u00e1b\u00f3l.<\/p>\n\n\n\n<h4><a href=\"https:\/\/yelon.hu\/szuloknek\/a-koronavirus-szulokent-felelosen\/\" target=\"_blank\" rel=\"noreferrer noopener\" aria-label=\" (\u00faj f\u00fcl\u00f6n nyitja meg)\">A koronav\u00edrus sz\u00fcl\u0151k\u00e9nt: \u00edgy j\u00e1rhatsz el felel\u0151sen<\/a><\/h4>\n\n\n\n<p>Minden v\u00e9szhelyzet m\u00e1s, \u00edgy erre a mostanira sincsenek egy\u00e9rtelm\u0171 protokollok \u2013 vannak viszont minden v\u00e1ls\u00e1gra \u00e9rv\u00e9nyes \u00f6k\u00f6lszab\u00e1lyok, amik a koronav\u00edrus el\u0151id\u00e9zte helyzetben is alkalmazhat\u00f3ak. Ebben a bejegyz\u00e9sben ezeket gy\u0171jt\u00f6tt\u00fck \u00f6ssze.<\/p>\n\n\n\n<h4><a href=\"http:\/\/bit.ly\/kozossegikoronavirusinfo\" target=\"_blank\" rel=\"noreferrer noopener\" aria-label=\" (\u00faj f\u00fcl\u00f6n nyitja meg)\">K\u00f6z\u00f6ss\u00e9gi tud\u00e1st\u00e1r<\/a><\/h4>\n\n\n\n<p>\u00d6nk\u00e9ntes felh\u00edv\u00e1sok, t\u00e1voktat\u00e1s, bev\u00e1s\u00e1rl\u00e1s tippek \u00e9s persze adatok. Folyamatosan b\u0151v\u00fcl\u0151, friss\u00fcl\u0151 dokumentum, t\u00e9m\u00e1k szerinti bont\u00e1sban gy\u0171jt\u00f6tt, hasznos linkekkel, el\u00e9rhet\u0151s\u00e9gekkel, lehet\u0151s\u00e9gekkel.<\/p>\n\n\n\n<h4><a href=\"https:\/\/atlo.team\/koronamonitor\/\" target=\"_blank\" rel=\"noreferrer noopener\" aria-label=\"Koronamonitor (\u00faj f\u00fcl\u00f6n nyitja meg)\">Koronamonitor<\/a><\/h4>\n\n\n\n<p>Naponta t\u00f6bbsz\u00f6r friss\u00fcl\u0151 adatok, grafikonok \u00e9s t\u00e9rk\u00e9pek a koronav\u00edrus aktu\u00e1lis magyarorsz\u00e1gi helyzet\u00e9r\u0151l.<\/p>\n\n\n\n<h4><a href=\"https:\/\/integraltorvoslas.com\/2020\/03\/18\/pszichologiai-megfontolasok-a-mostani-jarvanyhelyzetben\/\" target=\"_blank\" rel=\"noreferrer noopener\" aria-label=\" (\u00faj f\u00fcl\u00f6n nyitja meg)\">Pszichol\u00f3giai megfontol\u00e1sok<\/a><\/h4>\n\n\n\n<p>A legt\u00f6bb\u00fcnknek nincs p\u00e9ld\u00e1ja, megold\u00e1si mint\u00e1ja hasonl\u00f3 helyzetre. Ez a bejegyz\u00e9s strat\u00e9gi\u00e1k \u00e9s j\u00f3l hasznos\u00edthat\u00f3 felvet\u00e9sek ment\u00e9n gondolkodik az ehhez kapcsol\u00f3d\u00f3 bizonytalans\u00e1gok kezel\u00e9s\u00e9r\u0151l.<\/p>\n\n\n\n<h4><a href=\"https:\/\/www.ppk.elte.hu\/content\/tanacsok-szuloknek-a-jarvany-miatt-kialakult-helyzettel-kapcsolatban.t.38678\" target=\"_blank\" rel=\"noreferrer noopener\" aria-label=\" (\u00faj f\u00fcl\u00f6n nyitja meg)\">Tan\u00e1csok sz\u00fcl\u0151knek a j\u00e1rv\u00e1ny miatt kialakult helyzettel kapcsolatban<\/a><\/h4>\n\n\n\n<p>Fontos t\u00e1mpontok \u2013 az ELTE PPK Fejl\u0151d\u00e9s- \u00e9s Klinikai Gyermekpszichol\u00f3gia Tansz\u00e9k\u00e9nek t\u00e1j\u00e9koztat\u00f3ja.<\/p>\n\n\n\n<h4><a rel=\"noreferrer noopener\" aria-label=\"UNICEF \u00fatumutat\u00f3 sz\u00fcl\u0151knek (\u00faj f\u00fcl\u00f6n nyitja meg)\" href=\"https:\/\/unicef.hu\/utmutato_szuloknek_koronavirus\/\" target=\"_blank\">UNICEF \u00fatmutat\u00f3 sz\u00fcl\u0151knek<\/a><\/h4>\n\n\n\n<p>T\u00fcnetek, helyes gyakorlatok, stresszkezel\u00e9s \u00e9s egy\u00e9b, hasznos inf\u00f3k egy helyen.<\/p>\n\n\n\n<h4><a href=\"https:\/\/univet.hu\/hu\/2020\/03\/16\/covid-19-tajekoztato-allattulajdonosoknak\/\" target=\"_blank\" rel=\"noreferrer noopener\" aria-label=\"Ha n\u00e9gyl\u00e1b\u00fa csal\u00e1dtagok is vannak (\u00faj f\u00fcl\u00f6n nyitja meg)\">Ha n\u00e9gyl\u00e1b\u00fa csal\u00e1dtagok is vannak<\/a><\/h4>\n\n\n\n<p>Az \u00c1llatorvostudom\u00e1nyi Egyetem COVID-19 t\u00e1j\u00e9koztat\u00f3ja \u00e1llattulajdonosoknak.<\/p>\n\n\n\n<h2> \ud83d\udca1 Praktikus seg\u00edts\u00e9g<\/h2>\n\n\n\n<h4><a href=\"http:\/\/gyermeksos.hu\/\" target=\"_blank\" rel=\"noreferrer noopener\" aria-label=\" (\u00faj f\u00fcl\u00f6n nyitja meg)\">\u00c1llamilag finansz\u00edrozott gyermek\u00fcgyeletek<\/a><\/h4>\n\n\n\n<p>Budapest \u00e9s Pest megye mai napi \u00fcgyeleteit tal\u00e1lod meg az oldalon szakter\u00fcletekre lebontva, valamint a megfontosabb inform\u00e1ci\u00f3kat a j\u00e1rv\u00e1ny\u00fcgyi helyzettel kapcsolatban.<\/p>\n\n\n\n<h4><a href=\"https:\/\/koronavirus-kisokos.eu\/\" target=\"_blank\" rel=\"noreferrer noopener\" aria-label=\"Koronav\u00edrus kisokos (\u00faj f\u00fcl\u00f6n nyitja meg)\">Koronav\u00edrus kisokos<\/a><\/h4>\n\n\n\n<p>Naponta friss\u00fcl\u0151 <a rel=\"noreferrer noopener\" href=\"https:\/\/koronavirus-kisokos.eu\/\" target=\"_blank\">Korona-v\u00edrus kisokos<\/a>&nbsp;weboldal, ahol k\u00f6z\u00e9rthet\u0151 form\u00e1ban tudom\u00e1nyosan ellen\u0151rz\u00f6tt inform\u00e1ci\u00f3kat osztanak meg a j\u00e1rv\u00e1nyr\u00f3l.  A szerkeszt\u0151k k\u00f6z\u00fcl ketten az ELTE Term\u00e9szettudom\u00e1nyi Kar biol\u00f3gusai. <\/p>\n\n\n\n<h4><a href=\"https:\/\/www.pszichofitness.hu\/\" target=\"_blank\" rel=\"noreferrer noopener\" aria-label=\"Pszichofitness (\u00faj f\u00fcl\u00f6n nyitja meg)\">Pszichofitness<\/a><\/h4>\n\n\n\n<p>Ebben az id\u0151szakban kiemelten fontos a lelki eg\u00e9szs\u00e9g meg\u0151rz\u00e9se, a ment\u00e1lis immunrendszer er\u0151s\u00edt\u00e9se, a szorong\u00e1s \u00e9s a stressz cs\u00f6kkent\u00e9se.&nbsp; Ezen az oldalon pszichol\u00f3gus szakemberek legfontosabb javaslatait, \u00fatmutat\u00f3it \u00e9s cikkeit tal\u00e1lod meg egy helyen.<\/p>\n\n\n\n<h4><a href=\"http:\/\/aosz.hu\/koronavirus\/\" target=\"_blank\" rel=\"noreferrer noopener\" aria-label=\"K\u00f6nnyen \u00e9rthet\u0151 t\u00e1j\u00e9koztat\u00f3k \u00e9s let\u00f6lthet\u0151 vizu\u00e1lis t\u00e1mogat\u00e1s (\u00faj f\u00fcl\u00f6n nyitja meg)\">K\u00f6nnyen \u00e9rthet\u0151 t\u00e1j\u00e9koztat\u00f3k \u00e9s let\u00f6lthet\u0151 vizu\u00e1lis t\u00e1mogat\u00e1s<\/a><\/h4>\n\n\n\n<p>Az Autist\u00e1k Orsz\u00e1gos Sz\u00f6vets\u00e9g\u00e9nek seg\u00edt\u0151 anyagai az autizmussal \u00e9l\u0151 emberek t\u00e1j\u00e9koztat\u00e1s\u00e1hoz a kialakult vesz\u00e9lyhelyzetr\u0151l \u00e9s lehets\u00e9ges v\u00e9dekez\u00e9sr\u0151l. <\/p>\n\n\n\n<h4><a href=\"http:\/\/vadaskert.hu\/koronavirus\/\" target=\"_blank\" rel=\"noreferrer noopener\" aria-label=\"A Vadaskert Alap\u00edtv\u00e1ny let\u00f6lthet\u0151 anyagai (\u00faj f\u00fcl\u00f6n nyitja meg)\">A Vadaskert Alap\u00edtv\u00e1ny let\u00f6lthet\u0151 anyagai<\/a><\/h4>\n\n\n\n<p>Szakmai seg\u00edts\u00e9g a v\u00e1ls\u00e1ghelyzetben: \u00e1ltal\u00e1nos eg\u00e9szs\u00e9gmeg\u0151rz\u0151 aj\u00e1nl\u00e1sok, seg\u00edts\u00e9g gyermekek \u00e9s sz\u00fcl\u0151k r\u00e9sz\u00e9re, Tik zavarok, Tourette-szindr\u00f3ma \u00e9s ADHD a koronav\u00edrus idej\u00e9n.<\/p>\n\n\n\n<h4><a href=\"https:\/\/mfor.hu\/cikkek\/makro\/itt-lehet-maganuton-korona-virus-tesztet-vegeztetni.html\" target=\"_blank\" rel=\"noreferrer noopener\" aria-label=\"Mag\u00e1nlaborok koronav\u00edrus tesztel\u00e9s\u00e9re (\u00faj f\u00fcl\u00f6n nyitja meg)\">Mag\u00e1nlaborok koronav\u00edrus tesztel\u00e9s\u00e9re<\/a><\/h4>\n\n\n\n<p>Mag\u00e1n\u00faton is lehet koronav\u00edrustesztet v\u00e9geztetni. Ennek r\u00e9szleteir\u0151l, felt\u00e9teleir\u0151l \u00e9s \u00e1r\u00e1r\u00f3l tal\u00e1lsz itt inform\u00e1ci\u00f3t.<\/p>\n\n\n\n<h4><a rel=\"noreferrer noopener\" aria-label=\"Higi\u00e9n\u00e9s szab\u00e1lyok elindul\u00e1shoz, meg\u00e9rkez\u00e9shez, egy\u00fctt\u00e9l\u00e9shez (\u00faj f\u00fcl\u00f6n nyitja meg)\" href=\"https:\/\/www.facebook.com\/sziamaci\/posts\/3028840700513534\" target=\"_blank\">Higi\u00e9n\u00e9s szab\u00e1lyok elindul\u00e1shoz, meg\u00e9rkez\u00e9shez, egy\u00fctt\u00e9l\u00e9shez<\/a><\/h4>\n\n\n\n<p>Praktikus, k\u00e9pes \u00fatmutat\u00f3: mikor, hogyan \u00e9s mire \u00e9rdemes figyelni, mit, mennyire \u00e9s milyen gyakran sz\u00fcks\u00e9ges fert\u0151tlen\u00edteni, hogyan vigy\u00e1zz j\u00f3l magadra \u00e9s a k\u00f6rnyezetedre.<\/p>\n\n\n\n<h4><a href=\"https:\/\/forbes.hu\/uzlet\/uj-honlap-segit-eligazodni-a-vallalkozoknak-a-jarvanyugyi-helyzetben-teszteltuk\/\" target=\"_blank\" rel=\"noreferrer noopener\" aria-label=\"VALI - V\u00e1llalkoz\u00f3i Inform\u00e1ci\u00f3k (\u00faj f\u00fcl\u00f6n nyitja meg)\">VALI &#8211; V\u00e1llalkoz\u00f3i Inform\u00e1ci\u00f3k<\/a><\/h4>\n\n\n\n<p>V\u00e1llalkoz\u00f3i inform\u00e1ci\u00f3s port\u00e1l, melyen a korm\u00e1ny bejelent\u00e9seivel \u00f6sszhangban, az azokat \u00e9rint\u0151 h\u00edrek, k\u00e9rd\u00e9sek \u00e9s v\u00e1laszok k\u00f6z\u00f6tt b\u00f6ng\u00e9szhet\u00fcnk, valamint szak\u00e9rt\u0151i seg\u00edts\u00e9get \u00e9s k\u00e9pz\u00e9seket is tal\u00e1lunk.<\/p>\n\n\n\n<h4><a href=\"http:\/\/utcajogasz.hu\/szakmai-anyagok\/jogi-kisokosok\/koronavirus-kisokos-munkavallaloknak\/\" target=\"_blank\" rel=\"noreferrer noopener\" aria-label=\"Munkav\u00e1llal\u00f3i kisokos (\u00faj f\u00fcl\u00f6n nyitja meg)\">Munkav\u00e1llal\u00f3i kisokos<\/a><\/h4>\n\n\n\n<p>Milyen jogaim vannak munkav\u00e1llal\u00f3k\u00e9nt? K\u00f6telezhet a munk\u00e1ltat\u00f3 szabads\u00e1gra, otthoni munkav\u00e9gz\u00e9sre vagy fizet\u00e9s n\u00e9lk\u00fcli szabads\u00e1gra? Betegs\u00e9g eset\u00e9n milyen ell\u00e1t\u00e1s j\u00e1r? Mekkora a t\u00e1pp\u00e9nz \u00f6sszege? Elbocs\u00e1thatnak a j\u00e1rv\u00e1ny miatt? J\u00e1r felmond\u00e1si id\u0151 vagy v\u00e9gkiel\u00e9g\u00edt\u00e9s? Milyen ell\u00e1t\u00e1sra vagyok jogosult, ha nem tal\u00e1lok munk\u00e1t?&nbsp;K\u00e9rdezz-felelek az <a href=\"http:\/\/utcajogasz.hu\/utcajogasz\/\" target=\"_blank\" rel=\"noreferrer noopener\" aria-label=\"Utcajog\u00e1sz  (\u00faj f\u00fcl\u00f6n nyitja meg)\">Utcajog\u00e1sz <\/a>j\u00f3volt\u00e1b\u00f3l.<\/p>\n\n\n\n<h4><a href=\"http:\/\/doinggood.hu\/index.php\" target=\"_blank\" rel=\"noreferrer noopener\" aria-label=\"doingGood (\u00faj f\u00fcl\u00f6n nyitja meg)\">doingGood<\/a><\/h4>\n\n\n\n<p>V\u00e1llalati felaj\u00e1nl\u00e1sok egy helyen, munkajogi tan\u00e1csad\u00e1st\u00f3l e-al\u00e1\u00edr\u00e1son \u00e1t az iskolatejig.<\/p>\n\n\n\n<h3> \ud83d\udc49 T\u00e1mogat\u00f3 csoportok<\/h3>\n\n\n\n<h4><a href=\"https:\/\/www.facebook.com\/groups\/204989090742849\/about\/\" target=\"_blank\" rel=\"noreferrer noopener\" aria-label=\" (\u00faj f\u00fcl\u00f6n nyitja meg)\">T\u00e1mogat\u00f3csoport any\u00e1knak \u00e9s ap\u00e1knak<\/a><\/h4>\n\n\n\n<p>Milyen kih\u00edv\u00e1sokkal szembes\u00fclsz? Milyen gyakorlat v\u00e1lik be? Itt a Hordoz\u00f3h\u00e1z szak\u00e9rt\u0151ivel egy\u00fctt gondolkodva megoszthatod a neh\u00e9zs\u00e9geket, \u00f6tleteidet, tapasztalataidat. <\/p>\n\n\n\n<h4><a href=\"https:\/\/docs.google.com\/spreadsheets\/d\/1BXHl41kZEIXHphBL3kpxIi4Us0l_0fPxg_6nQRhRBqA\/edit\" target=\"_blank\" rel=\"noreferrer noopener\" aria-label=\"Online t\u00e1mogat\u00e1st v\u00e1llal\u00f3 d\u00fal\u00e1k (\u00faj f\u00fcl\u00f6n nyitja meg)\">Online t\u00e1mogat\u00e1st v\u00e1llal\u00f3 d\u00fal\u00e1k<\/a><\/h4>\n\n\n\n<p>Hazai, online, r\u00e9szben \u00f6nk\u00e9ntes t\u00e1mogat\u00e1st v\u00e1llal\u00f3 d\u00fal\u00e1k folyamatosan b\u0151v\u00fcl\u0151 list\u00e1ja.<\/p>\n\n\n\n<h4><a href=\"https:\/\/ppk.elte.hu\/content\/a-pszichologus-tippjei-tizeneveseknek-a-koronavirus-helyzetben.t.38694\" target=\"_blank\" rel=\"noreferrer noopener\" aria-label=\"A pszichol\u00f3gus tippjei tizen\u00e9veseknek (\u00faj f\u00fcl\u00f6n nyitja meg)\">A pszichol\u00f3gus tippjei tizen\u00e9veseknek<\/a><\/h4>\n\n\n\n<p>Az ELTE PPK Fejl\u0151d\u00e9s- \u00e9s Klinikai Gyermekpszichol\u00f3gia Tansz\u00e9k\u00e9nek t\u00e1j\u00e9koztat\u00f3ja \u00f6tletekkel, linkekkel, emp\u00e1ti\u00e1val.<\/p>\n\n\n\n<h4><a href=\"https:\/\/www.facebook.com\/karantenveled\/\" target=\"_blank\" rel=\"noreferrer noopener\" aria-label=\"Karant\u00c9N Veled (\u00faj f\u00fcl\u00f6n nyitja meg)\">Karant\u00c9N Veled<\/a><\/h4>\n\n\n\n<p>Az ELTE PPK \u00c9letvezet\u00e9si Tan\u00e1csad\u00f3 szakmai vezet\u00e9s\u00e9vel \u00f6nk\u00e9ntes, mesterszakos pszichol\u00f3gushallgat\u00f3kkal besz\u00e9lgethetsz aktu\u00e1lisan felmer\u00fclt, koronav\u00edrussal kapcsolatos neh\u00e9zs\u00e9geidr\u0151l ingyen, online, 1-3 alkalom keret\u00e9ben <a href=\"https:\/\/docs.google.com\/forms\/d\/e\/1FAIpQLScFAbeo04Xj6Z7bu_uzjqo-hGKsSxW4qL-16xzMoEHPITvZ1w\/viewform?fbclid=IwAR2mPYVaBgotzeuEyYP9dgA_kd4jdx2cBL36gboGERBmSQvDCwB3UkHEsAc\" target=\"_blank\" rel=\"noreferrer noopener\" aria-label=\"ennek az \u0171rlapnak (\u00faj f\u00fcl\u00f6n nyitja meg)\">ennek az \u0171rlapnak<\/a> a kit\u00f6lt\u00e9s\u00e9vel.<\/p>\n\n\n\n<h4><a href=\"https:\/\/www.facebook.com\/nemadomfel\/photos\/a.211711212282001\/2830141147105648\/?type=3&amp;theater\" target=\"_blank\" rel=\"noreferrer noopener\" aria-label=\"L\u00e9lek\u00f6nt\u0151 MEGHALLGATLAK  szolg\u00e1lat autista vagy ADHD-val \u00e9l\u0151 gyermekek sz\u00fcleinek (\u00faj f\u00fcl\u00f6n nyitja meg)\">L\u00e9lek\u00f6nt\u0151 MEGHALLGATLAK  szolg\u00e1lat autista vagy ADHD-val \u00e9l\u0151 gyermekek sz\u00fcleinek<\/a><\/h4>\n\n\n\n<p>Ha neh\u00e9zs\u00e9get \u00e9lsz meg az id\u0151beoszt\u00e1ssal, a csal\u00e1dban felmer\u00fcl\u0151 fesz\u00fclts\u00e9gekkel, ha nem tudod, hogyan oldd meg a gyermekkel val\u00f3 teend\u0151ket karant\u00e9nban, a&nbsp;<a href=\"https:\/\/www.facebook.com\/Lelekontoprogram\/?__xts__%5B0%5D=68.ARAzjEiEyG3TEpBZUH_jE8Oq9EMlhZuCmdPn97cX0EQJvWkzEzRrFxkwckTIy4a4hv7LloKiDbhpGR52vSKhuVM-E62rLlv1y7HJpp1JKIgaulRGEBV9EPGtkdADQO9tMaGo1ojWye2a2mUaQ7d1kLJLg8TxZDSMy_BCzELZuyhuvCYU50wqcmP-pvIQOBnSZL0YCn0kP9lBurbwlQmIOo5qoEB-nesr3BRAh2ghF8s8f-A6yJCrXSiJK_DjMJcyrIh81pSHQW7M9zRULu0FkNgTArLH4rRuDF8jiqua7dqjqBh8lDrXsWkDp54xQoEhcY5dNf6E3U-h4qQzgIQO0XNWxU_i1Y9ntE2oJwPwAh4CPBqp0GoB9HRX1WkRwZNH3MVcu-cfMdDlRLIaYHf0tdC2PiEsMgFo_pd0tFArW1VCxJ86oTQQofZhXiwmtDLPTQZGJEfD6To0_WEJQWnYxBs1abUNOAq3JYNWw2bwFvNje8Qw3_kNxlR6zDeF7GkvaVh-J3hzYyffOcZo5bdo54Y&amp;__xts__%5B1%5D=68.ARA-kxvq-56Oo7kXVAt8YKW1s6K-SWEBrVvsc9lfZ7NURWsngPK5XkzX89mBRUfApAPxnSdGDLAG9rrGPwqxvMLSaSsMB6dlJY8xDMg6xqYd46_aOTQ80L7DcxbAbR_-D5yDlI_39NJ3u2RGpKNGOeBin07E38vB1QAVNp1ryDr8r-zyltzCUNN3XqV4RXcnE5Vn4bV6wVy0OwJP0FV7mD5f44p3dle_Sl3FleR-YsN6gmdwS3EW4pygk2B5Bq3wkjSLsFaAmotT6omWgVP6RYC3jzN7WqxM4oJAEFcPAbVYg4IzyeO09oqLlumLVyHo9mjwCuSrlUDsw_YC_hEzq2hIlM6A4hb47ErcXjvV5s_VE8TPnLVryTO1HepmC_4RcAgKYeCC0Z_6Uhb_cm11GssPUhA4Ujo20gh8A4ZWMX7AMn_UCdGHRj9nVOOr7ydfWg5GVBxAew3FwKuogsht08NIFXQ6A5vH-2bTSdw6XVlhoGlejZgWvqmFbEyGTOmfygL22oh2qXIr2lqGVHet3O4QKsiV7Mv3gynG_1vxocFB-dpwuQ&amp;__tn__=K%2AF&amp;eid=ARAQOXtNtRBnUDUjRpWD3GvN2w1N_FrM5Uho0y5dSzup2VouU_qu1SIe5zaOSPlCBWaWkdsGzzNnUdr4\" target=\"_blank\" rel=\"noreferrer noopener\" aria-label=\" (\u00faj f\u00fcl\u00f6n nyitja meg)\">Nem Adom Fel Alap\u00edtv\u00e1ny &#8211; L\u00e9lek\u00f6nt\u0151 programja \u01b8\u04dc\u01b7<\/a>&nbsp;munkat\u00e1rsai meghallgatnak! Seg\u00edtenek, tan\u00e1csot adnak \u00e9s egy\u00fctt gondolkodnak veled, hogy siker\u00fclj\u00f6n \u00e1tv\u00e9szelni a h\u00e1zban t\u00f6lt\u00f6tt napokat. <\/p>\n\n\n\n<h4><a href=\"https:\/\/www.facebook.com\/groups\/200603944502784\/\" target=\"_blank\" rel=\"noreferrer noopener\" aria-label=\" (\u00faj f\u00fcl\u00f6n nyitja meg)\">#maradjotthon csoport<\/a><\/h4>\n\n\n\n<p>K\u00f6z\u00f6s csoport azoknak, akik hiszik, hogy \u00f6sszefog\u00e1ssal \u00e9s felel\u0151s d\u00f6nt\u00e9sekkel gyorsabban \u00e9s k\u00f6nnyebben \u00e1tv\u00e9szelhetj\u00fck ezt a neh\u00e9z helyzetet. A csoport c\u00e9lja seg\u00edts\u00e9get ny\u00fajtani a r\u00e1szorul\u00f3knak, hiteles inform\u00e1ci\u00f3kat megosztani \u00e9s egy kis pozit\u00edv f\u00e9nyt vinni a bez\u00e1rk\u00f3z\u00f3s napokba.<\/p>\n\n\n\n<h4><a href=\"https:\/\/www.facebook.com\/maradjotthonmozgalom\/\" target=\"_blank\" rel=\"noreferrer noopener\" aria-label=\" (\u00faj f\u00fcl\u00f6n nyitja meg)\">#maradjotthon mozgalom<\/a><\/h4>\n\n\n\n<p> K\u00f6z\u00f6ss\u00e9gi, folyamatosan friss\u00edtett tud\u00e1st\u00e1r: friss inform\u00e1ci\u00f3k, adatok, tippek.<\/p>\n\n\n\n<h4><a rel=\"noreferrer noopener\" aria-label=\"\u00d6r\u00f6mkatal\u00f3gus (\u00faj f\u00fcl\u00f6n nyitja meg)\" href=\"https:\/\/www.facebook.com\/dragomangy\/posts\/2596100157166329\" target=\"_blank\">\u00d6r\u00f6mkatal\u00f3gus<\/a><\/h4>\n\n\n\n<p>Dragom\u00e1n Gy\u00f6rgy mag\u00e1nj\u00e1t\u00e9k\u00e1hoz, a &#8220;nem\u00e9lt\u00e9ligaz\u00e1n&#8221; gondolatk\u00eds\u00e9rlet\u00e9hez most b\u00e1rki csalakozhat.<\/p>\n\n\n\n<h4><a href=\"http:\/\/alkoholdrogkaranten.kekpont.hu\/alkoholdrogkaranten\/\" target=\"_blank\" rel=\"noreferrer noopener\" aria-label=\"Szenved\u00e9lybetegs\u00e9ggel k\u00fczd\u0151knek \u00e9s szenved\u00e9lybetegek hozz\u00e1tartoz\u00f3inak (\u00faj f\u00fcl\u00f6n nyitja meg)\">Szenved\u00e9lybetegs\u00e9ggel k\u00fczd\u0151knek \u00e9s szenved\u00e9lybetegek hozz\u00e1tartoz\u00f3inak<\/a><\/h4>\n\n\n\n<p>A K\u00e9k Pont online f\u00f3ruma \u00e9s n\u00e9vtelen seg\u00edt\u0151helye karant\u00e9nba szorult alkohol- \u00e9s droghaszn\u00e1l\u00f3k, illetve hozz\u00e1tartoz\u00f3ik sz\u00e1m\u00e1ra.  Ezen a fel\u00fcleten megoszthatod a gondolataidat, \u00e9rz\u00e9seidet \u00e9s tapasztalataidat egy anonim \u00e9s biztons\u00e1gos l\u00e9gk\u00f6rben olyanokkal, akik hasonl\u00f3 dolgokon mennek kereszt\u00fcl, mint te. A f\u00f3rum moder\u00e1l\u00e1s\u00e1t seg\u00edt\u0151 szakemberek v\u00e9gzik, hozz\u00e1juk is fordulhat, akinek seg\u00edts\u00e9gre van sz\u00fcks\u00e9ge. <\/p>\n\n\n\n<h4><a href=\"https:\/\/docs.google.com\/document\/d\/1TQDuETBtKNap_-0xNSRNLLq1xIIP8hpeqRGho_xrZMU\/edit\" target=\"_blank\" rel=\"noreferrer noopener\" aria-label=\"A gy\u00e1sz, mint k\u00f6zhangulat (\u00faj f\u00fcl\u00f6n nyitja meg)\">A gy\u00e1sz, mint k\u00f6zhangulat<\/a><\/h4>\n\n\n\n<p>Ha meg tudjuk nevezni, akkor tal\u00e1n kezelni is tudjuk &#8211; Scott Berinato besz\u00e9lget\u00e9se David Kesslerrel, a vil\u00e1g els\u0151 sz\u00e1m\u00fa gy\u00e1sz-szak\u00e9rt\u0151j\u00e9vel a Harvard Busines Review-b\u0151l.<\/p>\n\n\n\n<h4><a href=\"https:\/\/www.facebook.com\/groups\/204989090742849\/about\/\" target=\"_blank\" rel=\"noreferrer noopener\" aria-label=\" (\u00faj f\u00fcl\u00f6n nyitja meg)\">Karant\u00e9nvacsora<\/a><\/h4>\n\n\n\n<p>K\u00f6z\u00f6ss\u00e9gi, naprak\u00e9sz tud\u00e1sb\u00e1zis: olcs\u00f3, finom, (m\u00e9g) kaphat\u00f3 alapanyagokb\u00f3l elk\u00e9sz\u00edthet\u0151 receptek k\u00e9pekkel.<\/p>\n\n\n\n<h3> \ud83d\udc49  Szakmai \u00e1ll\u00e1sfoglal\u00e1sok<\/h3>\n\n\n\n<h4><a href=\"http:\/\/mpt.hu\/2020\/03\/17\/pszichologiai-vonatkozasu-kerdesek-es-valaszok-a-koronavirussal-kapcsolatban\/\" target=\"_blank\" rel=\"noreferrer noopener\" aria-label=\" (\u00faj f\u00fcl\u00f6n nyitja meg)\">Magyar Pszichol\u00f3giai T\u00e1rsas\u00e1g<\/a><\/h4>\n\n\n\n<p>Pszichol\u00f3giai vonatoz\u00e1s\u00fa k\u00e9rd\u00e9sek \u00e9s v\u00e1laszok a koronav\u00edrussal kapcsolatban: Hogyan k\u00fczdj\u00fcnk meg a v\u00edrusfert\u0151z\u00e9s miatti szorong\u00e1sunkkal, p\u00e1nik\u00e9rz\u00e9s\u00fcnkkel? Mit tehet\u00fcnk a t\u00falzott szorong\u00e1s megel\u0151z\u00e9se vagy cs\u00f6kkent\u00e9se \u00e9rdek\u00e9ben? Hogyan lehet kezelni a karant\u00e9n miatti (az otthoni bez\u00e1rts\u00e1ggal j\u00e1r\u00f3) fesz\u00fclts\u00e9get, frusztr\u00e1ci\u00f3t?<\/p>\n\n\n\n<h4><a href=\"https:\/\/unicef.hu\/10-tanacs-kisgyerekes-szuloknek\/\" target=\"_blank\" rel=\"noreferrer noopener\" aria-label=\"UNICEF  gyerek\u00fcgyi gyorstalpal\u00f3 (\u00faj f\u00fcl\u00f6n nyitja meg)\">UNICEF  gyerek\u00fcgyi gyorstalpal\u00f3<\/a><\/h4>\n\n\n\n<p>10 tan\u00e1cs kisgyerekes sz\u00fcl\u0151knek Peer Krisztina \u00f3vodapszichol\u00f3gust\u00f3l.<\/p>\n\n\n\n<h4><a href=\"https:\/\/drive.google.com\/file\/d\/1uF2xLL4a6CIRxlYh4R-64asKiJZzl7At\/view\" target=\"_blank\" rel=\"noreferrer noopener\" aria-label=\"The National Child Traumatic Stress Network (\u00faj f\u00fcl\u00f6n nyitja meg)\">The National Child Traumatic Stress Network<\/a><\/h4>\n\n\n\n<p>Seg\u00e9danyag sz\u00fcl\u0151knek, gondvisel\u0151knek a koronav\u00edrussal val\u00f3 csal\u00e1di megk\u00fczd\u00e9shez (magyar ford\u00edt\u00e1s).<\/p>\n\n\n\n<h4><a href=\"https:\/\/www.dropbox.com\/s\/egoutebzvxhe4tq\/nasp-nasn-utmutato-szuloknek.pdf?dl=0\" target=\"_blank\" rel=\"noreferrer noopener\" aria-label=\" (\u00faj f\u00fcl\u00f6n nyitja meg)\">Amerikai Iskolapszichol\u00f3gusok Orsz\u00e1gos Egyes\u00fclete<\/a><\/h4>\n\n\n\n<p>Kommunik\u00e1ci\u00f3s \u00e9s pszichol\u00f3giai javaslatok sz\u00fcl\u0151knek, akiknek a gyerekei ezekben a neh\u00e9z id\u0151kben a feln\u0151ttekt\u0151l v\u00e1rnak ir\u00e1nymutat\u00e1st.<\/p>\n\n\n\n<h4><a href=\"http:\/\/aosz.hu\/covid-19-fogyatekosugyi-tajekoztatas\/\" target=\"_blank\" rel=\"noreferrer noopener\" aria-label=\"Eur\u00f3pai Fogyat\u00e9koss\u00e1g\u00fcgyi F\u00f3rum (\u00faj f\u00fcl\u00f6n nyitja meg)\">Eur\u00f3pai Fogyat\u00e9koss\u00e1g\u00fcgyi F\u00f3rum<\/a><\/h4>\n\n\n\n<p>Az EDF aj\u00e1nl\u00e1sai a fogyat\u00e9koss\u00e1ggal \u00e9l\u0151 szem\u00e9lyeket fenyeget\u0151 kock\u00e1zatok kezel\u00e9s\u00e9re.<\/p>\n\n\n\n<h4><a href=\"https:\/\/ataszjelenti.blog.hu\/2020\/03\/20\/munkajogi_utmutato_koronavirus_idejere\" target=\"_blank\" rel=\"noreferrer noopener\" aria-label=\"Munkajogi \u00datmutat\u00f3 (\u00faj f\u00fcl\u00f6n nyitja meg)\">Munkajogi \u00datmutat\u00f3<\/a><\/h4>\n\n\n\n<p>A TASZ t\u00e1j\u00e9koztat\u00f3ja a koronav\u00edrus (COVID-19) miatt kihirdetett vesz\u00e9lyhelyzetre vonatkoz\u00f3 f\u0151bb munkajogi k\u00e9rd\u00e9sekr\u0151l.<\/p>\n\n\n\n<h4><a href=\"https:\/\/tudomany.hu\/cikkek\/a-who-osszeallitasa-a-koronavirus-koruli-tevhitekrol-110490\" target=\"_blank\" rel=\"noreferrer noopener\" aria-label=\"A WHO \u00e1ll\u00e1sfoglal\u00e1sa a t\u00e9vhitek kapcs\u00e1n (\u00faj f\u00fcl\u00f6n nyitja meg)\">A WHO \u00e1ll\u00e1sfoglal\u00e1sa a t\u00e9vhitek kapcs\u00e1n<\/a><\/h4>\n\n\n\n<p>A koronav\u00edrussal kapcsolatos hiedelmek szakmai c\u00e1folata \u00e9s n\u00e9h\u00e1ny alapvet\u0151 k\u00e9rd\u00e9s tiszt\u00e1z\u00e1sa. <\/p>\n\n\n\n<h3> \ud83d\udc49 T\u00e1vmunka, home office<\/h3>\n\n\n\n<h4><a href=\"https:\/\/kepmas.hu\/hogyan-lehet-gyerekek-mellett-otthonrol-dolgozni-csinaljunk-egy-csaladi-gyulest\" target=\"_blank\" rel=\"noreferrer noopener\" aria-label=\"A gyerekek tanul(n\u00e1)nak, a sz\u00fcl\u0151k dolgoz(n\u00e1)nak (\u00faj f\u00fcl\u00f6n nyitja meg)\">A gyerekek tanul(n\u00e1)nak, a sz\u00fcl\u0151k dolgoz(n\u00e1)nak<\/a><\/h4>\n\n\n\n<p>Hogyan lehet egyszerre otthonr\u00f3l dolgozni, a gyerekeket seg\u00edteni a tanul\u00e1sban \u00e9s ebben az \u00faj helyzetre val\u00f3 \u00e1t\u00e1ll\u00e1sban, k\u00f6zben pedig el\u00e9g j\u00f3 sz\u00fcl\u0151nek \u00e9s munkaer\u0151nek maradni egyszerre..?<\/p>\n\n\n\n<h4><a href=\"https:\/\/www.projektallasok.hu\/home-office-tippek-trukkok\/\" target=\"_blank\" rel=\"noreferrer noopener\" aria-label=\" (\u00faj f\u00fcl\u00f6n nyitja meg)\">10 praktikus \u00f6tlet<\/a><\/h4>\n\n\n\n<p>Home office tippek, tr\u00fckk\u00f6k \u00f6sszegy\u0171jtve.<\/p>\n\n\n\n<h4><a href=\"https:\/\/boommarketing.hu\/online-marketing\/home-office-gyorstalpalo\/\" target=\"_blank\" rel=\"noreferrer noopener\" aria-label=\" (\u00faj f\u00fcl\u00f6n nyitja meg)\">Home office gyorstalpal\u00f3<\/a><\/h4>\n\n\n\n<p>Kommunik\u00e1ci\u00f3, meetingek, eszk\u00f6z\u00f6k, munkaid\u0151, projektmenedzsment \u2013 minden, amit tudni szeretn\u00e9l az otthoni munkav\u00e9gz\u00e9sr\u0151l koronav\u00edrus idej\u00e9n.<\/p>\n\n\n\n<h4><a href=\"https:\/\/forbes.hu\/uzlet\/ingyenesse-teszi-a-logmein-tavmunka-szoftvereit-hogy-segitse-a-koronavirus-elleni-harcot\/\">Ingyenes t\u00e1vmunkaszoftverek<\/a><\/h4>\n\n\n\n<p>Eg\u00e9szs\u00e9g\u00fcgyi \u00e9s oktat\u00e1si int\u00e9zm\u00e9nyek, korm\u00e1nyzati \u00e9s \u00f6nkorm\u00e1nyzati szervek, nonprofit szervezetek, valamint kor\u00e1bbi \u00fcgyfelei sz\u00e1m\u00e1ra ingyenesen el\u00e9rhet\u0151v\u00e9 tette otthoni munkav\u00e9gz\u00e9st seg\u00edt\u0151 szoftvereit a LogMeIn.<\/p>\n\n\n\n<h4><a href=\"https:\/\/mito.hu\/content\/ho-ban-a-mito\/\" target=\"_blank\" rel=\"noreferrer noopener\" aria-label=\"Szuper technikai \u00e9s l\u00e9lektani megold\u00e1sok egy helyen (\u00faj f\u00fcl\u00f6n nyitja meg)\">Szuper technikai \u00e9s l\u00e9lektani megold\u00e1sok egy helyen<\/a><\/h4>\n\n\n\n<p>Hossz\u00fa t\u00e1von otthon lenni kih\u00edv\u00e1s tud lenni technikai \u00e9s lelki szempontb\u00f3l is. A mit\u00f3sok megpr\u00f3b\u00e1lt\u00e1k \u00f6sszeszedni azokat a dolgokat, amik nekik seg\u00edtenek ebben, h\u00e1tha \u0151k is tudunk ezekkel seg\u00edteni m\u00e1soknak. <\/p>\n\n\n\n<h4><a href=\"https:\/\/www.nonprofit.hu\/hirek\/Dolgozzon-tavmunkaban-olcso-vagy-eppen-ingyenes-informatikai-megoldasok-segitsegevel\" target=\"_blank\" rel=\"noreferrer noopener\" aria-label=\"Ingyenes \u00e9s kedvezm\u00e9nyes eszk\u00f6z\u00f6k, felaj\u00e1nl\u00e1sok (\u00faj f\u00fcl\u00f6n nyitja meg)\">Ingyenes \u00e9s kedvezm\u00e9nyes eszk\u00f6z\u00f6k, felaj\u00e1nl\u00e1sok<\/a><\/h4>\n\n\n\n<p>A NIOK folyamatosan friss\u00fcl\u0151 gy\u0171jt\u00e9se az otthoni munkav\u00e9gz\u00e9st seg\u00edt\u0151 eszk\u00f6z\u00f6kr\u0151l.<\/p>\n\n\n\n<h4><a href=\"http:\/\/kreativ.hu\/cikk\/harom_sajat_fejlesztesu_szoftvert_ajanlottfel_az_umbrella\" target=\"_blank\" rel=\"noreferrer noopener\" aria-label=\"Umbrella szoftverek ingyen (\u00faj f\u00fcl\u00f6n nyitja meg)\">Umbrella szoftverek ingyen<\/a><\/h4>\n\n\n\n<p>Az Umbrella produkci\u00f3s c\u00e9g egy kommunik\u00e1ci\u00f3s, egy tartalommenedzsment \u00e9s egy workflow eszk\u00f6zt aj\u00e1nljott fel ingyenesen a nagyk\u00f6z\u00f6ns\u00e9gnek. <\/p>\n\n\n\n<h4><a href=\"https:\/\/www.facebook.com\/107856087492904\/photos\/a.107900974155082\/116120656666447\/?type=3&amp;theater&amp;ifg=1\" target=\"_blank\" rel=\"noreferrer noopener\" aria-label=\" (\u00faj f\u00fcl\u00f6n nyitja meg)\">Videoh\u00edv\u00e1s: \u00edgy csin\u00e1ld<\/a><\/h4>\n\n\n\n<p>Infografik\u00e1n a vide\u00f3s kapcsolattart\u00e1s alapszab\u00e1lyai.<\/p>\n\n\n\n<h4><a href=\"https:\/\/www.facebook.com\/watch\/?v=1525352550947906\" target=\"_blank\" rel=\"noreferrer noopener\" aria-label=\" (\u00faj f\u00fcl\u00f6n nyitja meg)\">Workplace<\/a><\/h4>\n\n\n\n<p>Facebook-eszk\u00f6z integr\u00e1lt chattel, f\u00e1jlmegoszt\u00e1ssal, h\u00edv\u00e1sokkal, vide\u00f3kkal.<\/p>\n\n\n\n<h4><a href=\"http:\/\/kreativ.hu\/cikk\/vasalodeszkan__takaro_alatt__a_szabadban__igy_home_office_oltok_ti\" target=\"_blank\" rel=\"noreferrer noopener\" aria-label=\" (\u00faj f\u00fcl\u00f6n nyitja meg)\">Inspir\u00e1ci\u00f3 az otthoni munkak\u00f6rnyezet kialak\u00edt\u00e1s\u00e1hoz<\/a><\/h4>\n\n\n\n<p>Ismerd meg a&nbsp;Nagy Kreat\u00edv Karant\u00e9n home office fot\u00f3verseny els\u0151 p\u00e1ly\u00e1z\u00f3it, k\u00f6vesd a verseny alakul\u00e1s\u00e1t, \u00e9s mer\u00edts ihletet a t\u00f6bbiek kreativit\u00e1s\u00e1b\u00f3l.<\/p>\n\n\n\n<h4><a href=\"https:\/\/www.magnetbank.hu\/igy-intezd-a-penzugyeidet-koronavirus-idejen\" target=\"_blank\" rel=\"noreferrer noopener\" aria-label=\"P\u00e9nz\u00fcgyek int\u00e9z\u00e9se otthonr\u00f3l (\u00faj f\u00fcl\u00f6n nyitja meg)\">P\u00e9nz\u00fcgyek int\u00e9z\u00e9se otthonr\u00f3l<\/a><\/h4>\n\n\n\n<p>A Magnet Bank cikk\u00e9ben&nbsp;\u00f6sszeszedett n\u00e9h\u00e1ny&nbsp;\u00f6tletet, melyek seg\u00edthetnek a tal\u00e1lkoz\u00e1sok sz\u00e1m\u00e1nak cs\u00f6kkent\u00e9s\u00e9ben,&nbsp;\u00e9s egyben k\u00f6z\u00f6ss\u00e9g\u00fcnk eg\u00e9szs\u00e9g\u00e9nek meg\u0151rz\u00e9s\u00e9ben. <\/p>\n\n\n\n<h4><a href=\"https:\/\/www.covidinnovations.com\/\" target=\"_blank\" rel=\"noreferrer noopener\" aria-label=\"Covid innov\u00e1ci\u00f3k (\u00faj f\u00fcl\u00f6n nyitja meg)\">Covid innov\u00e1ci\u00f3k<\/a><\/h4>\n\n\n\n<p>Szegmensekre bontott, innovat\u00edv v\u00e1laszok a koronav\u00edrus kapcs\u00e1n felmer\u00fcl\u0151 \u00fczleti, szoci\u00e1lis \u00e9s gazdas\u00e1gi k\u00e9rd\u00e9sekre eg\u00e9sz Vil\u00e1gb\u00f3l, egy helyen \u00f6sszegy\u0171jtve.<\/p>\n\n\n\n<h3> \ud83d\udc49  Lelki, ment\u00e1lis er\u0151forr\u00e1sok<\/h3>\n\n\n\n<h4><a href=\"https:\/\/www.facebook.com\/events\/2758880091006611\/\" target=\"_blank\" rel=\"noreferrer noopener\" aria-label=\"H\u00e1lataps (\u00faj f\u00fcl\u00f6n nyitja meg)\">H\u00e1lataps<\/a><\/h4>\n\n\n\n<p>Mindenki sz\u00e1m\u00e1ra nagyon kem\u00e9ny ez az id\u0151szak, de vannak, akiknek az er\u0151fesz\u00edt\u00e9se extr\u00e1n emberfeletti ezekben a hetekben: az eg\u00e9szs\u00e9g\u00fcgyi dolgoz\u00f3knak, \u00e1pol\u00f3knak, orvosoknak, ment\u0151s\u00f6knek mind h\u00e1l\u00e1val tartozunk. Minden este 8-kor \u00e1lljunk ki p\u00e1r percre az ablakokba \u00e9s tapsoljunk, \u00edgy megk\u00f6sz\u00f6nve az eg\u00e9szs\u00e9g\u00fcgyi dolgoz\u00f3k er\u0151fesz\u00edt\u00e9seit.<\/p>\n\n\n\n<h4><a href=\"https:\/\/segitohalo.hu\/temak-lista\/covid19\/\" target=\"_blank\" rel=\"noreferrer noopener\" aria-label=\" (\u00faj f\u00fcl\u00f6n nyitja meg)\">Ingyenes lelki seg\u00edts\u00e9gny\u00fajt\u00e1s<\/a><\/h4>\n\n\n\n<p>Online konzult\u00e1ci\u00f3s lehet\u0151s\u00e9g a magyarorsz\u00e1gi seg\u00edt\u0151 szakemberek \u00e9s szervezetek j\u00f3volt\u00e1b\u00f3l.<\/p>\n\n\n\n<h4><a href=\"http:\/\/pszi.hu\/\" target=\"_blank\" rel=\"noreferrer noopener\" aria-label=\" (\u00faj f\u00fcl\u00f6n nyitja meg)\">Pro bono \u2013 \u00d6nk\u00e9ntes pszichol\u00f3giai seg\u00edt\u0151k<\/a><\/h4>\n\n\n\n<p>Seg\u00edt\u0151 szakemberek (pszichol\u00f3gusok, pszichi\u00e1terek, ment\u00e1lhigi\u00e9n\u00e9s szakemberek) a koronav\u00edrus kr\u00edzise kapcs\u00e1n seg\u00edts\u00e9get ny\u00fajtanak online vagy telefonon kereszt\u00fcl, \u00f6nk\u00e9nt \u00e9s ingyenesen. Ha \u00fagy \u00e9rzed, seg\u00edts\u00e9gre van sz\u00fcks\u00e9ged, szakemberek v\u00e1rnak tan\u00e1csad\u00e1ssal, seg\u00edt\u0151 \u00e9s t\u00e1mogat\u00f3 besz\u00e9lget\u00e9ssel.<\/p>\n\n\n\n<h4><a href=\"https:\/\/www.reikonpszichologia.hu\/koronavirus-jarvany-alatti-projekte\" target=\"_blank\" rel=\"noreferrer noopener\" aria-label=\"Pro bono \u00e9s kedvezm\u00e9nyes online, pszichol\u00f3giai kr\u00edziskezel\u00e9s (\u00faj f\u00fcl\u00f6n nyitja meg)\">Pro bono \u00e9s kedvezm\u00e9nyes online, pszichol\u00f3giai kr\u00edziskezel\u00e9s<\/a><\/h4>\n\n\n\n<p>Ingyenes \u00e9s kedvezm\u00e9nyes online konzult\u00e1ci\u00f3k azok sz\u00e1m\u00e1ra, akik a koronav\u00edrus j\u00e1rv\u00e1ny idej\u00e9n&nbsp;a megv\u00e1ltozott \u00e9let\u00fck miatt kr\u00edzishelyzetbe ker\u00fcltek. <\/p>\n\n\n\n<h4><a href=\"https:\/\/szolgalatok.lelki-segely.hu\/\">Telefonos lelkiseg\u00e9ly-szolg\u00e1latok<\/a><\/h4>\n\n\n\n<p>Ha \u00fagy \u00e9rzed, kr\u00edzishelyzetben vagy, \u00e9s azonnal besz\u00e9lned kell valakivel, itt egy helyen megtal\u00e1lod azokat a telefonos szolg\u00e1latokat, ahol az adott t\u00e9m\u00e1ban szakk\u00e9pzett seg\u00edt\u0151k v\u00e1rj\u00e1k a h\u00edv\u00e1sodat.<\/p>\n\n\n\n<h4><a href=\"https:\/\/delutan.hu\/hu\/telefonos-lelkisegely\" target=\"_blank\" rel=\"noreferrer noopener\" aria-label=\"D\u00e9lUt\u00e1n (\u00faj f\u00fcl\u00f6n nyitja meg)\">D\u00e9lUt\u00e1n<\/a><\/h4>\n\n\n\n<p>Ingyenes, orsz\u00e1gos lelkiseg\u00e9ly 40 \u00e9ven fel\u00fclieknek, minden nap 18 \u00e9s 21 \u00f3ra k\u00f6z\u00f6tt.<\/p>\n\n\n\n<h4><a rel=\"noreferrer noopener\" aria-label=\" meghallgatunk.online  (\u00faj f\u00fcl\u00f6n nyitja meg)\" href=\"https:\/\/meghallgatunk.online\/\" target=\"_blank\">meghallgatunk.online <\/a><\/h4>\n\n\n\n<p>Id\u0151pontfoglal\u00e1s ut\u00e1n olyan seg\u00edt\u0151k aj\u00e1nlj\u00e1k fel 30 perces, ingyenes, online vagy telefonos seg\u00edt\u0151 szolg\u00e1ltat\u00e1sukat , akik f\u0151\u00e1ll\u00e1sukban, f\u0151tev\u00e9kenys\u00e9g\u00fckben is az akt\u00edv-, seg\u00edt\u0151 meghallgat\u00e1s mesterei. <\/p>\n\n\n\n<h4><a rel=\"noreferrer noopener\" aria-label=\"SlowTime Mini (\u00faj f\u00fcl\u00f6n nyitja meg)\" href=\"https:\/\/slowtime.slowbudapest.com\/ingyenes-stresszkezelo-program\/\" target=\"_blank\">SlowTime Mini<\/a><\/h4>\n\n\n\n<p>Gondoskodj magadr\u00f3l a neh\u00e9z id\u0151kben mindfulness medit\u00e1ci\u00f3kkal, h\u00e1lagyakorlatokkal \u00e9s stressztudatoss\u00e1g-n\u00f6vel\u0151 feladatokkal; a 12 hetes Tudatos Lass\u00edt\u00e1s Program 3 modulja (mindfulness, stressz, h\u00e1la) ingyen a Slow Budapest j\u00f3volt\u00e1b\u00f3l. <\/p>\n\n\n\n<h4><a rel=\"noreferrer noopener\" aria-label=\"Mental for doctors (\u00faj f\u00fcl\u00f6n nyitja meg)\" href=\"https:\/\/www.facebook.com\/MentalForDoctors\/\" target=\"_blank\">Mental for doctors<\/a><\/h4>\n\n\n\n<p>Eg\u00e9szs\u00e9g\u00fcgyi dolgoz\u00f3k sz\u00e1m\u00e1ra a koronav\u00edros okozta helyzettel val\u00f3 megk\u00fczd\u00e9shez ment\u00e1lis t\u00e1mogat\u00e1st ny\u00fajt\u00f3 \u00f6nk\u00e9ntes szakember csapat.<\/p>\n\n\n\n<h4><a href=\"http:\/\/habitusalapitvany.hu\/psziches-tamogatas-egeszsegugyi-dolgozoknak\/\" target=\"_blank\" rel=\"noreferrer noopener\" aria-label=\"Pszich\u00e9s t\u00e1mogat\u00e1s eg\u00e9szs\u00e9g\u00fcgyi dolgoz\u00f3knak (\u00faj f\u00fcl\u00f6n nyitja meg)\">Pszich\u00e9s t\u00e1mogat\u00e1s eg\u00e9szs\u00e9g\u00fcgyi dolgoz\u00f3knak<\/a><\/h4>\n\n\n\n<p>A Habitus Alap\u00edtv\u00e1ny c\u00e9lja, hogy  t\u00e1mogat\u00f3 besz\u00e9lget\u00e9ssel seg\u00edt\u0151 kezet ny\u00fajthasson azoknak az eg\u00e9szs\u00e9g\u00fcgyi dolgoz\u00f3knak, akik a j\u00e1rv\u00e1nyban nagyon nagy terhel\u00e9snek vannak kit\u00e9ve.<\/p>\n\n\n\n<h4><a rel=\"noreferrer noopener\" aria-label=\"Online t\u00e1mogat\u00f3 besz\u00e9lget\u00e9s pedag\u00f3gusoknak (\u00faj f\u00fcl\u00f6n nyitja meg)\" href=\"https:\/\/grow-group.com\/egyeb\/online-tamogato-beszelgetes-pedagogusoknak\/\" target=\"_blank\">Online t\u00e1mogat\u00f3 besz\u00e9lget\u00e9s pedag\u00f3gusoknak<\/a><\/h4>\n\n\n\n<p>A GROW Csoport  v\u00e1rja pedag\u00f3gusok jelentkez\u00e9s\u00e9t ingyenes, egy\u00e9ni, egyalkalmas online t\u00e1mogat\u00f3 besz\u00e9lget\u00e9sre.<\/p>\n\n\n\n<h4><a href=\"https:\/\/mindsetpszichologia.hu\/2020\/03\/13\/koronavirus-szorongas-mit-tehetunk-a-mentalis-egeszsegunk-erdekeben\/\" target=\"_blank\" rel=\"noreferrer noopener\" aria-label=\"Ment\u00e1lis akci\u00f3terv (\u00faj f\u00fcl\u00f6n nyitja meg)\">Ment\u00e1lis akci\u00f3terv<\/a><\/h4>\n\n\n\n<p>Ahhoz, hogy a j\u00e1rv\u00e1ny k\u00f6r\u00fcl kialakul\u00f3 ment\u00e1lis megterhel\u00e9st is kezelni tudjuk, fontos a pszichol\u00f3giai immunrendszer\u00fcnk meger\u0151s\u00edt\u00e9se, megk\u00fczd\u00e9si strat\u00e9gi\u00e1ink aktiviz\u00e1l\u00e1sa. A Mindset egy komplex&nbsp;ment\u00e1lis akci\u00f3tervvel&nbsp;k\u00e9sz\u00fclt erre a neh\u00e9z id\u0151szakra.<\/p>\n\n\n\n<h4><a href=\"https:\/\/gallerypsziche.blog.hu\/2020\/03\/18\/hogyan_gondoskodjunk_jol_magunkrol\" target=\"_blank\" rel=\"noreferrer noopener\" aria-label=\"Az \u00f6ngondoskod\u00e1s a m\u00e1sokr\u00f3l val\u00f3 gondoskod\u00e1s alapja - karant\u00e9n idej\u00e9n is (\u00faj f\u00fcl\u00f6n nyitja meg)\">Az \u00f6ngondoskod\u00e1s a m\u00e1sokr\u00f3l val\u00f3 gondoskod\u00e1s alapja &#8211; karant\u00e9n idej\u00e9n is<\/a><\/h4>\n\n\n\n<p>Ez az \u00edr\u00e1s azoknak sz\u00f3l, akik otthoni karant\u00e9nban vannak. Egyed\u00fcl, vagy \u00e9ppen folyamatosan egy\u00fctt a csal\u00e1dtagjaikkal. Mindk\u00e9t \u00e1llapot m\u00e1s t\u00edpus\u00fa neh\u00e9zs\u00e9geket hozhat. Mindk\u00e9t \u00e1llapotban felborulhat az \u00e9rzelmi egyens\u00falyunk, aminek val\u00f3sz\u00edn\u0171s\u00e9g\u00e9t n\u00f6velheti, ha nem tudjuk pontosan, hogy meddig \u00e1ll majd fenn ez a helyzet \u00e9s mi v\u00e1rhat\u00f3 a k\u00f6vetkez\u0151 id\u0151szakban. <\/p>\n\n\n\n<h4><a href=\"https:\/\/roadster.hu\/ezekre-kell-odafigyelnunk-otthon\/\" target=\"_blank\" rel=\"noreferrer noopener\" aria-label=\"Az otthonl\u00e9t minden aspektus\u00e1r\u00f3l, mindenkinek (\u00faj f\u00fcl\u00f6n nyitja meg)\">Az otthonl\u00e9t minden aspektus\u00e1r\u00f3l, mindenkinek<\/a><\/h4>\n\n\n\n<p>Kisgyerekesek, egyed\u00fcl\u00e1ll\u00f3k, nagycsal\u00e1dosok mind m\u00e1s kih\u00edv\u00e1sokkal szembes\u00fclnek most, mik\u00f6zben  a legt\u00f6bb ember hajlamos bor\u00fal\u00e1t\u00f3an gondolni a j\u00f6v\u0151re, \u00e9s k\u00f6zben al\u00e1becs\u00fcli a saj\u00e1t megk\u00fczd\u00e9si, rugalmas alkalmazkod\u00e1si k\u00e9pess\u00e9geit. Ebb\u0151l a bejegyz\u00e9sb\u0151l megtudhatod, hogy mi kell ahhoz, hogy Te is sokkal t\u00f6bbre legy\u00e9l k\u00e9pes, mint ahogy kor\u00e1bban felt\u00e9telezted volna. <\/p>\n\n\n\n<h4><a href=\"https:\/\/www.youtube.com\/channel\/UC48U9aV3ubSGjGwLru41XCw\" target=\"_blank\" rel=\"noreferrer noopener\" aria-label=\"Semmelweis Mindfulness K\u00f6zpont (\u00faj f\u00fcl\u00f6n nyitja meg)\">Semmelweis Mindfulness K\u00f6zpont<\/a><\/h4>\n\n\n\n<p>A Semmelweiss Egyetem Mindfulness K\u00f6zpontj\u00e1nak csatorn\u00e1ja relax\u00e1ci\u00f3s, medit\u00e1ci\u00f3s vide\u00f3-anyagokkal.<\/p>\n\n\n\n<h4><a href=\"https:\/\/7koznapi.blog.hu\/2020\/03\/15\/gyakorlati_tippek_szuloknek_a_bezartsag_okozta_feszultseg_enyhitesere\" target=\"_blank\" rel=\"noreferrer noopener\" aria-label=\"Gyakorlati tippek a bez\u00e1rts\u00e1g okozta fesz\u00fclts\u00e9g eny\u00edt\u00e9s\u00e9re (\u00faj f\u00fcl\u00f6n nyitja meg)\">Gyakorlati tippek a bez\u00e1rts\u00e1g okozta fesz\u00fclts\u00e9g eny\u00edt\u00e9s\u00e9re<\/a><\/h4>\n\n\n\n<p>A sz\u00fcl\u0151 fesz\u00fclt, ideges, a gyerek sz\u00e9p lassan \u00e1tveszi a sz\u00fcl\u0151 ki nem mondott szorong\u00e1s\u00e1t is, \u00e9s mivel a gyerek m\u00e9g nem mindig tudja verbaliz\u00e1lni a fesz\u00fclts\u00e9g\u00e9t, a szorong\u00e1sra utal\u00f3 v\u00e1ltoz\u00e1sok a viselked\u00e9s\u00e9ben jelennek meg. Tippek, hogyan ne legyen ebb\u0151l \u00fajra, meg \u00fajra ism\u00e9tl\u0151d\u0151 minta.<\/p>\n\n\n\n<h4><a href=\"https:\/\/www.sas-ok.hu\/szuggesztiok-tanacsok-tippek-az-uj-koronavirus-covid-19-helyzetre\/\" target=\"_blank\" rel=\"noreferrer noopener\" aria-label=\"SASOK:  Szuggeszti\u00f3k&nbsp;Alkalmaz\u00e1sa a&nbsp;Szomatikus&nbsp;Orvosl\u00e1sban&nbsp;K\u00e9pz\u00e9s  (\u00faj f\u00fcl\u00f6n nyitja meg)\">SASOK:  Szuggeszti\u00f3k&nbsp;Alkalmaz\u00e1sa a&nbsp;Szomatikus&nbsp;Orvosl\u00e1sban&nbsp;K\u00e9pz\u00e9s <\/a><\/h4>\n\n\n\n<p>A <a rel=\"noreferrer noopener\" href=\"https:\/\/www.hipnozis-mhe.hu\/\" target=\"_blank\">Magyar Hipn\u00f3zis Egyes\u00fclet<\/a>&nbsp;\u00e9s a&nbsp;<a rel=\"noreferrer noopener\" href=\"http:\/\/semmelweis.hu\/aneszteziologia\/rolunk\" target=\"_blank\">Semmelweis Egyetem Aneszteziol\u00f3giai \u00e9s Intenz\u00edv Ter\u00e1pi\u00e1s Klinika<\/a> relax\u00e1ci\u00f3s hanganyagai, vill\u00e1mgyakorlatai \u00e9s \u00edrott seg\u00e9dletei.<\/p>\n\n\n\n<h4><a href=\"http:\/\/kulter.hu\/2020\/03\/karantentanacsok-iroktol-koltoktol\/\" target=\"_blank\" rel=\"noreferrer noopener\" aria-label=\"Karant\u00e9ntan\u00e1csok \u00edr\u00f3kt\u00f3l, k\u00f6lt\u0151kt\u0151l (\u00faj f\u00fcl\u00f6n nyitja meg)\">Karant\u00e9ntan\u00e1csok \u00edr\u00f3kt\u00f3l, k\u00f6lt\u0151kt\u0151l<\/a><\/h4>\n\n\n\n<p>Az irodalommal foglalkoz\u00f3k, ak\u00e1r f\u0151-, ak\u00e1r mell\u00e9k\u00e1ll\u00e1sban, de az\u00e9rt \u00e1ltal\u00e1ban otthon \u00edrnak, \u00edgy megtanulhatt\u00e1k m\u00e1r azokat a tr\u00fckk\u00f6ket, amelyek most sok kezd\u0151 otthonr\u00f3l dolgoz\u00f3nak j\u00f3l j\u00f6nn\u00e9nek. G\u00e1cs Anna, Harag Anita, H\u00e1y J\u00e1nos, Kerber Bal\u00e1zs,&nbsp;Mosk\u00e1t Anita, Mucha Dorka, Nagy Hajnal Csilla \u00e9s Vajna \u00c1d\u00e1m v\u00e1laszolnak a kulter.hu k\u00e9rd\u00e9seire. <\/p>\n\n\n\n<h4><a href=\"https:\/\/insighttimer.com\/\" target=\"_blank\" rel=\"noreferrer noopener\" aria-label=\" (\u00faj f\u00fcl\u00f6n nyitja meg)\">Ingyenes medit\u00e1ci\u00f3s applik\u00e1ci\u00f3<\/a><\/h4>\n\n\n\n<p>Vezetett, zen\u00e9s \u00e9s id\u0151z\u00edt\u0151s medit\u00e1ci\u00f3k ig\u00e9ny szerint, t\u00f6bb nyelven, ingyen.<\/p>\n\n\n\n<h4><a rel=\"noreferrer noopener\" aria-label=\" (\u00faj f\u00fcl\u00f6n nyitja meg)\" href=\"https:\/\/www.facebook.com\/events\/1503831249784426\/\" target=\"_blank\">F\u00e9lelem helyett lehet\u0151s\u00e9g: 21 napos reggeli, online medit\u00e1ci\u00f3<\/a><\/h4>\n\n\n\n<p>21 napon \u00e1t minden reggel 6:15-6:45 k\u00f6z\u00f6tt ingyenes, \u00e9l\u0151 medit\u00e1ci\u00f3: a v\u00edrus okozta megv\u00e1ltozott \u00e9letrendben akadnak lehet\u0151s\u00e9gek is, melyek felismer\u00e9s\u00e9ben seg\u00edthet ez a reggeli rutin. <\/p>\n\n\n\n<h4><a href=\"https:\/\/www.facebook.com\/pg\/szintisztastresszoldo\/\" target=\"_blank\" rel=\"noreferrer noopener\" aria-label=\"Sz\u00edntiszta stresszold\u00f3 (\u00faj f\u00fcl\u00f6n nyitja meg)\">Sz\u00edntiszta stresszold\u00f3<\/a><\/h4>\n\n\n\n<p>Naponta friss\u00fcl\u0151, sz\u00ednezhet\u0151 alkot\u00e1sok fiatal illusztr\u00e1torokt\u00f3l, anim\u00e1ci\u00f3sokt\u00f3l \u00e9s grafikai m\u0171v\u00e9szekt\u0151l. <\/p>\n\n\n\n<h4><a href=\"https:\/\/www.facebook.com\/pg\/mesesterapia\/posts\/?ref=page_internal\" target=\"_blank\" rel=\"noreferrer noopener\" aria-label=\"Meseter\u00e1pia: feln\u0151tteknek is (\u00faj f\u00fcl\u00f6n nyitja meg)\">Meseter\u00e1pia: feln\u0151tteknek is<\/a><\/h4>\n\n\n\n<p>Mert a mes\u00e9kkel nem vagy egyed\u00fcl &#8211; a Metamorphoses \u00faj sorozata olyan mes\u00e9kb\u0151l, amik seg\u00edtenek, er\u0151t adnak, megnevettetnek, t\u00e1mogatnak. <\/p>\n\n\n\n<h3> \ud83d\udc49  Otthoni elfoglalts\u00e1gok gyerekekkel<\/h3>\n\n\n\n<p>Sokan azzal k\u00fczdenek most, hogy hogyan tudj\u00e1k \u00fagy alak\u00edtani a napokat \u00e9s a k\u00f6z\u00f6sen haszn\u00e1lt tereket, hogy a mindenhonnan \u2013 munk\u00e1ltat\u00f3, iskola, rokonok \u00e9s egy\u00e9b helyek fel\u0151l \u2013 \u00e9rkez\u0151 elv\u00e1r\u00e1soknak meg tudjanak felelni. Sokaknak viszont mindek\u00f6zben az a k\u00e9rd\u00e9s is fejt\u00f6r\u00e9st okoz, hogy hogyan \u00e9s mivel tudn\u00e1k \u00e9rtelmesen lek\u00f6tni a gyerekeiket, \u00e9s hasznosan t\u00f6lteni a k\u00f6z\u00f6s id\u0151t ebben a k\u00e9nyszer\u0171 \u00f6sszez\u00e1rts\u00e1gban. Nekik itt gy\u0171jt\u00f6tt\u00fck \u00f6ssze a lehet\u0151s\u00e9geket.<\/p>\n\n\n\n<h4><a rel=\"noreferrer noopener\" aria-label=\"Rajzos, foglalkoztat\u00f3s mese a koronav\u00edrussal kapcsolatos k\u00e9rd\u00e9sek, f\u00e9lelmek feldolgoz\u00e1s\u00e1hoz (\u00faj f\u00fcl\u00f6n nyitja meg)\" href=\"https:\/\/drive.google.com\/file\/d\/1W-31n6nHCE7ZQe4zraFJDa2P1q3-yrhK\/view\" target=\"_blank\">Rajzos, foglalkoztat\u00f3s mese a koronav\u00edrussal kapcsolatos k\u00e9rd\u00e9sek, f\u00e9lelmek feldolgoz\u00e1s\u00e1hoz<\/a><\/h4>\n\n\n\n<p>Shona Innes, a r\u00e1z\u00f3s t\u00e9m\u00e1kra specializ\u00e1l\u00f3dott gyermekpszichol\u00f3gus ny\u00fajt seg\u00edts\u00e9get egy mes\u00e9s, Ag\u00f3cs \u00cdrisz rajzaival illusztr\u00e1lt foglalkoztat\u00f3 f\u00fczet form\u00e1j\u00e1ban a koronav\u00edrus kapcs\u00e1n felmer\u00fcl\u0151 k\u00e9rd\u00e9sek, szorong\u00e1sok, szab\u00e1lyok kibesz\u00e9l\u00e9s\u00e9hez \u00e9s feldolgoz\u00e1s\u00e1hoz. <\/p>\n\n\n\n<h4><a href=\"https:\/\/www.facebook.com\/pg\/yelon.nem.vagy.egyedul\/photos\/?tab=album&amp;album_id=102084321444812&amp;__tn__=-UCH-R\" target=\"_blank\" rel=\"noreferrer noopener\" aria-label=\"Karant\u00e9n ABC (\u00faj f\u00fcl\u00f6n nyitja meg)\">Karant\u00e9n ABC<\/a><\/h4>\n\n\n\n<p>A Yelon csapat\u00e1nak \u00f6tlet-gy\u0171jtem\u00e9nye olyan elfoglalts\u00e1gokr\u00f3l, amikkel kicsit tal\u00e1n k\u00f6nnyebb lehet j\u00f3l (egy\u00fctt) lenni a k\u00f6vetkez\u0151 id\u0151szakban.<\/p>\n\n\n\n<h4><a href=\"https:\/\/www.facebook.com\/events\/939210749815367\/\" target=\"_blank\" rel=\"noreferrer noopener\" aria-label=\"Kreat\u00edv Karant\u00e9n (\u00faj f\u00fcl\u00f6n nyitja meg)\">Kreat\u00edv Karant\u00e9n<\/a><\/h4>\n\n\n\n<p>30 napos kih\u00edv\u00e1s kicsiknek \u00e9s nagyoknak, amibe b\u00e1rmikor be lehet kapcsol\u00f3dni.<\/p>\n\n\n\n<h4><a href=\"https:\/\/www.facebook.com\/pg\/tiztolmese\/\" target=\"_blank\" rel=\"noreferrer noopener\" aria-label=\" (\u00faj f\u00fcl\u00f6n nyitja meg)\">Napi mese minden nap 10-t\u0151l<\/a><\/h4>\n\n\n\n<p>Folytat\u00e1sos \u00e9s egyszeri mes\u00e9k Huzella J\u00fali\u00e1t\u00f3l, \u00e9l\u0151ben.<\/p>\n\n\n\n<h4><a href=\"https:\/\/www.facebook.com\/events\/555443831992183\/?event_time_id=555443835325516\" target=\"_blank\" rel=\"noreferrer noopener\" aria-label=\"Pom Pom mes\u00e9i (\u00faj f\u00fcl\u00f6n nyitja meg)\">Pom Pom mes\u00e9i<\/a><\/h4>\n\n\n\n<p>Ezen a csatorn\u00e1n minden este 7-t\u0151l Csuk\u00e1s Istv\u00e1n: Pom Pom mes\u00e9i c\u00edm\u0171 k\u00f6nyv\u00e9b\u0151l hallhat\u00f3 egy-egy r\u00e9sz.<\/p>\n\n\n\n<h4><a href=\"http:\/\/minimatine.hu\/ingyenesen-letoltheto-rumini-hangjatek\/\" target=\"_blank\" rel=\"noreferrer noopener\" aria-label=\"Rumini hangj\u00e1t\u00e9k (\u00faj f\u00fcl\u00f6n nyitja meg)\">Rumini hangj\u00e1t\u00e9k<\/a><\/h4>\n\n\n\n<p>Ingyenesen let\u00f6lthet\u0151 Berg Judit mesereg\u00e9ny\u00e9nek 10 r\u00e9szes r\u00e1di\u00f3v\u00e1ltozata; az egyes r\u00e9szek 23-25 percesek.<\/p>\n\n\n\n<h4><a href=\"https:\/\/www.facebook.com\/watch\/?v=2546868085601823\" target=\"_blank\" rel=\"noreferrer noopener\" aria-label=\" (\u00faj f\u00fcl\u00f6n nyitja meg)\">50 \u00f6tlet belt\u00e9ri j\u00e1t\u00e9khoz<\/a><\/h4>\n\n\n\n<p>Szuper, otthon am\u00fagy is megtal\u00e1lhat\u00f3 eszk\u00f6z\u00f6kkel j\u00e1tszhat\u00f3 aktivit\u00e1sok.<\/p>\n\n\n\n<h4><a rel=\"noreferrer noopener\" aria-label=\"107 benti j\u00e1t\u00e9k \u00e9s elfoglalts\u00e1g (\u00faj f\u00fcl\u00f6n nyitja meg)\" href=\"https:\/\/www.szuloklapja.hu\/gyermekprogramok\/6445\/107-szuper-benti-jatek-es-elfoglaltsag-gyerekeknek:-ennyi-mindent-csinalhattok-otthon-ha-nem-lehet-kimenni.html\" target=\"_blank\">107 benti j\u00e1t\u00e9k \u00e9s elfoglalts\u00e1g<\/a><\/h4>\n\n\n\n<p>A kir\u00e1ndul\u00e1s, j\u00e1tsz\u00f3t\u00e9r \u00e9s k\u00f6z\u00f6s band\u00e1z\u00e1sok most kiestek, de itt tal\u00e1lsz remek \u00f6tleteket otthonra is.<\/p>\n\n\n\n<h4><a href=\"https:\/\/skillo.hu\/minden-napra-egy-jatek\/\" target=\"_blank\" rel=\"noreferrer noopener\" aria-label=\" (\u00faj f\u00fcl\u00f6n nyitja meg)\">Minden napra egy j\u00e1t\u00e9k ovisoknak<\/a><\/h4>\n\n\n\n<p>Mozg\u00e1ssal, elm\u00e9ly\u00fcltebb gondolkod\u00e1ssal \u00e9s k\u00e9szs\u00e9gfejleszt\u00e9ssel.<\/p>\n\n\n\n<h4><a href=\"https:\/\/drive.google.com\/file\/d\/0B7DTxUYK6zXfQjAyX1JxOXFZSzg\/view\" target=\"_blank\" rel=\"noreferrer noopener\" aria-label=\"Pap\u00edrrep\u00fcl\u0151-hajtogat\u00e1s (\u00faj f\u00fcl\u00f6n nyitja meg)\">Pap\u00edrrep\u00fcl\u0151-hajtogat\u00e1s<\/a><\/h4>\n\n\n\n<p>15, k\u00f6nnyen \u00e9s gyorsan megtanulhat\u00f3 pap\u00edrrep\u00fcl\u0151-modell, k\u00e9pes \u00fatmutat\u00f3kkal. <\/p>\n\n\n\n<h4><a href=\"https:\/\/vasarely.hu\/vasarely_pedagogusoknak\/pedagogiai-segedanyagok-123096\" target=\"_blank\" rel=\"noreferrer noopener\" aria-label=\" (\u00faj f\u00fcl\u00f6n nyitja meg)\">Kreat\u00edvkod\u00e1s<\/a><\/h4>\n\n\n\n<p>A Vasarely M\u00fazeum let\u00f6lthet\u0151 sablonjai saj\u00e1t koll\u00e1zs k\u00e9sz\u00edt\u00e9s\u00e9hez: nyomtass\u00e1tok ki a sablont sz\u00ednes pap\u00edrra, vagy sz\u00ednezz\u00e9tek ki ti a form\u00e1kat!<\/p>\n\n\n\n<h4><a rel=\"noreferrer noopener\" aria-label=\"Sz\u00ednez\u00e9s (\u00faj f\u00fcl\u00f6n nyitja meg)\" href=\"https:\/\/www.facebook.com\/gabillustrator\/posts\/3225973504103995\" target=\"_blank\">Sz\u00ednez\u00e9s<\/a><\/h4>\n\n\n\n<p>A CSAK Design \u00e9s <a rel=\"noreferrer noopener\" aria-label=\"Gabillustrator  (\u00faj f\u00fcl\u00f6n nyitja meg)\" href=\"https:\/\/www.facebook.com\/gabillustrator\/\" target=\"_blank\">Gabillustrator <\/a>j\u00f3volt\u00e1b\u00f3l kedves k\u00e9pek k\u00f6z\u00fcl v\u00e1logathattok ak\u00e1r egy k\u00f6z\u00f6s sz\u00ednez\u00e9sre is.<\/p>\n\n\n\n<h4><a rel=\"noreferrer noopener\" aria-label=\"R\u00edmel\u00e9s (\u00faj f\u00fcl\u00f6n nyitja meg)\" href=\"https:\/\/www.facebook.com\/bertotijohannaoldala\/posts\/138684160989034\" target=\"_blank\">R\u00edmel\u00e9s<\/a><\/h4>\n\n\n\n<p>Bert\u00f3ti Johanna  j\u00e1tszani h\u00edvja a kicsiket \u00e9s a nagyokat: r\u00edmekkel, sz\u00ednekkel, szavakkal, form\u00e1kkal. <\/p>\n\n\n\n<h4><a href=\"https:\/\/24.hu\/tech\/2020\/03\/20\/bookr-kids-mesetar-ingyen-android-ios-ingyen\/\" target=\"_blank\" rel=\"noreferrer noopener\" aria-label=\"400 interakt\u00edv mese (\u00faj f\u00fcl\u00f6n nyitja meg)\">400 interakt\u00edv mese<\/a><\/h4>\n\n\n\n<p>A Samsung \u00e9s az interakt\u00edv hangosk\u00f6nyvekkel foglalkoz\u00f3 BOOKR Kids m\u00e1rcius 20-t\u00f3l egy h\u00f3napon kereszt\u00fcl t\u00f6bb mint 400 mes\u00e9t tesz ingyen let\u00f6lthet\u0151v\u00e9 a koronav\u00edrus miatt otthon l\u00e9v\u0151 csal\u00e1dok sz\u00e1m\u00e1ra tanul\u00e1shoz \u00e9s sz\u00f3rakoz\u00e1shoz, Android \u00e9s iOS k\u00e9sz\u00fcl\u00e9kekre egyar\u00e1nt. <\/p>\n\n\n\n<h4><a href=\"https:\/\/www.facebook.com\/lifetiltblog\/posts\/2731267810242862\" target=\"_blank\" rel=\"noreferrer noopener\" aria-label=\" (\u00faj f\u00fcl\u00f6n nyitja meg)\">Otthoni torna gyerekeknek<\/a><\/h4>\n\n\n\n<p>Ingyenesen let\u00f6lthet\u0151 alternat\u00edva a testnevel\u00e9s\u00f3r\u00e1ra.<\/p>\n\n\n\n<h4><a href=\"https:\/\/www.gyerunkanyukam.hu\/product\/view\/maradjotthon-rendkivuli-videotar\" target=\"_blank\" rel=\"noreferrer noopener\" aria-label=\" (\u00faj f\u00fcl\u00f6n nyitja meg)\">Ovis-kisiskol\u00e1s torna gyerekeknek<\/a><\/h4>\n\n\n\n<p>Plusz v\u00e1ltozatos \u00f3r\u00e1k feln\u0151tteknek, hetente friss\u00fcl\u0151 tartalommal, ingyen.<\/p>\n\n\n\n<h2> \ud83d\udca1 \u00cdgy seg\u00edthetsz a gyerekeknek<\/h2>\n\n\n\n<h4><a href=\"https:\/\/www.csupaszivmagazin.hu\/relaxacios-esti-mese-az-alompor\/\" target=\"_blank\" rel=\"noreferrer noopener\" aria-label=\"Relax\u00e1ci\u00f3s esti mese gyerekeknek (\u00faj f\u00fcl\u00f6n nyitja meg)\">Relax\u00e1ci\u00f3s esti mese gyerekeknek<\/a><\/h4>\n\n\n\n<p>Az \u00e1lompor &#8211; Hanula Erika mes\u00e9je olyan gyerekeknek, akik nehezen nyugszanak meg egy hossz\u00fa, ingerekkel teli nap v\u00e9g\u00e9n.<\/p>\n\n\n\n<h4><a rel=\"noreferrer noopener\" aria-label=\"Borka J\u00f3ga (\u00faj f\u00fcl\u00f6n nyitja meg)\" href=\"https:\/\/www.youtube.com\/watch?v=TK4pwK_PiAY\" target=\"_blank\">Borka J\u00f3ga<\/a><\/h4>\n\n\n\n<p>Mes\u00e9s, relax\u00e1ci\u00f3s gyakorlat gyerekeknek \u00e9s sz\u00fcleiknek a Borka \u00e9s a var\u00e1zsruha alkot\u00f3it\u00f3l.<\/p>\n\n\n\n<h4><a rel=\"noreferrer noopener\" aria-label=\" J\u00f3, ha besz\u00e9lgettek a koronav\u00edrusr\u00f3l, de nem mindegy, hogy!  (\u00faj f\u00fcl\u00f6n nyitja meg)\" href=\"https:\/\/yelon.hu\/szuloknek\/igy-beszelgess-a-koronavirusrol-a-gyermekeddel\/\" target=\"_blank\"> J\u00f3, ha besz\u00e9lgettek a koronav\u00edrusr\u00f3l, de nem mindegy, hogyan! <\/a><\/h4>\n\n\n\n<p>A gyerekek mindennapjai is megv\u00e1ltoznak most, \u00e9s sok k\u00e9rd\u00e9s\u00fck lehet ezzel kapcsolatban \u2013 a p\u00e1nikkelt\u00e9s viszont \u00e9ppolyan rossz v\u00e1lasz, mint ha elbagatelliz\u00e1ln\u00e1nk a t\u00e9nyeket. Mint mindig, ilyenkor is a  besz\u00e9lget\u00e9s a legjobb megold\u00e1s. <\/p>\n\n\n\n<h4><a href=\"https:\/\/yelon.hu\/szuloknek\/gyerekekkel-a-koronavirusrol\/\" target=\"_blank\" rel=\"noreferrer noopener\" aria-label=\" (\u00faj f\u00fcl\u00f6n nyitja meg)\">Hogyan besz\u00e9lj a gyerekeddel a koronav\u00edrusr\u00f3l?<\/a><\/h4>\n\n\n\n<p>A koronav\u00edrussal kapcsolatos h\u00edrek a gyerekekhez is eljutnak, \u00e9s \u0151ket is foglalkoztatj\u00e1k. Fontos, hogy kapjanak a k\u00e9rd\u00e9seikre v\u00e1laszokat \u2013 \u00f6sszegy\u0171jt\u00f6tt\u00fck a legfontosabbakat. <\/p>\n\n\n\n<h4><a href=\"https:\/\/yelon.hu\/2020\/03\/17\/koronavirus-karanten-napi-infok\/\" target=\"_blank\" rel=\"noreferrer noopener\" aria-label=\" (\u00faj f\u00fcl\u00f6n nyitja meg)\">Naponta friss\u00fcl\u0151 inform\u00e1ci\u00f3k gyerekeknek<\/a><\/h4>\n\n\n\n<p>A <a rel=\"noreferrer noopener\" aria-label=\" (\u00faj f\u00fcl\u00f6n nyitja meg)\" href=\"https:\/\/yelon.hu\/2020\/03\/17\/koronavirus-karanten-napi-infok\/\" target=\"_blank\">Yelon.hu<\/a> oldal\u00e1n a gyerekek ebben a t\u00e9m\u00e1ban is megtal\u00e1lhatj\u00e1k a k\u00e9rd\u00e9seikre a naprak\u00e9sz, hiteles, t\u00e9nyeken alapul\u00f3 \u00e9s r\u00e1juk szabott v\u00e1laszokat.<\/p>\n\n\n\n<h4><a rel=\"noreferrer noopener\" aria-label=\" Mos\u00f3 Mese, avagy a k\u00e9zmos\u00e1s eredete  (\u00faj f\u00fcl\u00f6n nyitja meg)\" href=\"https:\/\/www.youtube.com\/watch?v=Iuxrb8AL4EQ&amp;amp=&amp;feature=youtu.be\" target=\"_blank\">Mos\u00f3 Mese, avagy a k\u00e9zmos\u00e1s eredete <\/a><\/h4>\n\n\n\n<p>\u201cUgye alapos volt\u00e1l? Megszagolhatom???&#8221; Ismer\u0151s mondatok? A &#8220;Mos\u00f3 Mese, avagy a k\u00e9zmos\u00e1s eredete&#8221; c\u00edm\u0171 mes\u00e9nkb\u0151l, amely Dr. Gyurk\u00f3 Szilvia, a <a href=\"https:\/\/hintalovon.hu\/hu\/adomanyozz\" target=\"_blank\" rel=\"noreferrer noopener\" aria-label=\"Hintalovon Gyermekjogi Alap\u00edtv\u00e1ny (\u00faj f\u00fcl\u00f6n nyitja meg)\">Hintalovon Gyermekjogi Alap\u00edtv\u00e1ny<\/a> vezet\u0151j\u00e9nek fej\u00e9b\u0151l ugrott el\u0151, megtudhatj\u00e1tok, hogy a bacik, ezek a kis dirib-darab l\u00e9nyek hogyan j\u00f6ttek l\u00e9tre, \u00e9s mi a leghat\u00e9konyabb m\u00f3dszer ellen\u00fck. <\/p>\n\n\n\n<h4><a href=\"https:\/\/yelon.hu\/2020\/03\/20\/kezmosas-kohoges-koronavirus\/\" target=\"_blank\" rel=\"noreferrer noopener\" aria-label=\"Gyakori k\u00e9rd\u00e9sek: eg\u00e9szs\u00e9g\u00fcgyi, rajzos tan\u00e1csok gyerekeknek (\u00faj f\u00fcl\u00f6n nyitja meg)\">Gyakori k\u00e9rd\u00e9sek: eg\u00e9szs\u00e9g\u00fcgyi, rajzos tan\u00e1csok gyerekeknek<\/a><\/h4>\n\n\n\n<p>K\u00e9zmos\u00e1s, k\u00f6h\u00f6g\u00e9s, otthonmarad\u00e1s \u00e9s az arc \u00e9rint\u00e9se: a legfontosabb tudnival\u00f3k kedves \u00e1llatok tolm\u00e1csol\u00e1s\u00e1ban <a href=\"https:\/\/www.facebook.com\/Thyillustration\/\" target=\"_blank\" rel=\"noreferrer noopener\" aria-label=\"Szathm\u00e1ry Istv\u00e1n - Thyillustration (\u00faj f\u00fcl\u00f6n nyitja meg)\">Szathm\u00e1ry Istv\u00e1n &#8211; Thyillustration<\/a> j\u00f3volt\u00e1b\u00f3l.<\/p>\n\n\n\n<h4><a href=\"https:\/\/drive.google.com\/file\/d\/1jd5U8yITTy2HiieWp_ACphqv1bRIL7QA\/view\" target=\"_blank\" rel=\"noreferrer noopener\" aria-label=\" (\u00faj f\u00fcl\u00f6n nyitja meg)\">Let\u00f6lthet\u0151 mese a koronav\u00edrusr\u00f3l kicsiknek<\/a><\/h4>\n\n\n\n<p>Rajzol\u00f3s, besz\u00e9lget\u0151s keretekkel is seg\u00edthet\u00fcnk, hogy a kicsik is \u00e9rts\u00e9k, mi t\u00f6rt\u00e9nik, mik\u00f6zben ezzel a szorong\u00e1sukat is cs\u00f6kkenthetj\u00fck.<\/p>\n\n\n\n<h4><a rel=\"noreferrer noopener\" aria-label=\"Mesek\u00f6nyv \u00e9s sz\u00ednez\u0151f\u00fczet ovisoknak \u00e9s kisiskol\u00e1soknak a v\u00edrusr\u00f3l (\u00faj f\u00fcl\u00f6n nyitja meg)\" href=\"https:\/\/nemadomfel.hu\/mese-egy-csaladrol-es-a-virusrol\/\" target=\"_blank\">Mesek\u00f6nyv \u00e9s sz\u00ednez\u0151f\u00fczet ovisoknak \u00e9s kisiskol\u00e1soknak a v\u00edrusr\u00f3l<\/a><\/h4>\n\n\n\n<p>A  <a href=\"https:\/\/nemadomfel.hu\/\" target=\"_blank\" rel=\"noreferrer noopener\" aria-label=\"Nem Adom Fel Alap\u00edtv\u00e1ny (\u00faj f\u00fcl\u00f6n nyitja meg)\">Nem Adom Fel Alap\u00edtv\u00e1ny<\/a> L\u00e9lek\u00f6nt\u0151 Program munkat\u00e1rsai \u00e9s \u00f6nk\u00e9ntesei \u00edr\u00e1sa \u00e9s illusztr\u00e1ci\u00f3ja a helyzet k\u00f6z\u00f6s feldolgoz\u00e1s\u00e1hoz.<\/p>\n\n\n\n<h4><a href=\"https:\/\/www.youtube.com\/watch?v=5xDwlbkFrRE\" target=\"_blank\" rel=\"noreferrer noopener\" aria-label=\" (\u00faj f\u00fcl\u00f6n nyitja meg)\">Egyszer volt az \u00e9let: a test \u0151rei<\/a><\/h4>\n\n\n\n<p>A j\u00f3l ismert mese az emberi testr\u0151l, v\u00edrusokr\u00f3l \u00e9s bakt\u00e9riumokr\u00f3l.<\/p>\n\n\n\n<h4><a href=\"https:\/\/drive.google.com\/file\/d\/1U_2h9Z7OIhnWMOpNPKEAXaU8GxGh37Xk\/view\" target=\"_blank\" rel=\"noreferrer noopener\" aria-label=\"K\u00e9preg\u00e9ny a koronav\u00edrusr\u00f3l (\u00faj f\u00fcl\u00f6n nyitja meg)\">K\u00e9preg\u00e9ny a koronav\u00edrusr\u00f3l<\/a><\/h4>\n\n\n\n<p>R\u00f6vid, korrekt \u00f6sszefoglal\u00f3 arr\u00f3l, mivel \u00e1llunk szemben, \u00e9s hogyan v\u00e9dhetj\u00fck meg magunkat \u00e9s a szeretteinket.<\/p>\n\n\n\n<h4><a href=\"http:\/\/nyugodtgyermek.hu\/meditacios-gyakorlatok%ef%bb%bf\/\" target=\"_blank\" rel=\"noreferrer noopener\" aria-label=\"Stresszkezel\u00e9s gyerekeknek (\u00faj f\u00fcl\u00f6n nyitja meg)\">Stresszkezel\u00e9s gyerekeknek<\/a><\/h4>\n\n\n\n<p>Medit\u00e1ci\u00f3s gyakorlatok, vide\u00f3k \u00e9s hanganyagok gyerekeknek.<\/p>\n\n\n\n<h4><a href=\"http:\/\/mobiloffelmenyon.hu\/digitalisszerzodes\/\" target=\"_blank\" rel=\"noreferrer noopener\" aria-label=\"Csal\u00e1di digit\u00e1lis meg\u00e1llapod\u00e1s (\u00faj f\u00fcl\u00f6n nyitja meg)\">Csal\u00e1di digit\u00e1lis meg\u00e1llapod\u00e1s<\/a><\/h4>\n\n\n\n<p>Hogyan lehet kezelni a csal\u00e1di k\u00fcty\u00fchaszn\u00e1latot a k\u00f6vetkez\u0151 id\u0151szakban?<\/p>\n\n\n\n<h4><a href=\"https:\/\/www.urbanlegends.hu\/2020\/03\/online-tanfolyam-13-15-eveseknek-a-koronavirussal-kapcsolatos-alhirek-felismeresehez\/\" target=\"_blank\" rel=\"noreferrer noopener\" aria-label=\"Online tanfolyam 13-15 \u00e9veseknek a koronav\u00edrussal kapcsolatos \u00e1lh\u00edrek felismer\u00e9s\u00e9hez  (\u00faj f\u00fcl\u00f6n nyitja meg)\">Online tanfolyam 13-15 \u00e9veseknek a koronav\u00edrussal kapcsolatos \u00e1lh\u00edrek felismer\u00e9s\u00e9hez <\/a><\/h4>\n\n\n\n<p>A n\u00e9gy fejezetb\u0151l \u00e1ll\u00f3, interakt\u00edv kurzus az inform\u00e1ci\u00f3  megb\u00edzhat\u00f3s\u00e1g\u00e1nak \u00e9s hiteless\u00e9g\u00e9nek vizsg\u00e1lat\u00e1hoz sz\u00fcks\u00e9ges ismeretek,  k\u00e9szs\u00e9gek (azaz a kritikai m\u00e9diam\u0171velts\u00e9g) fejleszt\u00e9s\u00e9t c\u00e9lozza. Ezen  bel\u00fcl a tanfolyam kiemelten fejleszti az \u00e1lh\u00edrek felismer\u00e9s\u00e9hez  sz\u00fcks\u00e9ges kompetenci\u00e1kat. <\/p>\n\n\n\n<h3>Otthoni tanul\u00e1s<\/h3>\n\n\n\n<h4><a rel=\"noreferrer noopener\" aria-label=\"A tantermen k\u00edv\u00fcli oktat\u00e1s vide\u00f3s sz\u00e1monk\u00e9r\u00e9si m\u00f3dj\u00e1t \u00e9rint\u0151 \u00e1ll\u00e1sfoglal\u00e1sok \u00e9s \u00e9szrev\u00e9telek (\u00faj f\u00fcl\u00f6n nyitja meg)\" href=\"https:\/\/hintalovon.hu\/hu\/cikk\/allasfoglalasunk-tantermen-kivuli-oktatas-videos-szamonkeresi-modjaval-kapcsolatban\" target=\"_blank\">A tantermen k\u00edv\u00fcli oktat\u00e1s vide\u00f3s sz\u00e1monk\u00e9r\u00e9si m\u00f3dj\u00e1t \u00e9rint\u0151 \u00e1ll\u00e1sfoglal\u00e1sok \u00e9s \u00e9szrev\u00e9telek<\/a><\/h4>\n\n\n\n<p>Ha benned is felmer\u00fclt az elm\u00falt napokban a k\u00e9rd\u00e9s, hogy hogyan  biztos\u00edthatod a gyereked online biztons\u00e1g\u00e1t, amikor egy offline feladat  teljes\u00edt\u00e9s\u00e9nek digit\u00e1lis r\u00f6gz\u00edt\u00e9s\u00e9t k\u00e9ri az iskola, olvasd el a <a href=\"https:\/\/www.facebook.com\/hintalovon\/?__tn__=K-R&amp;eid=ARB_9mcJgGOgCpZqi13Nzt1Q9-T84fzSbZbMvPk1zDlzwnguOhfYvKNE7zowPHenxbo1HmqgNb8K2rny&amp;fref=mentions&amp;__xts__%5B0%5D=68.ARDKZ4TuMMn71mAKwDRXHSehx-AFrskGFwg0wzOmYAlj_XONXI9E67JZuStWcx1phdO7H1cX66m3xmgGto6_jRtKvI_qdBdF_ZLdyEUUCI-pv-Wi88HqL78ADxzfyg4pjYUEkXEUgygyWUYx5rTNWSkAB3WuytkANXppMRf4VjagUzVMnMFxV61Y-8FoyIaPqB9-NDtMNmjOSF8O-rZ0br5VcZme24bIqoQTYXvNqht5LrKpG773zRnF_YwHnSPTLwTAVkdHi4RpLJ6gOuqoxpkVB7SnBiDHGdkt4fIAnA58jcTGxMCQXWn5lisTPCUeIa-P4bk\">Hintalovon Gyermekjogi Alap\u00edtv\u00e1ny<\/a> \u00e1ll\u00e1sfoglal\u00e1s k\u00e9r\u00e9s\u00e9t \u00e9s \u00e9szrev\u00e9teleit.<\/p>\n\n\n\n<h4><a rel=\"noreferrer noopener\" aria-label=\"T\u00e1voktat\u00e1s2020 (\u00faj f\u00fcl\u00f6n nyitja meg)\" href=\"https:\/\/www.tavoktatas2020.hu\/\" target=\"_blank\">T\u00e1voktat\u00e1s2020<\/a><\/h4>\n\n\n\n<p>Tananyagok, feladatlapok, jegyzetek, haszn\u00e1lati \u00fatmutat\u00f3k \u00e9s oktat\u00e1si modulok: minden, ami digit\u00e1lis oktat\u00e1s, di\u00e1koknak \u00e9s tan\u00e1roknak az <a href=\"https:\/\/www.facebook.com\/oktondi\/\" target=\"_blank\" rel=\"noreferrer noopener\" aria-label=\"Oktondi  (\u00faj f\u00fcl\u00f6n nyitja meg)\">Oktondi <\/a>j\u00f3volt\u00e1b\u00f3l.<\/p>\n\n\n\n<h4><a rel=\"noreferrer noopener\" aria-label=\"A pszichol\u00f3gus javaslatai az otthoni tanul\u00e1shoz (\u00faj f\u00fcl\u00f6n nyitja meg)\" href=\"https:\/\/www.iskolapszichologus.online\/blog\" target=\"_blank\">A pszichol\u00f3gus javaslatai az otthoni tanul\u00e1shoz<\/a><\/h4>\n\n\n\n<p>Folyamatosan friss\u00fcl\u0151 \u00f6tletek, m\u00f3dszertan, javaslatok.<\/p>\n\n\n\n<h4><a href=\"https:\/\/mediaklikk.hu\/digitalisoktatas\" target=\"_blank\" rel=\"noreferrer noopener\" aria-label=\"M5, oktat\u00e1si tv-csatorna (\u00faj f\u00fcl\u00f6n nyitja meg)\">M5, oktat\u00e1si tv-csatorna<\/a><\/h4>\n\n\n\n<p>Az oktat\u00e1si s\u00e1v minden h\u00e9tk\u00f6znap reggel 8-t\u00f3l 14.30-ig tart, v\u00e1ltoz\u00f3 tematik\u00e1val \u00e9l\u0151ben is k\u00f6vethet\u0151, illetve k\u00e9s\u0151bb is visszan\u00e9zhet\u0151 form\u00e1ban.<\/p>\n\n\n\n<h4><a href=\"https:\/\/www.facebook.com\/pg\/spektrumtv\/posts\/\" target=\"_blank\" rel=\"noreferrer noopener\" aria-label=\"Spektrum (\u00faj f\u00fcl\u00f6n nyitja meg)\">Spektrum<\/a><\/h4>\n\n\n\n<p>Brut\u00e1lis fizika (h\u00e9tf\u0151), k\u00e9mia (kedd), biol\u00f3gia (szerda) \u00e9s t\u00f6rt\u00e9nelem (cs\u00fct\u00f6rt\u00f6k): minden nap 10 \u00f3r\u00e1t\u00f3l \u00faj epiz\u00f3d a youtube-on!<\/p>\n\n\n\n<h4><a href=\"http:\/\/www.okosdoboz.hu\/\" target=\"_blank\" rel=\"noreferrer noopener\" aria-label=\" (\u00faj f\u00fcl\u00f6n nyitja meg)\">Feladatok, j\u00e1t\u00e9kok, vide\u00f3k<\/a><\/h4>\n\n\n\n<p>Koroszt\u00e1lyokra \u00e9s t\u00e9m\u00e1kra lebontott ingyenes, online tanul\u00e1st seg\u00edt\u0151 anyagok.<\/p>\n\n\n\n<h4><a href=\"https:\/\/www.mozaweb.hu\/course.php?cmd=book_list_inner&amp;spec=subjects\" target=\"_blank\" rel=\"noreferrer noopener\" aria-label=\" (\u00faj f\u00fcl\u00f6n nyitja meg)\">Tank\u00f6nyvek<\/a><\/h4>\n\n\n\n<p>A Mozaik ingyenesen el\u00e9rhet\u0151, tant\u00e1rgyakra \u00e9s oszt\u00e1lyokra lebontott oktat\u00e1si anyagai, kiadv\u00e1nyai.<\/p>\n\n\n\n<h4><a href=\"https:\/\/bookrsuli.hu\/\" target=\"_blank\" rel=\"noreferrer noopener\" aria-label=\" (\u00faj f\u00fcl\u00f6n nyitja meg)\">BOOKR Suli<\/a><\/h4>\n\n\n\n<p>Digit\u00e1lis irodalom\u00f3ra az Oktat\u00e1si Hivatal aj\u00e1nl\u00e1s\u00e1val: \u00e9lm\u00e9nyalap\u00fa sz\u00f6veg\u00e9rt\u00e9s-fejleszt\u00e9s interakt\u00edv k\u00f6nyvekkel.<\/p>\n\n\n\n<h4><a href=\"https:\/\/bookrclass.com\/\" target=\"_blank\" rel=\"noreferrer noopener\" aria-label=\" (\u00faj f\u00fcl\u00f6n nyitja meg)\">BOOKR Class <\/a><\/h4>\n\n\n\n<p> 1000+ angol nyelvtanul\u00e1st seg\u00edt\u0151 digit\u00e1lis anyag.<\/p>\n\n\n\n<h4><a href=\"https:\/\/konyvesmagazin.hu\/nagy\/101_kotelezo_olvasmany_amit_otthon_ingyen_le_tudsz_tolteni.html\" target=\"_blank\" rel=\"noreferrer noopener\" aria-label=\" (\u00faj f\u00fcl\u00f6n nyitja meg)\">Ingyen let\u00f6lthet\u0151 k\u00f6telez\u0151 olvasm\u00e1nyok<\/a><\/h4>\n\n\n\n<p>10+1 k\u00f6telez\u0151 olvasm\u00e1ny, amit otthonr\u00f3l ingyen le tudsz t\u00f6lteni.<\/p>\n\n\n\n<h4><a href=\"https:\/\/feladat.matematikam.hu\/\" target=\"_blank\" rel=\"noreferrer noopener\" aria-label=\" (\u00faj f\u00fcl\u00f6n nyitja meg)\">\u00d6njav\u00edt\u00f3 matematika feladatok<\/a><\/h4>\n\n\n\n<p>Online kit\u00f6lthet\u0151, t\u00e9m\u00e1k szerint csoportos\u00edtott, \u00e9rt\u00e9kel\u00e9st is biztos\u00edt\u00f3 matekfeladatok.<\/p>\n\n\n\n<h4><a href=\"https:\/\/www.mateking.hu\/\" target=\"_blank\" rel=\"noreferrer noopener\" aria-label=\" (\u00faj f\u00fcl\u00f6n nyitja meg)\">Matek egyszer\u0171en<\/a><\/h4>\n\n\n\n<p>A Mateking.hu ingyenesen el\u00e9rhet\u0151, k\u00f6z\u00e9piskol\u00e1s matematika anyagai.<\/p>\n\n\n\n<h4><a href=\"https:\/\/studio.code.org\/courses\" target=\"_blank\" rel=\"noreferrer noopener\" aria-label=\" (\u00faj f\u00fcl\u00f6n nyitja meg)\">Informatika<\/a><\/h4>\n\n\n\n<p>K\u00f3dol\u00e1s: 4 tanfolyam (4\u20136 \u00e9veseknek, 6+, 8\u201318 \u00e9s 10\u201318 \u00e9veseknek) ingyenesen, online j\u00e1t\u00e9kok, vide\u00f3k, offline tev\u00e9kenys\u00e9gek.<\/p>\n\n\n\n<h4><a href=\"https:\/\/netalap.hu\/iskolai-kozossegi-szolgalat-diakoknak\/\" target=\"_blank\" rel=\"noreferrer noopener\" aria-label=\"Otthonr\u00f3l is v\u00e9gezhet\u0151 iskolai k\u00f6z\u00f6ss\u00e9gi szolg\u00e1lat (\u00faj f\u00fcl\u00f6n nyitja meg)\">Otthonr\u00f3l is v\u00e9gezhet\u0151 iskolai k\u00f6z\u00f6ss\u00e9gi szolg\u00e1lat<\/a><\/h4>\n\n\n\n<p>Az \u00e9retts\u00e9gihez sz\u00fcks\u00e9ges, k\u00f6telez\u0151 k\u00f6z\u00f6ss\u00e9gi szolg\u00e1lat megszerz\u00e9s\u00e9nek online m\u00f3dja.<\/p>\n\n\n\n<h4><a href=\"https:\/\/webuni.hu\/kepzesek\" target=\"_blank\" rel=\"noreferrer noopener\" aria-label=\" (\u00faj f\u00fcl\u00f6n nyitja meg)\">Webuni<\/a><\/h4>\n\n\n\n<p>Ingyenes k\u00f6z\u00e9piskolai oktat\u00f3anyagok tan\u00e1rok \u00e9s di\u00e1kok r\u00e9sz\u00e9re.<\/p>\n\n\n\n<h4><a href=\"https:\/\/www.youtube.com\/user\/crashcoursekids?YTgenre=lifestyle4&amp;ContentType=other-news&amp;feature=lnp-em-ad150-uk-a-OT-OT&amp;utm_medium=email-d&amp;utm_source=newsletter&amp;utm_team=youtube-gb&amp;utm_campaign=20200320-youtube-gb-ytr-weekly-a&amp;mkt_tok=eyJpIjoiTmpZNFpHRm1ZVGMxTmpSaSIsInQiOiJYeHI1Q1hzMDRjdDlGT0RmaDNETkFtQjNqMzg0S1RyMHA1QTcyMVlScFJGOGt2ZXV6Nm5rVUQ1Y09GMGpZMlc2UG1uYlR5SWt6WG5uSWhHelJuVm1oRndRQ05tUEY4M3ozVk5CQkE3Mkg2MDhCVVg3S3h6MzdvSzFWSVFsZzR3TyJ9\" target=\"_blank\" rel=\"noreferrer noopener\" aria-label=\"Term\u00e9szettudom\u00e1nyok (\u00faj f\u00fcl\u00f6n nyitja meg)\">Term\u00e9szettudom\u00e1nyok<\/a><\/h4>\n\n\n\n<p>Angol nyelv\u0171 youtube-csatorna gyerekeknek k\u00eds\u00e9rletekkel \u00e9s magyar\u00e1z\u00f3 anim\u00e1ci\u00f3kkal, a Vil\u00e1gegyetem m\u0171k\u00f6d\u00e9s\u00e9t\u0151l a m\u00e9rn\u00f6ki gondolkod\u00e1son \u00e1t az id\u0151j\u00e1r\u00e1sig.<\/p>\n\n\n\n<h4><a href=\"https:\/\/www.youtube.com\/channel\/UC4IHjMTbstJlt5vO181UWEQ\/videos\" target=\"_blank\" rel=\"noreferrer noopener\" aria-label=\" (\u00faj f\u00fcl\u00f6n nyitja meg)\">Magyar n\u00e9pmes\u00e9k angolul<\/a><\/h4>\n\n\n\n<p>A n\u00e9pszer\u0171 tv-sorozat mind a 100 epiz\u00f3dja angolul: egyszerre sz\u00f3rakoztat \u00e9s tan\u00edt. <\/p>\n\n\n\n<h2> \ud83d\udca1 Kikapcsol\u00f3d\u00e1s, felt\u00f6lt\u0151d\u00e9s, sz\u00f3rakoz\u00e1s<\/h2>\n\n\n\n<h3>  \ud83c\udf81  Film<\/h3>\n\n\n\n<h4><a href=\"https:\/\/cirkofilm.hu\/film?list=vod\" target=\"_blank\" rel=\"noreferrer noopener\" aria-label=\" (\u00faj f\u00fcl\u00f6n nyitja meg)\">Cirk\u00f3<\/a><\/h4>\n\n\n\n<p>Ingyen online mozi.<\/p>\n\n\n\n<h4><a href=\"https:\/\/www.mafab.hu\/article\/100-remek-film-melyet-ingyen-nezhetsz-amig-zarva-tartanak-a-mozik-15\" target=\"_blank\" rel=\"noreferrer noopener\" aria-label=\" (\u00faj f\u00fcl\u00f6n nyitja meg)\">Magyar Filmadatb\u00e1zis<\/a><\/h4>\n\n\n\n<p>100 ingyen n\u00e9zhet\u0151 film: klasszikusok \u00e9s ritkas\u00e1gok.<\/p>\n\n\n\n<h4><a href=\"https:\/\/filmkereso.filmarchiv.hu\/\" target=\"_blank\" rel=\"noreferrer noopener\" aria-label=\" (\u00faj f\u00fcl\u00f6n nyitja meg)\">Filmarch\u00edvum<\/a><\/h4>\n\n\n\n<p>A Nemzeti Filmint\u00e9zet folyamatosan b\u0151v\u00fcl\u0151 tartalmai.<\/p>\n\n\n\n<h4><a href=\"https:\/\/archivum.mtva.hu\/m3\/open\" target=\"_blank\" rel=\"noreferrer noopener\" aria-label=\" (\u00faj f\u00fcl\u00f6n nyitja meg)\">MTVA Arch\u00edvum<\/a><\/h4>\n\n\n\n<p>Sorozatok, filmek, klasszikusok az elm\u00falt 60 \u00e9vb\u0151l rekl\u00e1mok n\u00e9lk\u00fcl, ingyenesen, h\u00e9tr\u0151l h\u00e9tre friss\u00fcl\u0151 tartalommal.<\/p>\n\n\n\n<h4><a href=\"https:\/\/videa.hu\/video_kereses\/teljes%20film\" target=\"_blank\" rel=\"noreferrer noopener\" aria-label=\" (\u00faj f\u00fcl\u00f6n nyitja meg)\">Online filmek<\/a><\/h4>\n\n\n\n<p>El\u0151fizet\u00e9s \u00e9s regisztr\u00e1ci\u00f3 n\u00e9lk\u00fcl n\u00e9zhet\u0151, eg\u00e9sz est\u00e9t filmek.<\/p>\n\n\n\n<h4><a href=\"https:\/\/index.hu\/kultur\/2020\/03\/24\/ingyenesen_elerhetove_tettek_harom_magyar_termeszetfilmet\/\" target=\"_blank\" rel=\"noreferrer noopener\" aria-label=\"Term\u00e9szetfilmek (\u00faj f\u00fcl\u00f6n nyitja meg)\">Term\u00e9szetfilmek<\/a><\/h4>\n\n\n\n<p>Tiltott z\u00f3na, Vad kuns\u00e1g \u00e9s a Vad Szigetk\u00f6z a Pannonia Entertainment j\u00f3volt\u00e1b\u00f3l.<\/p>\n\n\n\n<h3>  \ud83c\udf81  Sz\u00ednh\u00e1z<\/h3>\n\n\n\n<h4><a href=\"https:\/\/kultura.hu\/6-legendas-szinhazi-eloadas-amit-mar-online-is-megnezhetunk\/\" target=\"_blank\" rel=\"noreferrer noopener\" aria-label=\"6 legend\u00e1s sz\u00ednh\u00e1zi el\u0151ad\u00e1s (\u00faj f\u00fcl\u00f6n nyitja meg)\">6 legend\u00e1s sz\u00ednh\u00e1zi el\u0151ad\u00e1s<\/a><\/h4>\n\n\n\n<p>Akadnak, akik m\u00e9g \u00e9l\u0151ben l\u00e1tt\u00e1k a sz\u00ednpadon G\u00e1bor Mikl\u00f3st, Gobbi Hild\u00e1t, M\u00e1rkus L\u00e1szl\u00f3t, m\u00e1sok viszont csak filmekb\u0151l, telev\u00edzi\u00f3s felv\u00e9telekb\u0151l ismerhetik az el\u0151z\u0151 sz\u00e1zad m\u00e1sodik fel\u00e9nek sz\u00edn\u00e9sz\u00f3ri\u00e1sait &#8211; 6 legend\u00e1ss\u00e1 lett el\u0151ad\u00e1s felv\u00e9tele.<\/p>\n\n\n\n<h4><a href=\"https:\/\/www.youtube.com\/watch?v=Zw0wZ3b_7AU\" target=\"_blank\" rel=\"noreferrer noopener\" aria-label=\" (\u00faj f\u00fcl\u00f6n nyitja meg)\">Szk\u00e9n\u00e9<\/a><\/h4>\n\n\n\n<p>Tom Stoppard <em>Rosencrantz \u00e9s Guildenstern halott<\/em> c\u00edm\u0171 el\u0151ad\u00e1sa felv\u00e9telr\u0151l. \u201eBiztosan volt egy pont, amikor d\u00f6nthett\u00fcnk volna m\u00e1shogy is\u201d  \u2013 Shakespeare <em>Hamlet<\/em>j\u00e9be oltott abszurd kom\u00e9dia. <\/p>\n\n\n\n<h4>Katona<\/h4>\n\n\n\n<p><em><a rel=\"noreferrer noopener\" aria-label=\"Illaberek (\u00faj f\u00fcl\u00f6n nyitja meg)\" href=\"https:\/\/www.youtube.com\/watch?v=C9QMen2RDkA\" target=\"_blank\">Illaberek<\/a><\/em>: az el\u0151ad\u00e1s a mai magyar t\u00e1rsadalom egyik fontos jelens\u00e9g\u00e9t, a kiv\u00e1ndorl\u00e1st mutatja meg. J\u00f3l ismert karakterekkel tal\u00e1lkozhatunk \u2013 olyan \u00e9lethelyzetben lev\u0151 emberekkel, akiknek probl\u00e9m\u00e1i k\u00fcl\u00f6nb\u00f6znek, a v\u00e1lasztott megold\u00e1suk azonban ugyanaz: otthonuk elhagy\u00e1sa, \u00e9s az \u00e9let\u00fck \u00fajrakezd\u00e9se egy m\u00e1sik orsz\u00e1gban. <\/p>\n\n\n\n<p><a rel=\"noreferrer noopener\" aria-label=\"A n\u00e9p ellens\u00e9ge (\u00faj f\u00fcl\u00f6n nyitja meg)\" href=\"https:\/\/www.youtube.com\/watch?v=ZAdWiCWl_Oo&amp;feature=youtu.be\" target=\"_blank\"><em>A n\u00e9p ellens\u00e9ge<\/em><\/a>: K\u00fanos L\u00e1szl\u00f3&nbsp;ford\u00edt\u00e1s\u00e1ban,&nbsp;T\u00f6r\u00f6k Tamara&nbsp;dramaturg k\u00f6zrem\u0171k\u00f6d\u00e9s\u00e9vel,&nbsp;Zs\u00e1mb\u00e9ki G\u00e1bor&nbsp;rendez\u00e9s\u00e9ben mutatt\u00e1k be&nbsp;Ibsen sz\u00ednm\u0171v\u00e9t,&nbsp;A n\u00e9p ellens\u00e9g\u00e9t. Egy r\u00e9szben j\u00e1tssz\u00e1k, j\u00f3 m\u00e1sf\u00e9l \u00f3r\u00e1nyi j\u00e1t\u00e9kid\u0151ben. <\/p>\n\n\n\n<h4><a rel=\"noreferrer noopener\" aria-label=\"33 dr\u00e1ma (\u00faj f\u00fcl\u00f6n nyitja meg)\" href=\"https:\/\/www.youtube.com\/playlist?list=PLjdaSzlqSb0JPFs51NURoLw8e3rJMy5J3\" target=\"_blank\">33 dr\u00e1ma<\/a><\/h4>\n\n\n\n<p>Az Ember trag\u00e9di\u00e1ja, B\u00e1nk b\u00e1n, Hamlet, H\u00e1rom n\u0151v\u00e9r \u00e9s a t\u00f6bbiek, egy lej\u00e1tsz\u00e1si list\u00e1n, nagyr\u00e9szt sz\u00ednh\u00e1zi felv\u00e9telekr\u0151l.<\/p>\n\n\n\n<h4><a href=\"https:\/\/www.insider.com\/stream-shakespeare-plays-online-globe-theatre-london-2020-3\" target=\"_blank\" rel=\"noreferrer noopener\" aria-label=\"Globe Sz\u00ednh\u00e1z (\u00faj f\u00fcl\u00f6n nyitja meg)\">Globe Sz\u00ednh\u00e1z<\/a><\/h4>\n\n\n\n<p>\u00c9l\u0151 k\u00f6zvet\u00edt\u00e9sek Londonb\u00f3l.<\/p>\n\n\n\n<h3>  \ud83c\udf81  Ki\u00e1ll\u00edt\u00e1s, m\u00fazeum<\/h3>\n\n\n\n<h4><a href=\"https:\/\/www.travelandleisure.com\/attractions\/museums-galleries\/museums-with-virtual-tours\" target=\"_blank\" rel=\"noreferrer noopener\" aria-label=\" (\u00faj f\u00fcl\u00f6n nyitja meg)\">Nemzetk\u00f6zi ki\u00e1ll\u00edt\u00f3terek<\/a><\/h4>\n\n\n\n<p>Londont\u00f3l P\u00e1rizson \u00e1t New Yorkig 12 m\u00fazeumot j\u00e1rhatsz be a kanap\u00e9dr\u00f3l egy virtu\u00e1lis t\u00fara sor\u00e1n.<\/p>\n\n\n\n<h4><a href=\"https:\/\/upgradedpoints.com\/best-virtual-museum-tours\/\" target=\"_blank\" rel=\"noreferrer noopener\" aria-label=\"50 TOP m\u00fazeum a vil\u00e1gban (\u00faj f\u00fcl\u00f6n nyitja meg)\">50 TOP m\u00fazeum a vil\u00e1gban<\/a><\/h4>\n\n\n\n<p>M\u0171v\u00e9szet, t\u00f6rt\u00e9nelem, tudom\u00e1ny: virtu\u00e1lis, vezetett m\u00fazeumbej\u00e1r\u00e1sok a Vil\u00e1g minden t\u00e1j\u00e1r\u00f3l.<\/p>\n\n\n\n<h4><a href=\"https:\/\/virtualiskiallitas.mng.hu\/home\" target=\"_blank\" rel=\"noreferrer noopener\" aria-label=\" (\u00faj f\u00fcl\u00f6n nyitja meg)\">Magyar Nemzeti Gal\u00e9ria<\/a><\/h4>\n\n\n\n<p>Virtu\u00e1lis ki\u00e1ll\u00edt\u00e1s Munk\u00e1csyt\u00f3l Medny\u00e1nszkyig.<\/p>\n\n\n\n<h4><a rel=\"noreferrer noopener\" aria-label=\"Orsz\u00e1gos Sz\u00ednh\u00e1zt\u00f6rt\u00e9neti M\u00fazeum \u00e9s Int\u00e9zet (\u00faj f\u00fcl\u00f6n nyitja meg)\" href=\"https:\/\/oszmi.hu\/index.php?option=com_content&amp;view=article&amp;id=349&amp;Itemid=736\" target=\"_blank\">Orsz\u00e1gos Sz\u00ednh\u00e1zt\u00f6rt\u00e9neti M\u00fazeum \u00e9s Int\u00e9zet<\/a><\/h4>\n\n\n\n<p>Virtu\u00e1lis ki\u00e1ll\u00edt\u00e1sok, kulisszatitkok, d\u00edv\u00e1k, direktorok \u00e9s egy\u00e9b \u00e9rdekess\u00e9gek.<\/p>\n\n\n\n<h4><a href=\"https:\/\/artsandculture.google.com\/search\/streetview?project=streetviews\" target=\"_blank\" rel=\"noreferrer noopener\" aria-label=\"500+ virtu\u00e1lisan bej\u00e1rhat\u00f3 m\u00fazeum az eg\u00e9sz Vil\u00e1gban (\u00faj f\u00fcl\u00f6n nyitja meg)\">500+ virtu\u00e1lisan bej\u00e1rhat\u00f3 m\u00fazeum az eg\u00e9sz Vil\u00e1gban<\/a><\/h4>\n\n\n\n<p>A Vil\u00e1g legh\u00edresebb m\u00fazeumai a Google j\u00f3volt\u00e1b\u00f3l.<\/p>\n\n\n\n<h4><a href=\"https:\/\/gyulaikastely.hu\/virtualis-tura\/\" target=\"_blank\" rel=\"noreferrer noopener\" aria-label=\"Gyulai Alm\u00e1sy-kast\u00e9ly L\u00e1togat\u00f3k\u00f6zpont (\u00faj f\u00fcl\u00f6n nyitja meg)\">Gyulai Alm\u00e1sy-kast\u00e9ly L\u00e1togat\u00f3k\u00f6zpont<\/a><\/h4>\n\n\n\n<p>Egy virtu\u00e1lis t\u00fara keretein bel\u00fcl \u00f6n\u00e1ll\u00f3an, a kanap\u00e9r\u00f3l barangolhatunk a kast\u00e9ly tereiben, illetve azon az online t\u00e1rlatvezet\u00e9sen, amelyet&nbsp;Szil\u00e1gyi S\u00e1ndor t\u00f6rt\u00e9n\u00e9sz, az Alm\u00e1sy-kast\u00e9ly munkat\u00e1rsa k\u00f6zrem\u0171k\u00f6d\u00e9s\u00e9vel r\u00f6gz\u00edtettek. <\/p>\n\n\n\n<h4><a href=\"https:\/\/artsandculture.google.com\/project\/frida-kahlo\" target=\"_blank\" rel=\"noreferrer noopener\" aria-label=\"Frida Kahlo (\u00faj f\u00fcl\u00f6n nyitja meg)\">Frida Kahlo<\/a><\/h4>\n\n\n\n<p>Ismerd meg a fest\u0151 \u00e9s m\u0171v\u00e9szete minden arc\u00e1t!<\/p>\n\n\n\n<h4><a href=\"https:\/\/www.si.edu\/openaccess\" target=\"_blank\" rel=\"noreferrer noopener\" aria-label=\"Smithsonian Int\u00e9zet (\u00faj f\u00fcl\u00f6n nyitja meg)\">Smithsonian Int\u00e9zet<\/a><\/h4>\n\n\n\n<p>Hatalmas mennyis\u00e9g\u0171 k\u00e9pet osztott meg \u00e9s tett szabadfelhaszn\u00e1l\u00e1s\u00fav\u00e1 a Smithsonian Int\u00e9zet: az \u00f6sszesen 2,8 milli\u00f3 digitaliz\u00e1lt gy\u0171jtem\u00e9nyi darab mostant\u00f3l b\u00e1rki sz\u00e1m\u00e1ra el\u00e9rhet\u0151, szabadon let\u00f6lthet\u0151 \u00e9s kedve szerint fel is haszn\u00e1lhat\u00f3. A honlapon 2 \u00e9s 3 dimenzi\u00f3s k\u00e9pek is szerepelnek, amik a Smithsonian 19 m\u00fazeum\u00e1ban, 9 kutat\u00f3k\u00f6zpontj\u00e1ban, k\u00f6nyvt\u00e1raiban, arch\u00edvumaiban \u00e9s \u00e1llatkertj\u00e9ben \u0151rz\u00f6tt t\u00e9teleket \u00f6r\u00f6k\u00edtik meg. <\/p>\n\n\n\n<h3>  \ud83c\udf81  Olvas\u00e1s<\/h3>\n\n\n\n<h4><a href=\"http:\/\/mek.oszk.hu\/\" target=\"_blank\" rel=\"noreferrer noopener\" aria-label=\" (\u00faj f\u00fcl\u00f6n nyitja meg)\">Magyar Elektronikus K\u00f6nyvt\u00e1r<\/a><\/h4>\n\n\n\n<p>Kereshet\u0151 gy\u0171jtem\u00e9ny: let\u00f6lthet\u0151 tartalmak klasszikusokt\u00f3l az idegen nyelv\u0171 irodalmon \u00e1t a szakirodalomig.<\/p>\n\n\n\n<h4><a href=\"https:\/\/adtplus.arcanum.hu\/hu\/\" target=\"_blank\" rel=\"noreferrer noopener\" aria-label=\" (\u00faj f\u00fcl\u00f6n nyitja meg)\">Arcanum Digit\u00e1lis Tudom\u00e1nyt\u00e1r<\/a><\/h4>\n\n\n\n<p>Foly\u00f3iratok, k\u00f6nyvek, lexikonok, tematikus k\u00f6nyvgy\u0171jtem\u00e9nyek \u00e1prilis 16-ig ingyenesen.<\/p>\n\n\n\n<h4><a href=\"https:\/\/mult-kor.hu\/ingyenesarchivum\" target=\"_blank\" rel=\"noreferrer noopener\" aria-label=\"M\u00falt-kor (\u00faj f\u00fcl\u00f6n nyitja meg)\">M\u00falt-kor<\/a><\/h4>\n\n\n\n<p>Tekintettel a kialakult helyzetre, a M\u00falt-kor \u00e1tmenetileg ingyeness\u00e9 tette digit\u00e1lis arch\u00edvum\u00e1t, melyben a t\u00f6rt\u00e9nelmi magazin elm\u00falt t\u00edz \u00e9ve lapsz\u00e1mainak \u00f6sszes cikke olvashat\u00f3. <\/p>\n\n\n\n<h4><a href=\"http:\/\/www.mek.oszk.hu\/html\/vgi\/kereses\/kereses.phtml?id=1025&amp;sub_id=1&amp;table=dc_creator&amp;megnevezes=%27szerzo%27&amp;mezoertek1=Rejt%F5&amp;mezoertek2=Jen%F5\" target=\"_blank\" rel=\"noreferrer noopener\" aria-label=\"Rejt\u0151 \u00f6sszes (\u00faj f\u00fcl\u00f6n nyitja meg)\">Rejt\u0151 \u00f6sszes<\/a><\/h4>\n\n\n\n<p>104 Rejt\u0151 Jen\u0151 e- \u00e9s hangosk\u00f6nyv egy helyen, let\u00f6lthet\u0151 form\u00e1ban.<\/p>\n\n\n\n<h4><a href=\"https:\/\/www.dibook.hu\/akciok.php?sp=Agave_magyar_szerzo_cimei__INGYENES\" target=\"_blank\" rel=\"noreferrer noopener\" aria-label=\" (\u00faj f\u00fcl\u00f6n nyitja meg)\">Agave e-k\u00f6nyvek<\/a><\/h4>\n\n\n\n<p>Ingyen let\u00f6lthet\u0151, szerkesztett e-k\u00f6nyvek a <a rel=\"noreferrer noopener\" aria-label=\" (\u00faj f\u00fcl\u00f6n nyitja meg)\" href=\"https:\/\/konyvesmagazin.hu\/friss\/ingyen_elerhetove_valt_tobb_agaves_konyv_a_karanten_miatt.html\" target=\"_blank\">K\u00f6nyves Magazin<\/a> aj\u00e1nl\u00e1s\u00e1val.<\/p>\n\n\n\n<h4><a href=\"https:\/\/www.facebook.com\/pg\/Noatukorben\/\" target=\"_blank\" rel=\"noreferrer noopener\" aria-label=\"Esti sz\u00e9p - versek minden napra (\u00faj f\u00fcl\u00f6n nyitja meg)\">Esti sz\u00e9p &#8211; versek minden napra<\/a><\/h4>\n\n\n\n<p>N\u0151 a t\u00fck\u00f6rben; verses napl\u00f3.<\/p>\n\n\n\n<h4><a href=\"https:\/\/www.facebook.com\/V%C3%ADrusnapl%C3%B3-100644471581663\/\">V\u00edrusnapl\u00f3<\/a><\/h4>\n\n\n\n<p>Artner Sisso, V\u00e1gv\u00f6lgyi B. Andr\u00e1s, Boj\u00e1r Iv\u00e1n Andr\u00e1s, V\u00e1s\u00e1rhelyi M\u00e1ria, Boz\u00f3ki Andr\u00e1s, Tardos J\u00e1nos \u00e9s S\u00fck\u00f6sd Mikl\u00f3s vet\u00e9sforg\u00f3ban \u00edrt kollekt\u00edv blogja, a Kornis Mih\u00e1ly \u00e1ltal ind\u00edtott \u0151sszamizdat <em>Napl\u00f3<\/em> \u00e9s Esterh\u00e1zy P\u00e9ter <em>Hasny\u00e1lmirigynapl\u00f3<\/em>ja, t\u00e1volabb pedig Susan Sontag \u00e9s E\u00f6rsi Istv\u00e1n r\u00e1knapl\u00f3i nyom\u00e1ban.<\/p>\n\n\n\n<h4><a href=\"https:\/\/www.szaktars.hu\/\" target=\"_blank\" rel=\"noreferrer noopener\" aria-label=\"Szakt\u00e1rs adatb\u00e1zisport\u00e1l (\u00faj f\u00fcl\u00f6n nyitja meg)\">Szakt\u00e1rs adatb\u00e1zisport\u00e1l<\/a><\/h4>\n\n\n\n<p>Az \u00e1prilis 23-ig teljesen nyilv\u00e1nos Szakt\u00e1rs adatb\u00e1zis\u00e1ban 12 kiad\u00f3 15.000 k\u00f6tete \u00e9rhet\u0151 most el &#8211; a k\u00f6vetkez\u0151 hetekben \u00fajabb kiad\u00f3k csatlakoznak.<\/p>\n\n\n\n<h3>  \ud83c\udf81  Zene<\/h3>\n\n\n\n<h4><a href=\"https:\/\/www.metopera.org\/\" target=\"_blank\" rel=\"noreferrer noopener\" aria-label=\"Opera (\u00faj f\u00fcl\u00f6n nyitja meg)\">Opera<\/a><\/h4>\n\n\n\n<p>A Metropolitan \u00e9l\u0151 k\u00f6zvet\u00edt\u00e9sei.<\/p>\n\n\n\n<h4><a href=\"https:\/\/www.digitalconcerthall.com\/en\/concerts\" target=\"_blank\" rel=\"noreferrer noopener\" aria-label=\"Filharmonikusok (\u00faj f\u00fcl\u00f6n nyitja meg)\">Filharmonikusok<\/a><\/h4>\n\n\n\n<p>A Berlini Filharmonikus Zenekar digit\u00e1lis koncertterme most mindenki sz\u00e1m\u00e1ra el\u00e9rhet\u0151.<\/p>\n\n\n\n<h4><a href=\"https:\/\/washyourlyrics.com\/\">D\u00fadol\u00e1sgener\u00e1tor k\u00e9zmos\u00e1shoz<\/a><\/h4>\n\n\n\n<p>Kiv\u00e1lasztod a kedvenc dalodat, hogy szappanoz\u00e1shoz vagy kr\u00e9mez\u00e9shez szeretn\u00e9d d\u00fadolgatni, ez az oldal pedig k\u00e9sz\u00edt bel\u0151le neked egy l\u00e9p\u00e9sekre lebontott plak\u00e1tot a helyes k\u00e9zmos\u00e1s l\u00e9p\u00e9seivel \u00e9s az egyes l\u00e9p\u00e9sekhez \u00e9nekelhet\u0151 sz\u00f6vegr\u00e9sszel.<\/p>\n\n\n\n<h4><a href=\"https:\/\/www.facebook.com\/watch\/?v=234600770921728\" target=\"_blank\" rel=\"noreferrer noopener\" aria-label=\"Az \u00d3budai Danubia Zenekar otthonr\u00f3l is dolgozik (\u00faj f\u00fcl\u00f6n nyitja meg)\">Az \u00d3budai Danubia Zenekar otthonr\u00f3l is dolgozik<\/a><\/h4>\n\n\n\n<p>A &#8220;Tavasz sz\u00e9l vizet \u00e1raszt&#8221;, ahogy m\u00e9g sosem hallottad: \u00edgy j\u00f6n \u00f6ssze egy kis k\u00f6z\u00f6s zen\u00e9l\u00e9sre az \u00d3budai Danubia Zenekar karant\u00e9n idej\u00e9n.<\/p>\n\n\n\n<h4><a href=\"https:\/\/www.instagram.com\/kalisession\/\" target=\"_blank\" rel=\"noreferrer noopener\" aria-label=\"Kalisession (\u00faj f\u00fcl\u00f6n nyitja meg)\">Kalisession<\/a><\/h4>\n\n\n\n<p>Minden este \u00faj, saj\u00e1t dal; t\u00f6rt\u00e9netek feket\u00e9n-feh\u00e9ren.<\/p>\n\n\n\n<h4><a href=\"https:\/\/open.spotify.com\/playlist\/5udfU5F0QMGx59z0znI7db?si=izerAi-jRp6zfpKP62aIDw\" target=\"_blank\" rel=\"noreferrer noopener\" aria-label=\" (\u00faj f\u00fcl\u00f6n nyitja meg)\">Csal\u00e1di lej\u00e1tsz\u00e1si lista<\/a><\/h4>\n\n\n\n<p>Naponta friss\u00fcl\u0151, csal\u00e1di Spotify playlist.<\/p>\n\n\n\n<h4><a href=\"https:\/\/kultura.hu\/otthon-ulos-playlist-10-magyar-dal-ami-segit-a-tulelesben\/\" target=\"_blank\" rel=\"noreferrer noopener\" aria-label=\" (\u00faj f\u00fcl\u00f6n nyitja meg)\">Otthon \u00fcl\u0151s <\/a><\/h4>\n\n\n\n<p>Katant\u00e9n playlist a <a href=\"http:\/\/www.kultura.hu\" target=\"_blank\" rel=\"noreferrer noopener\" aria-label=\"Kultura.hu (\u00faj f\u00fcl\u00f6n nyitja meg)\">Kultura.hu<\/a> oldal\u00e1r\u00f3l.<\/p>\n\n\n\n<h3> \ud83c\udf81 Podcastok<\/h3>\n\n\n\n<h4><a href=\"https:\/\/halottnakacoach.blog\/\" target=\"_blank\" rel=\"noreferrer noopener\" aria-label=\" (\u00faj f\u00fcl\u00f6n nyitja meg)\">Halottnak a coach<\/a><\/h4>\n\n\n\n<p>\u201eMinden m\u00e9lypont, v\u00e1ls\u00e1g lehet\u0151s\u00e9g a meg\u00fajul\u00e1sra.\u201d Garant\u00e1lt, rendszeresen friss\u00fcl\u0151 vil\u00e1gmegv\u00e1lt\u00e1s kb. egy \u00f3r\u00e1ban.<\/p>\n\n\n\n<h4><a href=\"https:\/\/soundcloud.com\/szeifertnatalia\/irok-karantenban-hatso-polc-kulonkiadas-berta-adam-hidas-judit-kiraly-kinga-julia\" target=\"_blank\" rel=\"noreferrer noopener\" aria-label=\"H\u00e1ts\u00f3 polc (\u00faj f\u00fcl\u00f6n nyitja meg)\">H\u00e1ts\u00f3 polc<\/a><\/h4>\n\n\n\n<p>\u00cdr\u00f3k karant\u00e9nban: besz\u00e9lget\u00e9s  Kir\u00e1ly Kinga J\u00falia, Hidas Judit \u00e9s  Berta \u00c1d\u00e1m \u00edr\u00f3kkal.<\/p>\n\n\n\n<h4><a href=\"https:\/\/www.mixcloud.com\/radiometu\/\" target=\"_blank\" rel=\"noreferrer noopener\" aria-label=\"Radio METU (\u00faj f\u00fcl\u00f6n nyitja meg)\">Radio METU<\/a><\/h4>\n\n\n\n<p>A Budapesti Metropolitan Egyetem hivatalos, hallgat\u00f3i r\u00e1di\u00f3j\u00e1nak egyetemi h\u00edrekkel \u00e9s fiatalokat \u00e9rint\u0151 t\u00e9m\u00e1kkal foglalkoz\u00f3 m\u0171sora.<\/p>\n\n\n\n<h3> \ud83c\udf81 Minden m\u00e1s<\/h3>\n\n\n\n<h4><a rel=\"noreferrer noopener\" aria-label=\"Kultur\u00e1lis tartalmak a MOME gy\u0171jt\u00e9s\u00e9ben (\u00faj f\u00fcl\u00f6n nyitja meg)\" href=\"https:\/\/mome.hu\/hu\/esemeny\/196\/a-koronavirus-okozta-helyzetben-felajanlott-ingyenes-tartalmak-kulturalis-programok-betekintheto-archivumok\" target=\"_blank\">Kultur\u00e1lis tartalmak a MOME gy\u0171jt\u00e9s\u00e9ben<\/a><\/h4>\n\n\n\n<p>M\u00fazeumok, gal\u00e9ri\u00e1k, filmek, ebookok, zen\u00e9k, kurzusok egy helyen.<\/p>\n\n\n\n<h4><a href=\"https:\/\/images.nasa.gov\/\" target=\"_blank\" rel=\"noreferrer noopener\" aria-label=\"\u0170rutaz\u00e1s (\u00faj f\u00fcl\u00f6n nyitja meg)\">\u0170rutaz\u00e1s<\/a><\/h4>\n\n\n\n<p>A NASA nyilv\u00e1noss\u00e1 tette az \u0171rben k\u00e9sz\u00fclt vide\u00f3it, hanganyagait \u00e9s felv\u00e9teleit.<\/p>\n\n\n\n<h4><a href=\"https:\/\/api.kopalnia.pl\/panoramy\/Wieliczka_EN\/Wieliczka.html?&amp;_ga=2.159662587.756526664.1585434562-1555400718.1585434562\" target=\"_blank\" rel=\"noreferrer noopener\" aria-label=\"Wieliczka, s\u00f3b\u00e1nya (\u00faj f\u00fcl\u00f6n nyitja meg)\">Wieliczka, s\u00f3b\u00e1nya<\/a><\/h4>\n\n\n\n<p>Virtu\u00e1lis t\u00fara a 13. sz\u00e1zad \u00f3ta m\u0171k\u00f6d\u0151, 1978. \u00f3ta a UNESCO vil\u00e1g\u00f6r\u00f6ks\u00e9gi list\u00e1j\u00e1n is szerepl\u0151 s\u00f3b\u00e1ny\u00e1ban.<\/p>\n\n\n\n<h4>\u00c1llatkertek, akv\u00e1riumok<\/h4>\n\n\n\n<p>A <a rel=\"noreferrer noopener\" aria-label=\"Georgia Aquarium (\u00faj f\u00fcl\u00f6n nyitja meg)\" href=\"https:\/\/www.georgiaaquarium.org\/webcam\/ocean-voyager\/\" target=\"_blank\">Georgia Aquarium<\/a> webkamer\u00e1it, a <a rel=\"noreferrer noopener\" aria-label=\"Monterey Bay Aquarium (\u00faj f\u00fcl\u00f6n nyitja meg)\" href=\"https:\/\/www.montereybayaquarium.org\/animals\/live-cams\" target=\"_blank\">Monterey Bay Aquarium<\/a> lak\u00f3it, a <a rel=\"noreferrer noopener\" aria-label=\"Clearwater tengeri akv\u00e1rium (\u00faj f\u00fcl\u00f6n nyitja meg)\" href=\"https:\/\/www.seewinter.com\/animals\/webcams\/winter-zone-cam-1\/\" target=\"_blank\">Clearwater tengeri akv\u00e1rium<\/a> delfineit \u00e9s tekn\u0151seit, az <a rel=\"noreferrer noopener\" aria-label=\"atlantai \u00e1llatkert (\u00faj f\u00fcl\u00f6n nyitja meg)\" href=\"https:\/\/zooatlanta.org\/panda-cam\/\" target=\"_blank\">atlantai \u00e1llatkert<\/a> pand\u00e1it \u00e9s a <a rel=\"noreferrer noopener\" aria-label=\"San Diego Zoo (\u00faj f\u00fcl\u00f6n nyitja meg)\" href=\"https:\/\/kids.sandiegozoo.org\/videos\" target=\"_blank\">San Diego Zoo<\/a> kedvenceit is figyelemmel k\u00eds\u00e9rhetj\u00fck.<\/p>\n\n\n\n<h4><a href=\"https:\/\/archivum.mtva.hu\/radio\/\" target=\"_blank\" rel=\"noreferrer noopener\" aria-label=\"Hangosk\u00f6nyvek kicsiknek \u00e9s nagyoknak (\u00faj f\u00fcl\u00f6n nyitja meg)\">Hangosk\u00f6nyvek kicsiknek \u00e9s nagyoknak<\/a><\/h4>\n\n\n\n<p>Hangosk\u00f6nyvek \u00e9s komolyzene a R\u00e1di\u00f3arch\u00edvumb\u00f3l: a v\u00e1laszt\u00e9kban k\u00f6telez\u0151 \u00e9s aj\u00e1nlott olvasm\u00e1nyok, r\u00e1di\u00f3j\u00e1t\u00e9kok, mes\u00e9k, komolyzenei m\u0171vek egyar\u00e1nt megtal\u00e1lhat\u00f3k, melyekb\u0151l mindenki v\u00e1laszthat \u00e9rdekl\u0151d\u00e9s\u00e9nek \u00edzl\u00e9s\u00e9nek megfelel\u0151en.&nbsp; <\/p>\n\n\n\n<h4><a href=\"https:\/\/www.facebook.com\/events\/209226760406914\/\" target=\"_blank\" rel=\"noreferrer noopener\" aria-label=\"Maradj Otthon Fesztiv\u00e1l (\u00faj f\u00fcl\u00f6n nyitja meg)\">Maradj Otthon Fesztiv\u00e1l<\/a><\/h4>\n\n\n\n<p>A legnagyobb fesztiv\u00e1lok, klubok legn\u00e9pszer\u0171bb fell\u00e9p\u0151i, sz\u00e1zn\u00e1l is t\u00f6bb hazai zenekar, el\u0151ad\u00f3 folyamatosan friss\u00fcl\u0151 postjai, filmjei, online koncertjei \u00e9s k\u00f6z\u00f6ns\u00e9gtal\u00e1lkoz\u00f3i egy helyen.<\/p>\n\n\n\n<h4><a href=\"https:\/\/www.stayathomefest.com\/\" target=\"_blank\" rel=\"noreferrer noopener\" aria-label=\"Nemzetk\u00f6zi StayAtHomeFest  (\u00faj f\u00fcl\u00f6n nyitja meg)\">Nemzetk\u00f6zi StayAtHomeFest <\/a><\/h4>\n\n\n\n<p>Online zenei \u00e9s egy\u00e9b esem\u00e9nyek napt\u00e1ra, szem\u00e9lyre szabhat\u00f3 \u00e9rtes\u00edt\u00e9sekkel.<\/p>\n\n\n\n<h4><a href=\"https:\/\/www.facebook.com\/groups\/elokozvetitesek\/\" target=\"_blank\" rel=\"noreferrer noopener\" aria-label=\" (\u00faj f\u00fcl\u00f6n nyitja meg)\">Ingyenes \u00e9l\u0151 k\u00f6zvet\u00edt\u00e9sek <\/a><\/h4>\n\n\n\n<p>Cirkuszt\u00f3l t\u00e1nc\u00f3r\u00e1kon \u00e1t sz\u00ednh\u00e1zi el\u0151ad\u00e1sokig minden, amit a k\u00f6z\u00f6ss\u00e9g egy helyen \u00f6ssze tud gy\u0171jteni.<\/p>\n\n\n\n<h4><a href=\"https:\/\/www.freecodecamp.org\/news\/ivy-league-free-online-courses-a0d7ae675869\/\" target=\"_blank\" rel=\"noreferrer noopener\" aria-label=\" (\u00faj f\u00fcl\u00f6n nyitja meg)\">Online kurzusok<\/a><\/h4>\n\n\n\n<p>A Brown, Harvard, Cornell, Princeton, Dartmouth, Yale \u00e9s Columbia egyetemek ingyen el\u00e9rhet\u0151, angol nyelv\u0171 tanfolyamai.<\/p>\n\n\n\n<h4><a href=\"https:\/\/www.facebook.com\/events\/2585841558403113\/?event_time_id=2585841565069779\" target=\"_blank\" rel=\"noreferrer noopener\" aria-label=\"PSZIESZTA - online el\u0151ad\u00e1sok (\u00faj f\u00fcl\u00f6n nyitja meg)\">PSZIESZTA &#8211; online el\u0151ad\u00e1sok<\/a><\/h4>\n\n\n\n<p>A  P\u00e9csi Pszichol\u00f3gus Napok \u00e9l\u0151, online el\u0151ad\u00e1sai m\u00e1rcius 26-28. k\u00f6z\u00f6tt, a ment\u00e1lis eg\u00e9szs\u00e9g\u00fcnkr\u0151l \u00e9s egy\u00e9b pszichol\u00f3giai jelens\u00e9gekr\u0151l. <\/p>\n\n\n\n<h4><a href=\"https:\/\/www.youtube.com\/channel\/UCFKE7WVJfvaHW5q283SxchA?YTgenre=lifestyle2&amp;ContentType=other-news&amp;feature=lnp-em-ad150-uk-a-OT-OT&amp;utm_medium=email-d&amp;utm_source=newsletter&amp;utm_team=youtube-gb&amp;utm_campaign=20200320-youtube-gb-ytr-weekly-a&amp;mkt_tok=eyJpIjoiTmpZNFpHRm1ZVGMxTmpSaSIsInQiOiJYeHI1Q1hzMDRjdDlGT0RmaDNETkFtQjNqMzg0S1RyMHA1QTcyMVlScFJGOGt2ZXV6Nm5rVUQ1Y09GMGpZMlc2UG1uYlR5SWt6WG5uSWhHelJuVm1oRndRQ05tUEY4M3ozVk5CQkE3Mkg2MDhCVVg3S3h6MzdvSzFWSVFsZzR3TyJ9\" target=\"_blank\" rel=\"noreferrer noopener\" aria-label=\"Online j\u00f3ga\u00f3r\u00e1k (\u00faj f\u00fcl\u00f6n nyitja meg)\">Online j\u00f3ga\u00f3r\u00e1k<\/a><\/h4>\n\n\n\n<p>Szuper youtube-vide\u00f3 gy\u0171jtem\u00e9ny az \u00f3r\u00e1k hossza, neh\u00e9zs\u00e9ge \u00e9s st\u00edlusa szerint tematiz\u00e1lva.<\/p>\n\n\n\n<h4><a href=\"https:\/\/www.facebook.com\/watch\/?v=619478638895585\" target=\"_blank\" rel=\"noreferrer noopener\" aria-label=\"Online libeg\u0151 (\u00faj f\u00fcl\u00f6n nyitja meg)\">Online libeg\u0151<\/a><\/h4>\n\n\n\n<p>A BKK is arra k\u00e9r, hogy ink\u00e1bb maradj otthon; ez\u00e9rt elk\u00e9sz\u00edtett\u00e9k a Libeg\u0151 otthonr\u00f3l is \u00e9lvezhet\u0151, meditat\u00edv verzi\u00f3j\u00e1t.<\/p>\n\n\n\n<h4><a href=\"https:\/\/dinopoloclub.com\/games\/mini-metro\/\" target=\"_blank\" rel=\"noreferrer noopener\" aria-label=\"Mini Metro (\u00faj f\u00fcl\u00f6n nyitja meg)\">Mini Metro<\/a><\/h4>\n\n\n\n<p>Ha hi\u00e1nyzik a t\u00f6megk\u00f6zleked\u00e9s, most megtervezheted a saj\u00e1t metr\u00f3h\u00e1l\u00f3zatodat; kedves kis online j\u00e1t\u00e9k.<\/p>\n\n\n\n<h4><a rel=\"noreferrer noopener\" aria-label=\" (\u00faj f\u00fcl\u00f6n nyitja meg)\" href=\"https:\/\/www.facebook.com\/andreferencpage\/posts\/1154154328249167\" target=\"_blank\">Kreat\u00edv\u00edr\u00e1s &#8211; gyakorlatok<\/a><\/h4>\n\n\n\n<p>Csukl\u00f3gyakorlatok, rendszeresen friss\u00fcl\u0151 feladatok.<\/p>\n\n\n\n<h4><a href=\"http:\/\/www.rejtvenybirodalom.hu\/\" target=\"_blank\" rel=\"noreferrer noopener\" aria-label=\"Rejtv\u00e9nyfejt\u00e9s (\u00faj f\u00fcl\u00f6n nyitja meg)\">Rejtv\u00e9nyfejt\u00e9s<\/a><\/h4>\n\n\n\n<p>Bet\u0171skandi, sudoku, sz\u00f3keres\u0151 \u00e9s skandin\u00e1v keresztrejtv\u00e9nyek, ingyenes \u00e9s el\u0151fizet\u00e9ses verzi\u00f3ban.<\/p>\n\n\n\n<h4><a href=\"https:\/\/www.facebook.com\/events\/698866520850233\/?event_time_id=698866534183565\" target=\"_blank\" rel=\"noreferrer noopener\" aria-label=\"Otthoni rajz (\u00faj f\u00fcl\u00f6n nyitja meg)\">Otthoni rajz<\/a><\/h4>\n\n\n\n<p>30 napos otthoni rajz-kih\u00edv\u00e1s, napi f\u00e9l \u00f3r\u00e1ban.<\/p>\n\n\n\n<h4><a href=\"https:\/\/www.facebook.com\/watch\/?v=657728908325779\" target=\"_blank\" rel=\"noreferrer noopener\" aria-label=\"Tulip\u00e1nvir\u00e1gz\u00e1s (\u00faj f\u00fcl\u00f6n nyitja meg)\">Tulip\u00e1nvir\u00e1gz\u00e1s<\/a><\/h4>\n\n\n\n<p>Mivel mi most nem mehet\u00fcnk el Keukenhofba, Keukenhof, a vil\u00e1g legnagyobb vir\u00e1goskertje j\u00f6n el hozz\u00e1nk &#8211; rendszeresen friss\u00fcl\u0151 tud\u00f3s\u00edt\u00e1sok a park legszebb r\u00e9szeir\u0151l.<\/p>\n\n\n\n<h4><a rel=\"noreferrer noopener\" aria-label=\"Social distancing kuty\u00e1soknak (\u00faj f\u00fcl\u00f6n nyitja meg)\" href=\"https:\/\/www.facebook.com\/dog3kozossegikutyaster\/posts\/854470661647509\" target=\"_blank\">Social distancing kuty\u00e1soknak<\/a><\/h4>\n\n\n\n<p>T\u00e1vols\u00e1gtart\u00e1s-\u00fatmutat\u00f3 kuty\u00e1soknak, amivel egym\u00e1s kuty\u00e1inak a simogat\u00e1sa is biztosan elker\u00fclhet\u0151.<\/p>\n\n\n\n<h4><a href=\"https:\/\/www.youtube.com\/watch?v=NvwGI6fv1tI&amp;feature=youtu.be\" target=\"_blank\" rel=\"noreferrer noopener\" aria-label=\" (\u00faj f\u00fcl\u00f6n nyitja meg)\">Humor<\/a><\/h4>\n\n\n\n<p>Rendszeresen jelentkez\u0151 Karant\u00e9nyek a Dumasz\u00ednh\u00e1z j\u00f3volt\u00e1b\u00f3l kik\u00fcld\u00f6tt helyett hazazavart tud\u00f3s\u00edt\u00f3kkal: Litkai Gergely \u00e9s Kov\u00e1cs Andr\u00e1s P\u00e9ter jelentkeznek az otthonaikb\u00f3l.<\/p>\n\n\n\n<h4><a rel=\"noreferrer noopener\" aria-label=\"Cards Agains Humanity online j\u00e1t\u00e9k (\u00faj f\u00fcl\u00f6n nyitja meg)\" href=\"http:\/\/playingcards.io\/game\/cards-against-humanity\" target=\"_blank\">Cards Agains Humanity online j\u00e1t\u00e9k<\/a><\/h4>\n\n\n\n<p>A n\u00e9pszer\u0171 k\u00e1rtyaj\u00e1t\u00e9kot most online is kipr\u00f3b\u00e1lhatod.<\/p>\n\n\n\n<h2> \ud83d\udca1 Mit mond a jog?<\/h2>\n\n\n\n<h4><a href=\"https:\/\/yelon.hu\/szuloknek\/hintalovon-segelyvonal\/\" target=\"_blank\" rel=\"noreferrer noopener\" aria-label=\"Ingyenes gyerekjogi, online tan\u00e1csad\u00e1s (\u00faj f\u00fcl\u00f6n nyitja meg)\">Ingyenes gyerekjogi, online tan\u00e1csad\u00e1s<\/a><\/h4>\n\n\n\n<p>Hetente k\u00e9tszer, kedden \u00e9s cs\u00fct\u00f6rt\u00f6k\u00f6n 16-18 \u00f3ra k\u00f6z\u00f6tt online, anonim m\u00f3don k\u00e9rhetsz tan\u00e1csot a Hintalovon Gyermekjogi Alap\u00edtv\u00e1ny jog\u00e1sz koll\u00e9g\u00e1it\u00f3l a nyitvatart\u00e1si id\u0151ben ezen az oldalon megtal\u00e1lhat\u00f3 chaten. <\/p>\n\n\n\n<h4><a href=\"https:\/\/yelon.hu\/szuloknek\/a-gyerekek-jogai-karanten-eseten\/\" target=\"_blank\" rel=\"noreferrer noopener\" aria-label=\" (\u00faj f\u00fcl\u00f6n nyitja meg)\">A gyerekek jogai egy esetleges karant\u00e9n eset\u00e9n<\/a><\/h4>\n\n\n\n<p>A koronav\u00edrus miatti int\u00e9zked\u00e9sek karant\u00e9nt is el\u0151\u00edrhatnak. De mit jelent ez pontosan a gyerekekre n\u00e9zve? <\/p>\n\n\n\n<h4><a href=\"https:\/\/yelon.hu\/szuloknek\/gyerek-jogai-az-orvosnal\/\" target=\"_blank\" rel=\"noreferrer noopener\" aria-label=\" (\u00faj f\u00fcl\u00f6n nyitja meg)\">Tudd meg, hogyan k\u00e9pviselheted a gyereked \u00e9rdekeit az orvosn\u00e1l<\/a><\/h4>\n\n\n\n<p>Amikor orvoshoz kell vinni a gyerekedet, neked kell ismerned \u00e9s k\u00e9pviselned a jogait. Ebben a cikkben megtal\u00e1lod az egyes \u00e9letkorokhoz kapcsol\u00f3d\u00f3 szab\u00e1lyoz\u00e1sokat.<\/p>\n\n\n\n<h4><a href=\"https:\/\/wmn.hu\/ugy\/52437-ne-hasznald-bosszura-a-veszhelyzetet---elvalt-szulok-es-kapcsolattartas-a-jarvanyidoszakban\" target=\"_blank\" rel=\"noreferrer noopener\" aria-label=\"Elv\u00e1lt sz\u00fcl\u0151k \u00e9s kapcsolattart\u00e1s a j\u00e1rv\u00e1nyid\u0151szakban (\u00faj f\u00fcl\u00f6n nyitja meg)\">Elv\u00e1lt sz\u00fcl\u0151k \u00e9s kapcsolattart\u00e1s a j\u00e1rv\u00e1nyid\u0151szakban<\/a><\/h4>\n\n\n\n<p>Ami\u00f3ta a k\u00f6zeg\u00e9szs\u00e9g\u00fcgyi v\u00e9szhelyzetet bejelentett\u00e9k, majd az iskol\u00e1k bez\u00e1r\u00e1st is elrendelt\u00e9k, egyre t\u00f6bb elv\u00e1lt sz\u00fcl\u0151ben mer\u00fcl fel, hogy a kapcsolattart\u00e1s rendj\u00e9t ez a helyzet, illetve egy esetleges karant\u00e9n elrendel\u00e9se hogyan&nbsp;befoly\u00e1solja. <\/p>\n\n\n\n<h4><a href=\"https:\/\/academy.amnesty.org\/learn\/course\/external\/view\/elearning\/164\/COVID-19&amp;HumanRights\" target=\"_blank\" rel=\"noreferrer noopener\" aria-label=\"Emberi jogok (\u00faj f\u00fcl\u00f6n nyitja meg)\">Emberi jogok<\/a><\/h4>\n\n\n\n<p>Az Amnesty International online, angol nyelv\u0171 kurzusa egyszer\u0171 p\u00e9ld\u00e1kon kereszt\u00fcl mutatja be, milyen emberi jogi oldalai vannak a j\u00e1rv\u00e1nynak, mi az \u00e1llam k\u00f6teless\u00e9ge \u00e9s mit tehet az \u00e1llampolg\u00e1r. <\/p>\n\n\n\n<h2> \ud83d\udca1 \u00cdgy seg\u00edthetsz te magad is<\/h2>\n\n\n\n<h4><a href=\"https:\/\/www.facebook.com\/watch\/?v=2551486468501932\" target=\"_blank\" rel=\"noreferrer noopener\" aria-label=\" (\u00faj f\u00fcl\u00f6n nyitja meg)\">Ne seg\u00edtsd az \u00e1lh\u00edrek terjed\u00e9s\u00e9t<\/a><\/h4>\n\n\n\n<p>Tudd meg (\u00e9s add tov\u00e1bb!) ebb\u0151l a vide\u00f3b\u00f3l \u00e9s a vide\u00f3 le\u00edr\u00e1s\u00e1ban szerepl\u0151 oldalak list\u00e1ja seg\u00edts\u00e9g\u00e9vel, hogy hogyan ismerhetj\u00fck fel az \u00e1lh\u00edreket. Ha inform\u00e1ci\u00f3t keresel, t\u00e1maszkodj a hiteles forr\u00e1sokra, amilyenek p\u00e9ld\u00e1ul a <a rel=\"noreferrer noopener\" aria-label=\" (\u00faj f\u00fcl\u00f6n nyitja meg)\" href=\"https:\/\/www.who.int\/emergencies\/diseases\/novel-coronavirus-2019\/advice-for-public\" target=\"_blank\">WHO<\/a>, a <a rel=\"noreferrer noopener\" aria-label=\" (\u00faj f\u00fcl\u00f6n nyitja meg)\" href=\"https:\/\/www.nnk.gov.hu\/index.php\/lakossagi-tajekoztatok\/koronavirus\" target=\"_blank\">Nemzeti N\u00e9peg\u00e9szs\u00e9g\u00fcgyi K\u00f6zpont<\/a> oldalai vagy az \u00c1tl\u00e1tsz\u00f3 \u00e1ltal \u00fczemeltetett <a rel=\"noreferrer noopener\" aria-label=\" (\u00faj f\u00fcl\u00f6n nyitja meg)\" href=\"https:\/\/atlo.team\/koronamonitor\/\" target=\"_blank\">Koronamonitor<\/a>.<\/p>\n\n\n\n<h4><a href=\"https:\/\/hintalovon.hu\/hu\/adomanybolt\" target=\"_blank\" rel=\"noreferrer noopener\" aria-label=\"T\u00e1mogat\u00e1s\u00e9rt tud\u00e1s (\u00faj f\u00fcl\u00f6n nyitja meg)\">T\u00e1mogat\u00e1s\u00e9rt tud\u00e1s<\/a><\/h4>\n\n\n\n<p>Ha seg\u00edts\u00e9get keresel, hogy sz\u00fcl\u0151k\u00e9nt mit, hogyan tudsz jobban csin\u00e1lni, ha k\u00e9zzelfoghat\u00f3 inform\u00e1ci\u00f3kra van sz\u00fcks\u00e9ged (plak\u00e1tokra, infografik\u00e1kra), vagy nyomtathat\u00f3 anyagok \u00e9rdekelnek, a <a rel=\"noreferrer noopener\" aria-label=\"Hintalovon Gyermekjogi Alap\u00edtv\u00e1ny (\u00faj f\u00fcl\u00f6n nyitja meg)\" href=\"https:\/\/hintalovon.hu\/\" target=\"_blank\">Hintalovon Gyermekjogi Alap\u00edtv\u00e1ny<\/a> adom\u00e1nyboltj\u00e1ban naprak\u00e9sz, minden szakmai felt\u00e9telt teljes\u00edt\u0151 anyagokb\u00f3l v\u00e1logathatsz. A megv\u00e1s\u00e1rolt term\u00e9kek \u00e1r\u00e1val az Alap\u00edtv\u00e1ny munk\u00e1j\u00e1t t\u00e1mogatod: hozz\u00e1j\u00e1rulsz ahhoz, hogy m\u00e9g t\u00f6bb hasonl\u00f3 anyag k\u00e9sz\u00fclhessen!<\/p>\n\n\n\n<h4><a href=\"https:\/\/segitunkegymasnak.hu\/\" target=\"_blank\" rel=\"noreferrer noopener\" aria-label=\"\u00d6nk\u00e9ntess\u00e9get \u00e9s adom\u00e1nyoz\u00e1st koordin\u00e1l\u00f3 akci\u00f3csoport (\u00faj f\u00fcl\u00f6n nyitja meg)\">\u00d6nk\u00e9ntess\u00e9get \u00e9s adom\u00e1nyoz\u00e1st koordin\u00e1l\u00f3 akci\u00f3csoport<\/a><\/h4>\n\n\n\n<p>A <a rel=\"noreferrer noopener\" aria-label=\"segitsunkegymasnak.hu (\u00faj f\u00fcl\u00f6n nyitja meg)\" href=\"https:\/\/segitunkegymasnak.hu\/\" target=\"_blank\">segitsunkegymasnak.hu<\/a> oldal c\u00e9lja, hogy seg\u00edtse az \u00f6nk\u00e9ntes kezdem\u00e9nyez\u00e9sek \u00e9s adom\u00e1nyoz\u00e1sok (munka, eszk\u00f6z, stb.) koordin\u00e1ci\u00f3j\u00e1t, felkarolja az orsz\u00e1gszerte elind\u00edtott civil mozgalmakat.<\/p>\n\n\n\n<h4><a href=\"https:\/\/wmn.hu\/ugy\/52486-a-zart-ajtok-moge-senki-sem-lat-be--a-karanten-a-bantalmazas-melegagya\" target=\"_blank\" rel=\"noreferrer noopener\" aria-label=\"K\u00f6z\u00f6ss\u00e9gi egym\u00e1sra figyel\u00e9s (\u00faj f\u00fcl\u00f6n nyitja meg)\">K\u00f6z\u00f6ss\u00e9gi egym\u00e1sra figyel\u00e9s<\/a><\/h4>\n\n\n\n<p>Aki b\u00e1ntalmaz\u00f3 kapcsolatban \u00e9l, az most nagyobb vesz\u00e9lyben lehet, mint valaha; figyelj a k\u00f6rnyezetedre, vedd \u00e9szre a jeleket, \u00e9s sz\u00fcks\u00e9g (vagy gyan\u00fa) eset\u00e9n k\u00e9rd az <a rel=\"noreferrer noopener\" aria-label=\"Orsz\u00e1gos Kr\u00edziskezel\u0151 \u00e9s Inform\u00e1ci\u00f3s Telefonszolg\u00e1lat  (\u00faj f\u00fcl\u00f6n nyitja meg)\" href=\"http:\/\/bantalmazas.hu\/\" target=\"_blank\">Orsz\u00e1gos Kr\u00edziskezel\u0151 \u00e9s Inform\u00e1ci\u00f3s Telefonszolg\u00e1lat <\/a> seg\u00edts\u00e9g\u00e9t.<\/p>\n\n\n\n<h4><a href=\"https:\/\/www.facebook.com\/events\/493190904894403\/\" target=\"_blank\" rel=\"noreferrer noopener\" aria-label=\"Maszkot a frontra (\u00faj f\u00fcl\u00f6n nyitja meg)\">Maszkot a frontra<\/a><\/h4>\n\n\n\n<p>Az Adom\u00e1nytaxi c\u00e9lja, hogy min\u0151s\u00e9gi v\u00e9d\u0151maszkokkal l\u00e1ssa el azokat az eg\u00e9szs\u00e9g\u00fcgyi- \u00e9s szoci\u00e1lis ell\u00e1t\u00e1sban, szolg\u00e1ltat\u00f3iparban dolgoz\u00f3 embereket, akik a j\u00e1rv\u00e1ny ideje alatt fokozottan vesz\u00e9lyeztetettek. A maszkok finansz\u00edroz\u00e1s\u00e1hoz p\u00e9nzadom\u00e1nyokat, elk\u00e9sz\u00edt\u00e9s\u00fckh\u00f6z szabad kapacit\u00e1s\u00fa varrod\u00e1kat, kisz\u00e1ll\u00edt\u00e1sukhoz pedig \u00f6nk\u00e9ntes sof\u0151r\u00f6ket keresnek.<\/p>\n\n\n\n<h4><a href=\"http:\/\/doinggood.hu\/index.php\" target=\"_blank\" rel=\"noreferrer noopener\" aria-label=\"V\u00e1llalatok a lakoss\u00e1g\u00e9rt (\u00faj f\u00fcl\u00f6n nyitja meg)\">V\u00e1llalatok a lakoss\u00e1g\u00e9rt<\/a><\/h4>\n\n\n\n<p>\u00d6sszefog\u00f3 fel\u00fclet a seg\u00edt\u0151 sz\u00e1nd\u00e9k\u00fa v\u00e1llalati felaj\u00e1nl\u00e1soknak, melyekhez tov\u00e1bbi c\u00e9gek csatlakoz\u00e1s\u00e1t v\u00e1rja a doingGood.<\/p>\n\n\n\n<h4><a href=\"https:\/\/bbmshop.shoprenter.hu\/tamogatoi-kuponok-102\/vitaminboom-kuponok-103\" target=\"_blank\" rel=\"noreferrer noopener\" aria-label=\"R\u00e1szorul\u00f3k immunrendszer\u00e9nek a t\u00e1mogat\u00e1sa (\u00faj f\u00fcl\u00f6n nyitja meg)\">R\u00e1szorul\u00f3k immunrendszer\u00e9nek a t\u00e1mogat\u00e1sa<\/a><\/h4>\n\n\n\n<p>A Budapest Bike Maffia gy\u0171jt\u00e9s\u00e9ben a kanap\u00e9don \u00fclve is r\u00e9szt vehetsz: a Vitaminboom kuponokb\u00f3l befolyt \u00f6sszeget vitamintablett\u00e1k, vitamincseppek, multivitaminok, vitaminos pezsg\u0151tablett\u00e1k, pap\u00edrzsebkend\u0151, szappan (k\u00e9zfert\u0151tlen\u00edt\u0151) v\u00e1s\u00e1rl\u00e1s\u00e1ra haszn\u00e1lj\u00e1k fel, amit eljuttatnak az id\u0151sgondoz\u00e1sba, a hajl\u00e9ktalanell\u00e1t\u00e1sba, illetve olyan bentlak\u00e1sos int\u00e9zm\u00e9nyekbe, ahol t\u00f6bbnyire id\u0151s \u00e9s\/vagy legyeng\u00fclt immunrendszer\u0171 emberek \u00e9lnek, l\u00e1badoznak. <\/p>\n\n\n\n<h4><a href=\"http:\/\/webshop.kockacsoki.hu\/tamogatoi-kavekuponok-k130931\" target=\"_blank\" rel=\"noreferrer noopener\" aria-label=\"KockaCsoki t\u00e1mogat\u00f3i k\u00e1v\u00e9kuponok (\u00faj f\u00fcl\u00f6n nyitja meg)\">KockaCsoki t\u00e1mogat\u00f3i k\u00e1v\u00e9kuponok<\/a><\/h4>\n\n\n\n<p>Seg\u00edts a KockaCsokinak, hogy amikor ism\u00e9t megnyithatja m\u0171helye \u00e9s k\u00f6z\u00f6ss\u00e9gi k\u00e1v\u00e9z\u00f3ja ajt\u00f3it, zavartalanul m\u0171k\u00f6dtethesse tov\u00e1bb autista fiataloknak sz\u00f3l\u00f3 programjait &#8211;  v\u00e1s\u00e1rolj t\u00e1mogat\u00f3i k\u00e1v\u00e9kupont, melynek \u00e9rt\u00e9k\u00e9t a KockaPont k\u00f6z\u00f6ss\u00e9gi k\u00e1v\u00e9z\u00f3 ism\u00e9telt megnyit\u00e1sa ut\u00e1n lev\u00e1s\u00e1rolhatod, s\u0151t, m\u00e9g egy apr\u00f3 meglepet\u00e9ssel is kedveskednek majd neked, hogy az ismer\u0151seid is l\u00e1thass\u00e1k, mennyire szuper vagy!  <\/p>\n\n\n\n<h4><a href=\"https:\/\/adjukossze.hu\/kampany\/segits-az-ule-nak-atveszelni-a-koronavirust-veszhelyzetet-1894\" target=\"_blank\" rel=\"noreferrer noopener\" aria-label=\"Az ULE nyugd\u00edjas \u00e9s egyed\u00fcl\u00e1ll\u00f3 b\u00e9rl\u0151inek t\u00e1mogat\u00e1sa (\u00faj f\u00fcl\u00f6n nyitja meg)\">Az ULE nyugd\u00edjas \u00e9s egyed\u00fcl\u00e1ll\u00f3 b\u00e9rl\u0151inek t\u00e1mogat\u00e1sa<\/a><\/h4>\n\n\n\n<p>Min\u00e9l t\u00f6r\u00e9kenyebb valaki anyagi \u00e9s eg\u00e9szs\u00e9gi \u00e1llapota, ann\u00e1l kem\u00e9nyebb neki a jelen v\u00e9szhelyzet.  K\u00e9pzeld magad azoknak az embereknek a hely\u00e9be, akiknek egy heti tartal\u00e9kuk sincsen, a munk\u00e1juk nem v\u00e9gezhet\u0151 otthonr\u00f3l, vagy \u00e9pp alkalmi munk\u00e1b\u00f3l \u00e9lnek, \u00e9s csak nemr\u00e9g t\u00f6rtek ki a hajl\u00e9ktalans\u00e1gb\u00f3l &#8211; sz\u00e1mukra most egy p\u00e1r ezer forintos utal\u00e1s is hatalmas seg\u00edts\u00e9get jelenthet.  <\/p>\n\n\n\n<h4><a href=\"https:\/\/www.facebook.com\/groups\/843585072783174\/\">Airbnb-k\u00f6z\u00f6ss\u00e9g az eg\u00e9szs\u00e9g\u00fcgyi dolgoz\u00f3k\u00e9rt<\/a><\/h4>\n\n\n\n<p>A budapesti Airbnb-k\u00f6z\u00f6ss\u00e9g tagjai k\u00f3rh\u00e1zban dolgoz\u00f3, k\u00f6zvetlen betegekkel \u00e9rintkez\u0151 eg\u00e9szs\u00e9g\u00fcgyi dolgoz\u00f3k sz\u00e1m\u00e1ra ingyen biztos\u00edtanak lak\u00e1st, hogy ne kelljen agg\u00f3dniuk csal\u00e1dtagjaik eg\u00e9szs\u00e9ge miatt, \u00e9s hogy a k\u00f6vetkez\u0151 n\u00e9h\u00e1ny h\u00e9tben k\u00fcl\u00f6n tudjanak k\u00f6lt\u00f6zni szeretteikt\u0151l.  <\/p>\n\n\n<div class=\"item\"><a href=\"https:\/\/hintalovon.hu\/hu\/adomanybolt\"> <img src=\"https:\/\/yelon.hu\/szuloknek\/wp-content\/uploads\/2020\/05\/footer-banner-yelon-adomanybolt-v2.png\"> <\/a><\/div>\n","protected":false},"excerpt":{"rendered":"<p>Naponta friss\u00fcl\u0151, haszn\u00e1lhat\u00f3, aktu\u00e1lis tud\u00e1s a koronav\u00edrussal kapcsolatos k\u00e9rd\u00e9sekben a ment\u00e1lis t\u00e1mogat\u00e1st\u00f3l kezdve a praktikus inform\u00e1ci\u00f3kon \u00e1t a gyakorlati k\u00e9rd\u00e9sekig.<\/p>\n","protected":false},"author":10,"featured_media":4165,"comment_status":"closed","ping_status":"closed","sticky":false,"template":"","format":"standard","meta":[],"categories":[33],"tags":[1462,1463,1515,1510,142,122,1511,1466,1465,1482,1458,1475,1474,1473,1472,1464,1481,1512,1516],"yoast_head":"<!-- This site is optimized with the Yoast SEO plugin v15.1 - https:\/\/yoast.com\/wordpress\/plugins\/seo\/ -->\n<title>Csal\u00e1dk\u00e9nt a koronav\u00edrus idej\u00e9n \u2013 a legfontosabb \u00e9s leghasznosabb tudnival\u00f3k - Yelon<\/title>\n<meta name=\"description\" content=\"Amilyen sokan k\u00fczd\u00fcnk most a tehetetlens\u00e9g \u00e9rz\u00e9s\u00e9vel, legal\u00e1bb annyian keress\u00fck k\u00f6zben a megold\u00e1sokat is a ment\u00e1lis t\u00e1mogat\u00e1st\u00f3l a gyakorlati k\u00e9rd\u00e9sekig.\" \/>\n<meta name=\"robots\" content=\"index, follow, max-snippet:-1, max-image-preview:large, max-video-preview:-1\" \/>\n<link rel=\"canonical\" href=\"https:\/\/yelon.hu\/szuloknek\/koronavirus-karanten-napi-infok-szuloknek\/\" \/>\n<meta property=\"og:locale\" content=\"hu_HU\" \/>\n<meta property=\"og:type\" content=\"article\" \/>\n<meta property=\"og:title\" content=\"Csal\u00e1dk\u00e9nt a koronav\u00edrus idej\u00e9n \u2013 a legfontosabb \u00e9s leghasznosabb tudnival\u00f3k - Yelon\" \/>\n<meta property=\"og:description\" content=\"Amilyen sokan k\u00fczd\u00fcnk most a tehetetlens\u00e9g \u00e9rz\u00e9s\u00e9vel, legal\u00e1bb annyian keress\u00fck k\u00f6zben a megold\u00e1sokat is a ment\u00e1lis t\u00e1mogat\u00e1st\u00f3l a gyakorlati k\u00e9rd\u00e9sekig.\" \/>\n<meta property=\"og:url\" content=\"https:\/\/yelon.hu\/szuloknek\/koronavirus-karanten-napi-infok-szuloknek\/\" \/>\n<meta property=\"og:site_name\" content=\"Yelon\" \/>\n<meta property=\"article:published_time\" content=\"2020-04-27T12:49:00+00:00\" \/>\n<meta property=\"article:modified_time\" content=\"2020-05-20T10:08:48+00:00\" \/>\n<meta property=\"og:image\" content=\"https:\/\/yelon.hu\/szuloknek\/wp-content\/uploads\/2020\/03\/julius-drost-piros-telefon-eszkozok-scaled.jpg\" \/>\n\t<meta property=\"og:image:width\" content=\"2560\" \/>\n\t<meta property=\"og:image:height\" content=\"1922\" \/>\n<meta name=\"twitter:card\" content=\"summary_large_image\" \/>\n<script type=\"application\/ld+json\" class=\"yoast-schema-graph\">{\"@context\":\"https:\/\/schema.org\",\"@graph\":[{\"@type\":\"WebSite\",\"@id\":\"https:\/\/yelon.hu\/szuloknek\/#website\",\"url\":\"https:\/\/yelon.hu\/szuloknek\/\",\"name\":\"Yelon\",\"description\":\"Kamaszoknak \\u00e9s sz\\u00fcl\\u0151knek sz\\u00f3l\\u00f3 online magazin\",\"potentialAction\":[{\"@type\":\"SearchAction\",\"target\":\"https:\/\/yelon.hu\/szuloknek\/?s={search_term_string}\",\"query-input\":\"required name=search_term_string\"}],\"inLanguage\":\"hu\"},{\"@type\":\"ImageObject\",\"@id\":\"https:\/\/yelon.hu\/szuloknek\/koronavirus-karanten-napi-infok-szuloknek\/#primaryimage\",\"inLanguage\":\"hu\",\"url\":\"https:\/\/yelon.hu\/szuloknek\/wp-content\/uploads\/2020\/03\/julius-drost-piros-telefon-eszkozok-scaled.jpg\",\"width\":2560,\"height\":1922,\"caption\":\"Koronav\\u00edrus sz\\u00fcl\\u0151k\\u00e9nt\"},{\"@type\":\"WebPage\",\"@id\":\"https:\/\/yelon.hu\/szuloknek\/koronavirus-karanten-napi-infok-szuloknek\/#webpage\",\"url\":\"https:\/\/yelon.hu\/szuloknek\/koronavirus-karanten-napi-infok-szuloknek\/\",\"name\":\"Csal\\u00e1dk\\u00e9nt a koronav\\u00edrus idej\\u00e9n \\u2013 a legfontosabb \\u00e9s leghasznosabb tudnival\\u00f3k - Yelon\",\"isPartOf\":{\"@id\":\"https:\/\/yelon.hu\/szuloknek\/#website\"},\"primaryImageOfPage\":{\"@id\":\"https:\/\/yelon.hu\/szuloknek\/koronavirus-karanten-napi-infok-szuloknek\/#primaryimage\"},\"datePublished\":\"2020-04-27T12:49:00+00:00\",\"dateModified\":\"2020-05-20T10:08:48+00:00\",\"author\":{\"@id\":\"https:\/\/yelon.hu\/szuloknek\/#\/schema\/person\/cc8ade7915e7e03e45101714bee29a46\"},\"description\":\"Amilyen sokan k\\u00fczd\\u00fcnk most a tehetetlens\\u00e9g \\u00e9rz\\u00e9s\\u00e9vel, legal\\u00e1bb annyian keress\\u00fck k\\u00f6zben a megold\\u00e1sokat is a ment\\u00e1lis t\\u00e1mogat\\u00e1st\\u00f3l a gyakorlati k\\u00e9rd\\u00e9sekig.\",\"inLanguage\":\"hu\",\"potentialAction\":[{\"@type\":\"ReadAction\",\"target\":[\"https:\/\/yelon.hu\/szuloknek\/koronavirus-karanten-napi-infok-szuloknek\/\"]}]},{\"@type\":\"Person\",\"@id\":\"https:\/\/yelon.hu\/szuloknek\/#\/schema\/person\/cc8ade7915e7e03e45101714bee29a46\",\"name\":\"Nagy Vikt\\u00f3ria\",\"image\":{\"@type\":\"ImageObject\",\"@id\":\"https:\/\/yelon.hu\/szuloknek\/#personlogo\",\"inLanguage\":\"hu\",\"url\":\"https:\/\/secure.gravatar.com\/avatar\/3556f27c74a3b0989637956c35a12ea1?s=96&d=mm&r=g\",\"caption\":\"Nagy Vikt\\u00f3ria\"}}]}<\/script>\n<!-- \/ Yoast SEO plugin. -->","_links":{"self":[{"href":"https:\/\/yelon.hu\/szuloknek\/wp-json\/wp\/v2\/posts\/4164"}],"collection":[{"href":"https:\/\/yelon.hu\/szuloknek\/wp-json\/wp\/v2\/posts"}],"about":[{"href":"https:\/\/yelon.hu\/szuloknek\/wp-json\/wp\/v2\/types\/post"}],"author":[{"embeddable":true,"href":"https:\/\/yelon.hu\/szuloknek\/wp-json\/wp\/v2\/users\/10"}],"replies":[{"embeddable":true,"href":"https:\/\/yelon.hu\/szuloknek\/wp-json\/wp\/v2\/comments?post=4164"}],"version-history":[{"count":150,"href":"https:\/\/yelon.hu\/szuloknek\/wp-json\/wp\/v2\/posts\/4164\/revisions"}],"predecessor-version":[{"id":4691,"href":"https:\/\/yelon.hu\/szuloknek\/wp-json\/wp\/v2\/posts\/4164\/revisions\/4691"}],"wp:featuredmedia":[{"embeddable":true,"href":"https:\/\/yelon.hu\/szuloknek\/wp-json\/wp\/v2\/media\/4165"}],"wp:attachment":[{"href":"https:\/\/yelon.hu\/szuloknek\/wp-json\/wp\/v2\/media?parent=4164"}],"wp:term":[{"taxonomy":"category","embeddable":true,"href":"https:\/\/yelon.hu\/szuloknek\/wp-json\/wp\/v2\/categories?post=4164"},{"taxonomy":"post_tag","embeddable":true,"href":"https:\/\/yelon.hu\/szuloknek\/wp-json\/wp\/v2\/tags?post=4164"}],"curies":[{"name":"wp","href":"https:\/\/api.w.org\/{rel}","templated":true}]}}