{"id":4243,"date":"2020-03-18T23:38:00","date_gmt":"2020-03-18T22:38:00","guid":{"rendered":"https:\/\/yelon.hu\/szuloknek\/?p=4243"},"modified":"2020-05-20T12:12:47","modified_gmt":"2020-05-20T10:12:47","slug":"igy-beszelgess-a-koronavirusrol-a-gyermekeddel","status":"publish","type":"post","link":"https:\/\/yelon.hu\/szuloknek\/igy-beszelgess-a-koronavirusrol-a-gyermekeddel\/","title":{"rendered":"J\u00f3, ha besz\u00e9lgettek a koronav\u00edrusr\u00f3l, de nem mindegy, hogyan!"},"content":{"rendered":"\n<p>A h\u00e1bor\u00fakr\u00f3l, terrort\u00e1mad\u00e1sokr\u00f3l, a term\u00e9szeti katasztr\u00f3f\u00e1kr\u00f3l, az eg\u00e9szs\u00e9g\u00fcgyi v\u00e9szhelyzetekr\u0151l sz\u00f3l\u00f3 h\u00edrek a gyerekek sz\u00e1m\u00e1ra k\u00fcl\u00f6n\u00f6sen f\u00e9lelmetesek lehetnek \u2013 sz\u00fcl\u0151k\u00e9nt a legt\u00f6bb, amit ilyenor tehet\u00fcnk, ha nem tabus\u00edtjuk a t\u00e9m\u00e1t, hanem <a href=\"https:\/\/yelon.hu\/szuloknek\/gyerekekkel-a-koronavirusrol\/\" target=\"_blank\" rel=\"noreferrer noopener\" aria-label=\"besz\u00e9lget\u00fcnk (\u00faj f\u00fcl\u00f6n nyitja meg)\">besz\u00e9lget\u00fcnk<\/a> vel\u00fck.<\/p>\n\n\n\n<!--more-->\n\n\n\n<p>Fontos, hogy \u0151szint\u00e9n, ny\u00edltan \u00e9s persze a gyerek \u00e9letkor\u00e1nak megfelel\u0151 m\u00e9lys\u00e9gben <a href=\"https:\/\/yelon.hu\/szuloknek\/a-koronavirus-szulokent-felelosen\/\" target=\"_blank\" rel=\"noreferrer noopener\" aria-label=\"foglalkozzunk a dologgal (\u00faj f\u00fcl\u00f6n nyitja meg)\">foglalkozzunk a dologgal<\/a>. Az \u0151szintes\u00e9g azt is jelenti, hogy nem kell letagadni a f\u00e9lelmeinket, az aggodalmainkat az otthoni besz\u00e9lget\u00e9sekben, de mindenk\u00e9pp a meger\u0151s\u00edt\u00e9s legyen a f\u00f3kuszban.<\/p>\n\n\n\n<h2><strong>1. A legfontosabb: figyelj\u00fcnk oda a gyerekre!<\/strong><\/h2>\n\n\n\n<p>El\u0151sz\u00f6r is k\u00e9rdezz\u00fck meg, hogy mit hallott a koronav\u00edrusr\u00f3l, ak\u00e1r kor\u00e1bban a tan\u00e1rokt\u00f3l az iskol\u00e1ban, ak\u00e1r a t\u00f6bbi gyerekt\u0151l, besz\u00e9lgettek-e r\u00f3la, mit mondtak a t\u00f6bbiek stb. Ha figyel\u00fcnk arra, hogy milyen \u00e9rz\u00e9seket fogalmaz meg, hogyan besz\u00e9l a k\u00e9rd\u00e9sr\u0151l, illetve mit l\u00e1tunk rajta k\u00f6zben, k\u00f6nnyebben felismerhetj\u00fck, hogy mi zajlik benne.<\/p>\n\n\n\n<p>M\u00e1r az megnyugtat\u00f3an hat a gyerekre, ha engedj\u00fck, hogy mag\u00e1t\u00f3l elmondhassa, amit szeretne, ezt seg\u00edthetik a gyerekre reflekt\u00e1l\u00f3 sz\u00fcl\u0151i k\u00e9rd\u00e9sek. Lehet\u0151s\u00e9get kell adnunk arra, hogy a f\u00e9lelmeit, a negat\u00edv \u00e9rz\u00e9seit is megfogalmazhassa, \u00e9s persze arra, hogy k\u00e9rdezhessen.<\/p>\n\n\n\n<p>Sz\u00fcl\u0151k\u00e9nt nem az a feladatunk, hogy megfelel\u0151 szakmai inform\u00e1ci\u00f3kkal l\u00e1ssuk el, hanem az, hogy er\u0151s\u00edts\u00fck a komfort\u00e9rzet\u00e9t, \u00e9reztess\u00fck vele, hogy biztons\u00e1gban van.<\/p>\n\n\n\n<h2><strong>2. Maradjunk nyugodtak, pr\u00f3b\u00e1ljunk higgadtan, meger\u0151s\u00edt\u0151en besz\u00e9lni!<\/strong><\/h2>\n\n\n\n<p>Term\u00e9szetes, ha a sz\u00fcl\u0151ben is megfogalmaz\u00f3dik a bizonytalans\u00e1g, az aggodalom a helyzettel kapcsolatban, \u00e9s \u0151szint\u00e9n besz\u00e9lhet\u00fcnk is ezekr\u0151l a gyerekkel, de figyelni kell arra, hogy mondjunk valamilyen meger\u0151s\u00edt\u0151, v\u00edgasztal\u00f3 mondatot is. P\u00e9ld\u00e1ul:<\/p>\n\n\n\n<p>\u201eTartok t\u0151le, hogy nagyon elterjed a j\u00e1rv\u00e1ny, de l\u00e1tom, hogy a hat\u00f3s\u00e1gok mindent megtesznek a v\u00e9delm\u00fcnk \u00e9rdek\u00e9ben, \u00e9s ez megnyugtat.\u201d<\/p>\n\n\n\n<p>Vagy:<\/p>\n\n\n\n<p>\u201eNem igaz\u00e1n tudom, hogy mit is jelent ez a fert\u0151z\u00e9shull\u00e1m, de a hat\u00f3s\u00e1gok folyamatosan t\u00e1j\u00e9koztatnak minket, \u00e9s ez j\u00f3.\u201d<\/p>\n\n\n\n<p>A gyerekek sz\u00e1m\u00e1ra nagyon f\u00e9lelmetesek lehetnek az \u00e1ltal\u00e1nos\u00edt\u00f3, t\u00falz\u00f3 meg\u00e1llap\u00edt\u00e1sok. Ne mondjuk, hogy \u201emindenki csak kapkod\u201d vagy \u201esenki nem tehet igaz\u00e1b\u00f3l semmit\u201d vagy \u201eki vagyunk szolg\u00e1ltatva\u201d vagy \u201enem tudunk semmi biztosat\u201d.<\/p>\n\n\n\n<p>De \u00e1ltal\u00e1nos\u00edt\u00f3, t\u00falz\u00f3, fel\u00fcletes biztat\u00e1sokat se mondjunk (\u201enem lesz semmi baj\u201d, \u201enem kell agg\u00f3dni\u201d, \u201enem t\u00f6rt\u00e9nt semmi\u201d), mert igaz\u00e1b\u00f3l azokat m\u00e9g a gyerekek sem hiszik el. R\u00e1ad\u00e1sul ezekkel megakad\u00e1lyozzuk a gyereket abban, hogy szabadon k\u00e9rdezhessen, vagy mag\u00e1t\u00f3l elmondhassa a saj\u00e1t f\u00e9lelmeit, \u00e9rz\u00e9seit, \u00e9s ahelyett, hogy seg\u00edten\u00e9nk feloldani az aggodalmait, lez\u00e1rjuk a besz\u00e9lget\u00e9st.<\/p>\n\n\n\n<h2><strong>3. Mindig csak a t\u00e9nyeket mondjuk el, \u00e9s csak annyit, amennyit k\u00e9rdez!<\/strong><\/h2>\n\n\n\n<p>A k\u00f6z\u00f6ss\u00e9gi m\u00e9di\u00e1ban, a k\u00fcl\u00f6nb\u00f6z\u0151 internetes fel\u00fcleteken terjed\u0151 szem\u00e9lyes besz\u00e1mol\u00f3k, bennfentes h\u00edrek t\u00f6bbnyire val\u00f3tlanok, ink\u00e1bb alkalmasak p\u00e1nikkelt\u00e9sre, mint val\u00f3di t\u00e1j\u00e9koztat\u00e1sra. Az \u00e1lh\u00edrek, megb\u00edzhatatlan forr\u00e1sb\u00f3l sz\u00e1rmaz\u00f3 inform\u00e1ci\u00f3k hatalmas k\u00e1rokat okozhatnak ilyen helyzetben. A gyereknek csak megb\u00edzhat\u00f3, hiteles forr\u00e1sb\u00f3l sz\u00e1rmaz\u00f3 adatokat, t\u00e9nyeket mondjunk.<\/p>\n\n\n\n<p>Ahhoz, hogy megnyugtat\u00f3an hass a gyerekre, feln\u0151ttk\u00e9nt higgadtnak kell maradnod. A te felel\u0151ss\u00e9ged, hogy hiteles forr\u00e1sb\u00f3l t\u00e1j\u00e9koz\u00f3dj.<\/p>\n\n\n\n<h2><strong>4. Gondoljuk v\u00e9gig, hogy a rendelkez\u00e9sre \u00e1ll\u00f3 inform\u00e1ci\u00f3kat hogyan tudn\u00e1nk rendszerezni, \u00e9s mindezt hogy adhatjuk \u00e1t \u00e9rthet\u0151en a gyereknek!<\/strong><\/h2>\n\n\n\n<p>A t\u00e9nyszer\u0171 inform\u00e1ci\u00f3k\u00f6zl\u00e9s seg\u00edti a gyerekeket abban, hogy l\u00e1ss\u00e1k, jelenleg sem \u0151k, sem a szeretteik nincsenek k\u00f6zvetlen vesz\u00e9lyben.<\/p>\n\n\n\n<p>Minden gyereket megillet az inform\u00e1ci\u00f3hoz val\u00f3 jog. Ezt seg\u00edtj\u00fck el\u0151, amikor besz\u00e9lget\u00fcnk vel\u00fck. K\u00e9rdezz\u00fcnk r\u00e1, ismer-e minden sz\u00f3t, kifejez\u00e9st (<a href=\"https:\/\/yelon.hu\/szuloknek\/a-gyerekek-jogai-karanten-eseten\/\" target=\"_blank\" rel=\"noreferrer noopener\" aria-label=\"karant\u00e9n (\u00faj f\u00fcl\u00f6n nyitja meg)\">karant\u00e9n<\/a>, WHO, j\u00e1rv\u00e1ny, v\u00edrus, hat\u00f3s\u00e1g stb.), amit mostan\u00e1ban hallott, illetve besz\u00e9lj\u00fcnk arr\u00f3l is, milyen er\u0151fesz\u00edt\u00e9seket tesznek a hat\u00f3s\u00e1gok a v\u00edrus megf\u00e9kez\u00e9s\u00e9re, hogy jobban k\u00e9pbe ker\u00fclhessenek.&nbsp;<\/p>\n\n\n\n<p>\u00cdme n\u00e9h\u00e1ny konkr\u00e9t j\u00f3 p\u00e9lda:<\/p>\n\n\n\n<p>\u201eA v\u00edrus szemmel nem l\u00e1that\u00f3, apr\u00f3 \u00e9l\u0151l\u00e9ny, amely k\u00e9pes a leveg\u0151ben is terjedni (p\u00e9ld\u00e1ul t\u00fcsszent\u00e9ssel, k\u00f6h\u00f6g\u00e9ssel), ez\u00e9rt viselnek az emberek maszkot azokban a v\u00e1rosokban, amelyeket el\u00e9rt a j\u00e1rv\u00e1ny.\u201d<\/p>\n\n\n\n<p>\u201eSokf\u00e9le v\u00edrus l\u00e9tezik. Amelyik a mostani j\u00e1rv\u00e1nyt okozza, nagyon hasonl\u00edt a napkoron\u00e1ra, ez\u00e9rt h\u00edvj\u00e1k koronav\u00edrusnak.\u201d<\/p>\n\n\n\n<p>\u201eA koronav\u00edrus t\u00fcd\u0151gyullad\u00e1st okoz, ez egy s\u00falyos betegs\u00e9g, de \u00f6nmag\u00e1ban nem hal\u00e1los. A megfert\u0151z\u0151d\u00f6tt emberek k\u00f6z\u00fcl majdnem mindenki meggy\u00f3gyul. Azoknak, akik eddig \u00e9let\u00fcket vesztett\u00e9k, volt valamilyen m\u00e1s betegs\u00e9g\u00fck is, vagy id\u0151sek voltak, esetleg rosszabb eg\u00e9szs\u00e9gi \u00e1llapotuk miatt gyenge volt az immunrendszer\u00fck.\u201d<\/p>\n\n\n\n<p>\u201e2019 december\u00e9ben betegedett meg az els\u0151 ember a koronav\u00edrust\u00f3l. K\u00e9s\u0151bb a v\u00edrus terjedni kezdett, egyre t\u00f6bb ember kapta el egym\u00e1st\u00f3l, \u00e9s \u00edgy alakult ki a j\u00e1rv\u00e1ny.\u201d<\/p>\n\n\n\n<p>\u201eAz\u00e9rt, hogy ne fert\u0151z\u0151dhessen meg m\u00e9g t\u00f6bb ember, a k\u00ednai hat\u00f3s\u00e1gok lez\u00e1rt\u00e1k azt a ter\u00fcletet, ahonnan a j\u00e1rv\u00e1ny elindult. Az embereket arra k\u00e9rt\u00e9k, hogy maradjanak otthon, ne tal\u00e1lkozzanak m\u00e1sokkal, \u00e9s jelents\u00e9k azonnal, ha azt \u00e9rzik, hogy betegek. Ezt h\u00edvj\u00e1k karant\u00e9nnak. A biztons\u00e1g kedv\u00e9\u00e9rt most sok orsz\u00e1gban a ki- \u00e9s beutaz\u00e1st korl\u00e1tozz\u00e1k, mert j\u00e1rv\u00e1ny eset\u00e9n az az egyik legfontosabb c\u00e9l, hogy a v\u00edrus tov\u00e1bbterjed\u00e9s\u00e9t megakad\u00e1lyozz\u00e1k.\u201d<\/p>\n\n\n\n<p>\u201eA kutat\u00f3k dolgoznak azon, hogy legyen olyan gy\u00f3gyszer, olt\u00e1s, amivel megel\u0151zhet\u0151, hogy valaki megbetegedjen (itt lehet besz\u00e9lni arr\u00f3l, hogy gyerekkor\u00e1ban mindenki kap olt\u00e1st, amely olyan betegs\u00e9gek ellen v\u00e9d, amelyek kor\u00e1bban nagy j\u00e1rv\u00e1nyokat okoztak).\u201d<\/p>\n\n\n\n<p>Nagyobb gyerekeknek lehet besz\u00e9lni arr\u00f3l is, hogy a vil\u00e1g minden orsz\u00e1ga tagja az ENSZ-nek, amelynek van egy Eg\u00e9szs\u00e9g\u00fcgyi Vil\u00e1gszervezete, a WHO. Ebben a szervezetben olyan szakemberek dolgoznak, akik j\u00e1rv\u00e1nyok eset\u00e9n seg\u00edtik a kutat\u00e1st, a v\u00e9dekez\u00e9st, \u00e9s pontos inform\u00e1ci\u00f3kkal l\u00e1tj\u00e1k el az embereket \u00e9s az egyes orsz\u00e1gok hat\u00f3s\u00e1gait. Magyarorsz\u00e1gon az \u00c1NTSZ oldal\u00e1n olvashat\u00f3k a WHO-k\u00f6zlem\u00e9nyek nyom\u00e1n kiadott magyar nyelv\u0171 \u00e1ll\u00e1sfoglal\u00e1sok (\u00e9s m\u00e1s hasznos inform\u00e1ci\u00f3k).<\/p>\n\n\n\n<h2><strong>5. A praktikus tan\u00e1csokat se sp\u00f3roljuk ki!<\/strong><\/h2>\n\n\n\n<p>T\u00f6rekedj\u00fcnk arra, hogy a gyereknek legyen praktikus tud\u00e1sa arr\u00f3l, mit tehet\u00fcnk az\u00e9rt, hogy ne kapjuk el a fert\u0151z\u00e9st. Ezek olyan \u00e1ltal\u00e1nos tan\u00e1csok, amik nem csak j\u00e1rv\u00e1nyid\u0151szakban hasznosak.<\/p>\n\n\n\n<p>Csak zsebkend\u0151be vagy kend\u0151be k\u00f6h\u00f6gj\u00fcnk, t\u00fcssz\u00f6gj\u00fcnk \u00fagy, hogy mindenk\u00e9pen takarjuk el az orrunkat, sz\u00e1nkat. Mossunk rendszeresen szappannal kezet. Ne ny\u00faljunk az arcunkhoz, ker\u00fclj\u00fck a szem\u00fcnk, orrunk, sz\u00e1nk \u00e9rint\u00e9s\u00e9t, ha a kez\u00fcnk nem tiszta. Bizonyosodjunk meg arr\u00f3l, hogy a gyerek\u00fcnk \u00e9rti, hogy b\u00e1r K\u00edn\u00e1b\u00f3l kezdett elterjedni a j\u00e1rv\u00e1ny, de ez nem jelenti azt, hogy minden k\u00f6z\u00f6tt\u00fcnk \u00e9l\u0151, hozz\u00e1nk l\u00e1togat\u00f3 k\u00ednai, t\u00e1vol-keleti, \u00e1zsiai ember v\u00edrushordoz\u00f3 lenne. \u00c9s persze azt is el kell magyar\u00e1zni neki, hogy nem minden \u00e1zsiai k\u00ednai.<\/p>\n\n\n\n<p>Az ismeretlent\u0151l mindenki f\u00e9l, ez term\u00e9szetes, minden p\u00e1nikhelyzet alkalmas arra, hogy a legrosszabb, legleegyszer\u0171s\u00edt\u0151bb v\u00e1laszokat v\u00e1ltsa ki az emberb\u0151l. Ha f\u00e9l\u00fcnk, k\u00f6nnyebben fordulunk azok ellen, akikben vesz\u00e9lyt l\u00e1tunk.<\/p>\n\n\n\n<p>De az is a gondolkod\u00f3 feln\u0151ttek felel\u0151ss\u00e9ge, hogy megtan\u00edts\u00e1k a gyerekeknek (\u00e9s mint mindent, ezt is gyerekkorban a legk\u00f6nnyebb elsaj\u00e1t\u00edtani), hogy ilyenkor se vetk\u0151zz\u00fcnk ki emberi mivoltunkb\u00f3l, \u00e9s b\u0171nbakkeres\u00e9s, v\u00e1daskod\u00e1s, \u00e1lh\u00edrterjeszt\u00e9s, p\u00e1nikkelt\u00e9s helyett ink\u00e1bb figyelj\u00fcnk oda magunkra \u00e9s m\u00e1sokra. \u00c9s persze tartsuk be az aj\u00e1nlott higi\u00e9n\u00e9s szab\u00e1lyokat!<\/p>\n\n\n\n<p><em>Dr. Gyurk\u00f3 Szilvia gyermekjogi szak\u00e9rt\u0151<\/em><\/p>\n\n\n\n<p><em>K\u00e9sz\u00fclt a <\/em><a rel=\"noreferrer noopener\" aria-label=\" (\u00faj f\u00fcl\u00f6n nyitja meg)\" href=\"https:\/\/wmn.hu\/ugy\/52181-koronavirus-es-a-gyerekek-a-hiszteria-es-a-bagatellizalas-kozott-feluton---avagy-mit-mondjak-ha-kerdez\" target=\"_blank\"><em>WMN<\/em><\/a><em> cikke alapj\u00e1n.<\/em><\/p>\n\n\n\n<p><em>Kiemelt k\u00e9p <a href=\"https:\/\/unsplash.com\/\">innen<\/a>.<\/em><\/p>\n\n\n\n<p><a rel=\"noreferrer noopener\" aria-label=\"Olvass tov\u00e1bb: Koronav\u00edrus \u2013&nbsp;Tud\u00e1st\u00e1r sz\u00fcl\u0151knek: h\u00edrek, tippek, \u00f6tletek (\u00faj f\u00fcl\u00f6n nyitja meg)\" href=\"https:\/\/yelon.hu\/szuloknek\/koronavirus-karanten-napi-infok-szuloknek\/\" target=\"_blank\">Olvass tov\u00e1bb: Koronav\u00edrus \u2013&nbsp;Tud\u00e1st\u00e1r sz\u00fcl\u0151knek: h\u00edrek, tippek, \u00f6tletek<\/a><\/p>\n\n\n<div class=\"item\"><a href=\"https:\/\/hintalovon.hu\/hu\/adomanybolt\"> <img src=\"https:\/\/yelon.hu\/szuloknek\/wp-content\/uploads\/2020\/05\/footer-banner-yelon-adomanybolt-v2.png\"> <\/a><\/div>\n","protected":false},"excerpt":{"rendered":"<p>A gyerekekben l\u00e9v\u0151 szorong\u00e1st a tabus\u00edt\u00e1s csak n\u00f6veli, mik\u00f6zben sz\u00fcl\u0151k\u00e9nt nem k\u00f6nny\u0171 az olyan neh\u00e9z t\u00e9m\u00e1kr\u00f3l, mint pl. a koronav\u00edrus, a gyermek\u00fcnk kor\u00e1nak \u00e9s \u00e9retts\u00e9g\u00e9nek megfelel\u0151en besz\u00e9lgetni. Cikk\u00fcnkben hasznos seg\u00edts\u00e9get tal\u00e1lsz a hogyanhoz.<\/p>\n","protected":false},"author":9,"featured_media":4281,"comment_status":"closed","ping_status":"closed","sticky":false,"template":"","format":"standard","meta":[],"categories":[11,33],"tags":[1520,642,1462,1463,1517,1519,1525,1524,1518,1466,1458,1475,1474,1472,1464,1521,1222,1522,724,1523,1469,627],"yoast_head":"<!-- This site is optimized with the Yoast SEO plugin v15.1 - https:\/\/yoast.com\/wordpress\/plugins\/seo\/ -->\n<title>J\u00f3, ha besz\u00e9lgettek a koronav\u00edrusr\u00f3l, de nem mindegy, hogyan! - Yelon<\/title>\n<meta name=\"description\" content=\"A feln\u0151ttek felel\u0151ss\u00e9ge, hogy a koronav\u00edrus elbagatelliz\u00e1l\u00e1sa vagy a p\u00e1nikkelt\u00e9s helyett a gyerekek is t\u00e9nyszer\u0171, megnyugtat\u00f3 inform\u00e1ci\u00f3khoz jussanak.\" \/>\n<meta name=\"robots\" content=\"index, follow, max-snippet:-1, max-image-preview:large, max-video-preview:-1\" \/>\n<link rel=\"canonical\" href=\"https:\/\/yelon.hu\/szuloknek\/igy-beszelgess-a-koronavirusrol-a-gyermekeddel\/\" \/>\n<meta property=\"og:locale\" content=\"hu_HU\" \/>\n<meta property=\"og:type\" content=\"article\" \/>\n<meta property=\"og:title\" content=\"J\u00f3, ha besz\u00e9lgettek a koronav\u00edrusr\u00f3l, de nem mindegy, hogyan! - Yelon\" \/>\n<meta property=\"og:description\" content=\"A feln\u0151ttek felel\u0151ss\u00e9ge, hogy a koronav\u00edrus elbagatelliz\u00e1l\u00e1sa vagy a p\u00e1nikkelt\u00e9s helyett a gyerekek is t\u00e9nyszer\u0171, megnyugtat\u00f3 inform\u00e1ci\u00f3khoz jussanak.\" \/>\n<meta property=\"og:url\" content=\"https:\/\/yelon.hu\/szuloknek\/igy-beszelgess-a-koronavirusrol-a-gyermekeddel\/\" \/>\n<meta property=\"og:site_name\" content=\"Yelon\" \/>\n<meta property=\"article:published_time\" content=\"2020-03-18T22:38:00+00:00\" \/>\n<meta property=\"article:modified_time\" content=\"2020-05-20T10:12:47+00:00\" \/>\n<meta property=\"og:image\" content=\"https:\/\/yelon.hu\/szuloknek\/wp-content\/uploads\/2020\/03\/koronavirus-\u00edgy-beszelj-a-gyerekeddel-scaled.jpg\" \/>\n\t<meta property=\"og:image:width\" content=\"2560\" \/>\n\t<meta property=\"og:image:height\" content=\"1707\" \/>\n<meta name=\"twitter:card\" content=\"summary_large_image\" \/>\n<script type=\"application\/ld+json\" class=\"yoast-schema-graph\">{\"@context\":\"https:\/\/schema.org\",\"@graph\":[{\"@type\":\"WebSite\",\"@id\":\"https:\/\/yelon.hu\/szuloknek\/#website\",\"url\":\"https:\/\/yelon.hu\/szuloknek\/\",\"name\":\"Yelon\",\"description\":\"Kamaszoknak \\u00e9s sz\\u00fcl\\u0151knek sz\\u00f3l\\u00f3 online magazin\",\"potentialAction\":[{\"@type\":\"SearchAction\",\"target\":\"https:\/\/yelon.hu\/szuloknek\/?s={search_term_string}\",\"query-input\":\"required name=search_term_string\"}],\"inLanguage\":\"hu\"},{\"@type\":\"ImageObject\",\"@id\":\"https:\/\/yelon.hu\/szuloknek\/igy-beszelgess-a-koronavirusrol-a-gyermekeddel\/#primaryimage\",\"inLanguage\":\"hu\",\"url\":\"https:\/\/yelon.hu\/szuloknek\/wp-content\/uploads\/2020\/03\/koronavirus-\\u00edgy-beszelj-a-gyerekeddel-scaled.jpg\",\"width\":2560,\"height\":1707,\"caption\":\"Koronav\\u00edrus, \\u00edgy besz\\u00e9lj a gyerekeddel\"},{\"@type\":\"WebPage\",\"@id\":\"https:\/\/yelon.hu\/szuloknek\/igy-beszelgess-a-koronavirusrol-a-gyermekeddel\/#webpage\",\"url\":\"https:\/\/yelon.hu\/szuloknek\/igy-beszelgess-a-koronavirusrol-a-gyermekeddel\/\",\"name\":\"J\\u00f3, ha besz\\u00e9lgettek a koronav\\u00edrusr\\u00f3l, de nem mindegy, hogyan! - Yelon\",\"isPartOf\":{\"@id\":\"https:\/\/yelon.hu\/szuloknek\/#website\"},\"primaryImageOfPage\":{\"@id\":\"https:\/\/yelon.hu\/szuloknek\/igy-beszelgess-a-koronavirusrol-a-gyermekeddel\/#primaryimage\"},\"datePublished\":\"2020-03-18T22:38:00+00:00\",\"dateModified\":\"2020-05-20T10:12:47+00:00\",\"author\":{\"@id\":\"https:\/\/yelon.hu\/szuloknek\/#\/schema\/person\/c9fa38f81f80ff5bbd245a64fddaee93\"},\"description\":\"A feln\\u0151ttek felel\\u0151ss\\u00e9ge, hogy a koronav\\u00edrus elbagatelliz\\u00e1l\\u00e1sa vagy a p\\u00e1nikkelt\\u00e9s helyett a gyerekek is t\\u00e9nyszer\\u0171, megnyugtat\\u00f3 inform\\u00e1ci\\u00f3khoz jussanak.\",\"inLanguage\":\"hu\",\"potentialAction\":[{\"@type\":\"ReadAction\",\"target\":[\"https:\/\/yelon.hu\/szuloknek\/igy-beszelgess-a-koronavirusrol-a-gyermekeddel\/\"]}]},{\"@type\":\"Person\",\"@id\":\"https:\/\/yelon.hu\/szuloknek\/#\/schema\/person\/c9fa38f81f80ff5bbd245a64fddaee93\",\"name\":\"B. Zsofi\",\"image\":{\"@type\":\"ImageObject\",\"@id\":\"https:\/\/yelon.hu\/szuloknek\/#personlogo\",\"inLanguage\":\"hu\",\"url\":\"https:\/\/secure.gravatar.com\/avatar\/0936caaf13a2f9714ad4b7bd07dd9bca?s=96&d=mm&r=g\",\"caption\":\"B. Zsofi\"}}]}<\/script>\n<!-- \/ Yoast SEO plugin. -->","_links":{"self":[{"href":"https:\/\/yelon.hu\/szuloknek\/wp-json\/wp\/v2\/posts\/4243"}],"collection":[{"href":"https:\/\/yelon.hu\/szuloknek\/wp-json\/wp\/v2\/posts"}],"about":[{"href":"https:\/\/yelon.hu\/szuloknek\/wp-json\/wp\/v2\/types\/post"}],"author":[{"embeddable":true,"href":"https:\/\/yelon.hu\/szuloknek\/wp-json\/wp\/v2\/users\/9"}],"replies":[{"embeddable":true,"href":"https:\/\/yelon.hu\/szuloknek\/wp-json\/wp\/v2\/comments?post=4243"}],"version-history":[{"count":7,"href":"https:\/\/yelon.hu\/szuloknek\/wp-json\/wp\/v2\/posts\/4243\/revisions"}],"predecessor-version":[{"id":4705,"href":"https:\/\/yelon.hu\/szuloknek\/wp-json\/wp\/v2\/posts\/4243\/revisions\/4705"}],"wp:featuredmedia":[{"embeddable":true,"href":"https:\/\/yelon.hu\/szuloknek\/wp-json\/wp\/v2\/media\/4281"}],"wp:attachment":[{"href":"https:\/\/yelon.hu\/szuloknek\/wp-json\/wp\/v2\/media?parent=4243"}],"wp:term":[{"taxonomy":"category","embeddable":true,"href":"https:\/\/yelon.hu\/szuloknek\/wp-json\/wp\/v2\/categories?post=4243"},{"taxonomy":"post_tag","embeddable":true,"href":"https:\/\/yelon.hu\/szuloknek\/wp-json\/wp\/v2\/tags?post=4243"}],"curies":[{"name":"wp","href":"https:\/\/api.w.org\/{rel}","templated":true}]}}