{"id":4350,"date":"2020-03-25T10:26:00","date_gmt":"2020-03-25T09:26:00","guid":{"rendered":"https:\/\/yelon.hu\/szuloknek\/?p=4350"},"modified":"2020-05-20T12:11:20","modified_gmt":"2020-05-20T10:11:20","slug":"tanarkent-egy-digitalis-osztalyteremben","status":"publish","type":"post","link":"https:\/\/yelon.hu\/szuloknek\/tanarkent-egy-digitalis-osztalyteremben\/","title":{"rendered":"Digit\u00e1lis oszt\u00e1lytermek: \u00e9letm\u00f3dv\u00e1lt\u00e1s az oktat\u00e1sban"},"content":{"rendered":"\n<p>A <a href=\"https:\/\/yelon.hu\/szuloknek\/online-oktatas-biztonsagosan\/\" target=\"_blank\" rel=\"noreferrer noopener\" aria-label=\"digit\u00e1lis oktat\u00e1sra (\u00faj f\u00fcl\u00f6n nyitja meg)\">digit\u00e1lis oktat\u00e1sra<\/a> val\u00f3 \u00e1t\u00e1ll\u00e1shoz kapcsol\u00f3d\u00f3 megn\u00f6vekedett munkamennyis\u00e9g, a bizonytalans\u00e1g \u00e9s a teljesen m\u00e1s tan\u00edt\u00e1si fel\u00fclet sok fesz\u00fclts\u00e9get eredm\u00e9nyezhet az am\u00fagy is szorong\u00e1ssal teli l\u00e9gk\u00f6rben. Ami most t\u00f6rt\u00e9nik, az egy \u00e9letm\u00f3dv\u00e1lt\u00e1s az oktat\u00e1sban r\u00e9szt vev\u0151 mindh\u00e1rom szerepl\u0151nek: di\u00e1knak, tan\u00e1rnak, sz\u00fcl\u0151nek egyar\u00e1nt. <\/p>\n\n\n\n<!--more-->\n\n\n\n<p>Nem fogjuk tudni azt folytatni, amit eddig csin\u00e1ltunk. Nem csak az oszt\u00e1lyterem v\u00e1ltozott meg ezekben a napokban. A re\u00e1lis c\u00e9l most nem az, hogy digit\u00e1lisan lek\u00e9pezz\u00fck az iskolai viszonyokat, hanem hogy \u00faj alapokra helyezz\u00fck azokat. Az interakt\u00edv fel\u00fcletek t\u00f6bbs\u00e9g\u00e9t partneri viszonyokon \u00e9s bizalmon alapul\u00f3 kommunik\u00e1ci\u00f3ra tervezt\u00e9k: a tan\u00edt\u00e1s mellett \u2013 esetenk\u00e9nt helyett \u2013 most a k\u00f6z\u00f6ss\u00e9g\u00e9lm\u00e9ny biztos\u00edt\u00e1sa, a forr\u00e1sok megoszt\u00e1sa, a tanul\u00e1s \u00e9s a tud\u00e1s \u00e1raml\u00e1s\u00e1nak a rendszerez\u00e9se, \u00e1tcsoportos\u00edt\u00e1sa, prioriz\u00e1l\u00e1sa, az \u00e9rt\u00e9kel\u00e9seknek pedig a sz\u00e1monk\u00e9r\u00e9s helyett a fejleszt\u0151, meger\u0151s\u00edt\u0151 funkci\u00f3ja lehet kiemelt feladat. <\/p>\n\n\n\n<h2>Tan\u00e1rk\u00e9nt egy virtu\u00e1lis oszt\u00e1lyteremben<\/h2>\n\n\n\n<p>A <a rel=\"noreferrer noopener\" aria-label=\"Hintalovon Gyermekjogi Alap\u00edtv\u00e1ny (\u00faj f\u00fcl\u00f6n nyitja meg)\" href=\"https:\/\/hintalovon.hu\/hu\/adomanyozz\" target=\"_blank\">Hintalovon Gyermekjogi Alap\u00edtv\u00e1ny<\/a> szakmai st\u00e1bja \u00f6ssze\u00e1ll\u00edtott a tan\u00e1roknak egy seg\u00edt\u0151 anyagot, amelyben az aktu\u00e1lis helyzett\u0151l a digit\u00e1lis gyerekeken (\u00e9s az \u0151 fizikai \u00e9s lelki biztons\u00e1gukon) \u00e1t a konkr\u00e9t praktik\u00e1kig, technik\u00e1kig, valamint a magunkr\u00f3l val\u00f3 gondoskod\u00e1sig sz\u00e1mos, hasznos inform\u00e1ci\u00f3t gy\u0171jt\u00f6ttek \u00f6ssze.<\/p>\n\n\n\n<figure class=\"wp-block-image size-large\"><img loading=\"lazy\" width=\"724\" height=\"1024\" src=\"https:\/\/yelon.hu\/szuloknek\/wp-content\/uploads\/2020\/03\/1-724x1024.png\" alt=\"virtu\u00e1lis oktat\u00e1s\" class=\"wp-image-4351\" srcset=\"https:\/\/yelon.hu\/szuloknek\/wp-content\/uploads\/2020\/03\/1-724x1024.png 724w, https:\/\/yelon.hu\/szuloknek\/wp-content\/uploads\/2020\/03\/1-212x300.png 212w, https:\/\/yelon.hu\/szuloknek\/wp-content\/uploads\/2020\/03\/1-768x1086.png 768w, https:\/\/yelon.hu\/szuloknek\/wp-content\/uploads\/2020\/03\/1-1086x1536.png 1086w, https:\/\/yelon.hu\/szuloknek\/wp-content\/uploads\/2020\/03\/1-1448x2048.png 1448w, https:\/\/yelon.hu\/szuloknek\/wp-content\/uploads\/2020\/03\/1.png 1587w\" sizes=\"(max-width: 724px) 100vw, 724px\" \/><\/figure>\n\n\n\n<p><em>A teljes t\u00e1j\u00e9koztat\u00f3 <a rel=\"noreferrer noopener\" aria-label=\" (\u00faj f\u00fcl\u00f6n nyitja meg)\" href=\"https:\/\/hintalovon.hu\/hu\/tanarkent-digitalis-osztalyteremben\" target=\"_blank\">ezen a linken<\/a> \u00e9rhet\u0151 el.<\/em><\/p>\n\n\n\n<p><em>Kiemelt k\u00e9p <a rel=\"noreferrer noopener\" aria-label=\"innen (\u00faj f\u00fcl\u00f6n nyitja meg)\" href=\"https:\/\/unsplash.com\/\" target=\"_blank\">innen<\/a><\/em><\/p>\n\n\n<div class=\"item\"><a href=\"https:\/\/hintalovon.hu\/hu\/adomanybolt\"> <img src=\"https:\/\/yelon.hu\/szuloknek\/wp-content\/uploads\/2020\/05\/footer-banner-yelon-adomanybolt-v2.png\"> <\/a><\/div>\n","protected":false},"excerpt":{"rendered":"<p>A Hintalovon Gyermekjogi Alap\u00edtv\u00e1ny szakmai st\u00e1bja \u00f6ssze\u00e1ll\u00edtott a tan\u00e1roknak egy seg\u00edt\u0151 anyagot, amelyben az aktu\u00e1lis helyzett\u0151l a digit\u00e1lis gyerekeken (\u00e9s az \u0151 fizikai \u00e9s lelki biztons\u00e1gukon) \u00e1t a konkr\u00e9t praktik\u00e1kig, technik\u00e1kig, valamint a magunkr\u00f3l val\u00f3 gondoskod\u00e1sig sz\u00e1mos hasznos inform\u00e1ci\u00f3t gy\u0171jt\u00f6ttek \u00f6ssze.<\/p>\n","protected":false},"author":10,"featured_media":4391,"comment_status":"closed","ping_status":"closed","sticky":false,"template":"","format":"standard","meta":[],"categories":[11,33],"tags":[1534,417,1515,1529,272,1531,201,1535,1514,1536,1513,1533],"yoast_head":"<!-- This site is optimized with the Yoast SEO plugin v15.1 - https:\/\/yoast.com\/wordpress\/plugins\/seo\/ -->\n<title>Digit\u00e1lis oszt\u00e1lytermek: \u00e9letm\u00f3dv\u00e1lt\u00e1s az oktat\u00e1sban - Yelon<\/title>\n<meta name=\"description\" content=\"Tan\u00e1rainknak egy h\u00e9tv\u00e9ge \u00e1llt a rendelkez\u00e9s\u00fckre, hogy \u00e1t\u00e1lljanak a digit\u00e1lis oktat\u00e1sra \u2013 ennek a ment\u00e1lis \u00e9s lelki r\u00e9sz\u00e9hez ny\u00fajt seg\u00edts\u00e9get ez az anyag.\" \/>\n<meta name=\"robots\" content=\"index, follow, max-snippet:-1, max-image-preview:large, max-video-preview:-1\" \/>\n<link rel=\"canonical\" href=\"https:\/\/yelon.hu\/szuloknek\/tanarkent-egy-digitalis-osztalyteremben\/\" \/>\n<meta property=\"og:locale\" content=\"hu_HU\" \/>\n<meta property=\"og:type\" content=\"article\" \/>\n<meta property=\"og:title\" content=\"Digit\u00e1lis oszt\u00e1lytermek: \u00e9letm\u00f3dv\u00e1lt\u00e1s az oktat\u00e1sban - Yelon\" \/>\n<meta property=\"og:description\" content=\"Tan\u00e1rainknak egy h\u00e9tv\u00e9ge \u00e1llt a rendelkez\u00e9s\u00fckre, hogy \u00e1t\u00e1lljanak a digit\u00e1lis oktat\u00e1sra \u2013 ennek a ment\u00e1lis \u00e9s lelki r\u00e9sz\u00e9hez ny\u00fajt seg\u00edts\u00e9get ez az anyag.\" \/>\n<meta property=\"og:url\" content=\"https:\/\/yelon.hu\/szuloknek\/tanarkent-egy-digitalis-osztalyteremben\/\" \/>\n<meta property=\"og:site_name\" content=\"Yelon\" \/>\n<meta property=\"article:published_time\" content=\"2020-03-25T09:26:00+00:00\" \/>\n<meta property=\"article:modified_time\" content=\"2020-05-20T10:11:20+00:00\" \/>\n<meta property=\"og:image\" content=\"https:\/\/yelon.hu\/szuloknek\/wp-content\/uploads\/2020\/03\/roel-dierckens-LzGjfk1SeDw-unsplash-scaled.jpg\" \/>\n\t<meta property=\"og:image:width\" content=\"2560\" \/>\n\t<meta property=\"og:image:height\" content=\"1702\" \/>\n<meta name=\"twitter:card\" content=\"summary_large_image\" \/>\n<script type=\"application\/ld+json\" class=\"yoast-schema-graph\">{\"@context\":\"https:\/\/schema.org\",\"@graph\":[{\"@type\":\"WebSite\",\"@id\":\"https:\/\/yelon.hu\/szuloknek\/#website\",\"url\":\"https:\/\/yelon.hu\/szuloknek\/\",\"name\":\"Yelon\",\"description\":\"Kamaszoknak \\u00e9s sz\\u00fcl\\u0151knek sz\\u00f3l\\u00f3 online magazin\",\"potentialAction\":[{\"@type\":\"SearchAction\",\"target\":\"https:\/\/yelon.hu\/szuloknek\/?s={search_term_string}\",\"query-input\":\"required name=search_term_string\"}],\"inLanguage\":\"hu\"},{\"@type\":\"ImageObject\",\"@id\":\"https:\/\/yelon.hu\/szuloknek\/tanarkent-egy-digitalis-osztalyteremben\/#primaryimage\",\"inLanguage\":\"hu\",\"url\":\"https:\/\/yelon.hu\/szuloknek\/wp-content\/uploads\/2020\/03\/roel-dierckens-LzGjfk1SeDw-unsplash-scaled.jpg\",\"width\":2560,\"height\":1702,\"caption\":\"digit\\u00e1lis oszt\\u00e1lyterem\"},{\"@type\":\"WebPage\",\"@id\":\"https:\/\/yelon.hu\/szuloknek\/tanarkent-egy-digitalis-osztalyteremben\/#webpage\",\"url\":\"https:\/\/yelon.hu\/szuloknek\/tanarkent-egy-digitalis-osztalyteremben\/\",\"name\":\"Digit\\u00e1lis oszt\\u00e1lytermek: \\u00e9letm\\u00f3dv\\u00e1lt\\u00e1s az oktat\\u00e1sban - Yelon\",\"isPartOf\":{\"@id\":\"https:\/\/yelon.hu\/szuloknek\/#website\"},\"primaryImageOfPage\":{\"@id\":\"https:\/\/yelon.hu\/szuloknek\/tanarkent-egy-digitalis-osztalyteremben\/#primaryimage\"},\"datePublished\":\"2020-03-25T09:26:00+00:00\",\"dateModified\":\"2020-05-20T10:11:20+00:00\",\"author\":{\"@id\":\"https:\/\/yelon.hu\/szuloknek\/#\/schema\/person\/cc8ade7915e7e03e45101714bee29a46\"},\"description\":\"Tan\\u00e1rainknak egy h\\u00e9tv\\u00e9ge \\u00e1llt a rendelkez\\u00e9s\\u00fckre, hogy \\u00e1t\\u00e1lljanak a digit\\u00e1lis oktat\\u00e1sra \\u2013 ennek a ment\\u00e1lis \\u00e9s lelki r\\u00e9sz\\u00e9hez ny\\u00fajt seg\\u00edts\\u00e9get ez az anyag.\",\"inLanguage\":\"hu\",\"potentialAction\":[{\"@type\":\"ReadAction\",\"target\":[\"https:\/\/yelon.hu\/szuloknek\/tanarkent-egy-digitalis-osztalyteremben\/\"]}]},{\"@type\":\"Person\",\"@id\":\"https:\/\/yelon.hu\/szuloknek\/#\/schema\/person\/cc8ade7915e7e03e45101714bee29a46\",\"name\":\"Nagy Vikt\\u00f3ria\",\"image\":{\"@type\":\"ImageObject\",\"@id\":\"https:\/\/yelon.hu\/szuloknek\/#personlogo\",\"inLanguage\":\"hu\",\"url\":\"https:\/\/secure.gravatar.com\/avatar\/3556f27c74a3b0989637956c35a12ea1?s=96&d=mm&r=g\",\"caption\":\"Nagy Vikt\\u00f3ria\"}}]}<\/script>\n<!-- \/ Yoast SEO plugin. -->","_links":{"self":[{"href":"https:\/\/yelon.hu\/szuloknek\/wp-json\/wp\/v2\/posts\/4350"}],"collection":[{"href":"https:\/\/yelon.hu\/szuloknek\/wp-json\/wp\/v2\/posts"}],"about":[{"href":"https:\/\/yelon.hu\/szuloknek\/wp-json\/wp\/v2\/types\/post"}],"author":[{"embeddable":true,"href":"https:\/\/yelon.hu\/szuloknek\/wp-json\/wp\/v2\/users\/10"}],"replies":[{"embeddable":true,"href":"https:\/\/yelon.hu\/szuloknek\/wp-json\/wp\/v2\/comments?post=4350"}],"version-history":[{"count":9,"href":"https:\/\/yelon.hu\/szuloknek\/wp-json\/wp\/v2\/posts\/4350\/revisions"}],"predecessor-version":[{"id":4701,"href":"https:\/\/yelon.hu\/szuloknek\/wp-json\/wp\/v2\/posts\/4350\/revisions\/4701"}],"wp:featuredmedia":[{"embeddable":true,"href":"https:\/\/yelon.hu\/szuloknek\/wp-json\/wp\/v2\/media\/4391"}],"wp:attachment":[{"href":"https:\/\/yelon.hu\/szuloknek\/wp-json\/wp\/v2\/media?parent=4350"}],"wp:term":[{"taxonomy":"category","embeddable":true,"href":"https:\/\/yelon.hu\/szuloknek\/wp-json\/wp\/v2\/categories?post=4350"},{"taxonomy":"post_tag","embeddable":true,"href":"https:\/\/yelon.hu\/szuloknek\/wp-json\/wp\/v2\/tags?post=4350"}],"curies":[{"name":"wp","href":"https:\/\/api.w.org\/{rel}","templated":true}]}}