{"id":4653,"date":"2020-05-08T17:17:00","date_gmt":"2020-05-08T15:17:00","guid":{"rendered":"https:\/\/yelon.hu\/szuloknek\/?p=4653"},"modified":"2020-05-11T17:31:48","modified_gmt":"2020-05-11T15:31:48","slug":"onbizalom-dicseret","status":"publish","type":"post","link":"https:\/\/yelon.hu\/szuloknek\/onbizalom-dicseret\/","title":{"rendered":"Csak nehogy elb\u00edzza mag\u00e1t! \u2013 Mi\u00e9rt nem dics\u00e9r\u00fcnk (j\u00f3l)?"},"content":{"rendered":"\n<p>A legt\u00f6bb sz\u00fcl\u0151 tudatosan pr\u00f3b\u00e1l figyelni arra, hogy a gyereke j\u00f3 min\u0151s\u00e9g\u0171, a szervezete sz\u00e1m\u00e1ra sz\u00fcks\u00e9ges \u00e9teleket fogyasszon, rendszeresen mozogjon, eleget aludjon, megfelel\u0151 oktat\u00e1sban r\u00e9szes\u00fclj\u00f6n. Ha beteg, orvoshoz k\u00eds\u00e9ri, ha seg\u00edts\u00e9gre van sz\u00fcks\u00e9ge, k\u00fcl\u00f6n\u00f3r\u00e1ra vagy fejleszt\u0151 szakemberhez, ha pedig a gyerek \u00f6nbizalma szorulna fejleszt\u00e9sre, akkor&#8230; Akkor sajnos legink\u00e1bb tan\u00e1cstalanul sz\u00e9tt\u00e1rja a karjait. Ebben a k\u00e9rd\u00e9sben ugyanis elk\u00e9peszt\u0151en nagyot fordult az elm\u00falt p\u00e1r \u00e9vben a vil\u00e1g, \u00edgy nincsenek k\u00e9sz receptjeink \u00e9s j\u00f3 mint\u00e1ink a \u201ehogyan\u201d-ra. <\/p>\n\n\n\n<!--more-->\n\n\n\n<p>Pedig nagyon sokat seg\u00edthetn\u00e9nk a gyerekeinknek,ha az \u00f6n\u00e9rt\u00e9kel\u00e9s\u00fck alakul\u00e1s\u00e1nak \u00e9s stabilit\u00e1s\u00e1nak is elegend\u0151 figyelmet szenteln\u00e9nk \u2013 \u00e9s ezt \u00e1ltal\u00e1ban elm\u00e9letben tudjuk is. M\u00e9gis mi g\u00e1tol meg minket abban, hogy a tetteink is ezt t\u00fckr\u00f6zz\u00e9k? P\u00e9ld\u00e1ul az al\u00e1bbi, dics\u00e9rettel kapcsolatos t\u00e9vhitek. <\/p>\n\n\n\n<h2><strong>1. Mert nem \u00e9rezz\u00fck sz\u00fcks\u00e9g\u00e9t<\/strong><\/h2>\n\n\n\n<p>Sokan val\u00f3sz\u00edn\u0171leg olyan hangulatban nevelkedt\u00fck, hogy azt a mondatot, miszerint \u201ecsak nehogy elb\u00edzd magad!\u201d l\u00e9nyegesen t\u00f6bbsz\u00f6r hallhattuk, mint azt, hogy \u201egratul\u00e1lok, sz\u00e9p munka\/megold\u00e1s\/eredm\u00e9ny!\u201d. Biztosan van k\u00f6zt\u00fcnk, aki ezt az\u00f3ta az el\u0151ny\u00e9re ford\u00edtotta, \u00e9s nem azt \u00e9li meg, hogy soha semmi nem el\u00e9g j\u00f3, amit csin\u00e1l, hanem \u00e1lland\u00f3 motiv\u00e1ci\u00f3t tal\u00e1l az \u00fajabb \u00e9s \u00fajabb bizony\u00edt\u00e1si k\u00eds\u00e9rletekben \u2013 ahogy sokan lehetnek olyanok is, akik id\u0151vel elfogadt\u00e1k, hogy senki nem t\u00f6k\u00e9letes, \u00e9s m\u00e1ra legink\u00e1bb maguknak akarnak megfelelni. <\/p>\n\n\n\n<p>Azt viszont sokszor nem is tudatos\u00edtjuk, hogy a magunkkal szemben t\u00e1masztott elv\u00e1r\u00e1sok hogyan alakultak, \u00e9s mekkora szerep\u00fck lehet benne a gyerekkorunkb\u00f3l hozott visszajelz\u00e9seknek.<\/p>\n\n\n\n<div class=\"wp-block-image\"><figure class=\"aligncenter size-large\"><img loading=\"lazy\" width=\"694\" height=\"1024\" src=\"https:\/\/yelon.hu\/szuloknek\/wp-content\/uploads\/2020\/05\/Dove_Infografika_HUN-lanyok-es-az-onbizalom-kutatas-694x1024.jpg\" alt=\"\" class=\"wp-image-4654\" srcset=\"https:\/\/yelon.hu\/szuloknek\/wp-content\/uploads\/2020\/05\/Dove_Infografika_HUN-lanyok-es-az-onbizalom-kutatas-694x1024.jpg 694w, https:\/\/yelon.hu\/szuloknek\/wp-content\/uploads\/2020\/05\/Dove_Infografika_HUN-lanyok-es-az-onbizalom-kutatas-203x300.jpg 203w, https:\/\/yelon.hu\/szuloknek\/wp-content\/uploads\/2020\/05\/Dove_Infografika_HUN-lanyok-es-az-onbizalom-kutatas-768x1134.jpg 768w, https:\/\/yelon.hu\/szuloknek\/wp-content\/uploads\/2020\/05\/Dove_Infografika_HUN-lanyok-es-az-onbizalom-kutatas-1040x1536.jpg 1040w, https:\/\/yelon.hu\/szuloknek\/wp-content\/uploads\/2020\/05\/Dove_Infografika_HUN-lanyok-es-az-onbizalom-kutatas-1387x2048.jpg 1387w, https:\/\/yelon.hu\/szuloknek\/wp-content\/uploads\/2020\/05\/Dove_Infografika_HUN-lanyok-es-az-onbizalom-kutatas-scaled.jpg 1734w\" sizes=\"(max-width: 694px) 100vw, 694px\" \/><\/figure><\/div>\n\n\n\n<h4><strong>A megjelen\u00e9s \u00f6nkifejez\u00e9s is<\/strong><\/h4>\n\n\n\n<p>A mai gyerekeknek viszont m\u00e9g enn\u00e9l is nehezebb dolguk van, hiszen sokkal t\u00f6bb fel\u00fcleten tal\u00e1lkoznak elv\u00e1r\u00e1sokkal, lehets\u00e9ges igazod\u00e1si mint\u00e1kkal, mik\u00f6zben ezek realit\u00e1s\u00e1r\u00f3l l\u00e9nyegesen kevesebbet besz\u00e9l\u00fcnk, mint amennyire indokolt lenne az alapj\u00e1n, amennyire \u00e1tsz\u00f6vik a mindennapjainkat a mindenf\u00e9le sztereot\u00edpi\u00e1k \u00e9s ide\u00e1lok.T\u00f6bbek k\u00f6zt ezekre a k\u00e9rd\u00e9sekre is adott v\u00e1laszul dolgozt\u00e1k ki a Dove szakemberei a <a href=\"https:\/\/unilever.demdex.net\/event?d_event=click&amp;d_bu=317167&amp;c_medium=Display-Other&amp;c_destination=Unilever&amp;c_country=HU&amp;c_campaignname=L-5-Skin-Cleansing_Self-Esteem-DSEP_CN000188_Apr2020&amp;c_prodcat=CH1201&amp;c_brandcode=BH0162&amp;d_adgroup=Other_Broad_Hintalovon_Yelon_Native-article&amp;c_contenttype=Other&amp;c_source=Other&amp;d_rd=https%3A%2F%2Fwww.dove.com%2Fhu%2Fdove-self-esteem-project%2Fhelp-for-parents.html%3Futm_medium%3Ddisplay%26utm_source%3DYelon%26utm_campaign%3DL-5-Skin-Cleansing_Self-Esteem-DSEP_CN000188_Apr2020%26utm_content%3DOther_Awareness_Other_Other_Hintalovon_Yelon_Native-article\" target=\"_blank\" rel=\"noreferrer noopener\" aria-label=\"Dove \u00d6nbizalom Programot (\u00faj f\u00fcl\u00f6n nyitja meg)\">Dove \u00d6nbizalom Programot<\/a>, ami sz\u00fcl\u0151knek \u00e9s pedag\u00f3gusoknak seg\u00edt abban, hogy a kamaszok \u00f6nbizalm\u00e1nak ki\u00e9p\u00edt\u00e9s\u00e9t tudatosan t\u00e1mogass\u00e1k, a program pedig kiemelten kezeli <a rel=\"noreferrer noopener\" aria-label=\" (\u00faj f\u00fcl\u00f6n nyitja meg)\" href=\"https:\/\/www.dove.com\/hu\/dove-self-esteem-project\/help-for-parents\/media-and-celebrities\/beauty-distorted-by-media.html\" target=\"_blank\">a m\u00e9dia sz\u00e9ps\u00e9gr\u0151l alkotott k\u00e9p\u00fcnkre gyakorolt hat\u00e1s\u00e1t<\/a> \u00e9s <a rel=\"noreferrer noopener\" aria-label=\" (\u00faj f\u00fcl\u00f6n nyitja meg)\" href=\"https:\/\/www.dove.com\/hu\/dove-self-esteem-project\/help-for-parents\/media-and-celebrities\/beauty-distorted-by-media.html\" target=\"_blank\">a videoklipek negat\u00edv befoly\u00e1s\u00e1t a l\u00e1nyok \u00f6nbizalm\u00e1ra<\/a>. Ezek az anyagok nemcsak \u00f6sszefoglalj\u00e1k a t\u00e9m\u00e1kban fontos tudnival\u00f3kat, hanem konkr\u00e9t megold\u00e1sokat is javasolnak tan\u00e1csokkal, list\u00e1kkal \u00e9s \u00f6tletekkel. <\/p>\n\n\n\n<p>A mi gyerekeinknek sokkal, de sokkal nehezebb f\u00fcggetlen\u00edteni\u00fck magukat a m\u00e9di\u00e1ban megjelen\u0151 ide\u00e1lis test k\u00e9p\u00e9t\u0151l, mint nek\u00fcnk volt, hiszen egyr\u00e9szt j\u00f3val nagyobb mennyis\u00e9gben tal\u00e1lkoznak ilyen tartalmakkal, m\u00e1sr\u00e9szt mindez m\u00e9g gyerekk\u00e9nt, egy nagyon szenzit\u00edv, befoly\u00e1solhat\u00f3 id\u0151szakban \u00e9ri \u0151ket. Ez\u00e9rt k\u00fcl\u00f6n\u00f6sen fontos lehet, hogy megtanuljunk j\u00f3l besz\u00e9lgetni az ezzel kapcsolatos \u00e9rz\u00e9seikr\u0151l \u00e9s gondolataikr\u00f3l, ezzel is seg\u00edtve azok felismer\u00e9s\u00e9t \u00e9s meg\u00e9l\u00e9s\u00e9t.<\/p>\n\n\n\n<h2><strong>2. Mert att\u00f3l tartunk, hogy k\u00e1ros<\/strong><\/h2>\n\n\n\n<p>Ha mi magunk is olyan k\u00f6rnyezetben n\u0151tt\u00fcnk fel, ahol a dics\u00e9ret nagyon ritka vend\u00e9g volt, \u00e9s az \u00e9rkez\u00e9s\u00e9t (tal\u00e1n a szokatlans\u00e1ga miatt is) \u00e1ltal\u00e1ban n\u00e9mi szorong\u00e1s is k\u00eds\u00e9rte, joggal gondolhatjuk, hogy vesz\u00e9lyes lehet, hogy nincs helye a mindennapjainkban. Ha sokat hallottuk gyerekk\u00e9nt, hogy \u00f3vatosan kell b\u00e1nni vele, k\u00fcl\u00f6nben a c\u00edmzettje elb\u00edzhatja mag\u00e1t, lehet, nem is nagyon mer\u00fcnk pr\u00f3b\u00e1lkozni, nehogy baj legyen. <\/p>\n\n\n\n<p>A legt\u00f6bb kamasz azonban, m\u00e9g ha kifel\u00e9 azt is mutatja, hogy alig b\u00edrja el az eg\u00f3j\u00e1t, bel\u00fcl a gyakran tele van k\u00e9ts\u00e9gekkel, bizonytalans\u00e1gokkal, f\u00e9lelmekkel, \u00e9s folyamatosan \u00fajabb igazod\u00e1si pontokhoz m\u00e9rve mag\u00e1t keres visszaigazol\u00e1st arra vonatkoz\u00f3an, hogy el\u00e9g j\u00f3-e. Hiszen minden megv\u00e1ltozik benne \u00e9s k\u00f6r\u00fcl\u00f6tte ebben az id\u0151szakban, \u00e9s a kor\u00e1bban biztosnak hitt kapaszkod\u00f3kra m\u00e1r nem tud ugyan\u00fagy t\u00e1maszkodni.<\/p>\n\n\n\n<h4><strong>A \u201et\u00fal sok dics\u00e9ret\u201d m\u00edtosza<\/strong><\/h4>\n\n\n\n<p>Mindezek alapj\u00e1n m\u00e9g az is lehet, hogy a \u201ecsak nehogy elb\u00edzza mag\u00e1t!\u201d mondat val\u00f3j\u00e1ban egy olyan babona, amivel m\u00e9g senki nem mert vitatkozni, annyira r\u00e9gen cipelj\u00fck magunkkal. Nem nagyon tudunk olyanr\u00f3l, akinek meg\u00e1rtott volna a \u201et\u00fal sok\u201d dics\u00e9ret \u2013 az persze egy m\u00e1sik k\u00e9rd\u00e9s, hogy az elismer\u0151 szavak val\u00f3diak-e, val\u00f3ban dics\u00e9retk\u00e9nt fogadhat\u00f3ak-e. Hiszen ha nincs m\u00f6g\u00f6tte val\u00f3di figyelem, \u00fcres sz\u00f3 marad, ha pedig adotts\u00e1got \u00e9rt\u00e9kel, nem er\u0151fesz\u00edt\u00e9st vagy tettet, akkor nem annyira sz\u00f3l az \u00e9rintettr\u0151l, mint a saj\u00e1t \u00e9rt\u00e9k\u00edt\u00e9let\u00fcnkr\u0151l (hogy nek\u00fcnk mi tetszik, sz\u00e1munkra mi \u00e9rt\u00e9kes).<\/p>\n\n\n\n<p>\u00c9rdemes lehet teh\u00e1t ahelyett, hogy nehogy t\u00fal sokat dics\u00e9rj\u00fcnk, arra figyelni, hogy \u00e9rdemben, j\u00f3kor \u00e9s j\u00f3 dolgokat illess\u00fcnk dics\u00e9r\u0151 szavakkal. A Dove \u00d6nbizalom Programja any\u00e1k \u00e9s ap\u00e1k sz\u00e1m\u00e1ra, t\u00e9m\u00e1k szerint <a rel=\"noreferrer noopener\" aria-label=\" (\u00faj f\u00fcl\u00f6n nyitja meg)\" href=\"https:\/\/www.dove.com\/hu\/dove-self-esteem-project\/help-for-parents\/respecting-and-looking-after-yourself.html#\" target=\"_blank\">\u00f6sszegy\u0171jt\u00f6tt tan\u00e1csai<\/a> ebben is seg\u00edthetnek \u2013 a programhoz r\u00e1ad\u00e1sul tartozik egy pedag\u00f3gusok sz\u00e1m\u00e1ra \u00f6ssze\u00e1ll\u00edtott <a rel=\"noreferrer noopener\" aria-label=\" (\u00faj f\u00fcl\u00f6n nyitja meg)\" href=\"https:\/\/www.dove.com\/hu\/dove-self-esteem-project\/school-workshops-on-body-image-confident-me.html\" target=\"_blank\">m\u00f3dszertan<\/a> is, \u00edgy az otthon elkezdett besz\u00e9lget\u00e9sek ak\u00e1r az iskol\u00e1ban, a kort\u00e1rsakkal egy\u00fctt gondolkodva is folytathat\u00f3ak lehetnek. <\/p>\n\n\n\n<h2><strong>3. Mert nem tudjuk, hogyan kell<\/strong><\/h2>\n\n\n\n<p>\u00d6sszegezve a fentieket, a dics\u00e9ret nemcsak hasznos, de egy nagyon fontos eszk\u00f6z is lehet a kez\u00fcnkben, amikor a gyerekeink \u00f6n\u00e9rt\u00e9kel\u00e9s\u00e9r\u0151l gondolkodunk \u2013 t\u00e9ny viszont, hogy sokunknak val\u00f3sz\u00edn\u0171leg m\u00e9g csak most kell majd megtanulnia a haszn\u00e1lat\u00e1t. A j\u00f3 h\u00edr azonban, hogy a dics\u00e9retet adni \u00e9s fogadni is meg lehet tanulni, k\u00f6zben r\u00e1ad\u00e1sul ebben is j\u00f3 mint\u00e1k lehet\u00fcnk a gyerekeink sz\u00e1m\u00e1ra: seg\u00edthet\u00fcnk neki azzal is, ha azt l\u00e1tja, hogy a sz\u00fclei k\u00e9pesek szeretni \u00e9s elfogadni magukat, hogy \u0151k maguk is tudj\u00e1k fogadni a dics\u00e9reteket. <\/p>\n\n\n\n<p>A Dove \u00d6nbizalom Program egyik v\u00e1llalt c\u00e9lja a ma gyerekei sz\u00e1m\u00e1ra a sz\u00fcleik \u00e9s tan\u00e1raik seg\u00edts\u00e9g\u00e9vel egy olyan j\u00f6v\u0151k\u00e9p felv\u00e1zol\u00e1sa, ahol a sz\u00e9ps\u00e9g az \u00f6nbizalom \u00e9s nem pedig a frusztr\u00e1ci\u00f3 forr\u00e1sa \u2013 ez\u00e9rt pedig mindannyian tehet\u00fcnk!<\/p>\n\n\n\n<p><em>A cikk a Dove \u00d6nbizalom Program t\u00e1mogat\u00e1s\u00e1val k\u00e9sz\u00fclt.<\/em><\/p>\n\n\n\n<p><em>Kiemelt k\u00e9p <a href=\"https:\/\/unsplash.com\/\" target=\"_blank\" rel=\"noreferrer noopener\" aria-label=\"innen (\u00faj f\u00fcl\u00f6n nyitja meg)\">innen<\/a>.<\/em><\/p>\n","protected":false},"excerpt":{"rendered":"<p>Te tudod, hogyan t\u00e1mogathatod a gyerekedet abban, hogy szeresse \u00e9s elfogadja mag\u00e1t? Az \u00f6nbizalom nagyon fontos b\u00e1zisa lesz a gyerekeink \u00f6n\u00e9rt\u00e9kel\u00e9s\u00e9nek \u2013 \u00e9rdemes lehet tudatosan foglalkozni vele.<\/p>\n","protected":false},"author":10,"featured_media":4656,"comment_status":"closed","ping_status":"closed","sticky":false,"template":"","format":"standard","meta":[],"categories":[11,33],"tags":[119,1675,1028,1142,374,1672,1000,1674,1182,1038,1669,1670,1671,1673,1666,1667,848,1676,225,1668,164,43,1309],"yoast_head":"<!-- This site is optimized with the Yoast SEO plugin v15.1 - https:\/\/yoast.com\/wordpress\/plugins\/seo\/ -->\n<title>Csak nehogy elb\u00edzza mag\u00e1t! \u2013 Mi\u00e9rt nem dics\u00e9r\u00fcnk (j\u00f3l)? - Yelon<\/title>\n<meta name=\"description\" content=\"A gyerek\u00fcnk \u00f6n\u00e9rt\u00e9kel\u00e9se szempontj\u00e1b\u00f3l az \u00f6nbizalma kritikus lehet \u2013 ebben pedig kiemelten fontos a mi szerep\u00fcnk \u00e9s az \u00e1ltalunk mutatott p\u00e9lda.\" \/>\n<meta name=\"robots\" content=\"index, follow, max-snippet:-1, max-image-preview:large, max-video-preview:-1\" \/>\n<link rel=\"canonical\" href=\"https:\/\/yelon.hu\/szuloknek\/onbizalom-dicseret\/\" \/>\n<meta property=\"og:locale\" content=\"hu_HU\" \/>\n<meta property=\"og:type\" content=\"article\" \/>\n<meta property=\"og:title\" content=\"Csak nehogy elb\u00edzza mag\u00e1t! \u2013 Mi\u00e9rt nem dics\u00e9r\u00fcnk (j\u00f3l)? - Yelon\" \/>\n<meta property=\"og:description\" content=\"A gyerek\u00fcnk \u00f6n\u00e9rt\u00e9kel\u00e9se szempontj\u00e1b\u00f3l az \u00f6nbizalma kritikus lehet \u2013 ebben pedig kiemelten fontos a mi szerep\u00fcnk \u00e9s az \u00e1ltalunk mutatott p\u00e9lda.\" \/>\n<meta property=\"og:url\" content=\"https:\/\/yelon.hu\/szuloknek\/onbizalom-dicseret\/\" \/>\n<meta property=\"og:site_name\" content=\"Yelon\" \/>\n<meta property=\"article:published_time\" content=\"2020-05-08T15:17:00+00:00\" \/>\n<meta property=\"article:modified_time\" content=\"2020-05-11T15:31:48+00:00\" \/>\n<meta property=\"og:image\" content=\"https:\/\/yelon.hu\/szuloknek\/wp-content\/uploads\/2020\/05\/onbizalom-lanyok-dove-scaled.jpg\" \/>\n\t<meta property=\"og:image:width\" content=\"2560\" \/>\n\t<meta property=\"og:image:height\" content=\"1707\" \/>\n<meta name=\"twitter:card\" content=\"summary_large_image\" \/>\n<script type=\"application\/ld+json\" class=\"yoast-schema-graph\">{\"@context\":\"https:\/\/schema.org\",\"@graph\":[{\"@type\":\"WebSite\",\"@id\":\"https:\/\/yelon.hu\/szuloknek\/#website\",\"url\":\"https:\/\/yelon.hu\/szuloknek\/\",\"name\":\"Yelon\",\"description\":\"Kamaszoknak \\u00e9s sz\\u00fcl\\u0151knek sz\\u00f3l\\u00f3 online magazin\",\"potentialAction\":[{\"@type\":\"SearchAction\",\"target\":\"https:\/\/yelon.hu\/szuloknek\/?s={search_term_string}\",\"query-input\":\"required name=search_term_string\"}],\"inLanguage\":\"hu\"},{\"@type\":\"ImageObject\",\"@id\":\"https:\/\/yelon.hu\/szuloknek\/onbizalom-dicseret\/#primaryimage\",\"inLanguage\":\"hu\",\"url\":\"https:\/\/yelon.hu\/szuloknek\/wp-content\/uploads\/2020\/05\/onbizalom-lanyok-dove-scaled.jpg\",\"width\":2560,\"height\":1707,\"caption\":\"\\u00d6nbizalom, program\"},{\"@type\":\"WebPage\",\"@id\":\"https:\/\/yelon.hu\/szuloknek\/onbizalom-dicseret\/#webpage\",\"url\":\"https:\/\/yelon.hu\/szuloknek\/onbizalom-dicseret\/\",\"name\":\"Csak nehogy elb\\u00edzza mag\\u00e1t! \\u2013 Mi\\u00e9rt nem dics\\u00e9r\\u00fcnk (j\\u00f3l)? - Yelon\",\"isPartOf\":{\"@id\":\"https:\/\/yelon.hu\/szuloknek\/#website\"},\"primaryImageOfPage\":{\"@id\":\"https:\/\/yelon.hu\/szuloknek\/onbizalom-dicseret\/#primaryimage\"},\"datePublished\":\"2020-05-08T15:17:00+00:00\",\"dateModified\":\"2020-05-11T15:31:48+00:00\",\"author\":{\"@id\":\"https:\/\/yelon.hu\/szuloknek\/#\/schema\/person\/cc8ade7915e7e03e45101714bee29a46\"},\"description\":\"A gyerek\\u00fcnk \\u00f6n\\u00e9rt\\u00e9kel\\u00e9se szempontj\\u00e1b\\u00f3l az \\u00f6nbizalma kritikus lehet \\u2013 ebben pedig kiemelten fontos a mi szerep\\u00fcnk \\u00e9s az \\u00e1ltalunk mutatott p\\u00e9lda.\",\"inLanguage\":\"hu\",\"potentialAction\":[{\"@type\":\"ReadAction\",\"target\":[\"https:\/\/yelon.hu\/szuloknek\/onbizalom-dicseret\/\"]}]},{\"@type\":\"Person\",\"@id\":\"https:\/\/yelon.hu\/szuloknek\/#\/schema\/person\/cc8ade7915e7e03e45101714bee29a46\",\"name\":\"Nagy Vikt\\u00f3ria\",\"image\":{\"@type\":\"ImageObject\",\"@id\":\"https:\/\/yelon.hu\/szuloknek\/#personlogo\",\"inLanguage\":\"hu\",\"url\":\"https:\/\/secure.gravatar.com\/avatar\/3556f27c74a3b0989637956c35a12ea1?s=96&d=mm&r=g\",\"caption\":\"Nagy Vikt\\u00f3ria\"}}]}<\/script>\n<!-- \/ Yoast SEO plugin. -->","_links":{"self":[{"href":"https:\/\/yelon.hu\/szuloknek\/wp-json\/wp\/v2\/posts\/4653"}],"collection":[{"href":"https:\/\/yelon.hu\/szuloknek\/wp-json\/wp\/v2\/posts"}],"about":[{"href":"https:\/\/yelon.hu\/szuloknek\/wp-json\/wp\/v2\/types\/post"}],"author":[{"embeddable":true,"href":"https:\/\/yelon.hu\/szuloknek\/wp-json\/wp\/v2\/users\/10"}],"replies":[{"embeddable":true,"href":"https:\/\/yelon.hu\/szuloknek\/wp-json\/wp\/v2\/comments?post=4653"}],"version-history":[{"count":3,"href":"https:\/\/yelon.hu\/szuloknek\/wp-json\/wp\/v2\/posts\/4653\/revisions"}],"predecessor-version":[{"id":4658,"href":"https:\/\/yelon.hu\/szuloknek\/wp-json\/wp\/v2\/posts\/4653\/revisions\/4658"}],"wp:featuredmedia":[{"embeddable":true,"href":"https:\/\/yelon.hu\/szuloknek\/wp-json\/wp\/v2\/media\/4656"}],"wp:attachment":[{"href":"https:\/\/yelon.hu\/szuloknek\/wp-json\/wp\/v2\/media?parent=4653"}],"wp:term":[{"taxonomy":"category","embeddable":true,"href":"https:\/\/yelon.hu\/szuloknek\/wp-json\/wp\/v2\/categories?post=4653"},{"taxonomy":"post_tag","embeddable":true,"href":"https:\/\/yelon.hu\/szuloknek\/wp-json\/wp\/v2\/tags?post=4653"}],"curies":[{"name":"wp","href":"https:\/\/api.w.org\/{rel}","templated":true}]}}