{"id":4727,"date":"2020-05-29T00:37:00","date_gmt":"2020-05-28T22:37:00","guid":{"rendered":"https:\/\/yelon.hu\/szuloknek\/?p=4727"},"modified":"2020-09-03T11:50:03","modified_gmt":"2020-09-03T09:50:03","slug":"errol-szol-a-tiktok","status":"publish","type":"post","link":"https:\/\/yelon.hu\/szuloknek\/errol-szol-a-tiktok\/","title":{"rendered":"\u201eItt b\u00e1rmi el\u0151fordulhat\u201d \u2013 Ilyen a TikTok gyerek- \u00e9s feln\u0151tt szemmel"},"content":{"rendered":"\n<h2><strong>Gyerekszemmel: egy k\u00fcl\u00f6n univerzum \u2013 just for you<\/strong><\/h2>\n\n\n\n<p>Velev D\u00f3ra \u00edgy pr\u00f3b\u00e1lja elmagyar\u00e1zni a sz\u00fcl\u0151knek, hogy mi is az a TikTok: \u201eAz egy k\u00fcl\u00f6n univerzum. Aki ismeri, azt tudja, hogy itt b\u00e1rmi el\u0151fordulhat. A TikTok els\u0151sorban egy <a rel=\"noreferrer noopener\" aria-label=\"k\u00f6z\u00f6ss\u00e9gim\u00e9dia-platform (\u00faj f\u00fcl\u00f6n nyitja meg)\" href=\"https:\/\/yelon.hu\/szuloknek\/kozossegi-media-hasznalata-korhatar\/\" target=\"_blank\">k\u00f6z\u00f6ss\u00e9gim\u00e9dia-platform<\/a>, ami a szok\u00e1sos dolgokat is tartalmazza, mint p\u00e9ld\u00e1ul cset, megoszt\u00e1sok, kommentek, kedvel\u00e9sek, k\u00f6vet\u00e9sek. Azonban az oldal l\u00e9nyege a videomegoszt\u00e1s \u00e9s a k\u00f6vet\u0151gy\u0171jt\u00e9s. \u00c9s ez az, amit\u0151l olyan misztikus az eg\u00e9sz: ugyanis arra nincs pontos v\u00e1lasz, hogy milyen tipikus vide\u00f3k vannak a TikTokon. Az oldal g\u00f6rget\u00e9se k\u00f6zben tal\u00e1lkozhatunk nyugd\u00edjasokkal, sz\u00fcl\u0151kkel, teljes csal\u00e1dokkal, kisgyerekekkel, \u00e1llatokkal, tematikus vide\u00f3kkal, rejt\u0151zk\u00f6d\u0151kkel, a k\u00f6z\u00f6ss\u00e9gi m\u00e9dia celebjeivel, \u00e9s nyilv\u00e1n a t\u00falnyom\u00f3 t\u00f6bbs\u00e9g a fiatalok.<\/p>\n\n\n\n<!--more-->\n\n\n\n<p>Minden csoport m\u00e1sk\u00e9pp van jelen, de van, ami m\u00e9gis k\u00f6z\u00f6s benn\u00fck, ami nem m\u00e1s, mint a \u00bbforyoupage\u00ab. Az oldalnak igaz\u00e1b\u00f3l k\u00e9t r\u00e9sze van. Az egyiken az \u00e1ltalunk k\u00f6vetett emberek vide\u00f3it tal\u00e1ljuk, a m\u00e1sik, a m\u00e1r eml\u00edtett \u00bbforyou\u00ab pedig az oldal algoritmusa \u00e1ltal kiv\u00e1lasztott, kifejezetten \u00bbnek\u00fcnk aj\u00e1nlott\u00ab vide\u00f3kat mutatja. Itt j\u00f6n az a r\u00e9sz, amikor b\u00e1rmi szembej\u00f6het vel\u00fcnk: mivel ez egy nemzetk\u00f6zi platform, azaz teljesen m\u00e1s kontinensekr\u0151l is kidobhat tartalmakat, illetve az \u00e1ltalunk k\u00e9sz\u00edtett vide\u00f3kat is kidobja m\u00e1s orsz\u00e1gokban. \u00c9s a legt\u00f6bben erre is t\u00f6rekednek, mivel onnan szinte egyb\u0151l felkapott lesz a vide\u00f3, \u00e9s r\u00f6vid id\u0151 alatt t\u00f6bb milli\u00f3 kedvel\u00e9st is el\u00e9rhet a vil\u00e1g b\u00e1rmely pontj\u00e1r\u00f3l. Ide viszont nem nagy m\u0171v\u00e9szet kiker\u00fclni, ugyanis el\u00e9g p\u00e1r hashtag (ami erre utal), egy kev\u00e9s kreativit\u00e1s (ami elhagyhat\u00f3), polg\u00e1rpukkaszt\u00e1s\/netdr\u00e1m\u00e1k vagy a legk\u00f6nnyebb \u00fat: a trendek. Ezekb\u0151l egyszerre t\u00f6bb van jelen, gyakran v\u00e1ltoznak, zen\u00e9khez k\u00f6thet\u0151k, \u00e9s egy id\u0151 ut\u00e1n sz\u00f6rnyen unalmasak, mivel az eg\u00e9sz csak az ut\u00e1nz\u00e1sr\u00f3l sz\u00f3l. Nincs meghat\u00e1rozva, milyen form\u00e1ban lehet valami trend.<\/p>\n\n\n\n<p>A leggyakoribbak a t\u00e1ncos vide\u00f3k, ahol egy adott zene koreogr\u00e1fi\u00e1j\u00e1t tanulj\u00e1k meg, vagy egy \u00e9pp n\u00e9pszer\u0171 hangra t\u00e1tognak. Lehetnek persze m\u0171v\u00e9szeti t\u00e9m\u00e1j\u00faak, vagy m\u00e9mform\u00e1ban is megjelenhetnek. Ami \u00fagymond a \u00bbforyou\u00ab, az a k\u00f6nnyen kialakul\u00f3 f\u00fcgg\u0151s\u00e9g, mivel b\u00e1rmeddig g\u00f6rgetj\u00fck, nem lesz v\u00e9ge, nem fogynak el a tartalmak, mint p\u00e9ld\u00e1ul az Instagramon, ahol csak az \u00e1ltalunk k\u00f6vetett emberek posztjait l\u00e1tjuk, \u00e9s aminek el\u0151bb-ut\u00f3bb le\u00e9r\u00fcnk az alj\u00e1ra. Itt viszont nincs ilyen, \u00e9s ez\u00e9rt hossz\u00fa \u00f3r\u00e1k tudnak \u00e9szrev\u00e9tlen\u00fcl elrep\u00fclni.\u201d<\/p>\n\n\n\n<p>Ez teh\u00e1t a TikTok a gyerekeknek. A feln\u0151ttek viszont nagyon m\u00e1st l\u00e1tnak ebben.<\/p>\n\n\n\n<h2><strong>Feln\u0151tt szemmel: k\u00ednai cenz\u00fara, szexualiz\u00e1l\u00f3 tartalmak, adathal\u00e1szat<\/strong><\/h2>\n\n\n\n<p>Az <a href=\"https:\/\/www.economist.com\/the-economist-explains\/2020\/05\/06\/why-worry-about-tiktok\">Economist nemr\u00e9g megjelent cikke<\/a> tr\u00f3jai fal\u00f3k\u00e9nt \u00edrja le az alkalmaz\u00e1st, amely lehet\u0151v\u00e9 teszi a k\u00ednai korm\u00e1nynak a hozz\u00e1f\u00e9r\u00e9st a felhaszn\u00e1l\u00f3i adatokhoz, hiszen a TikTok az egyetlen olyan k\u00ednai k\u00f6z\u00f6ss\u00e9gim\u00e9dia-fel\u00fclet, amit vil\u00e1gviszonylatban ma m\u00e1r gyakrabban t\u00f6ltenek le, mint a Facebookot. Az <a href=\"https:\/\/yelon.hu\/szuloknek\/hogyan-posztoljunk-a-gyerekeinkrol\/\" target=\"_blank\" rel=\"noreferrer noopener\" aria-label=\"adatbiztons\u00e1g (\u00faj f\u00fcl\u00f6n nyitja meg)\">adatbiztons\u00e1g<\/a> (pontosabban annak hi\u00e1nya) miatt a TikTok minden id\u0151k legnagyobb b\u00edrs\u00e1g\u00e1t kapta az Egyes\u00fclt \u00c1llamokban, miut\u00e1n kider\u00fclt, hogy gyerekek adatait jogellenesen gy\u0171jt\u00f6tte \u00e9s adta el. Az\u00f3ta a TikTok azt bizonygatja, hogy most m\u00e1r sokkal biztons\u00e1gosabb, de a tapasztalatok m\u00e1st mutatnak. A k\u00ednai cenz\u00fara ny\u00edltan jelen van az alkalmaz\u00e1sban \u2013 amib\u0151l a szakemberek t\u00f6bbs\u00e9ge arra k\u00f6vetkeztet, hogy ha nehezebb is lett az adatokhoz val\u00f3 hozz\u00e1f\u00e9r\u00e9s\u00fck, de tov\u00e1bbra is m\u0171k\u00f6dik. A TikTok teh\u00e1t hi\u00e1ba egy \u00f6n\u00e1ll\u00f3 univerzum, a f\u00f6ldi hatalmak igen akt\u00edvan befoly\u00e1solj\u00e1k a m\u0171k\u00f6d\u00e9s\u00e9t.<\/p>\n\n\n\n<p>A TikTok egy\u00e9bk\u00e9nt abban is k\u00fcl\u00f6nleges, hogy gyorsan reag\u00e1l, \u00e9s hipersebess\u00e9ggel n\u00f6vekszik. A <a rel=\"noreferrer noopener\" aria-label=\"koronav\u00edrus-j\u00e1rv\u00e1ny (\u00faj f\u00fcl\u00f6n nyitja meg)\" href=\"https:\/\/yelon.hu\/szuloknek\/a-koronavirus-szulokent-felelosen\/\" target=\"_blank\">koronav\u00edrus-j\u00e1rv\u00e1ny<\/a> idej\u00e9n a #coronavirus jel\u00f6l\u00e9ssel ell\u00e1tott vide\u00f3kat t\u00f6bb mint 64 milli\u00e1rdszor n\u00e9zt\u00e9k meg, \u00e9s 4 milli\u00f3 100 ezer TikTok-felhaszn\u00e1l\u00f3 t\u00f6lt\u00f6tt fel \u201eunatkozom otthon\u201d t\u00e1ncot.<\/p>\n\n\n\n<p>Az alkalmaz\u00e1s legt\u00f6bb k\u00f6vet\u0151vel b\u00fcszk\u00e9lked\u0151 felhaszn\u00e1l\u00f3i kiv\u00e9tel n\u00e9lk\u00fcl fiatal feln\u0151ttek \u00e9s gyerekek. A legnagyobb szt\u00e1r, @charlidamelio profilja most \u00e9rte el az 54 milli\u00f3t. \u00d6sszehasonl\u00edt\u00e1sk\u00e9nt: ez kb. azt jelenti, mintha Argent\u00edna \u00e9s Magyarorsz\u00e1g teljes lakoss\u00e1ga feliratkozott volna Charlie d\u2019Amelio t\u00e1ncol\u00f3s tartalmaira. Az \u00f6v\u00e9 egy\u00e9bk\u00e9nt a min\u0151s\u00e9gibb tartalmak k\u00f6z\u00e9 tartozik \u2013 egy helyes fiatal l\u00e1ny, aki \u00fcgyesen mozog zen\u00e9re. A sz\u00fcl\u0151k val\u00f3sz\u00edn\u0171leg nem is t\u0151le tartanak, hanem a szexualiz\u00e1l\u00f3 tartalmakt\u00f3l, a k\u00f6vet\u0151- \u00e9s kedvel\u00e9shajh\u00e1sz\u00e1s miatti \u201ebev\u00e1llal\u00f3sabb\u201d vide\u00f3kt\u00f3l, a vesz\u00e9lyes TikTok-kih\u00edv\u00e1sokt\u00f3l \u00e9s az azokra odagy\u0171l\u0151, rossz sz\u00e1nd\u00e9k\u00fa feln\u0151ttekt\u0151l meg gyerekekt\u0151l.<\/p>\n\n\n\n<h2><strong>Egy eg\u00e9sz (25 \u00e9v alatti) vil\u00e1g \u00e9p\u00fcl \u2013 ellen\u0151rz\u00e9s \u00e9s szab\u00e1lyok n\u00e9lk\u00fcl<\/strong><\/h2>\n\n\n\n<p>Ahogy ezt D\u00f3ra l\u00e1tja:<\/p>\n\n\n\n<p>\u201eAmi nagyban jellemzi a TikTokot, az a felhaszn\u00e1l\u00f3i k\u00f6z\u00f6ss\u00e9g. El\u00e9g z\u00e1rtnak \u00e9s agressz\u00edvnak mondan\u00e1m, meglep\u0151en sok a rosszindulat\u00fa hozz\u00e1sz\u00f3l\u00e1s. \u00d6sszess\u00e9g\u00e9ben sokkal t\u00f6bb v\u00e9lem\u00e9nynyilv\u00e1n\u00edt\u00e1st tapasztaltam, mint m\u00e1s platformokon, ak\u00e1r pozit\u00edv, ak\u00e1r negat\u00edv ir\u00e1nyban. Ez szinte egy\u00e9rtelm\u0171en annak tudhat\u00f3 be, hogy t\u00f6bb a n\u00e9v n\u00e9lk\u00fcli regisztr\u00e1ci\u00f3, \u00e9s gyerekek uralj\u00e1k az oldalt, szab\u00e1lyok n\u00e9lk\u00fcl. Ebb\u0151l el is indulhatunk afel\u00e9, hogy mi\u00e9rt \u00f6rvend ekkora n\u00e9pszer\u0171s\u00e9gnek. A v\u00e1lasz eg\u00e9szen egyszer\u0171: mivel a sz\u00fcleink azt sem tudj\u00e1k, mi ez, \u00edgy nincsenek is jelen, nem ellen\u0151rzi senki, mit csin\u00e1lunk, sokszor felel\u0151tlen\u00fcl. Viszont ha sok embert siker\u00fcl el\u00e9rn\u00fcnk, ak\u00e1r rengeteg t\u00e1mogat\u00e1st is kaphatunk, amivel egy saj\u00e1t vil\u00e1got \u00e9p\u00edthet\u00fcnk ki a k\u00f6vet\u0151inkkel.\u201d&nbsp;<\/p>\n\n\n\n<p>Amit D\u00f3ra tapasztalt, az t\u00e9nyszer\u0171en \u00edgy van. T\u00edz TikTok-felhaszn\u00e1l\u00f3b\u00f3l h\u00e9t 25 \u00e9ven aluli. Ez egy eg\u00e9szen k\u00fcl\u00f6nleges k\u00f6z\u00f6ss\u00e9g eg\u00e9szen kiv\u00e9teles lehet\u0151s\u00e9gekkel, ez\u00e9rt nem is v\u00e1rhat\u00f3, hogy a TikTok egyhamar kifullad. A rekl\u00e1mipar \u00e9s a celebek is felfedezt\u00e9k maguknak az alkalmaz\u00e1st, egyre t\u00f6bb marketing- \u00e9s kommunik\u00e1ci\u00f3s aktivit\u00e1s jelenik meg. K\u00edn\u00e1ban a TikTok m\u00e1s n\u00e9ven fut (Douyin), \u00e9s m\u00e1r van saj\u00e1t p\u00e9nze, e-kereskedelmi r\u00e9szlege is. V\u00e1rhat\u00f3, hogy glob\u00e1lisan is ebbe az ir\u00e1nyba fognak terjedni. Id\u0151vel teh\u00e1t nemcsak a gyerekek idej\u00e9t veszi majd el az alkalmaz\u00e1s, hanem a <a href=\"https:\/\/yelon.hu\/szuloknek\/zsebpenz-gyerekeknek\/\" target=\"_blank\" rel=\"noreferrer noopener\" aria-label=\"p\u00e9nz\u00e9t (\u00faj f\u00fcl\u00f6n nyitja meg)\">p\u00e9nz\u00e9t<\/a> is.<\/p>\n\n\n\n<p>De egyel\u0151re ami az igaz\u00e1n nagy kock\u00e1zat (a t\u00falhaszn\u00e1lat mellett), az az a t\u00e9ny, hogy az alkalmaz\u00e1s vonzza a pedofilokat. Alapvet\u0151en igaz az, hogy a pedofilok sz\u00e1m\u00e1ra minden olyan platform vonz\u00f3, ahol besz\u00e9lgetni lehet gyerekekkel, hiszen itt kiszemelhetik, k\u00f6vethetik, \u00e9s elkezdhetik elcs\u00e1b\u00edtani, beh\u00e1l\u00f3zni az \u00e1ldozatukat. A <a rel=\"noreferrer noopener\" aria-label=\" (\u00faj f\u00fcl\u00f6n nyitja meg)\" href=\"https:\/\/www.bbc.com\/news\/blogs-trending-47813350\" target=\"_blank\">BBC tavaly \u00e1prilisban foglalkozott ezzel a probl\u00e9m\u00e1val<\/a>, \u00e9s felt\u00e1rta, hogy a TikTok nem sz\u0171ri ki \u00e9s t\u00e1vol\u00edtja el azokat a profilokat, amelyekr\u0151l gyerekeknek k\u00fcldenek szexu\u00e1lis tartalm\u00fa \u00fczeneteket, kih\u00edv\u00e1sokat. Az\u00f3ta ezen a t\u00e9ren mutatkozott n\u00e9mi javul\u00e1s, \u00e9s most m\u00e1r a jelzett, nem megfelel\u0151 \u00fczeneteket 24 \u00f3r\u00e1n bel\u00fcl elt\u00e1vol\u00edtj\u00e1k, m\u00e9gis nagyon k\u00f6nny\u0171 a TikTokon \u00e9szrev\u00e9tlennek maradni (f\u0151leg azoknak, akik olyan kev\u00e9ss\u00e9 ismert nyelvet haszn\u00e1lnak, mint a magyar), elt\u0171nni vagy egy esetleges letilt\u00e1s ut\u00e1n \u00faj profillal \u00fajra felbukkanni. \u00c9s nem csak a kapcsolatteremt\u00e9s lehet\u0151s\u00e9ge miatt vesz\u00e9lyes a TikTok.<\/p>\n\n\n\n<h2><strong>Hol vannak a sz\u00fcl\u0151k?<\/strong><\/h2>\n\n\n\n<p>Ahogy D\u00f3ra is \u00edrta, ezen a fel\u00fcleten d\u00f6nt\u0151en gyerekek \u00e9s fiatalok vannak, akik l\u00e9nyeg\u00e9ben feln\u0151tt jelenl\u00e9t (t\u00e1mogat\u00e1s \u00e9s ellen\u0151rz\u00e9s) n\u00e9lk\u00fcl k\u00e9sz\u00edtik \u00e9s t\u00f6ltik fel a tartalmakat. Ennek pedig nem csak az a vesz\u00e9lye, hogy pedofilok n\u00e9zik a kisl\u00e1nyok \u00e9s kisfi\u00fak \u00e1ltal lenge ruh\u00e1ban el\u0151adott, gyakran igencsak szexualiz\u00e1lt t\u00e1ncmozdulatokat. A m\u00e1sik vesz\u00e9ly az, hogy <a href=\"https:\/\/yelon.hu\/szuloknek\/online-bantalmazas\/\" target=\"_blank\" rel=\"noreferrer noopener\" aria-label=\"az internet nem felejt (\u00faj f\u00fcl\u00f6n nyitja meg)\">az internet nem felejt<\/a>, \u00e9s ez m\u00e9g a TikTok univerzum\u00e1ban is \u00edgy van.<\/p>\n\n\n\n<p>Olyan tartalmak k\u00e9sz\u00fclhetnek, amiket k\u00e9s\u0151bb megb\u00e1nnak a gyerekek. D\u00f3ra \u00edgy fogalmazza meg a sz\u00fcl\u0151k szerep\u00e9t: \u201eIlyenkor mer\u00fcl fel bennem a k\u00e9rd\u00e9s: hol vannak a sz\u00fcl\u0151k? Tudom, sz\u00f6rnyen neh\u00e9z feladat lehet a k\u00f6zel\u00fcnkbe f\u00e9rk\u0151zni, \u00e9s sokszor \u00fagy t\u0171nhet, erre ig\u00e9ny\u00fcnk sincs, viszont ez nem \u00edgy van. A titok csak annyi, hogy meg kell tal\u00e1lni a megfelel\u0151 alkalmat \u00e9s m\u00f3dot a k\u00f6zeled\u00e9sre. \u00c9n mindig azt vallom, hogy ha \u00e9rdekl\u0151d\u0151k \u00e9s nyitottak a feln\u0151ttek, akkor sz\u00edvesen beavatom \u0151ket a saj\u00e1t kis vil\u00e1gomba, \u00e1m ehhez fontos az \u0151 partners\u00e9g\u00fck is \u2013 az, hogy \u00fagy \u00e9rezzem, elfogad\u00f3 k\u00f6zegbe juttatom a titkaimat. Azt hiszem, ezen a ponton p\u00e1r \u00e9p\u00edt\u0151 jelleg\u0171, kedves kritik\u00e1t is elfogadn\u00e9k a saj\u00e1t \u00e9rdekemben, de id\u00e1ig el kell jutni.\u201d&nbsp;<\/p>\n\n\n\n<p>Teh\u00e1t a gyerekek azt jelzik, hogy t\u00f6bb sz\u00fcl\u0151i besz\u00e9lget\u00e9sre, jelenl\u00e9tre, \u00e9rdekl\u0151d\u00e9sre lenne sz\u00fcks\u00e9g\u00fck ahhoz, hogy <a rel=\"noreferrer noopener\" aria-label=\"nagyobb biztons\u00e1gban legyenek (\u00faj f\u00fcl\u00f6n nyitja meg)\" href=\"https:\/\/yelon.hu\/szuloknek\/8-fontos-digitalis-keszseg-a-gyerekeknek\/\" target=\"_blank\">nagyobb biztons\u00e1gban legyenek<\/a> a TikTokon. T\u00f6bbet kellene tudniuk a be\u00e1ll\u00edt\u00e1sokr\u00f3l is. D\u00f3ra err\u0151l is mes\u00e9lt:&nbsp;\u201eSzerencs\u00e9re a TikTokon is van m\u00f3dunk biztons\u00e1gban alkotni: ehhez el\u00e9g priv\u00e1tban vide\u00f3kat k\u00e9sz\u00edteni, azaz nem megosztani \u0151ket, \u00edgy is ugyan\u00fagy t\u00e1rolja az alkalmaz\u00e1s. Vagy lehet csak a k\u00f6zeli ismer\u0151seinkkel megosztani, akik k\u00f6vetnek minket \u2013 ehhez az oldalunkat kell priv\u00e1tt\u00e1 tenn\u00fcnk. Meg lehet \u00e1ll\u00edtani a reag\u00e1l\u00e1sokat, kommentel\u00e9seket, duettez\u00e9seket is. Ezeket az opci\u00f3kat mind a be\u00e1ll\u00edt\u00e1sokn\u00e1l vagy k\u00f6zvetlen a vide\u00f3k mellett tal\u00e1ljuk. Azonban a leghat\u00e1sosabb \u00f3vint\u00e9zked\u00e9snek m\u00e9g ezent\u00fal is azt tartom, ha besz\u00e9lget\u00fcnk egym\u00e1ssal.\u201d<\/p>\n\n\n\n<p>A feln\u0151ttek, sz\u00fcl\u0151k teh\u00e1t azzal tehetik a legt\u00f6bbet, ha nagyon sokat besz\u00e9lgetnek a TikTok-haszn\u00e1l\u00f3 gyerekekkel. Fontos, hogy k\u00edv\u00e1ncsis\u00e1ggal, elfogad\u00e1ssal \u00e9s nyitotts\u00e1ggal k\u00f6zeledjetek fel\u00e9j\u00fck, mert \u00e9rezni\u00fck kell, hogy a feln\u0151ttek nem meg- \u00e9s el\u00edt\u00e9lik \u0151ket, hanem a biztons\u00e1guk\u00e9rt \u00e9s a digit\u00e1lis j\u00f3ll\u00e9t\u00fck\u00e9rt agg\u00f3dnak.<\/p>\n\n\n\n<p>A TikTok okozhat k\u00e1rt, \u00e9s lehet vesz\u00e9lyes is, de j\u00f3l haszn\u00e1lva ezek a kock\u00e1zatok jelent\u0151s m\u00e9rt\u00e9kben cs\u00f6kkenthet\u0151k. A besz\u00e9lget\u00e9sek r\u00e9v\u00e9n kialakult bizalmi kapcsolat pedig lehet\u0151v\u00e9 teszi a sz\u00fcl\u0151k sz\u00e1m\u00e1ra, hogy ha baj van, arr\u00f3l tudjanak, \u00e9s seg\u00edthessenek a gyerekeknek megoldani \u0151ket.<\/p>\n\n\n\n<p><em>dr. Gyurk\u00f3 Szilvia gyermekjogi szak\u00e9rt\u0151, Velev D\u00f3ra (17 \u00e9ves)<\/em><\/p>\n\n\n\n<p><em>Kiemelt k\u00e9p <a href=\"https:\/\/unsplash.com\/photos\/8Dzb2sT8axU\" target=\"_blank\" rel=\"noreferrer noopener\" aria-label=\"innen (\u00faj f\u00fcl\u00f6n nyitja meg)\">innen<\/a>.<\/em><\/p>\n\n\n<div class=\"item\"><a href=\"https:\/\/hintalovon.hu\/hu\/adomanybolt\"> <img src=\"https:\/\/yelon.hu\/szuloknek\/wp-content\/uploads\/2020\/05\/footer-banner-yelon-adomanybolt-v2.png\"> <\/a><\/div>\n","protected":false},"excerpt":{"rendered":"<p>TikTok &#8211; mir\u0151l sz\u00f3l? Hogyan m\u0171k\u00f6dik? Mi\u00e9rt lehet vesz\u00e9lyes? Mit \u00e9rdemes tudni r\u00f3la? Minden egy helyen, gyerek- \u00e9s feln\u0151tt szemsz\u00f6gb\u0151l.<\/p>\n","protected":false},"author":9,"featured_media":4730,"comment_status":"closed","ping_status":"closed","sticky":false,"template":"","format":"standard","meta":[],"categories":[8,33],"tags":[1698,522,1693,1699,1697,1696,1700,1692,267,1129,1702,1691,1690,511,1695,925,47,201,1701,192,481,102,1694],"yoast_head":"<!-- This site is optimized with the Yoast SEO plugin v15.1 - https:\/\/yoast.com\/wordpress\/plugins\/seo\/ -->\n<title>\u201eItt b\u00e1rmi el\u0151fordulhat\u201d \u2013 Ilyen a TikTok gyerek- \u00e9s feln\u0151tt szemmel - Yelon<\/title>\n<meta name=\"description\" content=\"A TikTok az egyik legn\u00e9pszer\u0171bb alkalmaz\u00e1s, f\u0151leg a gyerekek, fiatalok k\u00f6r\u00e9ben, \u00e1m vesz\u00e9lyes is lehet. De mi is ez, \u00e9s hogyan lehet biztons\u00e1gosan haszn\u00e1lni?\" \/>\n<meta name=\"robots\" content=\"index, follow, max-snippet:-1, max-image-preview:large, max-video-preview:-1\" \/>\n<link rel=\"canonical\" href=\"https:\/\/yelon.hu\/szuloknek\/errol-szol-a-tiktok\/\" \/>\n<meta property=\"og:locale\" content=\"hu_HU\" \/>\n<meta property=\"og:type\" content=\"article\" \/>\n<meta property=\"og:title\" content=\"\u201eItt b\u00e1rmi el\u0151fordulhat\u201d \u2013 Ilyen a TikTok gyerek- \u00e9s feln\u0151tt szemmel - Yelon\" \/>\n<meta property=\"og:description\" content=\"A TikTok az egyik legn\u00e9pszer\u0171bb alkalmaz\u00e1s, f\u0151leg a gyerekek, fiatalok k\u00f6r\u00e9ben, \u00e1m vesz\u00e9lyes is lehet. De mi is ez, \u00e9s hogyan lehet biztons\u00e1gosan haszn\u00e1lni?\" \/>\n<meta property=\"og:url\" content=\"https:\/\/yelon.hu\/szuloknek\/errol-szol-a-tiktok\/\" \/>\n<meta property=\"og:site_name\" content=\"Yelon\" \/>\n<meta property=\"article:published_time\" content=\"2020-05-28T22:37:00+00:00\" \/>\n<meta property=\"article:modified_time\" content=\"2020-09-03T09:50:03+00:00\" \/>\n<meta property=\"og:image\" content=\"https:\/\/yelon.hu\/szuloknek\/wp-content\/uploads\/2020\/05\/tiktok-gyerek-felnott-kinai-scaled.jpg\" \/>\n\t<meta property=\"og:image:width\" content=\"2560\" \/>\n\t<meta property=\"og:image:height\" content=\"1707\" \/>\n<meta name=\"twitter:card\" content=\"summary_large_image\" \/>\n<script type=\"application\/ld+json\" class=\"yoast-schema-graph\">{\"@context\":\"https:\/\/schema.org\",\"@graph\":[{\"@type\":\"WebSite\",\"@id\":\"https:\/\/yelon.hu\/szuloknek\/#website\",\"url\":\"https:\/\/yelon.hu\/szuloknek\/\",\"name\":\"Yelon\",\"description\":\"Kamaszoknak \\u00e9s sz\\u00fcl\\u0151knek sz\\u00f3l\\u00f3 online magazin\",\"potentialAction\":[{\"@type\":\"SearchAction\",\"target\":\"https:\/\/yelon.hu\/szuloknek\/?s={search_term_string}\",\"query-input\":\"required name=search_term_string\"}],\"inLanguage\":\"hu\"},{\"@type\":\"ImageObject\",\"@id\":\"https:\/\/yelon.hu\/szuloknek\/errol-szol-a-tiktok\/#primaryimage\",\"inLanguage\":\"hu\",\"url\":\"https:\/\/yelon.hu\/szuloknek\/wp-content\/uploads\/2020\/05\/tiktok-gyerek-felnott-kinai-scaled.jpg\",\"width\":2560,\"height\":1707,\"caption\":\"tiktok mir\\u0151l sz\\u00f3l\"},{\"@type\":\"WebPage\",\"@id\":\"https:\/\/yelon.hu\/szuloknek\/errol-szol-a-tiktok\/#webpage\",\"url\":\"https:\/\/yelon.hu\/szuloknek\/errol-szol-a-tiktok\/\",\"name\":\"\\u201eItt b\\u00e1rmi el\\u0151fordulhat\\u201d \\u2013 Ilyen a TikTok gyerek- \\u00e9s feln\\u0151tt szemmel - Yelon\",\"isPartOf\":{\"@id\":\"https:\/\/yelon.hu\/szuloknek\/#website\"},\"primaryImageOfPage\":{\"@id\":\"https:\/\/yelon.hu\/szuloknek\/errol-szol-a-tiktok\/#primaryimage\"},\"datePublished\":\"2020-05-28T22:37:00+00:00\",\"dateModified\":\"2020-09-03T09:50:03+00:00\",\"author\":{\"@id\":\"https:\/\/yelon.hu\/szuloknek\/#\/schema\/person\/c9fa38f81f80ff5bbd245a64fddaee93\"},\"description\":\"A TikTok az egyik legn\\u00e9pszer\\u0171bb alkalmaz\\u00e1s, f\\u0151leg a gyerekek, fiatalok k\\u00f6r\\u00e9ben, \\u00e1m vesz\\u00e9lyes is lehet. De mi is ez, \\u00e9s hogyan lehet biztons\\u00e1gosan haszn\\u00e1lni?\",\"inLanguage\":\"hu\",\"potentialAction\":[{\"@type\":\"ReadAction\",\"target\":[\"https:\/\/yelon.hu\/szuloknek\/errol-szol-a-tiktok\/\"]}]},{\"@type\":\"Person\",\"@id\":\"https:\/\/yelon.hu\/szuloknek\/#\/schema\/person\/c9fa38f81f80ff5bbd245a64fddaee93\",\"name\":\"B. Zsofi\",\"image\":{\"@type\":\"ImageObject\",\"@id\":\"https:\/\/yelon.hu\/szuloknek\/#personlogo\",\"inLanguage\":\"hu\",\"url\":\"https:\/\/secure.gravatar.com\/avatar\/0936caaf13a2f9714ad4b7bd07dd9bca?s=96&d=mm&r=g\",\"caption\":\"B. Zsofi\"}}]}<\/script>\n<!-- \/ Yoast SEO plugin. -->","_links":{"self":[{"href":"https:\/\/yelon.hu\/szuloknek\/wp-json\/wp\/v2\/posts\/4727"}],"collection":[{"href":"https:\/\/yelon.hu\/szuloknek\/wp-json\/wp\/v2\/posts"}],"about":[{"href":"https:\/\/yelon.hu\/szuloknek\/wp-json\/wp\/v2\/types\/post"}],"author":[{"embeddable":true,"href":"https:\/\/yelon.hu\/szuloknek\/wp-json\/wp\/v2\/users\/9"}],"replies":[{"embeddable":true,"href":"https:\/\/yelon.hu\/szuloknek\/wp-json\/wp\/v2\/comments?post=4727"}],"version-history":[{"count":2,"href":"https:\/\/yelon.hu\/szuloknek\/wp-json\/wp\/v2\/posts\/4727\/revisions"}],"predecessor-version":[{"id":4731,"href":"https:\/\/yelon.hu\/szuloknek\/wp-json\/wp\/v2\/posts\/4727\/revisions\/4731"}],"wp:featuredmedia":[{"embeddable":true,"href":"https:\/\/yelon.hu\/szuloknek\/wp-json\/wp\/v2\/media\/4730"}],"wp:attachment":[{"href":"https:\/\/yelon.hu\/szuloknek\/wp-json\/wp\/v2\/media?parent=4727"}],"wp:term":[{"taxonomy":"category","embeddable":true,"href":"https:\/\/yelon.hu\/szuloknek\/wp-json\/wp\/v2\/categories?post=4727"},{"taxonomy":"post_tag","embeddable":true,"href":"https:\/\/yelon.hu\/szuloknek\/wp-json\/wp\/v2\/tags?post=4727"}],"curies":[{"name":"wp","href":"https:\/\/api.w.org\/{rel}","templated":true}]}}