{"id":4834,"date":"2020-06-30T13:36:00","date_gmt":"2020-06-30T11:36:00","guid":{"rendered":"https:\/\/yelon.hu\/szuloknek\/?p=4834"},"modified":"2021-06-18T00:16:43","modified_gmt":"2021-06-17T22:16:43","slug":"nemvaltoztatas-transz-emberek-jogai","status":"publish","type":"post","link":"https:\/\/yelon.hu\/szuloknek\/nemvaltoztatas-transz-emberek-jogai\/","title":{"rendered":"A nem- \u00e9s n\u00e9vv\u00e1ltoztat\u00e1s elt\u00f6rl\u00e9se \u00e9s a transz emberek jogai"},"content":{"rendered":"\n<p>Az Orsz\u00e1ggy\u0171l\u00e9s nemr\u00e9g \u00fagy <a href=\"https:\/\/www.parlament.hu\/irom41\/09934\/09934.pdf\" target=\"_blank\" aria-label=\"undefined (opens in a new tab)\" rel=\"noreferrer noopener\">m\u00f3dos\u00edtotta<\/a> az anyak\u00f6nyvi t\u00f6rv\u00e9nyt, hogy l\u00e9trehozta az eddigi \u201enem\u201d helyett a \u201esz\u00fclet\u00e9si nem\u201d fogalm\u00e1t, amely ut\u00f3lag nem v\u00e1ltoztathat\u00f3 meg. Az indokl\u00e1s szerint a nem meghat\u00e1roz\u00e1sa biol\u00f3giai alapokon nyugszik, az orvos az els\u0151dleges nemi jelleg, illetve a kromosz\u00f3ma alapj\u00e1n tudja azt meg\u00e1llap\u00edtani. Mivel pedig a biol\u00f3giai nem teljes megv\u00e1ltoztat\u00e1sa nem lehets\u00e9ges, \u00edgy annak a jogi m\u00f3dos\u00edt\u00e1s\u00e1ra az anyak\u00f6nyvi nyilv\u00e1ntart\u00e1sban se legyen (ut\u00f3lag) lehet\u0151s\u00e9g.<\/p>\n\n\n\n<!--more-->\n\n\n\n<p>A m\u00f3dos\u00edt\u00e1s er\u0151teljes tiltakoz\u00e1st v\u00e1ltott ki, a transz emberek \u00e9s a v\u00e9delm\u00fckre l\u00e9trej\u00f6tt szervezetek \u00fagy l\u00e1tj\u00e1k ugyanis, hogy a m\u00f3dos\u00edt\u00e1s jogs\u00e9rt\u0151, mivel ellehetetlen\u00edti a nem megv\u00e1ltoztat\u00e1s\u00e1t. A transz feln\u0151ttek mellett \u00e9rdemes sz\u00f3lni a transz gyerekekr\u0151l is, akikre szint\u00e9n hat\u00e1ssal van a szab\u00e1lyoz\u00e1s.<\/p>\n\n\n\n<h2><strong>A nemi identit\u00e1s \u00e9s az \u00f6nmeghat\u00e1roz\u00e1s egy\u00e9b esetei<\/strong><\/h2>\n\n\n\n<p>A vita \u00e9s a tiltakoz\u00e1s m\u00f6g\u00f6tt \u00e1ll\u00f3 alapjogi szempontok jobb meg\u00e9rt\u00e9s\u00e9hez \u00e9rdemes n\u00e9h\u00e1ny fontos fogalom meghat\u00e1roz\u00e1s\u00e1val kezdeni. A gyakran sz\u00f3ba ker\u00fcl\u0151 <a href=\"https:\/\/yelon.hu\/szuloknek\/a-nemi-identitas-fiu-vagy-lany\/\" target=\"_blank\" aria-label=\"undefined (opens in a new tab)\" rel=\"noreferrer noopener\">nemi identit\u00e1s<\/a> fogalma alatt azt \u00e9rtj\u00fck, hogy az illet\u0151 <a href=\"https:\/\/yelon.hu\/szuloknek\/a-biologia-donti-el-hogy-valaki-fiu-vagy-lany\/\" target=\"_blank\" aria-label=\"undefined (opens in a new tab)\" rel=\"noreferrer noopener\">sz\u00fclet\u00e9si nem\u00e9t\u0151l<\/a> f\u00fcggetlen\u00fcl melyik nemhez tartozik. A nemi identit\u00e1s teh\u00e1t a <a href=\"https:\/\/yelon.hu\/szuloknek\/biologiai-nem-es-nemi-identitas\/\" target=\"_blank\" aria-label=\"undefined (opens in a new tab)\" rel=\"noreferrer noopener\">szexu\u00e1lis orient\u00e1ci\u00f3t\u00f3l<\/a> f\u00fcggetlen kateg\u00f3ria, ez\u00e9rt \u2013 b\u00e1r nem helytelen \u2013 n\u00e9mileg megt\u00e9veszt\u0151 lehet a transzszexu\u00e1lis megnevez\u00e9s.&nbsp;<\/p>\n\n\n\n<p>A nemi identit\u00e1s m\u00e1s identit\u00e1selemekhez, \u00edgy p\u00e9ld\u00e1ul a nemzeti vagy nemzetis\u00e9gi identit\u00e1shoz, ak\u00e1r a vall\u00e1sos hithez, vil\u00e1gn\u00e9zethez hasonl\u00f3an a szem\u00e9lyis\u00e9g l\u00e9nyeges, emellett tipikusan tart\u00f3s, azonban nem megv\u00e1ltoztathatatlan von\u00e1sa. Kiv\u00e9teles dolog, hogy valakinek k\u00fcls\u0151 vagy bels\u0151 k\u00e9nyszer, trauma vagy m\u00e1s, ak\u00e1r pozit\u00edv \u00e9letesem\u00e9ny alapj\u00e1n v\u00e1ltozik az identit\u00e1sa (pl. megt\u00e9r, vagy elhagyja a vall\u00e1s\u00e1t), de kor\u00e1ntsem p\u00e9ld\u00e1tlan, s\u0151t el\u0151fordulhat az is, hogy valakinek kett\u0151s, egym\u00e1st nem kiz\u00e1r\u00f3 identit\u00e1sa lesz, p\u00e9ld\u00e1ul egy emigr\u00e1ns egyszerre \u00e9rzi mag\u00e1t magyarnak \u00e9s amerikainak.<\/p>\n\n\n\n<h2><strong>Ha a nemi identit\u00e1s nem azonos a k\u00fcls\u0151vel: a transznem\u0171s\u00e9g<\/strong><\/h2>\n\n\n\n<p>N\u00e9h\u00e1ny ember nemi identit\u00e1sa nem egyezik meg a k\u00fclsej\u00e9vel, a nem k\u00fcls\u0151 jegyeivel, \u0151ket nevezz\u00fck transznem\u0171 (a tov\u00e1bbiakban: transz) embereknek. A transznem\u0171s\u00e9g identit\u00e1s, amely arra utal, hogy az illet\u0151 nemileg hov\u00e1 tartoz\u00f3nak tartja mag\u00e1t. Vannak olyan transz emberek, akik a nemi identit\u00e1sukhoz k\u00edv\u00e1nj\u00e1k igaz\u00edtani a testi jegyeiket, \u0151k \u2013 ha erre lehet\u0151s\u00e9g\u00fck van \u2013 nemi meger\u0151s\u00edt\u0151 beavatkoz\u00e1sokban vesznek r\u00e9szt. A \u201enemi \u00e1talak\u00edt\u00f3 m\u0171t\u00e9t\u201d elnevez\u00e9st gyakrabban lehet ennek kapcs\u00e1n hallani, de ez a kifejez\u00e9s nem adja vissza pontosan a beavatkoz\u00e1s funkci\u00f3j\u00e1t, hiszen a megl\u00e9v\u0151 nemi identit\u00e1s a meghat\u00e1roz\u00f3.&nbsp;<\/p>\n\n\n\n<p>\u00c9rdemes azt is megjegyezni, hogy vannak olyan transznem\u0171 emberek is, akik egy\u00e1ltal\u00e1n nem k\u00edv\u00e1nnak nemi meger\u0151s\u00edt\u0151 beavatkoz\u00e1sban r\u00e9szes\u00fclni, vagy arra eg\u00e9szs\u00e9g\u00fcgyi, illetve m\u00e1s okb\u00f3l eleve nincs is lehet\u0151s\u00e9g\u00fck. \u00c9rtelemszer\u0171en ilyen beavatkoz\u00e1sra nem is k\u00f6telezhet\u0151 senki. A jogi \u00e9rtelemben vett nem alapj\u00e1nak teh\u00e1t ez ut\u00f3bbi csoport eset\u00e9ben is a saj\u00e1t \u00f6nazonoss\u00e1gukat, identit\u00e1son alapul\u00f3 d\u00f6nt\u00e9s\u00fcket tekintj\u00fck, f\u00fcggetlen\u00fcl a k\u00fcls\u0151, testi jegyeikt\u0151l.<\/p>\n\n\n\n<h2><strong>Az emberi m\u00e9lt\u00f3s\u00e1g joga mindig \u00e9rv\u00e9nyes<\/strong><\/h2>\n\n\n\n<p>Az eur\u00f3pai emberi jogi <a href=\"http:\/\/transvanilla.hu\/images\/letoltesek\/a_nem_jogi_elismerese_nemzetkozi_kitekintes_2015.pdf\" target=\"_blank\" aria-label=\"undefined (opens in a new tab)\" rel=\"noreferrer noopener\">gyakorlatot<\/a> \u00e1ttekintve a nemv\u00e1ltoztat\u00e1s jogi elismer\u00e9se, az ehhez kapcsol\u00f3d\u00f3 n\u00e9vv\u00e1ltoztat\u00e1s az emberi m\u00e9lt\u00f3s\u00e1ghoz val\u00f3 jogb\u00f3l vezethet\u0151 le. Az ember nem\u00e9t (\u00edgy a nev\u00e9t) ugyan sz\u00fclet\u00e9sekor a k\u00fcls\u0151 nemi jelleg alapj\u00e1n \u00e1llap\u00edtj\u00e1k meg, de a nem a k\u00e9s\u0151bbiekben semmik\u00e9ppen sem korl\u00e1toz\u00f3dik puszt\u00e1n az els\u0151dleges \u00e9s m\u00e1sodlagos nemi jellegekre, mert azt az ember saj\u00e1t nemfelfog\u00e1sa is meghat\u00e1rozza.<\/p>\n\n\n\n<p>A nem teh\u00e1t v\u00e1ltozhat, egy bel\u00e1t\u00e1si k\u00e9pess\u00e9ggel rendelkez\u0151 nagykor\u00fa szem\u00e9ly eset\u00e9n pedig egy ilyen szem\u00e9lyes d\u00f6nt\u00e9s b\u00e1rmilyen \u00e1llami korl\u00e1toz\u00e1sa er\u0151s igazol\u00e1st k\u00edv\u00e1n. Ha ugyanis a saj\u00e1t nemfelfog\u00e1s elt\u00e9r a k\u00fcls\u0151 nemi jellemz\u0151kt\u0151l, az emberi m\u00e9lt\u00f3s\u00e1g joga megk\u00f6veteli, hogy a transz ember rendelkezhessen fizikai \u00e9s pszichikai fel\u00e9p\u00edt\u00e9se \u00f6sszhangba hoz\u00e1s\u00e1r\u00f3l, ennek jogi k\u00f6vetkezm\u00e9nyeit illet\u0151en is.<\/p>\n\n\n\n<h2><strong>Mi\u00e9rt fontos besz\u00e9lni a transz emberek jogair\u00f3l \u00e9s helyzet\u00e9r\u0151l?<\/strong><\/h2>\n\n\n\n<p>A transz emberek m\u00e9g Eur\u00f3p\u00e1ban is k\u00fcl\u00f6n\u00f6sen s\u00e9r\u00fcl\u00e9keny, igen kiszolg\u00e1ltatott csoportot alkotnak. Az Eur\u00f3pai Uni\u00f3 Alapjogi \u00dcgyn\u00f6ks\u00e9g\u00e9nek <a aria-label=\"undefined (opens in a new tab)\" href=\"http:\/\/fra.europa.eu\/sites\/default\/files\/fra-2015-being-trans-eu-comparative-summary_hu.pdf\" target=\"_blank\" rel=\"noreferrer noopener\">jelent\u00e9se<\/a> szerint sz\u00e1mos h\u00e1tr\u00e1nyos megk\u00fcl\u00f6nb\u00f6ztet\u00e9s, er\u0151szak \u00e9s zaklat\u00e1s jellemzi a mindennapjaikat. E negat\u00edv tapasztalatok \u00e1lland\u00f3 f\u00e9lelem\u00e9rzetet sz\u00fclnek, arra \u00f6szt\u00f6n\u00f6znek, hogy ker\u00fcljenek bizonyos helyeket, rejts\u00e9k el vagy leplezz\u00e9k val\u00f3di nemi identit\u00e1sukat. A f\u00e9lelem \u00e9s a tudatlans\u00e1g, a toleranciahi\u00e1ny, a megk\u00fcl\u00f6nb\u00f6ztet\u00e9s \u00e9s az er\u0151szak \u00f6rd\u00f6gi k\u00f6r\u00e9t teremtheti meg.<\/p>\n\n\n\n<h2><strong>Andrea vagy Andr\u00e1s<\/strong><\/h2>\n\n\n\n<p>Mindezeknek a m\u00f3dos\u00edt\u00e1ssal megsz\u00fcntetett nem- \u00e9s n\u00e9vv\u00e1ltoztat\u00e1si elj\u00e1r\u00e1s szempontj\u00e1b\u00f3l is jelent\u0151s\u00e9ge van. Az elj\u00e1r\u00e1sban ugyanis a nem jogi jelleg\u0171 elismer\u00e9s\u00e9r\u0151l (a megv\u00e1ltoztat\u00e1s\u00e1r\u00f3l), valamint ezzel \u00f6sszef\u00fcgg\u00e9sben a sz\u00fclet\u00e9si n\u00e9vnek (a keresztn\u00e9vnek) az elismert (megv\u00e1ltoztatott) nemnek megfelel\u0151 adminisztrat\u00edv megv\u00e1ltoztat\u00e1s\u00e1r\u00f3l van sz\u00f3. P\u00e9ld\u00e1ul Andr\u00e1sr\u00f3l Andre\u00e1ra vagy ford\u00edtva. A nem- \u00e9s n\u00e9vv\u00e1ltoztat\u00e1s nem z\u00e1rja ki, de nem is felt\u00e9telezi a nemi meger\u0151s\u00edt\u0151 beavatkoz\u00e1st. A k\u00e9t k\u00e9rd\u00e9st c\u00e9lszer\u0171 kett\u00e9v\u00e1lasztani: a nem- \u00e9s n\u00e9vv\u00e1ltoztat\u00e1s, az identit\u00e1son alapul\u00f3 nem jogi elismer\u00e9se kimondottan alapjogi k\u00e9rd\u00e9s, nem eg\u00e9szs\u00e9g\u00fcgyi term\u00e9szet\u0171. Mindez a szab\u00e1lyoz\u00e1sban is megjelenhet: a nemi meger\u0151s\u00edt\u0151 beavatkoz\u00e1sokn\u00e1l, p\u00e9ld\u00e1ul m\u0171t\u00e9tekn\u00e9l a visszaford\u00edthat\u00f3s\u00e1g k\u00e9rd\u00e9ses lehet, de a jogi-adminisztrat\u00edv (anyak\u00f6nyvi) elj\u00e1r\u00e1s eset\u00e9n \u2013 ha a nemi identit\u00e1s kiv\u00e9telesen m\u00e9gis megv\u00e1ltozna \u2013 ez viszonylag egyszer\u0171en megoldhat\u00f3 lehet.<\/p>\n\n\n\n<h2><strong>A n\u00e9vv\u00e1ltoztat\u00e1s \u00fatveszt\u0151je<\/strong><\/h2>\n\n\n\n<p>A t\u00f6rv\u00e9nym\u00f3dos\u00edt\u00e1s elfogad\u00e1sa el\u0151tt Magyarorsz\u00e1gon a nem jogi elismer\u00e9se \u00e9s az ezzel kapcsolatos n\u00e9vv\u00e1ltoztat\u00e1s a \u201et\u0171rt\u201d kateg\u00f3ri\u00e1ba tartozott, azaz elvileg lehets\u00e9ges volt a transznem\u0171 emberek n\u00e9vv\u00e1ltoztat\u00e1sa.. A probl\u00e9ma azonban az volt \u2013 ahogyan arra t\u00f6bb ombudsmani <a href=\"http:\/\/www.ajbh.hu\/documents\/10180\/2500969\/Jelent%C3%A9s+a+nem+%C3%A9s+n%C3%A9vv%C3%A1ltoztat%C3%A1s+szab%C3%A1lyaival+%C3%B6sszef%C3%BCgg%C3%A9sben+883_2016\/c3e95e9a-b1f3-4a55-a9f8-e0c14fff0773?version=1.0&amp;inheritRedirect=true\" target=\"_blank\" aria-label=\"undefined (opens in a new tab)\" rel=\"noreferrer noopener\">jelent\u00e9s<\/a> r\u00e1mutatott \u2013, hogy az elj\u00e1r\u00e1sra nem volt semmilyen k\u00f6telez\u0151 jogi szab\u00e1lyoz\u00e1s. A nem jogi megv\u00e1ltoztat\u00e1sa \u00e9s az ehhez kapcsol\u00f3d\u00f3 n\u00e9vv\u00e1ltoztat\u00e1s saj\u00e1tos anyak\u00f6nyvi elj\u00e1r\u00e1s volt, amelynek el\u0151felt\u00e9tele a \u201etranszszexualizmus diagn\u00f3zis\u00e1t\u201d al\u00e1t\u00e1maszt\u00f3 orvosi szakv\u00e9lem\u00e9ny. Mondhatjuk, hogy ez egy k\u00f6ztes, f\u00e9lutas megold\u00e1s, a transzidentit\u00e1s r\u00e9szben szakk\u00e9rd\u00e9s, r\u00e9szben d\u00f6nt\u00e9s. Nem val\u00f3sult meg teljes m\u00e9rt\u00e9kben a m\u00e9lt\u00f3s\u00e1gon alapul\u00f3 d\u00f6nt\u00e9s, de egy form\u00e1lis enged\u00e9lyez\u00e9si elj\u00e1r\u00e1st k\u00f6vet\u0151en \u2013 n\u00e9ha hosszabb v\u00e1rakoz\u00e1si id\u0151 ut\u00e1n \u2013 meg lehetett a nevet \u00e9s a nemet v\u00e1ltoztatni.<\/p>\n\n\n\n<h2><strong>Mi a helyzet a 18 \u00e9v alattiakkal?<\/strong><\/h2>\n\n\n\n<p>Nem feledkezhet\u00fcnk meg arr\u00f3l sem, hogy a nemi identit\u00e1s \u00e9s a sz\u00fclet\u00e9si nem k\u00f6z\u00f6tti bels\u0151 konfliktus tipikusan nem a nagykor\u00fas\u00e1g el\u00e9r\u00e9s\u00e9vel, hanem j\u00f3val kor\u00e1bban, m\u00e1r gyerekkorban kezd\u0151dik. A gyerekeket pedig ugyan\u00fagy megilleti az emberi m\u00e9lt\u00f3s\u00e1ghoz val\u00f3 jog, mint egy feln\u0151ttet. K\u00e9rd\u00e9s, hogy b\u00e1rmilyen m\u00f3don, illetve felt\u00e9tel mellett kaphatn\u00e1nak-e lehet\u0151s\u00e9get a nem \u00e9s a n\u00e9v megv\u00e1ltoztat\u00e1s\u00e1ra 18 \u00e9ves kor alatt.&nbsp;<\/p>\n\n\n\n<p>A m\u00f3dos\u00edt\u00e1s nem sokat v\u00e1ltoztatott a helyzeten: a kor\u00e1bbi \u201egyakorlat\u201d \u2013 szab\u00e1lyoz\u00e1s n\u00e9lk\u00fcl is \u2013 automatikusan elutas\u00edtotta a 18 \u00e9v alattiak k\u00e9relm\u00e9t. Nem volt ny\u00edlt, form\u00e1lis als\u00f3 \u00e9letkori hat\u00e1r a nem- \u00e9s n\u00e9vv\u00e1ltoztat\u00e1s kezdem\u00e9nyez\u00e9s\u00e9re, figyelembe v\u00e9ve, hogy itt nem a nemi meger\u0151s\u00edt\u0151 orvosi beavatkoz\u00e1s, hanem az anyak\u00f6nyvi elj\u00e1r\u00e1s a k\u00e9relem t\u00e1rgya. A m\u00f3dos\u00edt\u00e1ssal imm\u00e1r 18 \u00e9v alatt (sincs) lehet\u0151s\u00e9g a nem \u00e9s a n\u00e9v megv\u00e1ltoztat\u00e1s\u00e1ra.<\/p>\n\n\n\n<h2><strong>A gyerekek nem kis feln\u0151ttek, a gyermeki jogoknak r\u00f3luk k\u00e9ne sz\u00f3lni<\/strong><\/h2>\n\n\n\n<p>A nagykor\u00fa transz emberekhez k\u00e9pest a gyerekek eset\u00e9ben elfogadhat\u00f3bb egy er\u0151teljesebb korl\u00e1toz\u00e1s, ugyanis a gyerekek jogainak v\u00e9delm\u00e9ben m\u00e1s felt\u00e9telek meghat\u00e1roz\u00e1s\u00e1ra is sz\u00fcks\u00e9g lehet. A korl\u00e1toz\u00e1snak a c\u00e9lhoz, a konkr\u00e9t vesz\u00e9lyekhez (p\u00e9ld\u00e1ul a m\u0171t\u00e9ti vagy ter\u00e1pi\u00e1s rizik\u00f3hoz) \u00e9s az eml\u00edtett visszaford\u00edthat\u00f3s\u00e1g k\u00e9rd\u00e9s\u00e9hez kell igazodniuk. A jelent\u0151s szem\u00e9lyes d\u00f6nt\u00e9sekre, \u00edgy az eg\u00e9szs\u00e9g\u00fcgyi ell\u00e1t\u00e1s visszautas\u00edt\u00e1s\u00e1ra m\u00e1r \u00e9rettnek tartott, 16 \u00e9s 18 \u00e9v k\u00f6z\u00f6tti gyerekeknek a d\u00f6nt\u00e9si lehet\u0151s\u00e9geikb\u0151l val\u00f3 automatikus kiz\u00e1r\u00e1s\u00e1nak is vannak alternat\u00edv\u00e1i. Egy igazolhat\u00f3 als\u00f3 \u00e9letkori hat\u00e1r mellett az a c\u00e9l, hogy olyan felt\u00e9teleket hat\u00e1rozzanak meg a nem- \u00e9s n\u00e9vv\u00e1ltoztat\u00e1si k\u00e9relem elb\u00edr\u00e1l\u00e1s\u00e1n\u00e1l, amelyek seg\u00edts\u00e9g\u00e9vel a gyermek t\u00e1j\u00e9kozottabb, megfontoltabb lehet, \u00e9s k\u00f6nnyebben d\u00f6nthessen.&nbsp;<\/p>\n\n\n\n<p>Fontos m\u00e9g, hogy a re\u00e1lis v\u00e1rakoz\u00e1si id\u0151 el\u0151\u00edr\u00e1sa, amely azt biztos\u00edtja, hogy a nem- \u00e9s n\u00e9vv\u00e1ltoztat\u00e1si elj\u00e1r\u00e1s elind\u00edt\u00e1s\u00e1ra ne ker\u00fclj\u00f6n sor hirtelen \u201efelindul\u00e1sb\u00f3l\u201d (ez a jogi st\u00e1tusv\u00e1ltoz\u00e1s persze ilyenkor is visszaford\u00edthat\u00f3). A kor\u00e1bbi magyar f\u00e9lutas megold\u00e1st gyerekek eset\u00e9ben pedig ak\u00e1r garanci\u00e1lis jelent\u0151s\u00e9g\u0171nek is nevezhetj\u00fck: a szakorvosi szakv\u00e9lem\u00e9ny l\u00e9te, megk\u00f6vetel\u00e9se ugyanis pont azt biztos\u00edtja, hogy sz\u00f3 se lehessen \u201ekomolytalan\u201d k\u00e9r\u00e9sr\u0151l.&nbsp;<\/p>\n\n\n\n<h2><strong>A jognak v\u00e1laszolni kell az \u00e9let adta kih\u00edv\u00e1sokra?<\/strong><\/h2>\n\n\n\n<p>Jellemz\u0151 tapasztalat, hogy a megb\u00e9lyegz\u00e9s, a kik\u00f6z\u00f6s\u00edt\u00e9s sz\u00e1mos esetben m\u00e1r gyerekkorban elkezd\u0151dik. A transz gyerekeknek a jog \u00e1ltal is m\u00e9lt\u00e1nyolhat\u00f3 \u00e9rdeke f\u0171z\u0151dhet a miel\u0151bbi v\u00e1ltoztat\u00e1shoz. Egy el\u0151remutat\u00f3 szab\u00e1lyoz\u00e1s biztos\u00edthatn\u00e1, hogy p\u00e9ld\u00e1ul az egyetemre vagy a leend\u0151 munkahely\u00fckre m\u00e1r a val\u00f3di, \u00e1ltaluk meg\u00e9lt nemi identit\u00e1suk szerinti \u00faj n\u00e9vvel jelentkezhessenek, \u00edgy illeszkedjenek be \u00faj szoci\u00e1lis k\u00f6zeg\u00fckbe.&nbsp;<\/p>\n\n\n\n<p>Ausztri\u00e1ban, N\u00e9metorsz\u00e1gban, M\u00e1lt\u00e1n, \u00cdrorsz\u00e1gban, Sv\u00e9dorsz\u00e1gban meghat\u00e1rozott felt\u00e9telek mellett a nem- \u00e9s n\u00e9vv\u00e1ltoztat\u00e1si elj\u00e1r\u00e1s m\u00e1r 18 \u00e9ves kor alatt is hozz\u00e1f\u00e9rhet\u0151. Ek\u00f6zben haz\u00e1nkban a m\u00f3dos\u00edt\u00e1s ut\u00e1n a jog a feln\u0151tteket sem tartja kell\u0151en nagykor\u00fanak, mivel a transz embereknek m\u00e9g 18 \u00e9v felett sem lehet majd a nem\u00fck \u00e9s a nev\u00fck megv\u00e1ltoztat\u00e1s\u00e1t k\u00e9rni. Nagy k\u00e9rd\u00e9s, hogy az \u00faj szab\u00e1ly ezzel mit \u00fczen a transz gyerekeknek \u00e9s \u00fagy \u00e1ltal\u00e1ban a gyerekeknek.<\/p>\n\n\n\n<p><em>A cikk szerz\u0151je alapjog\u00e1sz<\/em><\/p>\n\n\n\n<p><em>Kiemelt k\u00e9p <a href=\"https:\/\/unsplash.com\/photos\/UcUROHSJfRA\" target=\"_blank\" aria-label=\"undefined (opens in a new tab)\" rel=\"noreferrer noopener\">innen<\/a>.<\/em><\/p>\n","protected":false},"excerpt":{"rendered":"<p>A val\u00f3di, az \u00e9rintett \u00e1ltal meg\u00e9lt nemi identit\u00e1s jelenlegi t\u00f6rv\u00e9nym\u00f3dos\u00edt\u00e1s \u00e1ltali megk\u00e9rd\u0151jelez\u00e9se, ellehetetlen\u00edt\u00e9se megb\u00e9lyegz\u00e9shez \u00e9s kik\u00f6z\u00f6s\u00edt\u00e9shez vezet. A transz gyerekeknek a jog \u00e1ltal is m\u00e9lt\u00e1nyolhat\u00f3 \u00e9rdeke f\u0171z\u0151dhet ennek miel\u0151bbi megv\u00e1ltoztat\u00e1shoz. <\/p>\n","protected":false},"author":9,"featured_media":4844,"comment_status":"closed","ping_status":"closed","sticky":false,"template":"","format":"standard","meta":[],"categories":[12,33],"tags":[1788,1789,1787,1786,1793,878,1450,1454,879,1782,1781,1785,1792,1791,1790,1783,1795,1794,1784],"yoast_head":"<!-- This site is optimized with the Yoast SEO plugin v15.1 - https:\/\/yoast.com\/wordpress\/plugins\/seo\/ -->\n<title>A nem- \u00e9s n\u00e9vv\u00e1ltoztat\u00e1s elt\u00f6rl\u00e9se \u00e9s a transz emberek jogai - Yelon<\/title>\n<meta name=\"description\" content=\"Az Orsz\u00e1ggy\u0171l\u00e9s \u00fagy m\u00f3dos\u00edtotta az anyak\u00f6nyvi t\u00f6rv\u00e9nyt, hogy a transz emberek sz\u00e1m\u00e1ra ezent\u00fal lehetetlen lesz a nem-, illetve n\u00e9vv\u00e1ltoztat\u00e1s k\u00e9rv\u00e9nyez\u00e9se.\" \/>\n<meta name=\"robots\" content=\"index, follow, max-snippet:-1, max-image-preview:large, max-video-preview:-1\" \/>\n<link rel=\"canonical\" href=\"https:\/\/yelon.hu\/szuloknek\/nemvaltoztatas-transz-emberek-jogai\/\" \/>\n<meta property=\"og:locale\" content=\"hu_HU\" \/>\n<meta property=\"og:type\" content=\"article\" \/>\n<meta property=\"og:title\" content=\"A nem- \u00e9s n\u00e9vv\u00e1ltoztat\u00e1s elt\u00f6rl\u00e9se \u00e9s a transz emberek jogai - Yelon\" \/>\n<meta property=\"og:description\" content=\"Az Orsz\u00e1ggy\u0171l\u00e9s \u00fagy m\u00f3dos\u00edtotta az anyak\u00f6nyvi t\u00f6rv\u00e9nyt, hogy a transz emberek sz\u00e1m\u00e1ra ezent\u00fal lehetetlen lesz a nem-, illetve n\u00e9vv\u00e1ltoztat\u00e1s k\u00e9rv\u00e9nyez\u00e9se.\" \/>\n<meta property=\"og:url\" content=\"https:\/\/yelon.hu\/szuloknek\/nemvaltoztatas-transz-emberek-jogai\/\" \/>\n<meta property=\"og:site_name\" content=\"Yelon\" \/>\n<meta property=\"article:published_time\" content=\"2020-06-30T11:36:00+00:00\" \/>\n<meta property=\"article:modified_time\" content=\"2021-06-17T22:16:43+00:00\" \/>\n<meta property=\"og:image\" content=\"https:\/\/yelon.hu\/szuloknek\/wp-content\/uploads\/2020\/07\/nem-nevvaltoztatas-gender-biologiai-nem-nemi-identitas-scaled.jpg\" \/>\n\t<meta property=\"og:image:width\" content=\"2560\" \/>\n\t<meta property=\"og:image:height\" content=\"1707\" \/>\n<meta name=\"twitter:card\" content=\"summary_large_image\" \/>\n<script type=\"application\/ld+json\" class=\"yoast-schema-graph\">{\"@context\":\"https:\/\/schema.org\",\"@graph\":[{\"@type\":\"WebSite\",\"@id\":\"https:\/\/yelon.hu\/szuloknek\/#website\",\"url\":\"https:\/\/yelon.hu\/szuloknek\/\",\"name\":\"Yelon\",\"description\":\"Kamaszoknak \\u00e9s sz\\u00fcl\\u0151knek sz\\u00f3l\\u00f3 online magazin\",\"potentialAction\":[{\"@type\":\"SearchAction\",\"target\":\"https:\/\/yelon.hu\/szuloknek\/?s={search_term_string}\",\"query-input\":\"required name=search_term_string\"}],\"inLanguage\":\"hu\"},{\"@type\":\"ImageObject\",\"@id\":\"https:\/\/yelon.hu\/szuloknek\/nemvaltoztatas-transz-emberek-jogai\/#primaryimage\",\"inLanguage\":\"hu\",\"url\":\"https:\/\/yelon.hu\/szuloknek\/wp-content\/uploads\/2020\/07\/nem-nevvaltoztatas-gender-biologiai-nem-nemi-identitas-scaled.jpg\",\"width\":2560,\"height\":1707,\"caption\":\"Nemv\\u00e1ltoztat\\u00e1s, n\\u00e9vv\\u00e1ltoztat\\u00e1s, 33-as\"},{\"@type\":\"WebPage\",\"@id\":\"https:\/\/yelon.hu\/szuloknek\/nemvaltoztatas-transz-emberek-jogai\/#webpage\",\"url\":\"https:\/\/yelon.hu\/szuloknek\/nemvaltoztatas-transz-emberek-jogai\/\",\"name\":\"A nem- \\u00e9s n\\u00e9vv\\u00e1ltoztat\\u00e1s elt\\u00f6rl\\u00e9se \\u00e9s a transz emberek jogai - Yelon\",\"isPartOf\":{\"@id\":\"https:\/\/yelon.hu\/szuloknek\/#website\"},\"primaryImageOfPage\":{\"@id\":\"https:\/\/yelon.hu\/szuloknek\/nemvaltoztatas-transz-emberek-jogai\/#primaryimage\"},\"datePublished\":\"2020-06-30T11:36:00+00:00\",\"dateModified\":\"2021-06-17T22:16:43+00:00\",\"author\":{\"@id\":\"https:\/\/yelon.hu\/szuloknek\/#\/schema\/person\/c9fa38f81f80ff5bbd245a64fddaee93\"},\"description\":\"Az Orsz\\u00e1ggy\\u0171l\\u00e9s \\u00fagy m\\u00f3dos\\u00edtotta az anyak\\u00f6nyvi t\\u00f6rv\\u00e9nyt, hogy a transz emberek sz\\u00e1m\\u00e1ra ezent\\u00fal lehetetlen lesz a nem-, illetve n\\u00e9vv\\u00e1ltoztat\\u00e1s k\\u00e9rv\\u00e9nyez\\u00e9se.\",\"inLanguage\":\"hu\",\"potentialAction\":[{\"@type\":\"ReadAction\",\"target\":[\"https:\/\/yelon.hu\/szuloknek\/nemvaltoztatas-transz-emberek-jogai\/\"]}]},{\"@type\":\"Person\",\"@id\":\"https:\/\/yelon.hu\/szuloknek\/#\/schema\/person\/c9fa38f81f80ff5bbd245a64fddaee93\",\"name\":\"B. Zsofi\",\"image\":{\"@type\":\"ImageObject\",\"@id\":\"https:\/\/yelon.hu\/szuloknek\/#personlogo\",\"inLanguage\":\"hu\",\"url\":\"https:\/\/secure.gravatar.com\/avatar\/0936caaf13a2f9714ad4b7bd07dd9bca?s=96&d=mm&r=g\",\"caption\":\"B. Zsofi\"}}]}<\/script>\n<!-- \/ Yoast SEO plugin. -->","_links":{"self":[{"href":"https:\/\/yelon.hu\/szuloknek\/wp-json\/wp\/v2\/posts\/4834"}],"collection":[{"href":"https:\/\/yelon.hu\/szuloknek\/wp-json\/wp\/v2\/posts"}],"about":[{"href":"https:\/\/yelon.hu\/szuloknek\/wp-json\/wp\/v2\/types\/post"}],"author":[{"embeddable":true,"href":"https:\/\/yelon.hu\/szuloknek\/wp-json\/wp\/v2\/users\/9"}],"replies":[{"embeddable":true,"href":"https:\/\/yelon.hu\/szuloknek\/wp-json\/wp\/v2\/comments?post=4834"}],"version-history":[{"count":5,"href":"https:\/\/yelon.hu\/szuloknek\/wp-json\/wp\/v2\/posts\/4834\/revisions"}],"predecessor-version":[{"id":4846,"href":"https:\/\/yelon.hu\/szuloknek\/wp-json\/wp\/v2\/posts\/4834\/revisions\/4846"}],"wp:featuredmedia":[{"embeddable":true,"href":"https:\/\/yelon.hu\/szuloknek\/wp-json\/wp\/v2\/media\/4844"}],"wp:attachment":[{"href":"https:\/\/yelon.hu\/szuloknek\/wp-json\/wp\/v2\/media?parent=4834"}],"wp:term":[{"taxonomy":"category","embeddable":true,"href":"https:\/\/yelon.hu\/szuloknek\/wp-json\/wp\/v2\/categories?post=4834"},{"taxonomy":"post_tag","embeddable":true,"href":"https:\/\/yelon.hu\/szuloknek\/wp-json\/wp\/v2\/tags?post=4834"}],"curies":[{"name":"wp","href":"https:\/\/api.w.org\/{rel}","templated":true}]}}