{"id":4859,"date":"2020-07-14T09:52:00","date_gmt":"2020-07-14T07:52:00","guid":{"rendered":"https:\/\/yelon.hu\/szuloknek\/?p=4859"},"modified":"2020-07-20T10:26:55","modified_gmt":"2020-07-20T08:26:55","slug":"noar-ti-vagytok-a-hosok","status":"publish","type":"post","link":"https:\/\/yelon.hu\/szuloknek\/noar-ti-vagytok-a-hosok\/","title":{"rendered":"Ti vagytok a h\u0151s\u00f6k: no\u00c1r \u00d7 Hintalovon Gyermekjogi Alap\u00edtv\u00e1ny"},"content":{"rendered":"\n<p>Te tudod, mi mindennel foglalkozik a <a aria-label=\"undefined (opens in a new tab)\" href=\"https:\/\/hintalovon.hu\/hu\" target=\"_blank\" rel=\"noreferrer noopener\">Hintalovon Gyermekjogi Alap\u00edtv\u00e1ny<\/a>? Ha hallott\u00e1l m\u00e1r a programjainkr\u00f3l, az al\u00e1bbi vide\u00f3b\u00f3l megtudhatod, mit is takar pontosan a <a aria-label=\"undefined (opens in a new tab)\" href=\"https:\/\/www.facebook.com\/groups\/nemecsekprogram\/\" target=\"_blank\" rel=\"noreferrer noopener\">NEMECSEK Program<\/a>, milyen munk\u00e1t v\u00e9geznek a <a aria-label=\"undefined (opens in a new tab)\" href=\"https:\/\/www.instagram.com\/gyermekjogi_kovetek\/\" target=\"_blank\" rel=\"noreferrer noopener\">Gyermekjogi K\u00f6vetek<\/a> \u00e9s a Gyermekjogi K\u00f6zpontunk, illetve mi mindennel foglalkozik a <a aria-label=\"undefined (opens in a new tab)\" href=\"https:\/\/www.facebook.com\/yelon.hu\" target=\"_blank\" rel=\"noreferrer noopener\">Yelon<\/a>.<\/p>\n\n\n\n<!--more-->\n\n\n\n<p>A <a href=\"https:\/\/www.facebook.com\/pg\/noarhivatalos\/\" target=\"_blank\" rel=\"noreferrer noopener\">no\u00c1r<\/a> egy t\u00e1rsadalmi k\u00f6z\u00fcgyekre reflekt\u00e1l\u00f3 zenei form\u00e1ci\u00f3. Meggy\u0151z\u0151d\u00e9s\u00fck, hogy a zene \u00e9s a k\u00f6lt\u00e9szet erej\u00e9vel, egy\u00fctt pozit\u00edv v\u00e1ltoz\u00e1st tudunk el\u00e9rni. \u201eTi vagytok a h\u0151s\u00f6k\u201d sorozatuk aktu\u00e1lis r\u00e9sz\u00e9ben a Hintalovon Gyermekjogi Alap\u00edtv\u00e1ny \u00e9s annak egyes programjai mutatkoztak be.<\/p>\n\n\n\n<iframe src=\"https:\/\/www.facebook.com\/plugins\/video.php?href=https%3A%2F%2Fwww.facebook.com%2Fnoarhivatalos%2Fvideos%2F953192545115908%2F&amp;show_text=0&amp;width=560\" style=\"border:none;overflow:hidden\" scrolling=\"no\" allowtransparency=\"true\" allowfullscreen=\"true\" width=\"560\" height=\"315\" frameborder=\"0\"><\/iframe>\n","protected":false},"excerpt":{"rendered":"<p>Te tudod, mi mindennel foglalkozik a Hintalovon Gyermekjogi Alap\u00edtv\u00e1ny? Ha hallott\u00e1l m\u00e1r a programjainkr\u00f3l, az al\u00e1bbi vide\u00f3b\u00f3l megtudhatod, mit is takar pontosan a NEMECSEK Program, milyen munk\u00e1t v\u00e9geznek a Gyermekjogi K\u00f6vetek \u00e9s a Gyermekjogi K\u00f6zpontunk, illetve mi mindennel foglalkozik a Yelon.<\/p>\n","protected":false},"author":10,"featured_media":4860,"comment_status":"closed","ping_status":"closed","sticky":false,"template":"","format":"standard","meta":[],"categories":[33],"tags":[1614,1801,1449,1716,1717,1799,1800,102],"yoast_head":"<!-- This site is optimized with the Yoast SEO plugin v15.1 - https:\/\/yoast.com\/wordpress\/plugins\/seo\/ -->\n<title>Ti vagytok a h\u0151s\u00f6k: no\u00c1r \u00d7 Hintalovon Gyermekjogi Alap\u00edtv\u00e1ny - Yelon<\/title>\n<meta name=\"description\" content=\"A no\u00c1r egy t\u00e1rsadalmi k\u00f6z\u00fcgyekre reflekt\u00e1l\u00f3 zenei form\u00e1ci\u00f3. \u201eTi vagytok a h\u0151s\u00f6k\u201d sorozatuk aktu\u00e1lis r\u00e9sz\u00e9ben mi mutatkozhattunk be.\" \/>\n<meta name=\"robots\" content=\"index, follow, max-snippet:-1, max-image-preview:large, max-video-preview:-1\" \/>\n<link rel=\"canonical\" href=\"https:\/\/yelon.hu\/szuloknek\/noar-ti-vagytok-a-hosok\/\" \/>\n<meta property=\"og:locale\" content=\"hu_HU\" \/>\n<meta property=\"og:type\" content=\"article\" \/>\n<meta property=\"og:title\" content=\"Ti vagytok a h\u0151s\u00f6k: no\u00c1r \u00d7 Hintalovon Gyermekjogi Alap\u00edtv\u00e1ny - Yelon\" \/>\n<meta property=\"og:description\" content=\"A no\u00c1r egy t\u00e1rsadalmi k\u00f6z\u00fcgyekre reflekt\u00e1l\u00f3 zenei form\u00e1ci\u00f3. \u201eTi vagytok a h\u0151s\u00f6k\u201d sorozatuk aktu\u00e1lis r\u00e9sz\u00e9ben mi mutatkozhattunk be.\" \/>\n<meta property=\"og:url\" content=\"https:\/\/yelon.hu\/szuloknek\/noar-ti-vagytok-a-hosok\/\" \/>\n<meta property=\"og:site_name\" content=\"Yelon\" \/>\n<meta property=\"article:published_time\" content=\"2020-07-14T07:52:00+00:00\" \/>\n<meta property=\"article:modified_time\" content=\"2020-07-20T08:26:55+00:00\" \/>\n<meta property=\"og:image\" content=\"https:\/\/yelon.hu\/szuloknek\/wp-content\/uploads\/2020\/07\/noar-ti-vagytok-a-hosok-programok.jpg\" \/>\n\t<meta property=\"og:image:width\" content=\"1383\" \/>\n\t<meta property=\"og:image:height\" content=\"708\" \/>\n<meta name=\"twitter:card\" content=\"summary_large_image\" \/>\n<script type=\"application\/ld+json\" class=\"yoast-schema-graph\">{\"@context\":\"https:\/\/schema.org\",\"@graph\":[{\"@type\":\"WebSite\",\"@id\":\"https:\/\/yelon.hu\/szuloknek\/#website\",\"url\":\"https:\/\/yelon.hu\/szuloknek\/\",\"name\":\"Yelon\",\"description\":\"Kamaszoknak \\u00e9s sz\\u00fcl\\u0151knek sz\\u00f3l\\u00f3 online magazin\",\"potentialAction\":[{\"@type\":\"SearchAction\",\"target\":\"https:\/\/yelon.hu\/szuloknek\/?s={search_term_string}\",\"query-input\":\"required name=search_term_string\"}],\"inLanguage\":\"hu\"},{\"@type\":\"ImageObject\",\"@id\":\"https:\/\/yelon.hu\/szuloknek\/noar-ti-vagytok-a-hosok\/#primaryimage\",\"inLanguage\":\"hu\",\"url\":\"https:\/\/yelon.hu\/szuloknek\/wp-content\/uploads\/2020\/07\/noar-ti-vagytok-a-hosok-programok.jpg\",\"width\":1383,\"height\":708,\"caption\":\"Ti vagytok a h\\u0151s\\u00f6k, no\\u00e1r, hintalovon\"},{\"@type\":\"WebPage\",\"@id\":\"https:\/\/yelon.hu\/szuloknek\/noar-ti-vagytok-a-hosok\/#webpage\",\"url\":\"https:\/\/yelon.hu\/szuloknek\/noar-ti-vagytok-a-hosok\/\",\"name\":\"Ti vagytok a h\\u0151s\\u00f6k: no\\u00c1r \\u00d7 Hintalovon Gyermekjogi Alap\\u00edtv\\u00e1ny - Yelon\",\"isPartOf\":{\"@id\":\"https:\/\/yelon.hu\/szuloknek\/#website\"},\"primaryImageOfPage\":{\"@id\":\"https:\/\/yelon.hu\/szuloknek\/noar-ti-vagytok-a-hosok\/#primaryimage\"},\"datePublished\":\"2020-07-14T07:52:00+00:00\",\"dateModified\":\"2020-07-20T08:26:55+00:00\",\"author\":{\"@id\":\"https:\/\/yelon.hu\/szuloknek\/#\/schema\/person\/cc8ade7915e7e03e45101714bee29a46\"},\"description\":\"A no\\u00c1r egy t\\u00e1rsadalmi k\\u00f6z\\u00fcgyekre reflekt\\u00e1l\\u00f3 zenei form\\u00e1ci\\u00f3. \\u201eTi vagytok a h\\u0151s\\u00f6k\\u201d sorozatuk aktu\\u00e1lis r\\u00e9sz\\u00e9ben mi mutatkozhattunk be.\",\"inLanguage\":\"hu\",\"potentialAction\":[{\"@type\":\"ReadAction\",\"target\":[\"https:\/\/yelon.hu\/szuloknek\/noar-ti-vagytok-a-hosok\/\"]}]},{\"@type\":\"Person\",\"@id\":\"https:\/\/yelon.hu\/szuloknek\/#\/schema\/person\/cc8ade7915e7e03e45101714bee29a46\",\"name\":\"Nagy Vikt\\u00f3ria\",\"image\":{\"@type\":\"ImageObject\",\"@id\":\"https:\/\/yelon.hu\/szuloknek\/#personlogo\",\"inLanguage\":\"hu\",\"url\":\"https:\/\/secure.gravatar.com\/avatar\/3556f27c74a3b0989637956c35a12ea1?s=96&d=mm&r=g\",\"caption\":\"Nagy Vikt\\u00f3ria\"}}]}<\/script>\n<!-- \/ Yoast SEO plugin. -->","_links":{"self":[{"href":"https:\/\/yelon.hu\/szuloknek\/wp-json\/wp\/v2\/posts\/4859"}],"collection":[{"href":"https:\/\/yelon.hu\/szuloknek\/wp-json\/wp\/v2\/posts"}],"about":[{"href":"https:\/\/yelon.hu\/szuloknek\/wp-json\/wp\/v2\/types\/post"}],"author":[{"embeddable":true,"href":"https:\/\/yelon.hu\/szuloknek\/wp-json\/wp\/v2\/users\/10"}],"replies":[{"embeddable":true,"href":"https:\/\/yelon.hu\/szuloknek\/wp-json\/wp\/v2\/comments?post=4859"}],"version-history":[{"count":3,"href":"https:\/\/yelon.hu\/szuloknek\/wp-json\/wp\/v2\/posts\/4859\/revisions"}],"predecessor-version":[{"id":4901,"href":"https:\/\/yelon.hu\/szuloknek\/wp-json\/wp\/v2\/posts\/4859\/revisions\/4901"}],"wp:featuredmedia":[{"embeddable":true,"href":"https:\/\/yelon.hu\/szuloknek\/wp-json\/wp\/v2\/media\/4860"}],"wp:attachment":[{"href":"https:\/\/yelon.hu\/szuloknek\/wp-json\/wp\/v2\/media?parent=4859"}],"wp:term":[{"taxonomy":"category","embeddable":true,"href":"https:\/\/yelon.hu\/szuloknek\/wp-json\/wp\/v2\/categories?post=4859"},{"taxonomy":"post_tag","embeddable":true,"href":"https:\/\/yelon.hu\/szuloknek\/wp-json\/wp\/v2\/tags?post=4859"}],"curies":[{"name":"wp","href":"https:\/\/api.w.org\/{rel}","templated":true}]}}