{"id":4883,"date":"2020-07-23T11:46:29","date_gmt":"2020-07-23T09:46:29","guid":{"rendered":"https:\/\/yelon.hu\/szuloknek\/?p=4883"},"modified":"2020-07-27T10:34:24","modified_gmt":"2020-07-27T08:34:24","slug":"mikor-a-gyerek-bulizni-kezd","status":"publish","type":"post","link":"https:\/\/yelon.hu\/szuloknek\/mikor-a-gyerek-bulizni-kezd\/","title":{"rendered":"Tippek sz\u00fcl\u0151knek, ha a gyerek elkezd buliba j\u00e1rni"},"content":{"rendered":"\n<p>B\u00e1rmennyire is az otthon biztons\u00e1g\u00e1ban szeret\u00e9 tudni a gyerek\u00e9t egy sz\u00fcl\u0151, a szabadid\u0151, a kikapcsol\u00f3d\u00e1s egy nagyon fontos <a aria-label=\"undefined (opens in a new tab)\" href=\"https:\/\/yelon.hu\/szuloknek\/a-gyerekjog-vilagnezet\/\" target=\"_blank\" rel=\"noreferrer noopener\">gyerekjog<\/a>, \u00e9s \u00e1ltal\u00e1ban a kamaszok \u00e9let\u00e9ben elj\u00f6n az az id\u0151szak, amikor ezt a buliz\u00e1s jeletni sz\u00e1mukra.<\/p>\n\n\n\n<!--more-->\n\n\n\n<p>A sz\u00fcl\u0151 nem lehet ott mindig mellette, de ez nem jelenti azt, hogy ne tudna sokat tenni a gyereke biztons\u00e1g\u00e1\u00e9rt. Ahogy a gyerek \u00e9let\u00e9nek sok m\u00e1s ter\u00fclet\u00e9n, itt is a bizalmi sz\u00fcl\u0151\u2013gyerek kapcsolat v\u00e9rtezi fel \u0151t legink\u00e1bb a vesz\u00e9lyek ellen (mint p\u00e9ld\u00e1ul az <a aria-label=\"undefined (opens in a new tab)\" href=\"https:\/\/yelon.hu\/szuloknek\/alkohol-es-drogok-hogyan-beszelgessunk-roluk\/\" target=\"_blank\" rel=\"noreferrer noopener\">alkohol<\/a>, a <a aria-label=\"undefined (opens in a new tab)\" href=\"https:\/\/yelon.hu\/szuloknek\/hogyan-beszeljunk-a-gyerekunkkel-a-drogokrol\/\" target=\"_blank\" rel=\"noreferrer noopener\">drog<\/a> vagy a <a aria-label=\"undefined (opens in a new tab)\" href=\"https:\/\/yelon.hu\/szuloknek\/tevhitek-a-szexualis-eroszakrol\/\" target=\"_blank\" rel=\"noreferrer noopener\">szexu\u00e1lis er\u0151szak<\/a>). Ezt \u00e9s p\u00e1r praktikus tan\u00e1csot foglal \u00f6ssze az al\u00e1bbi vide\u00f3.<\/p>\n\n\n\n<figure class=\"wp-block-embed-youtube wp-block-embed is-type-video is-provider-youtube wp-embed-aspect-16-9 wp-has-aspect-ratio\"><div class=\"wp-block-embed__wrapper\">\n<iframe title=\"J\u00f3 tan\u00e1csok sz\u00fcl\u0151knek, ha a gyerek elkezd buliba j\u00e1rni\" width=\"770\" height=\"433\" src=\"https:\/\/www.youtube.com\/embed\/EQWaMXKE9N0?feature=oembed\" frameborder=\"0\" allow=\"accelerometer; autoplay; encrypted-media; gyroscope; picture-in-picture\" allowfullscreen><\/iframe>\n<\/div><\/figure>\n\n\n\n<p><em>Kiemelt k\u00e9p <a href=\"https:\/\/pixabay.com\/photos\/musician-rockstar-band-music-rock-664432\/\" target=\"_blank\" aria-label=\"undefined (opens in a new tab)\" rel=\"noreferrer noopener\">innen<\/a>.<\/em><\/p>\n","protected":false},"excerpt":{"rendered":"<p>Sz\u00fcl\u0151k\u00e9nt az lenne a fura, ha nem agg\u00f3dn\u00e1nk, amikor a gyerek\u00fcnk elkezd bulizni; ha viszont nem szeretn\u00e9d, hogy az \u00f6sszes hajad kihulljon, am\u00edg tart az ereszd-el-a-hajam, ak\u00e1r fel is k\u00e9sz\u00fclhettek k\u00f6z\u00f6sen erre az id\u0151szakra!<\/p>\n","protected":false},"author":9,"featured_media":4907,"comment_status":"closed","ping_status":"closed","sticky":false,"template":"","format":"standard","meta":[],"categories":[11],"tags":[96,123,246,1812,1758,1811,1813,1814,1815],"yoast_head":"<!-- This site is optimized with the Yoast SEO plugin v15.1 - https:\/\/yoast.com\/wordpress\/plugins\/seo\/ -->\n<title>Tippek sz\u00fcl\u0151knek, ha a gyerek elkezd buliba j\u00e1rni - Yelon<\/title>\n<meta name=\"description\" content=\"10 sz\u00fcl\u0151b\u0151l 8 agg\u00f3dik, ha a gyereke bulizni, fesztiv\u00e1lozni megy. Nem lehet\u00fcnk ott vel\u00fck mindig sz\u00fcl\u0151k\u00e9nt, de sokat tehet\u00fcnk a biztons\u00e1guk\u00e9rt.\" \/>\n<meta name=\"robots\" content=\"index, follow, max-snippet:-1, max-image-preview:large, max-video-preview:-1\" \/>\n<link rel=\"canonical\" href=\"https:\/\/yelon.hu\/szuloknek\/mikor-a-gyerek-bulizni-kezd\/\" \/>\n<meta property=\"og:locale\" content=\"hu_HU\" \/>\n<meta property=\"og:type\" content=\"article\" \/>\n<meta property=\"og:title\" content=\"Tippek sz\u00fcl\u0151knek, ha a gyerek elkezd buliba j\u00e1rni - Yelon\" \/>\n<meta property=\"og:description\" content=\"10 sz\u00fcl\u0151b\u0151l 8 agg\u00f3dik, ha a gyereke bulizni, fesztiv\u00e1lozni megy. Nem lehet\u00fcnk ott vel\u00fck mindig sz\u00fcl\u0151k\u00e9nt, de sokat tehet\u00fcnk a biztons\u00e1guk\u00e9rt.\" \/>\n<meta property=\"og:url\" content=\"https:\/\/yelon.hu\/szuloknek\/mikor-a-gyerek-bulizni-kezd\/\" \/>\n<meta property=\"og:site_name\" content=\"Yelon\" \/>\n<meta property=\"article:published_time\" content=\"2020-07-23T09:46:29+00:00\" \/>\n<meta property=\"article:modified_time\" content=\"2020-07-27T08:34:24+00:00\" \/>\n<meta property=\"og:image\" content=\"https:\/\/yelon.hu\/szuloknek\/wp-content\/uploads\/2020\/07\/fesztival-buli-biztonsag.jpg\" \/>\n\t<meta property=\"og:image:width\" content=\"1920\" \/>\n\t<meta property=\"og:image:height\" content=\"1280\" \/>\n<meta name=\"twitter:card\" content=\"summary_large_image\" \/>\n<script type=\"application\/ld+json\" class=\"yoast-schema-graph\">{\"@context\":\"https:\/\/schema.org\",\"@graph\":[{\"@type\":\"WebSite\",\"@id\":\"https:\/\/yelon.hu\/szuloknek\/#website\",\"url\":\"https:\/\/yelon.hu\/szuloknek\/\",\"name\":\"Yelon\",\"description\":\"Kamaszoknak \\u00e9s sz\\u00fcl\\u0151knek sz\\u00f3l\\u00f3 online magazin\",\"potentialAction\":[{\"@type\":\"SearchAction\",\"target\":\"https:\/\/yelon.hu\/szuloknek\/?s={search_term_string}\",\"query-input\":\"required name=search_term_string\"}],\"inLanguage\":\"hu\"},{\"@type\":\"ImageObject\",\"@id\":\"https:\/\/yelon.hu\/szuloknek\/mikor-a-gyerek-bulizni-kezd\/#primaryimage\",\"inLanguage\":\"hu\",\"url\":\"https:\/\/yelon.hu\/szuloknek\/wp-content\/uploads\/2020\/07\/fesztival-buli-biztonsag.jpg\",\"width\":1920,\"height\":1280,\"caption\":\"fesztiv\\u00e1l, buli, biztons\\u00e1g\"},{\"@type\":\"WebPage\",\"@id\":\"https:\/\/yelon.hu\/szuloknek\/mikor-a-gyerek-bulizni-kezd\/#webpage\",\"url\":\"https:\/\/yelon.hu\/szuloknek\/mikor-a-gyerek-bulizni-kezd\/\",\"name\":\"Tippek sz\\u00fcl\\u0151knek, ha a gyerek elkezd buliba j\\u00e1rni - Yelon\",\"isPartOf\":{\"@id\":\"https:\/\/yelon.hu\/szuloknek\/#website\"},\"primaryImageOfPage\":{\"@id\":\"https:\/\/yelon.hu\/szuloknek\/mikor-a-gyerek-bulizni-kezd\/#primaryimage\"},\"datePublished\":\"2020-07-23T09:46:29+00:00\",\"dateModified\":\"2020-07-27T08:34:24+00:00\",\"author\":{\"@id\":\"https:\/\/yelon.hu\/szuloknek\/#\/schema\/person\/c9fa38f81f80ff5bbd245a64fddaee93\"},\"description\":\"10 sz\\u00fcl\\u0151b\\u0151l 8 agg\\u00f3dik, ha a gyereke bulizni, fesztiv\\u00e1lozni megy. Nem lehet\\u00fcnk ott vel\\u00fck mindig sz\\u00fcl\\u0151k\\u00e9nt, de sokat tehet\\u00fcnk a biztons\\u00e1guk\\u00e9rt.\",\"inLanguage\":\"hu\",\"potentialAction\":[{\"@type\":\"ReadAction\",\"target\":[\"https:\/\/yelon.hu\/szuloknek\/mikor-a-gyerek-bulizni-kezd\/\"]}]},{\"@type\":\"Person\",\"@id\":\"https:\/\/yelon.hu\/szuloknek\/#\/schema\/person\/c9fa38f81f80ff5bbd245a64fddaee93\",\"name\":\"B. Zsofi\",\"image\":{\"@type\":\"ImageObject\",\"@id\":\"https:\/\/yelon.hu\/szuloknek\/#personlogo\",\"inLanguage\":\"hu\",\"url\":\"https:\/\/secure.gravatar.com\/avatar\/0936caaf13a2f9714ad4b7bd07dd9bca?s=96&d=mm&r=g\",\"caption\":\"B. Zsofi\"}}]}<\/script>\n<!-- \/ Yoast SEO plugin. -->","_links":{"self":[{"href":"https:\/\/yelon.hu\/szuloknek\/wp-json\/wp\/v2\/posts\/4883"}],"collection":[{"href":"https:\/\/yelon.hu\/szuloknek\/wp-json\/wp\/v2\/posts"}],"about":[{"href":"https:\/\/yelon.hu\/szuloknek\/wp-json\/wp\/v2\/types\/post"}],"author":[{"embeddable":true,"href":"https:\/\/yelon.hu\/szuloknek\/wp-json\/wp\/v2\/users\/9"}],"replies":[{"embeddable":true,"href":"https:\/\/yelon.hu\/szuloknek\/wp-json\/wp\/v2\/comments?post=4883"}],"version-history":[{"count":6,"href":"https:\/\/yelon.hu\/szuloknek\/wp-json\/wp\/v2\/posts\/4883\/revisions"}],"predecessor-version":[{"id":4908,"href":"https:\/\/yelon.hu\/szuloknek\/wp-json\/wp\/v2\/posts\/4883\/revisions\/4908"}],"wp:featuredmedia":[{"embeddable":true,"href":"https:\/\/yelon.hu\/szuloknek\/wp-json\/wp\/v2\/media\/4907"}],"wp:attachment":[{"href":"https:\/\/yelon.hu\/szuloknek\/wp-json\/wp\/v2\/media?parent=4883"}],"wp:term":[{"taxonomy":"category","embeddable":true,"href":"https:\/\/yelon.hu\/szuloknek\/wp-json\/wp\/v2\/categories?post=4883"},{"taxonomy":"post_tag","embeddable":true,"href":"https:\/\/yelon.hu\/szuloknek\/wp-json\/wp\/v2\/tags?post=4883"}],"curies":[{"name":"wp","href":"https:\/\/api.w.org\/{rel}","templated":true}]}}