{"id":4887,"date":"2020-07-17T23:09:00","date_gmt":"2020-07-17T21:09:00","guid":{"rendered":"https:\/\/yelon.hu\/szuloknek\/?p=4887"},"modified":"2021-11-24T14:12:12","modified_gmt":"2021-11-24T13:12:12","slug":"gyerekeknek-a-gyerekjogokrol","status":"publish","type":"post","link":"https:\/\/yelon.hu\/szuloknek\/gyerekeknek-a-gyerekjogokrol\/","title":{"rendered":"\u00cdgy besz\u00e9lj a gyerekekkel a gyerekjogokr\u00f3l"},"content":{"rendered":"\n<p>A <a href=\"https:\/\/yelon.hu\/szuloknek\/gyermekjogi-jelentes-2019\/\" target=\"_blank\" aria-label=\"undefined (opens in a new tab)\" rel=\"noreferrer noopener\">gyerekek jogair\u00f3l<\/a> t\u00f6bbnyire akkor esik sz\u00f3, ha egy gyereket b\u00e1ntalmaznak, b\u0171ncselekm\u00e9ny t\u00f6rt\u00e9nik, konfliktusos a v\u00e1l\u00e1s, vagy jogv\u00e9d\u0151k kamp\u00e1nyolnak a diszkrimin\u00e1ci\u00f3, szegreg\u00e1ci\u00f3 ellen. Pedig a gyerekek jogait els\u0151sorban nem a jog\u00e1szok \u00e9s \u00e9rdekv\u00e9d\u0151 szervezetek tudj\u00e1k megv\u00e9deni, hanem a sz\u00fcleik. A jogok jelen vannak a csal\u00e1d h\u00e9tk\u00f6znapaiban, a <a href=\"https:\/\/yelon.hu\/szuloknek\/keszsegek-amiket-a-jatek-tanithat-meg\/\" target=\"_blank\" aria-label=\"undefined (opens in a new tab)\" rel=\"noreferrer noopener\">j\u00e1t\u00e9kban<\/a>, <a href=\"https:\/\/yelon.hu\/szuloknek\/8-fontos-digitalis-keszseg-a-gyerekeknek\/\" target=\"_blank\" aria-label=\"undefined (opens in a new tab)\" rel=\"noreferrer noopener\">neten<\/a>, a h\u00e1zi feladatokban, a <a href=\"https:\/\/yelon.hu\/szuloknek\/a-szeretetteljes-neveles-az-arany-kozeput-a-szulo-gyerek-kapcsolatban\/\" target=\"_blank\" aria-label=\"undefined (opens in a new tab)\" rel=\"noreferrer noopener\">fegyelmez\u00e9sben<\/a>. Ha megismerik \u0151ket a gyerekek, k\u00f6nnyebben v\u00e1lnak tudatos, felel\u0151s \u00e9s m\u00e1sokat tisztel\u0151 szem\u00e9lyekk\u00e9.<\/p>\n\n\n\n<!--more-->\n\n\n\n<p>Ha pedig most azt gondolod, hogy m\u00e9g sosem besz\u00e9lgett\u00e9l a gyerekeddel a jogair\u00f3l, val\u00f3sz\u00edn\u0171leg t\u00e9vedsz \u2013&nbsp;m\u00e9g ha nem is ejtetted ki a sz\u00e1don, hogy <em>gyerekjog<\/em>. Amikor megtan\u00edtod a gyerekednek, hogy <a aria-label=\"undefined (opens in a new tab)\" href=\"https:\/\/yelon.hu\/szuloknek\/az-iskolaorseg-nem-tudja-megelozni-az-eroszakot\/\" target=\"_blank\" rel=\"noreferrer noopener\">nem b\u00e1nthatja \u0151t senki<\/a>, vagy hogy mit csin\u00e1ljon, ha elh\u00edvja egy idegen. Amikor meghallgatod az \u0151 oldal\u00e1t arr\u00f3l, hogyan veszett \u00f6ssze a tes\u00f3j\u00e1val. Amikor seg\u00edtesz neki meg\u00e9rteni a tananyagot, vagy beiratod a <a aria-label=\"undefined (opens in a new tab)\" href=\"https:\/\/yelon.hu\/szuloknek\/ha-sportol-a-gyerek\/\" target=\"_blank\" rel=\"noreferrer noopener\">kedvenc edz\u00e9s\u00e9re<\/a>. Minden ilyen helyzetben azt k\u00f6zvet\u00edted a gyereked fel\u00e9, hogy fontosak neked az \u0151 jogai.<\/p>\n\n\n\n<h2>Az al\u00e1bbi pontok seg\u00edts\u00e9get ny\u00fajthatnak abban, hogyan besz\u00e9lgess r\u00f3luk a gyerekeddel:<\/h2>\n\n\n\n<p>1. A gyerekjogokr\u00f3l besz\u00e9lgetni annyi, mint a gyerekedr\u0151l besz\u00e9lni. Ehhez tal\u00e1lj id\u0151t, \u00e9s mutasd meg, hogy fontos neked, hogy mi t\u00f6rt\u00e9nik az \u00e9let\u00e9ben. Nem sz\u00e1raz jogszab\u00e1lyokat kell \u00e1tadnod. Nem az v\u00e9di meg a gyereked, ha fel tudja sorolni az 1991. \u00e9vi LXIV. tv. \u00f6sszes cikk\u00e9t, hanem ha biztos lehet abban, hogy megfelel\u0151 figyelmet kap. Hagyd, hogy v\u00e9gigmondja, seg\u00edtsd k\u00e9rd\u00e9sekkel, fejezd ki, hogy \u00e9rdekel, amit mond. \u00dagy mondd el a v\u00e9lem\u00e9nyed, hogy nem h\u00fazod le az \u00f6v\u00e9t \u2013 tan\u00edtsd meg neki, hogy rendben van az, ha valamiben nem \u00e9rtetek egyet.&nbsp;K\u00e9rdezd meg a gyereked, hogy mit szeretne t\u0151led: tan\u00e1csot\/seg\u00edts\u00e9get megoldani, kezelni egy helyzetet vagy \u00e9rz\u00e9seket; vagy csak annyit, hogy meghallgasd.<\/p>\n\n\n\n<p>2. T\u00e1j\u00e9koz\u00f3dj! A legt\u00f6bb gyerekjogot te magad is \u00f6ssze tudod szedni, ha egy pap\u00edrral a kezedben v\u00e9giggondolod, mire van sz\u00fcks\u00e9ge egy gyereknek ahhoz, hogy j\u00f3l legyen, \u00e9s mit\u0151l kell megv\u00e9deni ahhoz, hogy ugyanolyan es\u00e9lyekkel induljon, mint b\u00e1rki m\u00e1s. De ha szeretn\u00e9l tudatosabb lenni a gyereknevel\u00e9sben, vagy tudni azt, hogy mik\u00e9nt kezelj egy neh\u00e9z helyzetet, ir\u00e1nyt mutathat, ha mindezt a gyereked szemsz\u00f6g\u00e9b\u0151l is \u00e1tgondolod, \u00e9s m\u00e9lyebben megismered a gyereked jogait. Ez nemcsak neked, de neki is seg\u00edteni fog abban, hogy eligazodjon az \u00e9rz\u00e9sei \u00e9s a gondolatai k\u00f6z\u00f6tt.<\/p>\n\n\n\n<p>3. A jog nem jelenti azt, hogy a gyerek b\u00e1rmit megtehet. Besz\u00e9lgessetek arr\u00f3l, hogy mivel j\u00e1r, ha minden gyereknek egyform\u00e1n joga van elmondani a v\u00e9lem\u00e9ny\u00e9t \u00e9s biztons\u00e1gban lenni az er\u0151szakkal szemben. A gyerekjogok a k\u00f6lcs\u00f6n\u00f6ss\u00e9gre, elfogad\u00e1sra tan\u00edtanak. M\u00e1sok jogainak tisztelete jel\u00f6li ki azt a vonalat, ahol a mi k\u00f6teless\u00e9geink h\u00faz\u00f3dnak. Azok a gyerekek, akiknek a sz\u00fclei a k\u00f6teless\u00e9gek helyett egym\u00e1s tisztelet\u00e9re helyezik a hangs\u00falyt, sokkal k\u00f6nnyebben elfogadj\u00e1k a szab\u00e1lyokat.<\/p>\n\n\n\n<p>4. Att\u00f3l, hogy a gyereked megismeri a jogait, neked nem lesz kevesebb. A saj\u00e1t tekint\u00e9lyedet nemhogy rombolod, hanem \u00e9p\u00edted. A jogok ismerete n\u00f6veli az egy\u00fcttm\u0171k\u00f6d\u00e9st, a k\u00f6lcs\u00f6n\u00f6s tiszteletet, \u00e9s m\u00e9lyebb elfogad\u00e1shoz vezet.<\/p>\n\n\n\n<p>5. Legy\u00e9l pozit\u00edv, \u00e9s seg\u00edtsd \u00e9lni a jogaival! A gyerekjogok nemcsak az er\u0151szakr\u00f3l, kizs\u00e1km\u00e1nyol\u00e1sr\u00f3l vagy dolgoz\u00f3 gyerekekr\u0151l sz\u00f3lnak. Minden gyereknek joga van ahhoz, hogy kibontakoztassa a tehets\u00e9g\u00e9t, tal\u00e1lkozzon a <a aria-label=\"undefined (opens in a new tab)\" href=\"https:\/\/yelon.hu\/szuloknek\/a-gyerek-uj-baratai\/\" target=\"_blank\" rel=\"noreferrer noopener\">bar\u00e1taival<\/a>, inform\u00e1ci\u00f3t szerezzen, r\u00e9szt vegyen az \u00e9let\u00e9ben fontos d\u00f6nt\u00e9sekben, \u00e9s megval\u00f3s\u00edtsa az \u00f6tleteit. A gyerekeknek akt\u00edv szerep\u00fck van a jogaik \u00e9rv\u00e9nyes\u00edt\u00e9s\u00e9ben. Ne csak arr\u00f3l besz\u00e9lj, hogy mi nem megengedhet\u0151 vele szemben, hanem t\u00e1mogasd abban, hogy megtanuljon \u00e9lni a jogaival.<\/p>\n\n\n\n<p>6. Haszn\u00e1ld ki azokat a helyzeteket, amiket az \u00e9let hoz! Ha a gyereked <a aria-label=\"undefined (opens in a new tab)\" href=\"https:\/\/yelon.hu\/szuloknek\/mi-volt-ma-a-suliban-helyett-ezeket-kerdezd\/\" target=\"_blank\" rel=\"noreferrer noopener\">elmes\u00e9l egy t\u00f6rt\u00e9netet a sulib\u00f3l<\/a>, mes\u00e9t olvastok, vagy gyerekekr\u0151l tud\u00f3s\u00edtanak a h\u00edrekben, k\u00e9rdezd meg, hogy mit gondol r\u00f3la. Besz\u00e9lgessetek arr\u00f3l, hogy pl. m\u00e1s lenne-e a t\u00f6rt\u00e9net, ha m\u00e1shol vagy m\u00e1ssal t\u00f6rt\u00e9nne. Ne menj el sz\u00f3 n\u00e9lk\u00fcl amellett, ha a gyereked nem mutat el\u00e9g tiszteletet m\u00e1s ir\u00e1nt. K\u00e9rdezz vissza, ne b\u00fajj ki a neh\u00e9z helyzetek al\u00f3l. Mutass r\u00e1 az olyan \u00e9rt\u00e9kekre, mint a soksz\u00edn\u0171s\u00e9g, er\u0151szakmentess\u00e9g \u00e9s m\u00e9lt\u00e1nyoss\u00e1g. Ne egyetlen besz\u00e9lget\u00e9sben gondolkodj \u2013 az olyan lenne, mintha egy \u00fclt\u0151 helyedben kellene felk\u00e9sz\u00edtened a teljes \u00e9letre.&nbsp;<\/p>\n\n\n\n<p>7. Er\u0151s\u00edtsd meg az \u00e9rz\u00e9seiben, ha a gyerekedet valami s\u00e9relem \u00e9rte. Bizony\u00e1ra ismer\u0151s a helyzet, mikor k\u00e9ts\u00e9gbeesve mes\u00e9li, milyen igazs\u00e1gtalans\u00e1g t\u00f6rt\u00e9nt vele. B\u00fcntet\u00e9sb\u0151l az eg\u00e9sz oszt\u00e1llyal dog\u00e1t \u00edrattak, belen\u00e9ztek az \u00fczeneteibe, vagy kiv\u00e9telezett valakivel az edz\u0151. A legt\u00f6bb gyerek nagyon h\u00e1l\u00e1s az\u00e9rt \u2013 \u00e9s j\u00f3 kapcsolat\u00e9p\u00edt\u0151 is \u2013, ha meghallgatj\u00e1k \u00e9s elismerik a s\u00e9relm\u00fcket \u00e9s \u00e9rz\u00e9seiket.<\/p>\n\n\n\n<p>8. K\u00e9rdezd meg a gyerekedet, neki mi a fontos! A gyerekek a legnagyobb szak\u00e9rt\u0151k az \u00e9let\u00fckben: \u00e9rt\u00e9kes szempontokat tudnak hozz\u00e1tenni azokhoz a besz\u00e9lget\u00e9sekhez, amik \u0151ket \u00e9rintik. Fontos, hogy a sz\u00e1mukra relev\u00e1ns \u00e9s \u00e9rthet\u0151 ismereteket kapjanak. Figyeld meg, mikor nyitott a gyereked a besz\u00e9lget\u00e9sre. Ez lehet utaz\u00e1s vagy f\u0151z\u00e9s k\u00f6zben, lefekv\u00e9s el\u0151tt. Biztos\u00edtsd arr\u00f3l, hogy nyugodtan k\u00e9rdezhet, \u00e9s hogy nincs rossz gondolat.<\/p>\n\n\n\n<p>9. Legy\u00e9l tudat\u00e1ban annak, hogy milyen hat\u00e1st v\u00e1ltanak ki a szavaid! Gondold \u00e1t, mi kell ahhoz, hogy val\u00f3di, k\u00e9toldal\u00fa besz\u00e9lget\u00e9s alakuljon ki, \u00e9s a gyereked meghallja, amit mondani szeretn\u00e9l. Seg\u00edt, ha nem hatalmi poz\u00edci\u00f3b\u00f3l vagy t\u00fal\u00f3v\u00f3an sz\u00f3lsz hozz\u00e1. Az\u00e9rt, mert egy gyereket v\u00e9deni \u00e9s t\u00e1mogatni kell, m\u00e9g nem \u00e1ldozat, ahogy a sz\u00fcl\u0151 sem h\u0151s, akinek meg kell \u0151ket menteni. A gyerekek akt\u00edv alak\u00edt\u00f3i az \u00e9let\u00fcknek.<\/p>\n\n\n\n<p>10. Nem lehet el\u00e9g kor\u00e1n kezdeni. Ne gondold, hogy m\u00e9g nincs k\u00e9sz arra, hogy \u00e9ljen a jogaival, hogy nem \u00e9rten\u00e9 meg \u0151ket, vagy hogy els\u0151k\u00e9nt tanulja meg tisztelni a jogokat. A gyerekek a saj\u00e1t jogaik fel\u00e9 m\u00e1sok \u00e1ltal mutatott tiszteleten kereszt\u00fcl tanulj\u00e1k meg m\u00e1sok jogainak tisztelet\u00e9t. M\u00e1r \u00f3vod\u00e1skorban is lehet besz\u00e9lgetni vel\u00fck a saj\u00e1t \u00e9lm\u00e9nyeiken kereszt\u00fcl, k\u00e9s\u0151bb pedig fokozatosan lehet nyitni a f\u00f3kuszt.<\/p>\n\n\n\n<p>11. A gyerekjog pajzs, nem fegyver. Besz\u00e9lgessetek arr\u00f3l, hogy milyen helyzetekben \u00e9s hogyan tud seg\u00edteni, ha ismeri a jogait, \u00e9s mi az, ami nem elv\u00e1rhat\u00f3 ett\u0151l. Minden gyerekn\u00e9l sz\u00e1m\u00edt, hogy meg\u00e9rtse a jogait, \u00e9s nem csak akkor, ha t\u00f6rv\u00e9nybe \u00fctk\u00f6z\u0151t k\u00f6vet el.<\/p>\n\n\n\n<p>12. A jog nem alku t\u00e1rgya. A gyerekjogok \u00e9rv\u00e9nyes\u00fcl\u00e9se nem jutalom vagy kiv\u00e1lts\u00e1g, nem f\u00fcgg a k\u00f6teless\u00e9gek teljes\u00edt\u00e9s\u00e9t\u0151l, \u00e9s nem lehet felt\u00e9telekhez k\u00f6tni. Minden gyereket egyform\u00e1n megilletnek, akkor is, ha nem \u00edrt\u00e1k meg a h\u00e1zit, vagy elk\u00f6vettek valamit \u2013 ahogy feln\u0151ttk\u00e9nt akkor is jogunk van t\u00fcntetni, ha tilosban parkoltunk. Ne fegyelmezz vagy fenyegess vel\u00fck, ne arra haszn\u00e1ld, hogy a gyerek viselked\u00e9s\u00e9t szab\u00e1lyozd. Eml\u00e9kezz arra, hogy a jogaikat nem t\u0151led kapj\u00e1k, hanem t\u0151l\u00fck elidegen\u00edthetetlenek.<\/p>\n\n\n\n<p>13. Legy\u00e9l hiteles! A gyerekek mintak\u00f6vet\u00e9ssel tanulnak. Mutass p\u00e9ld\u00e1t azzal, hogy tiszteled a gyereked jogait, <a href=\"https:\/\/yelon.hu\/szuloknek\/a-gyerekveres-nem-segit\/\" target=\"_blank\" aria-label=\"undefined (opens in a new tab)\" rel=\"noreferrer noopener\">nem \u00fct\u00f6d<\/a> \u00e9s <a href=\"https:\/\/yelon.hu\/szuloknek\/lelki-bantalmazas-fajdalmas-szavak\/\" target=\"_blank\" aria-label=\"undefined (opens in a new tab)\" rel=\"noreferrer noopener\">nem al\u00e1zod meg<\/a>, \u00e9s komolyan veszed a v\u00e9lem\u00e9ny\u00e9t. A sz\u00fcl\u0151s\u00e9g nem szerep, hanem kapcsolat. Mutasd meg magad, besz\u00e9lj az \u00e9rz\u00e9seidr\u0151l, a napodr\u00f3l, a neh\u00e9zs\u00e9gekr\u0151l. K\u00f6nnyebben tud megny\u00edlni a gyereked, ha tud mihez kapcsol\u00f3dni.<\/p>\n\n\n\n<p>14. V\u00e9g\u00fcl ne feledd: sosem k\u00e9s\u0151 elkezdeni! Gondold \u00e1t, hogy mi tart vissza, hogy besz\u00e9lgess a gyerekeddel a jogair\u00f3l.<\/p>\n\n\n\n<h2>Milyen jogai vannak egy gyereknek?<\/h2>\n\n\n\n<p>A gyerekjogok az es\u00e9lyekr\u0151l \u00e9s a gyerekek sz\u00fcks\u00e9gleteir\u0151l sz\u00f3lnak. Azok\u00f3l az egyetemes felt\u00e9telekr\u0151l, amiket minden 18 \u00e9v alatti sz\u00e1m\u00e1ra biztostani kell ahhoz, hogy testileg, lelkileg, szellemileg eg\u00e9szs\u00e9gesen fejl\u0151djenek. Minden gyereknek ugyanolyan jogai vannak, amelyeket az ENSZ Gyermekjogi egyezm\u00e9nye sorol fel. Joguk van p\u00e9ld\u00e1ul ahhoz, hogy megv\u00e9dj\u00e9k \u0151ket az er\u0151szakt\u00f3l, megk\u00fcl\u00f6nb\u00f6ztet\u00e9st\u0151l, hogy figyelembe vegy\u00e9k a v\u00e9lem\u00e9ny\u00fcket \u00e9s az \u0151 legf\u0151bb \u00e9rdek\u00fcket. Els\u0151sorban a sz\u00fcl\u0151k felel\u0151ss\u00e9ge, hogy gondoskodjanak a gyerekekr\u0151l, \u00e9s seg\u00edtsenek a jogaik \u00e9rv\u00e9nyes\u00fcl\u00e9s\u00e9ben, de az \u00e1llamnak is mindent meg kell tennie ez\u00e9rt.<\/p>\n\n\n\n<p><em>Ha tetszett, t\u00f6ltsd le a kiadv\u00e1nyt az&nbsp;<a rel=\"noreferrer noopener\" href=\"https:\/\/hintalovon.hu\/hu\/adom%C3%A1nybolt\" target=\"_blank\">adom\u00e1nyboltunkb\u00f3l<\/a>.<\/em><\/p>\n\n\n\n<p><em>Tudj meg t\u00f6bbet: <a aria-label=\"undefined (opens in a new tab)\" href=\"https:\/\/hintalovon.hu\/hu\" target=\"_blank\" rel=\"noreferrer noopener\">Hintalovon.hu<\/a><\/em><\/p>\n\n\n\n<p><em>Kiemelt k\u00e9p <a href=\"https:\/\/unsplash.com\/photos\/C7B-ExXpOIE\" target=\"_blank\" aria-label=\"undefined (opens in a new tab)\" rel=\"noreferrer noopener\">innen<\/a>.<\/em><\/p>\n","protected":false},"excerpt":{"rendered":"<p>A gyerekek jogait els\u0151sorban nem a jog\u00e1szok \u00e9s \u00e9rdekv\u00e9d\u0151 szervezetek tudj\u00e1k megv\u00e9deni, hanem az \u00e9rt\u00fck felel\u0151s feln\u0151ttek; nem csak azzal, hogy mindent megtesznek az \u00e9rv\u00e9nyes\u00fcl\u00e9s\u00fck\u00e9rt, de azzal is, hogy a gyerekeknek seg\u00edtenek megismerni, \u00e9s meg\u00e9rteni, mik azok a gyerekjogok, \u00e9s hogyan \u00e9rintik a mindennapjaikat.<\/p>\n","protected":false},"author":9,"featured_media":4898,"comment_status":"closed","ping_status":"closed","sticky":false,"template":"","format":"standard","meta":[],"categories":[33],"tags":[1807,910,149,142,1809,1808,1806,1804,1805],"yoast_head":"<!-- This site is optimized with the Yoast SEO plugin v15.1 - https:\/\/yoast.com\/wordpress\/plugins\/seo\/ -->\n<title>\u00cdgy besz\u00e9lj a gyerekekkel a gyerekjogokr\u00f3l - Yelon<\/title>\n<meta name=\"description\" content=\"Ha a gyerekek megismerik a jogaikat, k\u00f6nnyebben v\u00e1lnak tudatos, felel\u0151s \u00e9s m\u00e1sokat tisztel\u0151 szem\u00e9lyekk\u00e9. Ebben sz\u00fcl\u0151k\u00e9nt is seg\u00edthet\u00fcnk.\" \/>\n<meta name=\"robots\" content=\"index, follow, max-snippet:-1, max-image-preview:large, max-video-preview:-1\" \/>\n<link rel=\"canonical\" href=\"https:\/\/yelon.hu\/szuloknek\/gyerekeknek-a-gyerekjogokrol\/\" \/>\n<meta property=\"og:locale\" content=\"hu_HU\" \/>\n<meta property=\"og:type\" content=\"article\" \/>\n<meta property=\"og:title\" content=\"\u00cdgy besz\u00e9lj a gyerekekkel a gyerekjogokr\u00f3l - Yelon\" \/>\n<meta property=\"og:description\" content=\"Ha a gyerekek megismerik a jogaikat, k\u00f6nnyebben v\u00e1lnak tudatos, felel\u0151s \u00e9s m\u00e1sokat tisztel\u0151 szem\u00e9lyekk\u00e9. Ebben sz\u00fcl\u0151k\u00e9nt is seg\u00edthet\u00fcnk.\" \/>\n<meta property=\"og:url\" content=\"https:\/\/yelon.hu\/szuloknek\/gyerekeknek-a-gyerekjogokrol\/\" \/>\n<meta property=\"og:site_name\" content=\"Yelon\" \/>\n<meta property=\"article:published_time\" content=\"2020-07-17T21:09:00+00:00\" \/>\n<meta property=\"article:modified_time\" content=\"2021-11-24T13:12:12+00:00\" \/>\n<meta property=\"og:image\" content=\"https:\/\/yelon.hu\/szuloknek\/wp-content\/uploads\/2020\/07\/gyerekek-gyerekjogok-igy-beszelj-scaled.jpg\" \/>\n\t<meta property=\"og:image:width\" content=\"2560\" \/>\n\t<meta property=\"og:image:height\" content=\"1707\" \/>\n<meta name=\"twitter:card\" content=\"summary_large_image\" \/>\n<script type=\"application\/ld+json\" class=\"yoast-schema-graph\">{\"@context\":\"https:\/\/schema.org\",\"@graph\":[{\"@type\":\"WebSite\",\"@id\":\"https:\/\/yelon.hu\/szuloknek\/#website\",\"url\":\"https:\/\/yelon.hu\/szuloknek\/\",\"name\":\"Yelon\",\"description\":\"Kamaszoknak \\u00e9s sz\\u00fcl\\u0151knek sz\\u00f3l\\u00f3 online magazin\",\"potentialAction\":[{\"@type\":\"SearchAction\",\"target\":\"https:\/\/yelon.hu\/szuloknek\/?s={search_term_string}\",\"query-input\":\"required name=search_term_string\"}],\"inLanguage\":\"hu\"},{\"@type\":\"ImageObject\",\"@id\":\"https:\/\/yelon.hu\/szuloknek\/gyerekeknek-a-gyerekjogokrol\/#primaryimage\",\"inLanguage\":\"hu\",\"url\":\"https:\/\/yelon.hu\/szuloknek\/wp-content\/uploads\/2020\/07\/gyerekek-gyerekjogok-igy-beszelj-scaled.jpg\",\"width\":2560,\"height\":1707,\"caption\":\"Gyerekjogok sz\\u00fcl\\u0151knek\"},{\"@type\":\"WebPage\",\"@id\":\"https:\/\/yelon.hu\/szuloknek\/gyerekeknek-a-gyerekjogokrol\/#webpage\",\"url\":\"https:\/\/yelon.hu\/szuloknek\/gyerekeknek-a-gyerekjogokrol\/\",\"name\":\"\\u00cdgy besz\\u00e9lj a gyerekekkel a gyerekjogokr\\u00f3l - Yelon\",\"isPartOf\":{\"@id\":\"https:\/\/yelon.hu\/szuloknek\/#website\"},\"primaryImageOfPage\":{\"@id\":\"https:\/\/yelon.hu\/szuloknek\/gyerekeknek-a-gyerekjogokrol\/#primaryimage\"},\"datePublished\":\"2020-07-17T21:09:00+00:00\",\"dateModified\":\"2021-11-24T13:12:12+00:00\",\"author\":{\"@id\":\"https:\/\/yelon.hu\/szuloknek\/#\/schema\/person\/c9fa38f81f80ff5bbd245a64fddaee93\"},\"description\":\"Ha a gyerekek megismerik a jogaikat, k\\u00f6nnyebben v\\u00e1lnak tudatos, felel\\u0151s \\u00e9s m\\u00e1sokat tisztel\\u0151 szem\\u00e9lyekk\\u00e9. Ebben sz\\u00fcl\\u0151k\\u00e9nt is seg\\u00edthet\\u00fcnk.\",\"inLanguage\":\"hu\",\"potentialAction\":[{\"@type\":\"ReadAction\",\"target\":[\"https:\/\/yelon.hu\/szuloknek\/gyerekeknek-a-gyerekjogokrol\/\"]}]},{\"@type\":\"Person\",\"@id\":\"https:\/\/yelon.hu\/szuloknek\/#\/schema\/person\/c9fa38f81f80ff5bbd245a64fddaee93\",\"name\":\"B. Zsofi\",\"image\":{\"@type\":\"ImageObject\",\"@id\":\"https:\/\/yelon.hu\/szuloknek\/#personlogo\",\"inLanguage\":\"hu\",\"url\":\"https:\/\/secure.gravatar.com\/avatar\/0936caaf13a2f9714ad4b7bd07dd9bca?s=96&d=mm&r=g\",\"caption\":\"B. Zsofi\"}}]}<\/script>\n<!-- \/ Yoast SEO plugin. -->","_links":{"self":[{"href":"https:\/\/yelon.hu\/szuloknek\/wp-json\/wp\/v2\/posts\/4887"}],"collection":[{"href":"https:\/\/yelon.hu\/szuloknek\/wp-json\/wp\/v2\/posts"}],"about":[{"href":"https:\/\/yelon.hu\/szuloknek\/wp-json\/wp\/v2\/types\/post"}],"author":[{"embeddable":true,"href":"https:\/\/yelon.hu\/szuloknek\/wp-json\/wp\/v2\/users\/9"}],"replies":[{"embeddable":true,"href":"https:\/\/yelon.hu\/szuloknek\/wp-json\/wp\/v2\/comments?post=4887"}],"version-history":[{"count":9,"href":"https:\/\/yelon.hu\/szuloknek\/wp-json\/wp\/v2\/posts\/4887\/revisions"}],"predecessor-version":[{"id":5657,"href":"https:\/\/yelon.hu\/szuloknek\/wp-json\/wp\/v2\/posts\/4887\/revisions\/5657"}],"wp:featuredmedia":[{"embeddable":true,"href":"https:\/\/yelon.hu\/szuloknek\/wp-json\/wp\/v2\/media\/4898"}],"wp:attachment":[{"href":"https:\/\/yelon.hu\/szuloknek\/wp-json\/wp\/v2\/media?parent=4887"}],"wp:term":[{"taxonomy":"category","embeddable":true,"href":"https:\/\/yelon.hu\/szuloknek\/wp-json\/wp\/v2\/categories?post=4887"},{"taxonomy":"post_tag","embeddable":true,"href":"https:\/\/yelon.hu\/szuloknek\/wp-json\/wp\/v2\/tags?post=4887"}],"curies":[{"name":"wp","href":"https:\/\/api.w.org\/{rel}","templated":true}]}}