{"id":4928,"date":"2020-08-06T14:12:34","date_gmt":"2020-08-06T12:12:34","guid":{"rendered":"https:\/\/yelon.hu\/szuloknek\/?p=4928"},"modified":"2020-10-22T13:53:16","modified_gmt":"2020-10-22T11:53:16","slug":"iskolai-kozossegi-szolgalat","status":"publish","type":"post","link":"https:\/\/yelon.hu\/szuloknek\/iskolai-kozossegi-szolgalat\/","title":{"rendered":"\u00cdgy lesz hasznos a gyerekeknek az iskolai k\u00f6z\u00f6ss\u00e9gi szolg\u00e1lat"},"content":{"rendered":"\n<p>A <a href=\"http:\/\/hintalovon.hu\/\" target=\"_blank\" aria-label=\"undefined (opens in a new tab)\" rel=\"noreferrer noopener\">Hintalovon Gyermekjogi Alap\u00edtv\u00e1ny<\/a> csapata k\u00e9sz\u00edtett egy remek \u00f6sszefoglal\u00f3t az \u00e9rintetteknek, vagyis a gyerekeknek mindarr\u00f3l, ami az iskolai k\u00f6z\u00f6ss\u00e9gi szolg\u00e1lat kapcs\u00e1n felmer\u00fclhet benn\u00fck.<\/p>\n\n\n\n<!--more-->\n\n\n\n<p>A teljes kiadv\u00e1ny let\u00f6lthet\u0151 <a aria-label=\"undefined (opens in a new tab)\" href=\"https:\/\/yelon.hu\/szuloknek\/wp-content\/uploads\/2020\/08\/Iskolai-k\u00f6z\u00f6ss\u00e9gi-szolg\u00e1lat.pdf\" target=\"_blank\" rel=\"noreferrer noopener\">innen<\/a>, illetve cikk form\u00e1j\u00e1ban is el\u00e9rhet\u0151 a <a aria-label=\"undefined (opens in a new tab)\" href=\"https:\/\/yelon.hu\/2020\/08\/04\/iskolai-kozossegi-szolgalat\/\" target=\"_blank\" rel=\"noreferrer noopener\">Yelon fiataloknak<\/a> sz\u00f3l\u00f3 oldal\u00e1n, \u00e9s b\u00e1rmelyik form\u00e1ban remek kiindul\u00f3pontk\u00e9nt szolg\u00e1lhat, hogy seg\u00edts\u00fcnk a gyerekeinknek v\u00e9giggondolni \u00e9s a sz\u00e1mukra legmegfelel\u0151bb, legtesthez\u00e1ll\u00f3bb m\u00f3don megv\u00e1laszolni az ezzel kapcsolatos k\u00e9rd\u00e9seket.<\/p>\n\n\n\n<p>\u00c1tbesz\u00e9lhetj\u00fck k\u00f6z\u00f6sen, hogy mi is az az iskolai k\u00f6z\u00f6ss\u00e9gi szolg\u00e1lat, mi a c\u00e9lja \u00e9s mi nem az (nem munkav\u00e9gz\u00e9s, nem di\u00e1kmunka, nem \u00f6nk\u00e9ntes munka, nem k\u00f6zmunka \u00e9s nem szakmai gyakorlat), mit \u00e9rdemes v\u00e9giggondolni a tev\u00e9kenys\u00e9g \u00e9s a szervezet kiv\u00e1laszt\u00e1sa sor\u00e1n, milyen szab\u00e1lyokr\u00f3l fontos tudni, illetve mindezt sok p\u00e9lda is illusztr\u00e1lja a <a aria-label=\"undefined (opens in a new tab)\" href=\"https:\/\/yelon.hu\/szuloknek\/wp-content\/uploads\/2020\/08\/Iskolai-k\u00f6z\u00f6ss\u00e9gi-szolg\u00e1lat.pdf\" target=\"_blank\" rel=\"noreferrer noopener\">kiadv\u00e1nyban<\/a>. <\/p>\n\n\n\n<h2>50 \u00f3ra k\u00f6z\u00f6ss\u00e9gi szolg\u00e1lat az \u00e9retts\u00e9gihez<\/h2>\n\n\n\n<p>Magyarorsz\u00e1gon az \u00e9retts\u00e9gi vizsg\u00e1k megkezd\u00e9s\u00e9hez igazolni kell 50 \u00f3ra k\u00f6z\u00f6ss\u00e9gi szolg\u00e1lat elv\u00e9gz\u00e9s\u00e9t, amit \u00e9rdemes lehet m\u00e9g a 9\u201311. \u00e9vfolyamban ledolgozni, hogy az \u00e9retts\u00e9gi \u00e9v\u00e9ben m\u00e1r ne kelljen ezen izgulni.<\/p>\n\n\n\n<p>A <a aria-label=\"undefined (opens in a new tab)\" href=\"https:\/\/yelon.hu\/2020\/08\/04\/iskolai-kozossegi-szolgalat\/\" target=\"_blank\" rel=\"noreferrer noopener\">fiataloknak k\u00e9sz\u00fclt \u00f6sszefoglal\u00f3<\/a> ment\u00e9n seg\u00edthet\u00fcnk a gyerekeinknek az erre val\u00f3 tudatos felk\u00e9sz\u00fcl\u00e9sben, \u00edgy lehet\u0151v\u00e9 t\u00e9ve sz\u00e1mukra, hogy m\u00f3djukban \u00e1lljon megszerezni mindazt a tud\u00e1st \u00e9s tapasztalatot, amit az IKSZ adhat: <\/p>\n\n\n\n<ul><li>Sz\u00e9lesebb lesz a l\u00e1t\u00f3k\u00f6r\u00fck, t\u00f6bb mindent megismerve kritikusabban tudnak majd gondolkozni k\u00fcl\u00f6nb\u00f6z\u0151 t\u00e9m\u00e1kr\u00f3l. <\/li><li>Sokat tanulhatnak a csapatmunk\u00e1r\u00f3l, az&nbsp;egy\u00fcttm\u0171k\u00f6d\u00e9sr\u0151l, a&nbsp;kommunik\u00e1ci\u00f3r\u00f3l. <\/li><li>Fejleszthetik a probl\u00e9mamegold\u00f3 k\u00e9pess\u00e9g\u00fcket. <\/li><li>Jobban megismerhetik magukat, ez pedig a magabiztos\u00e1gukat is n\u00f6velheti.<\/li><li>Ezek az \u00e9lm\u00e9nyek seg\u00edthetnek d\u00f6nteni a tov\u00e1bbtanul\u00e1sban is: megtudhatj\u00e1k, mi az, ami igaz\u00e1n \u00e9rdekli \u0151ket, amiben j\u00f3k, \u00e9s amit sz\u00edvesen csin\u00e1lnak.<\/li><\/ul>\n\n\n\n<p><em>Kiemelt k\u00e9p <a aria-label=\"undefined (opens in a new tab)\" href=\"https:\/\/unsplash.com\/photos\/Tsz-4K1sS9w\" target=\"_blank\" rel=\"noreferrer noopener\">innen<\/a><\/em><\/p>\n","protected":false},"excerpt":{"rendered":"<p>Magyarorsz\u00e1gon az \u00e9retts\u00e9gi vizsg\u00e1k megkezd\u00e9s\u00e9hez igazolni kell 50 \u00f3ra k\u00f6z\u00f6ss\u00e9gi szolg\u00e1lat elv\u00e9gz\u00e9s\u00e9t. A Hintalovon Gyermekjogi Alap\u00edtv\u00e1ny k\u00e9sz\u00edtett egy \u00f6sszefoglal\u00f3t, amely ment\u00e9n seg\u00edthetj\u00fck a gyerekeinket az erre val\u00f3 tudatos felk\u00e9sz\u00fcl\u00e9sben.<\/p>\n","protected":false},"author":10,"featured_media":4929,"comment_status":"closed","ping_status":"closed","sticky":false,"template":"","format":"standard","meta":[],"categories":[11],"tags":[1839,1625,1836,122,1837,1838],"yoast_head":"<!-- This site is optimized with the Yoast SEO plugin v15.1 - https:\/\/yoast.com\/wordpress\/plugins\/seo\/ -->\n<title>\u00cdgy lesz hasznos a gyerekeknek az iskolai k\u00f6z\u00f6ss\u00e9gi szolg\u00e1lat - Yelon<\/title>\n<meta name=\"description\" content=\"\u00d6ssze\u00edrtuk, hogy mit \u00e9rdemes \u00e1tgondolni ak\u00e1r k\u00f6z\u00f6sen az iskolai k\u00f6z\u00f6ss\u00e9gi szolg\u00e1lat el\u0151tt: mi a c\u00e9lja, mire kell figyelni.\" \/>\n<meta name=\"robots\" content=\"index, follow, max-snippet:-1, max-image-preview:large, max-video-preview:-1\" \/>\n<link rel=\"canonical\" href=\"https:\/\/yelon.hu\/szuloknek\/iskolai-kozossegi-szolgalat\/\" \/>\n<meta property=\"og:locale\" content=\"hu_HU\" \/>\n<meta property=\"og:type\" content=\"article\" \/>\n<meta property=\"og:title\" content=\"\u00cdgy lesz hasznos a gyerekeknek az iskolai k\u00f6z\u00f6ss\u00e9gi szolg\u00e1lat - Yelon\" \/>\n<meta property=\"og:description\" content=\"\u00d6ssze\u00edrtuk, hogy mit \u00e9rdemes \u00e1tgondolni ak\u00e1r k\u00f6z\u00f6sen az iskolai k\u00f6z\u00f6ss\u00e9gi szolg\u00e1lat el\u0151tt: mi a c\u00e9lja, mire kell figyelni.\" \/>\n<meta property=\"og:url\" content=\"https:\/\/yelon.hu\/szuloknek\/iskolai-kozossegi-szolgalat\/\" \/>\n<meta property=\"og:site_name\" content=\"Yelon\" \/>\n<meta property=\"article:published_time\" content=\"2020-08-06T12:12:34+00:00\" \/>\n<meta property=\"article:modified_time\" content=\"2020-10-22T11:53:16+00:00\" \/>\n<meta property=\"og:image\" content=\"https:\/\/yelon.hu\/szuloknek\/wp-content\/uploads\/2020\/08\/IKSZ-iskolai-kozossegi-szolgalat-scaled.jpg\" \/>\n\t<meta property=\"og:image:width\" content=\"2560\" \/>\n\t<meta property=\"og:image:height\" content=\"1707\" \/>\n<meta name=\"twitter:card\" content=\"summary_large_image\" \/>\n<script type=\"application\/ld+json\" class=\"yoast-schema-graph\">{\"@context\":\"https:\/\/schema.org\",\"@graph\":[{\"@type\":\"WebSite\",\"@id\":\"https:\/\/yelon.hu\/szuloknek\/#website\",\"url\":\"https:\/\/yelon.hu\/szuloknek\/\",\"name\":\"Yelon\",\"description\":\"Kamaszoknak \\u00e9s sz\\u00fcl\\u0151knek sz\\u00f3l\\u00f3 online magazin\",\"potentialAction\":[{\"@type\":\"SearchAction\",\"target\":\"https:\/\/yelon.hu\/szuloknek\/?s={search_term_string}\",\"query-input\":\"required name=search_term_string\"}],\"inLanguage\":\"hu\"},{\"@type\":\"ImageObject\",\"@id\":\"https:\/\/yelon.hu\/szuloknek\/iskolai-kozossegi-szolgalat\/#primaryimage\",\"inLanguage\":\"hu\",\"url\":\"https:\/\/yelon.hu\/szuloknek\/wp-content\/uploads\/2020\/08\/IKSZ-iskolai-kozossegi-szolgalat-scaled.jpg\",\"width\":2560,\"height\":1707,\"caption\":\"IKSZ, iskolai k\\u00f6z\\u00f6ss\\u00e9gi szolg\\u00e1lat\"},{\"@type\":\"WebPage\",\"@id\":\"https:\/\/yelon.hu\/szuloknek\/iskolai-kozossegi-szolgalat\/#webpage\",\"url\":\"https:\/\/yelon.hu\/szuloknek\/iskolai-kozossegi-szolgalat\/\",\"name\":\"\\u00cdgy lesz hasznos a gyerekeknek az iskolai k\\u00f6z\\u00f6ss\\u00e9gi szolg\\u00e1lat - Yelon\",\"isPartOf\":{\"@id\":\"https:\/\/yelon.hu\/szuloknek\/#website\"},\"primaryImageOfPage\":{\"@id\":\"https:\/\/yelon.hu\/szuloknek\/iskolai-kozossegi-szolgalat\/#primaryimage\"},\"datePublished\":\"2020-08-06T12:12:34+00:00\",\"dateModified\":\"2020-10-22T11:53:16+00:00\",\"author\":{\"@id\":\"https:\/\/yelon.hu\/szuloknek\/#\/schema\/person\/cc8ade7915e7e03e45101714bee29a46\"},\"description\":\"\\u00d6ssze\\u00edrtuk, hogy mit \\u00e9rdemes \\u00e1tgondolni ak\\u00e1r k\\u00f6z\\u00f6sen az iskolai k\\u00f6z\\u00f6ss\\u00e9gi szolg\\u00e1lat el\\u0151tt: mi a c\\u00e9lja, mire kell figyelni.\",\"inLanguage\":\"hu\",\"potentialAction\":[{\"@type\":\"ReadAction\",\"target\":[\"https:\/\/yelon.hu\/szuloknek\/iskolai-kozossegi-szolgalat\/\"]}]},{\"@type\":\"Person\",\"@id\":\"https:\/\/yelon.hu\/szuloknek\/#\/schema\/person\/cc8ade7915e7e03e45101714bee29a46\",\"name\":\"Nagy Vikt\\u00f3ria\",\"image\":{\"@type\":\"ImageObject\",\"@id\":\"https:\/\/yelon.hu\/szuloknek\/#personlogo\",\"inLanguage\":\"hu\",\"url\":\"https:\/\/secure.gravatar.com\/avatar\/3556f27c74a3b0989637956c35a12ea1?s=96&d=mm&r=g\",\"caption\":\"Nagy Vikt\\u00f3ria\"}}]}<\/script>\n<!-- \/ Yoast SEO plugin. -->","_links":{"self":[{"href":"https:\/\/yelon.hu\/szuloknek\/wp-json\/wp\/v2\/posts\/4928"}],"collection":[{"href":"https:\/\/yelon.hu\/szuloknek\/wp-json\/wp\/v2\/posts"}],"about":[{"href":"https:\/\/yelon.hu\/szuloknek\/wp-json\/wp\/v2\/types\/post"}],"author":[{"embeddable":true,"href":"https:\/\/yelon.hu\/szuloknek\/wp-json\/wp\/v2\/users\/10"}],"replies":[{"embeddable":true,"href":"https:\/\/yelon.hu\/szuloknek\/wp-json\/wp\/v2\/comments?post=4928"}],"version-history":[{"count":6,"href":"https:\/\/yelon.hu\/szuloknek\/wp-json\/wp\/v2\/posts\/4928\/revisions"}],"predecessor-version":[{"id":4944,"href":"https:\/\/yelon.hu\/szuloknek\/wp-json\/wp\/v2\/posts\/4928\/revisions\/4944"}],"wp:featuredmedia":[{"embeddable":true,"href":"https:\/\/yelon.hu\/szuloknek\/wp-json\/wp\/v2\/media\/4929"}],"wp:attachment":[{"href":"https:\/\/yelon.hu\/szuloknek\/wp-json\/wp\/v2\/media?parent=4928"}],"wp:term":[{"taxonomy":"category","embeddable":true,"href":"https:\/\/yelon.hu\/szuloknek\/wp-json\/wp\/v2\/categories?post=4928"},{"taxonomy":"post_tag","embeddable":true,"href":"https:\/\/yelon.hu\/szuloknek\/wp-json\/wp\/v2\/tags?post=4928"}],"curies":[{"name":"wp","href":"https:\/\/api.w.org\/{rel}","templated":true}]}}