{"id":5007,"date":"2020-08-24T10:15:56","date_gmt":"2020-08-24T08:15:56","guid":{"rendered":"https:\/\/yelon.hu\/szuloknek\/?p=5007"},"modified":"2020-08-25T12:21:25","modified_gmt":"2020-08-25T10:21:25","slug":"patrick-melrose-gyerekkori-traumak-felnottkent","status":"publish","type":"post","link":"https:\/\/yelon.hu\/szuloknek\/patrick-melrose-gyerekkori-traumak-felnottkent\/","title":{"rendered":"Patrick Melrose: sorozat a gyerekkori traum\u00e1k hat\u00e1sair\u00f3l"},"content":{"rendered":"\n<p>Vajon milyen ir\u00e1nyba viszi a feln\u0151tt \u00e9let\u00fcnket, ha a benn\u00fcnk \u00e9l\u0151 traumatiz\u00e1lt gyereket nem gy\u00f3gy\u00edtjuk meg? Ha a sebeket nem gy\u00f3gy\u00edtjuk be, kapaszkodhatunk-e abba az ill\u00fazi\u00f3ba, hogy ugyanolyan es\u00e9ly\u00fcnk van a boldogs\u00e1gra, mint a kev\u00e9sb\u00e9 sebzett embernek? Vajon gondolhatjuk-e, hogy f\u00e1j\u00f3, v\u00e9rz\u0151 lelki sebekkel, beteg gy\u00f6kerekkel lelkileg teljesen eg\u00e9szs\u00e9ges gyerekeket tudunk nevelni? A <a aria-label=\"undefined (opens in a new tab)\" href=\"https:\/\/wmn.hu\/ugy\/49027-szabadon-terjed-a-sebzettseg-generaciorol-generaciora\" target=\"_blank\" rel=\"noreferrer noopener\">WMN.hu<\/a> cikke.<\/p>\n\n\n\n<!--more-->\n\n\n\n<p>Soha nem l\u00e1ttam m\u00e9g olyan filmsorozatot, mint amilyen a <em>Patrick Melrose<\/em> (Gyurk\u00f3 Szilvia kor\u00e1bban <a aria-label=\"undefined (opens in a new tab)\" href=\"https:\/\/wmn.hu\/kult\/48779-gyerekek-millioi-nonek-igy-fel--benedict-cumberbatch-uj-sorozata-lathatova-teszi-a-gyerekaldozatokat\" target=\"_blank\" rel=\"noreferrer noopener\">itt \u00edrt r\u00f3la<\/a>), ami ennyire t\u00f6m\u00f6ren, h\u00e1tborzongat\u00f3an, val\u00f3s\u00e1gosan, f\u00e1jdalmasan, m\u00e9gis gy\u00f6ny\u00f6r\u0171en mutatja be a gyerekkor feln\u0151tt \u00e9letre gyakorolt hat\u00e1s\u00e1t. Nap mint nap tal\u00e1lkozom azzal a gondolkod\u00e1sm\u00f3ddal, hogy \u201ea feln\u0151ttkornak semmi k\u00f6ze a gyerekkorhoz, a m\u00falt lez\u00e1rhat\u00f3, feln\u0151tt korban pedig tiszta lappal indulunk, \u00e9s tudatos ir\u00e1ny\u00edt\u00e1ssal csak rajtunk, \u00e9s az elhat\u00e1roz\u00e1sainkon m\u00falik, hogyan \u00e9lj\u00fck az \u00e9let\u00fcnket\u201d.<\/p>\n\n\n\n<h2>A feln\u0151ttkornak nincs k\u00f6ze a gyerekkorhoz?<\/h2>\n\n\n\n<p>Szeretn\u00e9nk hinni abban, hogy annak, aki gyerekkor\u00e1ban sokat szenvedett, ugyanannyi es\u00e9lye van egy boldog, nyugodt feln\u0151tt \u00e9letre, mint b\u00e1rki m\u00e1snak. Aki megn\u00e9zi ezt a filmet, r\u00e1k\u00e9nyszer\u00fcl, hogy ezt a k\u00e9rd\u00e9st kicsit komolyabban v\u00e9giggondolja. A film nem hagy eg\u00e9rlyukat, ahol menek\u00fclni lehetne az igazs\u00e1g el\u0151l, k\u00f6telez\u0151v\u00e9 teszi a nagyon alapos megfontol\u00e1s\u00e1t az \u00e9let egyik legfontosabb k\u00e9rd\u00e9s\u00e9nek.<\/p>\n\n\n\n<p>Patrick Melrose-t drogf\u00fcgg\u0151s\u00e9gt\u0151l szenved\u0151 f\u00e9rfik\u00e9nt ismerhetj\u00fck meg, pokoli szenved\u00e9seit k\u00eds\u00e9rhetj\u00fck v\u00e9gig a filmben. A sorozat bemutatja Patrick feln\u0151tt \u00e9let\u00e9nek k\u00fcl\u00f6nb\u00f6z\u0151 korszakait, \u00e9s azok neh\u00e9zs\u00e9geit, \u00fagy, hogy rendszeresen visszavisz az id\u0151ben, \u00e9s bepillant\u00e1st enged Patrick gyerekkori k\u00ednjaiba. Eszm\u00e9letlen\u00fcl hat\u00e1sosan \u00e9s felejthetetlen\u00fcl mutatja be, hogy ezek a gyerekkori esem\u00e9nyek hogyan k\u00eds\u00e9rtik \u0151t t\u00f6bb \u00e9vtizeddel k\u00e9s\u0151bb is, az eml\u00e9kbet\u00f6r\u00e9sek m\u00e9g a n\u00e9z\u0151 sz\u00e1m\u00e1ra is elviselhetetlen\u00fcl f\u00e1jdalmasak.<\/p>\n\n\n\n<h3>A szenved\u00e9lybetegs\u00e9g m\u00f6g\u00f6tt&#8230;<\/h3>\n\n\n\n<p>Az els\u0151 epiz\u00f3d azonnal sokkol, \u00e9s k\u00e9t v\u00e1llra fektet, l\u00e1tni azt a t\u00f6m\u00e9ny szenved\u00e9st, ami a szenved\u00e9lybetegs\u00e9g m\u00f6g\u00f6tt van. Azt rem\u00e9lem, hogy mindenki, aki ezt a r\u00e9szt megn\u00e9zi, azonnal elhaj\u00edtja mag\u00e1t\u00f3l mindenf\u00e9le \u00edt\u00e9lkez\u00e9s\u00e9t a szenved\u00e9lybetegekkel kapcsolatban. A film nem enged sablonokban gondolkodni, nem enged \u00edt\u00e9lkezni, szem\u00fcnk el\u0151tt j\u00e1tsz\u00f3dik, ahogy a szenved\u00e9lybetegs\u00e9g sodor mag\u00e1val, ahogy \u00e9ppen aktu\u00e1lis helyzetekben szinte \u00e9rezz\u00fck, hogy nincs m\u00e1s v\u00e1laszt\u00e1s. A pillanatokban a f\u0151szerepl\u0151vel, Patrick Melrose-zal egy\u00fctt azt \u00e9rezni, hogy vagy \u00fajra a <a href=\"https:\/\/yelon.hu\/szuloknek\/hogyan-beszeljunk-a-gyerekunkkel-a-drogokrol\/\" target=\"_blank\" aria-label=\"undefined (opens in a new tab)\" rel=\"noreferrer noopener\">droghoz<\/a> ny\u00fal, vagy belepusztul a szenved\u00e9seibe.<\/p>\n\n\n\n<p>Aki eddig szerette volna azt hinni, hogy az <a href=\"https:\/\/yelon.hu\/szuloknek\/alkohol-es-drogok-hogyan-beszelgessunk-roluk\/\" target=\"_blank\" aria-label=\"undefined (opens in a new tab)\" rel=\"noreferrer noopener\">alkoholr\u00f3l vagy drogr\u00f3l<\/a> val\u00f3 leszok\u00e1s puszt\u00e1n akarater\u0151 k\u00e9rd\u00e9se, annak az a rossz h\u00edrem van, hogy a film megn\u00e9z\u00e9se ut\u00e1n soha t\u00f6bb\u00e9 nem fogja tudni ezt gondolni. A film pof\u00e1n v\u00e1g mindenfajta leegyszer\u0171s\u00edtett gondolkod\u00e1st a maga f\u00e1jdalmas val\u00f3s\u00e1g\u00e1val. Folyamatosan kezdj\u00fck el nemcsak a brut\u00e1lis \u00f6npuszt\u00edt\u00e1s b\u00f6rt\u00f6n\u00e9t l\u00e1tni, hanem az is kezd egyre jobban felsejleni, mi\u00e9rt \u00e9s hogyan ker\u00fclt ebbe a b\u00f6rt\u00f6nbe a f\u0151h\u0151s. Nem \u00f6nsz\u00e1nt\u00e1b\u00f3l, nem tudatos elhat\u00e1roz\u00e1sb\u00f3l.<\/p>\n\n\n\n<h2>Az eml\u00e9kek elviselhetetlen f\u00e1jdalma<\/h2>\n\n\n\n<p>A f\u0151szerepl\u0151, Patrick Melrose eml\u00e9kei mint a k\u00eds\u00e9rtetek t\u00e9rnek vissza a legv\u00e1ratlanabb helyzetekben, kisz\u00e1m\u00edthatatlanul, ir\u00e1ny\u00edthatatlanul, elviselhetetlen f\u00e1jdalmakat okozva. Amikor a feln\u0151tt Patrick tal\u00e1n \u00e9ppen a legellenszenvesebb a n\u00e9z\u0151nek, amikor legink\u00e1bb hajlamosak lenn\u00e9nk az \u00edt\u00e9lkez\u00e9sre, egy perccel k\u00e9s\u0151bb visszarep\u00edt az id\u0151be, \u00e9s belenyomja az arcunkba azt a nyolc\u00e9ves gy\u00f6ny\u00f6r\u0171 kisfi\u00fat, aki a s\u00f6t\u00e9tbarna gombszemeivel azonnal rabul ejt, \u00e9s r\u00e1k\u00e9nyszer\u00edt arra, hogy megl\u00e1ssuk az \u00f6sszef\u00fcgg\u00e9st a gyerekkori probl\u00e9m\u00e1i \u00e9s a mostani \u00e9lete k\u00f6z\u00f6tt.<\/p>\n\n\n\n<p>Az arcunkba nyomja a val\u00f3s\u00e1got, hogy a m\u00falt nem m\u00falik el nyomtalanul. Az arcunkba nyomja, hogy a traum\u00e1nk dolgozik tov\u00e1bb akkor is, ha szeretn\u00e9nk elfelejteni. Min\u00e9l jobban szeretn\u00e9nk nem tudom\u00e1st venni r\u00f3la, ann\u00e1l alattomosabban t\u00e1mad, \u00e9s k\u00faszik vissza a h\u00e9tk\u00f6znapjainkba, k\u00fcl\u00f6nb\u00f6z\u0151 form\u00e1ban. <a href=\"https:\/\/yelon.hu\/szuloknek\/gyerekkori-emlekek\/\" target=\"_blank\" aria-label=\"undefined (opens in a new tab)\" rel=\"noreferrer noopener\">Eml\u00e9kk\u00e9pekben<\/a>, r\u00e9m\u00e1lmokban, szorong\u00e1sokban, a legk\u00fcl\u00f6nf\u00e9l\u00e9bb f\u00f3bi\u00e1kban, p\u00e1nikrohamokban, \u00f6nsorsront\u00f3 viselked\u00e9sekben, d\u00fchrohamokban, szenved\u00e9lybetegs\u00e9gben\u2026<\/p>\n\n\n\n<h3>V\u00e9get \u00e9r valaha az elszenvedett b\u00e1ntalmaz\u00e1s?<\/h3>\n\n\n\n<p>Aki <a href=\"https:\/\/yelon.hu\/szuloknek\/bantalmazo-kapcsolat\/\">b\u00e1ntalmaz\u00e1shoz<\/a> szokott, hi\u00e1ba szabadul meg a b\u00e1ntalmaz\u00f3j\u00e1t\u00f3l, az \u00e9lete nem v\u00e1lik k\u00f6nnyebb\u00e9. A trauma, amivel nem foglalkozunk, amit el akarunk felejteni, amit nem gy\u00f3gy\u00edtunk, k\u00fcl\u00f6n utat kezd j\u00e1rni, k\u00fcl\u00f6n \u00e9letet kezd \u00e9lni, \u00e9s ett\u0151l v\u00e1lik ir\u00e1ny\u00edthatatlann\u00e1. Ahogy a sorozatot v\u00e9gigk\u00eds\u00e9ri a megsebzett, megb\u00e1ntott, megf\u00e9leml\u00edtett, traumatiz\u00e1lt gombszem\u0171, gy\u00f6ny\u00f6r\u0171 kisfi\u00fat, \u00fagy mindannyiunk \u00e9let\u00e9t k\u00eds\u00e9ri egy benn\u00fcnk \u00e9l\u0151 gyerek. Szerencs\u00e9s esetben ennek a gyereknek volt egy gyerekkora, melyben felt\u00e9tel n\u00e9lk\u00fcli szeretetet, biztons\u00e1g\u00e9rzetet kapott, \u00e9s egy szabads\u00e1got, amiben azz\u00e1 v\u00e1lhatott, akinek sz\u00fcletett. Sajnos azonban ez a ritk\u00e1bb.<\/p>\n\n\n\n<p>Sok esetben \u00e9l benn\u00fcnk egy gyerek, akinek <a aria-label=\"undefined (opens in a new tab)\" href=\"https:\/\/yelon.hu\/szuloknek\/28-onbizalom-novelo-mondat-gyerekeknek\/\" target=\"_blank\" rel=\"noreferrer noopener\">\u00f6nbizalm\u00e1t<\/a> s\u00e1rba tapost\u00e1k, akinek a sz\u00fclei szeretet\u00e9\u00e9rt hatalmas \u00e1rat kellett fizetnie, aki soha nem lehetett szabad gyerek, vagy akinek iszonyatos hi\u00e1ny\u00e9rzet vagy b\u00e1nt\u00e1sok sorozata k\u00eds\u00e9rte v\u00e9gig a gyerekkor\u00e1t. Mikor egy ilyen gyerek feln\u0151, mint Patrick Melrose is, szeretne boldog lenni, szeretne norm\u00e1lis \u00e9letet \u00e9lni, szeretne egy olyan csal\u00e1dot, ahol megtapasztalhatja, hogy milyen igaz\u00e1n szeretni \u00e9s szeretve lenni. Szeretn\u00e9 a m\u00faltat a h\u00e1ta m\u00f6g\u00f6tt hagyni, \u00e9s r\u00e1csukni egy ajt\u00f3t.<\/p>\n\n\n\n<h2>Meg lehet szabadulni a m\u00faltt\u00f3l?<\/h2>\n\n\n\n<p>A sorozat els\u0151 r\u00e9sz\u00e9ben volt egy jelenet, ami felh\u00e1bor\u00edt\u00f3an val\u00f3s\u00e1gosan \u00e9s k\u00edm\u00e9letlen\u00fcl szak\u00edtja sz\u00e9t ezt az ill\u00fazi\u00f3t, \u00e9s mutatja meg ehelyett a f\u00e1jdalmas igazs\u00e1got. Patrick apja hal\u00e1la ut\u00e1n, annak urn\u00e1j\u00e1val megy be a sz\u00e1llod\u00e1ba, teljesen \u00f6sszezavarodottan. Apj\u00e1val szemben, aki rengeteget b\u00e1ntotta \u0151t, m\u00e9g mindig rengeteg haragot \u00e9rez. Fogja az urn\u00e1t, \u00e9s szeretne t\u0151le megszabadulni. R\u00fagja, \u00fcti, v\u00e1gja, megpr\u00f3b\u00e1lja elt\u00f6rni, megrong\u00e1lni, leh\u00fazni a v\u00e9c\u00e9n, kihaj\u00edtani az ablakon, de az urna s\u00e9rtetlen marad. Nem lehet t\u0151le megszabadulni. A m\u00faltunkt\u00f3l, a sz\u00fcleinkt\u0151l, az \u0151 hat\u00e1sukt\u00f3l nem lehet csak \u00fagy megszabadulni, nincs olyan ajt\u00f3, amit r\u00e1csukhatunk a m\u00faltra. Ak\u00e1rmennyire is szeretn\u00e9nk \u00fagy tenni, mintha ezek a hat\u00e1sok nem lenn\u00e9nek, nagyon is vannak, \u00e9s sokkal er\u0151sebben dolgoznak benn\u00fcnk, mint ahogy azt k\u00e9pzelj\u00fck. Hogy mi\u00e9rt? Mert akit gyerekk\u00e9nt trauma \u00e9r, b\u00e1nt\u00e1s \u00e9r, annak nincs ugyanannyi es\u00e9lye. Legal\u00e1bbis gy\u00f3gyul\u00e1s n\u00e9lk\u00fcl nincs.<\/p>\n\n\n\n<h3>Akit\u0151l elvett\u00e9k a gyerekkor\u00e1t<\/h3>\n\n\n\n<p>Akit a gyerekkor\u00e1t\u00f3l megfosztottak, nem tudja ugyan\u00fagy \u00e9lni az \u00e9let\u00e9t, mint az, akinek szabad gyerekkora volt. Olyan, mintha egy vonatot elt\u00e9r\u00edten\u00e9nek a v\u00e1g\u00e1nyr\u00f3l, nem lenne s\u00edn alatta, \u00e9s azt v\u00e1rjuk, hogy ugyanolyan sebesen, ugyan\u00fagy \u00e9rjen c\u00e9lba, mint a t\u00f6bbi vonat. Vagy olyan, mintha egy fa f\u00e9nytelen helyen, egy kisz\u00e1radt f\u00f6ldben vagy betonon pr\u00f3b\u00e1l n\u00f6vekedni, \u00e9s azt v\u00e1rn\u00e1nk t\u0151le, hogy n\u0151j\u00f6n ugyanolyan nagyra, sz\u00e9pre, \u00e9s er\u0151sre, mint b\u00e1rmely m\u00e1s fa, \u00e9s teremjen gy\u00f6ny\u00f6r\u0171, finom, eg\u00e9szs\u00e9ges gy\u00fcm\u00f6lcs\u00f6ket. Ha egy gyereket trauma \u00e9r, \u00e9s nincs, aki seg\u00edtsen a traum\u00e1t feloldozni, kimondani, az betemet\u0151dik, elfojt\u00f3dik. A gyereknek nincs m\u00e1s v\u00e1laszt\u00e1sa \u2013 a t\u00fal\u00e9l\u00e9s \u00e9rdek\u00e9ben. De ezek az elfojtott eml\u00e9kek, a traum\u00e1k, ha nem foglalkozunk vel\u00fck, elkezdenek \u00f6n\u00e1ll\u00f3 \u00e9letet \u00e9lni, \u00e9s id\u0151z\u00edtett bombak\u00e9nt viselkedve b\u00e1rmikor robbanhatnak. A kezdeti hi\u00e1nyok, sebek, f\u00e1jdalmak v\u00e9gigk\u00eds\u00e9rik az eg\u00e9sz \u00e9let\u00fcnket.<\/p>\n\n\n\n<p>A m\u00falt ajtaj\u00e1t \u00e9pp ez\u00e9rt nem lehet v\u00e9g\u00e9rv\u00e9nyesen becsukni. Ha gyerekkori sebeinket nem gy\u00f3gy\u00edtjuk be, sajnos fert\u0151znek. Fert\u0151zik a k\u00f6zel\u00fcnkben \u00e9l\u0151ket, a gyerekeinket. Fert\u0151zik test\u00fcnket-lelk\u00fcnket.<\/p>\n\n\n\n<h2>M\u00e9reg, fert\u0151z\u00e9s, sebek&#8230;<\/h2>\n\n\n\n<p>Patrick Melrose felindult \u00e1llapot\u00e1ban azt mondja feles\u00e9g\u00e9nek, azt \u00e9rzi, mintha a csal\u00e1dj\u00e1ban valami m\u00e9reg cs\u00f6p\u00f6gne gener\u00e1ci\u00f3r\u00f3l gener\u00e1ci\u00f3ra. Ez a mondat is olyan f\u00e9lelmetesen \u00e9s felh\u00e1bor\u00edt\u00f3an igaz. A probl\u00e9m\u00e1inkat, f\u00e9lelmeinket, szorong\u00e1sainkat akaratlanul is tov\u00e1bb adjuk a gyerekeinknek, a sebeink akaratlanul is fert\u0151zik \u0151ket, ha nem gy\u00f3gy\u00edtjuk be. Min\u00e9l t\u00e1volabb tartjuk magunkt\u00f3l, min\u00e9l kev\u00e9sb\u00e9 akarunk saj\u00e1t sebeinkkel foglalkozni, ann\u00e1l val\u00f3sz\u00edn\u0171bb, hogy tov\u00e1bbadjuk azokat a gyerekeinknek, \u00e9s rajtuk is k\u00fcl\u00f6nb\u00f6z\u0151 testi-lelki t\u00fcneteket okoznak. Egy begy\u00f3gy\u00edtatlan seb nem marad \u00e9szrev\u00e9tlen. Ha takargatjuk, ha betapasztjuk, de nem gy\u00f3gy\u00edtjuk be, egyszer\u0171en fert\u0151zni fog m\u00e1sokat is. Egy beteg gy\u00f6k\u00e9rzet\u0171 f\u00e1nak a gy\u00fcm\u00f6lcsei is s\u00e9r\u00fclnek, ha eg\u00e9szs\u00e9ges gy\u00fcm\u00f6lcs\u00f6ket szeretn\u00e9nk, a gy\u00f6kereket is gy\u00f3gy\u00edtani kell.<\/p>\n\n\n\n<p>A sorozat zseni\u00e1lisan r\u00e1mutatott a begy\u00f3gy\u00edtatlan sebek m\u00e9rgez\u0151, fert\u0151z\u0151 hat\u00e1s\u00e1ra. Folyamatosan arcunkba tolta a feln\u0151ttben \u00e9l\u0151 sebzett gyereket, aki meg\u00e9rt\u00e9s\u00e9rt, vigasz\u00e9rt, szeretet\u00e9rt, elfogad\u00e1s\u00e9rt, gy\u00f3gy\u00edt\u00e1s\u00e9rt esdekelt. Olykor kiab\u00e1lt. Rengeteg feln\u0151tt emberben \u00e9l egy gyerek, aki vis\u00edt, tombol, k\u00f6ny\u00f6r\u00f6g vagy s\u00edr. A feln\u0151ttek z\u00f6me b\u00e1mulatos profizmussal s\u00f6pri f\u00e9lre ezt a figyelem\u00e9rt, meg\u00e9rt\u00e9s\u00e9rt ki\u00e1lt\u00f3 s\u00e9r\u00fclt gyereket mag\u00e1ban.<\/p>\n\n\n\n<h3>A soha semmivel be nem t\u00f6lthet\u0151 \u0171r<\/h3>\n\n\n\n<p>Sokan csal\u00e1djukt\u00f3l, gyerekeikt\u0151l v\u00e1rj\u00e1k a hi\u00e1ny\u00e9rzet\u00fck, az ijeszt\u0151, megsemmis\u00edt\u0151 \u0171r p\u00f3tl\u00e1s\u00e1t, amivel terhelnek, \u00e9s fert\u0151znek m\u00e1s kapcsolatokat. Nem ritka az sem, hogy egy sz\u00fcl\u0151 gyerek\u00e9nek pr\u00f3b\u00e1l megadni mindent, amire a benne \u00e9l\u0151 gyerek v\u00e1gyik, amire \u0151 v\u00e1gyott gyerekk\u00e9nt. Ami egy pontig tal\u00e1n nem t\u0171nik \u00e1rtalmasnak. Csakhogy sokszor saj\u00e1t maguk helyett a gyerek\u00fcket akarj\u00e1k gy\u00f3gy\u00edtani\u2026 ami pedig el\u00e9g sok vesz\u00e9lyt hordoz mag\u00e1ban. Mert ha egy eg\u00e9szs\u00e9ges gyerek folyamatosan a gy\u00f3gy\u00edt\u00f3 sz\u00e1nd\u00e9kot \u00e9rzi, folyamatosan \u00fagy kezelik, mintha \u201ebeteg\u201d, sebzett gyerek lenne, akkor sajnos ez\u00e1ltal el\u0151bb-ut\u00f3bb azz\u00e1 is v\u00e1lik. T\u00e1rsadalmunk a mai napig nem toler\u00e1ns <a href=\"https:\/\/yelon.hu\/szuloknek\/mikor-segithet-a-gyermekpszichologus\/\" target=\"_blank\" aria-label=\"undefined (opens in a new tab)\" rel=\"noreferrer noopener\">a lelki betegs\u00e9gek gy\u00f3gy\u00edt\u00e1s\u00e1ban<\/a>, \u00edgy szabadon terjed a m\u00e9reg, a sebzetts\u00e9g, a b\u00e1ntalmaz\u00e1s gener\u00e1ci\u00f3r\u00f3l gener\u00e1ci\u00f3ra.<\/p>\n\n\n\n<p>Aki meg akarja \u00e1ll\u00edtani a b\u00e1ntalmaz\u00e1s, a s\u00e9r\u00fclts\u00e9g l\u00e1ncolat\u00e1t, a m\u00e9reg cs\u00f6p\u00f6g\u00e9s\u00e9t, szembe kell n\u00e9znie a m\u00faltj\u00e1val, saj\u00e1t f\u00e1jdalmaival, f\u00e9lelmeivel, a benne \u00e9l\u0151 gyerekkel, \u00e9s meg kell \u00f6lelgetnie, szeretgetnie, el kell fogadnia, megbocs\u00e1tani neki mindent, \u00e9s megadni neki, amire sz\u00fcks\u00e9ge van. Nem m\u00e1sokt\u00f3l elv\u00e1rni, nem m\u00e1sokkal p\u00f3toltatni a hi\u00e1nyt, nem m\u00e1st terhelni, \u00e9s nem m\u00e1st gy\u00f3gy\u00edtani. Hanem k\u00e9zenfogni azt a sebzett gyereket, \u00e9s elindulni vele a gy\u00f3gyul\u00e1s \u00fatj\u00e1n.<\/p>\n\n\n\n<p><em>Sebesty\u00e9n Eszter pszichol\u00f3gus<\/em><\/p>\n\n\n\n<p><em>A cikk a <a aria-label=\"undefined (opens in a new tab)\" href=\"https:\/\/wmn.hu\/ugy\/49027-szabadon-terjed-a-sebzettseg-generaciorol-generaciora\" target=\"_blank\" rel=\"noreferrer noopener\">WMN.hu<\/a>-n jelent meg.<\/em><\/p>\n\n\n\n<p><em>Kiemelt k\u00e9p <a href=\"https:\/\/unsplash.com\/photos\/5GwLlb-_UYk\" target=\"_blank\" aria-label=\"undefined (opens in a new tab)\" rel=\"noreferrer noopener\">innen<\/a>.<\/em><\/p>\n","protected":false},"excerpt":{"rendered":"<p>A probl\u00e9m\u00e1inkat, f\u00e9lelmeinket, szorong\u00e1sainkat akaratlanul is tov\u00e1bb\u00f6r\u00f6k\u00edtj\u00fck. Min\u00e9l t\u00e1volabb tartjuk a saj\u00e1t sebeinket magunkt\u00f3l, min\u00e9l kev\u00e9sb\u00e9 akarunk vel\u00fck foglalkozni, ann\u00e1l val\u00f3sz\u00edn\u0171bb, hogy tov\u00e1bbadjuk azokat a gyerekeinknek, \u00e9s nekik is k\u00fcl\u00f6nb\u00f6z\u0151 testi-lelki t\u00fcneteket okoznak.<\/p>\n","protected":false},"author":9,"featured_media":5016,"comment_status":"closed","ping_status":"closed","sticky":false,"template":"","format":"standard","meta":[],"categories":[11,33],"tags":[290,1873,1299,1880,1224,1872,1763,174,1875,1882,1870,1877,1881,1871,1878,1869,1879,373,1874],"yoast_head":"<!-- This site is optimized with the Yoast SEO plugin v15.1 - https:\/\/yoast.com\/wordpress\/plugins\/seo\/ -->\n<title>Patrick Melrose: sorozat a gyerekkori traum\u00e1k hat\u00e1sair\u00f3l - Yelon<\/title>\n<meta name=\"description\" content=\"Aki meg akarja \u00e1ll\u00edtani a b\u00e1ntalmaz\u00e1s, a s\u00e9r\u00fclts\u00e9g l\u00e1ncolat\u00e1t, a m\u00e9reg cs\u00f6p\u00f6g\u00e9s\u00e9t, szembe kell n\u00e9znie a m\u00faltj\u00e1val, saj\u00e1t f\u00e1jdalmaival \u00e9s f\u00e9lelmeivel.\" \/>\n<meta name=\"robots\" content=\"index, follow, max-snippet:-1, max-image-preview:large, max-video-preview:-1\" \/>\n<link rel=\"canonical\" href=\"https:\/\/yelon.hu\/szuloknek\/patrick-melrose-gyerekkori-traumak-felnottkent\/\" \/>\n<meta property=\"og:locale\" content=\"hu_HU\" \/>\n<meta property=\"og:type\" content=\"article\" \/>\n<meta property=\"og:title\" content=\"Patrick Melrose: sorozat a gyerekkori traum\u00e1k hat\u00e1sair\u00f3l - Yelon\" \/>\n<meta property=\"og:description\" content=\"Aki meg akarja \u00e1ll\u00edtani a b\u00e1ntalmaz\u00e1s, a s\u00e9r\u00fclts\u00e9g l\u00e1ncolat\u00e1t, a m\u00e9reg cs\u00f6p\u00f6g\u00e9s\u00e9t, szembe kell n\u00e9znie a m\u00faltj\u00e1val, saj\u00e1t f\u00e1jdalmaival \u00e9s f\u00e9lelmeivel.\" \/>\n<meta property=\"og:url\" content=\"https:\/\/yelon.hu\/szuloknek\/patrick-melrose-gyerekkori-traumak-felnottkent\/\" \/>\n<meta property=\"og:site_name\" content=\"Yelon\" \/>\n<meta property=\"article:published_time\" content=\"2020-08-24T08:15:56+00:00\" \/>\n<meta property=\"article:modified_time\" content=\"2020-08-25T10:21:25+00:00\" \/>\n<meta property=\"og:image\" content=\"https:\/\/yelon.hu\/szuloknek\/wp-content\/uploads\/2020\/08\/patrick-melrose-trauma.jpg\" \/>\n\t<meta property=\"og:image:width\" content=\"2400\" \/>\n\t<meta property=\"og:image:height\" content=\"1600\" \/>\n<meta name=\"twitter:card\" content=\"summary_large_image\" \/>\n<script type=\"application\/ld+json\" class=\"yoast-schema-graph\">{\"@context\":\"https:\/\/schema.org\",\"@graph\":[{\"@type\":\"WebSite\",\"@id\":\"https:\/\/yelon.hu\/szuloknek\/#website\",\"url\":\"https:\/\/yelon.hu\/szuloknek\/\",\"name\":\"Yelon\",\"description\":\"Kamaszoknak \\u00e9s sz\\u00fcl\\u0151knek sz\\u00f3l\\u00f3 online magazin\",\"potentialAction\":[{\"@type\":\"SearchAction\",\"target\":\"https:\/\/yelon.hu\/szuloknek\/?s={search_term_string}\",\"query-input\":\"required name=search_term_string\"}],\"inLanguage\":\"hu\"},{\"@type\":\"ImageObject\",\"@id\":\"https:\/\/yelon.hu\/szuloknek\/patrick-melrose-gyerekkori-traumak-felnottkent\/#primaryimage\",\"inLanguage\":\"hu\",\"url\":\"https:\/\/yelon.hu\/szuloknek\/wp-content\/uploads\/2020\/08\/patrick-melrose-trauma.jpg\",\"width\":2400,\"height\":1600,\"caption\":\"patrick melrose\"},{\"@type\":\"WebPage\",\"@id\":\"https:\/\/yelon.hu\/szuloknek\/patrick-melrose-gyerekkori-traumak-felnottkent\/#webpage\",\"url\":\"https:\/\/yelon.hu\/szuloknek\/patrick-melrose-gyerekkori-traumak-felnottkent\/\",\"name\":\"Patrick Melrose: sorozat a gyerekkori traum\\u00e1k hat\\u00e1sair\\u00f3l - Yelon\",\"isPartOf\":{\"@id\":\"https:\/\/yelon.hu\/szuloknek\/#website\"},\"primaryImageOfPage\":{\"@id\":\"https:\/\/yelon.hu\/szuloknek\/patrick-melrose-gyerekkori-traumak-felnottkent\/#primaryimage\"},\"datePublished\":\"2020-08-24T08:15:56+00:00\",\"dateModified\":\"2020-08-25T10:21:25+00:00\",\"author\":{\"@id\":\"https:\/\/yelon.hu\/szuloknek\/#\/schema\/person\/c9fa38f81f80ff5bbd245a64fddaee93\"},\"description\":\"Aki meg akarja \\u00e1ll\\u00edtani a b\\u00e1ntalmaz\\u00e1s, a s\\u00e9r\\u00fclts\\u00e9g l\\u00e1ncolat\\u00e1t, a m\\u00e9reg cs\\u00f6p\\u00f6g\\u00e9s\\u00e9t, szembe kell n\\u00e9znie a m\\u00faltj\\u00e1val, saj\\u00e1t f\\u00e1jdalmaival \\u00e9s f\\u00e9lelmeivel.\",\"inLanguage\":\"hu\",\"potentialAction\":[{\"@type\":\"ReadAction\",\"target\":[\"https:\/\/yelon.hu\/szuloknek\/patrick-melrose-gyerekkori-traumak-felnottkent\/\"]}]},{\"@type\":\"Person\",\"@id\":\"https:\/\/yelon.hu\/szuloknek\/#\/schema\/person\/c9fa38f81f80ff5bbd245a64fddaee93\",\"name\":\"B. Zsofi\",\"image\":{\"@type\":\"ImageObject\",\"@id\":\"https:\/\/yelon.hu\/szuloknek\/#personlogo\",\"inLanguage\":\"hu\",\"url\":\"https:\/\/secure.gravatar.com\/avatar\/0936caaf13a2f9714ad4b7bd07dd9bca?s=96&d=mm&r=g\",\"caption\":\"B. Zsofi\"}}]}<\/script>\n<!-- \/ Yoast SEO plugin. -->","_links":{"self":[{"href":"https:\/\/yelon.hu\/szuloknek\/wp-json\/wp\/v2\/posts\/5007"}],"collection":[{"href":"https:\/\/yelon.hu\/szuloknek\/wp-json\/wp\/v2\/posts"}],"about":[{"href":"https:\/\/yelon.hu\/szuloknek\/wp-json\/wp\/v2\/types\/post"}],"author":[{"embeddable":true,"href":"https:\/\/yelon.hu\/szuloknek\/wp-json\/wp\/v2\/users\/9"}],"replies":[{"embeddable":true,"href":"https:\/\/yelon.hu\/szuloknek\/wp-json\/wp\/v2\/comments?post=5007"}],"version-history":[{"count":6,"href":"https:\/\/yelon.hu\/szuloknek\/wp-json\/wp\/v2\/posts\/5007\/revisions"}],"predecessor-version":[{"id":5020,"href":"https:\/\/yelon.hu\/szuloknek\/wp-json\/wp\/v2\/posts\/5007\/revisions\/5020"}],"wp:featuredmedia":[{"embeddable":true,"href":"https:\/\/yelon.hu\/szuloknek\/wp-json\/wp\/v2\/media\/5016"}],"wp:attachment":[{"href":"https:\/\/yelon.hu\/szuloknek\/wp-json\/wp\/v2\/media?parent=5007"}],"wp:term":[{"taxonomy":"category","embeddable":true,"href":"https:\/\/yelon.hu\/szuloknek\/wp-json\/wp\/v2\/categories?post=5007"},{"taxonomy":"post_tag","embeddable":true,"href":"https:\/\/yelon.hu\/szuloknek\/wp-json\/wp\/v2\/tags?post=5007"}],"curies":[{"name":"wp","href":"https:\/\/api.w.org\/{rel}","templated":true}]}}