{"id":5021,"date":"2020-08-25T12:21:09","date_gmt":"2020-08-25T10:21:09","guid":{"rendered":"https:\/\/yelon.hu\/szuloknek\/?p=5021"},"modified":"2020-08-28T10:26:08","modified_gmt":"2020-08-28T08:26:08","slug":"netes-kihivasok-online-challenge","status":"publish","type":"post","link":"https:\/\/yelon.hu\/szuloknek\/netes-kihivasok-online-challenge\/","title":{"rendered":"Mit \u00e9rdemes tudni a netes kih\u00edv\u00e1sokr\u00f3l (challenge)?"},"content":{"rendered":"\n<p>Az online kih\u00edv\u00e1s (challenge) \u00e1ltal\u00e1ban olyan \u00fczenet, felh\u00edv\u00e1s, f\u00e9nyk\u00e9p vagy vide\u00f3, amelyben a kih\u00edv\u00f3 valamilyen feladat elv\u00e9gz\u00e9s\u00e9re buzd\u00edtja az \u00e9rdekl\u0151d\u0151t. Ez t\u00f6rt\u00e9nhet szem\u00e9lyesen, sz\u00f3ban, vagy a kih\u00edv\u00f3 ak\u00e1r vide\u00f3ra felv\u00e9ve is r\u00f6gz\u00edtheti az elv\u00e9gzend\u0151 feladatot, majd valamilyen <a href=\"https:\/\/yelon.hu\/szuloknek\/kozossegi-media-hasznalata-korhatar\/\" target=\"_blank\" aria-label=\"undefined (opens in a new tab)\" rel=\"noreferrer noopener\">k\u00f6z\u00f6ss\u00e9gi port\u00e1lon<\/a> k\u00f6zz\u00e9teheti, hogy az min\u00e9l t\u00f6bb emberhez eljusson, \u00e9s min\u00e9l t\u00f6bben elv\u00e9gezhess\u00e9k. Sz\u00e1mos fajt\u00e1ja l\u00e9tezik.&nbsp;<\/p>\n\n\n\n<!--more-->\n\n\n\n<p>Eredetileg di\u00e1kok ind\u00edtott\u00e1k el ezt a kezdem\u00e9nyez\u00e9st a ny\u00e1ri sz\u00fcnetben, amikor nagyon sok idej\u00fck volt, unatkoztak, \u00e9s izgalmas elfoglalts\u00e1got kerestek, amelynek seg\u00edts\u00e9g\u00e9vel egym\u00e1shoz kapcsol\u00f3dhatnak. Mivel a k\u00f6z\u00f6ss\u00e9gi oldalak sz\u00e1mtalan k\u00fcl\u00f6nb\u00f6z\u0151 kih\u00edv\u00e1st k\u00edn\u00e1lnak, ma m\u00e1r nemcsak a di\u00e1kok k\u00f6r\u00e9ben n\u00e9pszer\u0171, hanem az id\u0151sebb koroszt\u00e1ly k\u00f6z\u00f6tt is.<\/p>\n\n\n\n<h2><strong>Az \u00e1rtatlant\u00f3l a vesz\u00e9lyesig sokf\u00e9le kih\u00edv\u00e1ssal tal\u00e1lkozhatunk<\/strong><\/h2>\n\n\n\n<p>Vannak \u00e1rtalmatlan, sz\u00edvet melenget\u0151, kreat\u00edv kih\u00edv\u00e1sok. Ilyen p\u00e9ld\u00e1ul, hogy k\u00e9sz\u00edts egy \u00e9rdekes rajzot (ak\u00e1r az Instagram egyik funkci\u00f3ja seg\u00edts\u00e9g\u00e9vel, ak\u00e1r pap\u00edron), majd oszd meg m\u00e1sokkal. Posztolj egy fot\u00f3t a gyerekkorodr\u00f3l vagy a h\u00e1zi kedvencedr\u0151l, majd h\u00edvj ki m\u00e1sokat is, hogy \u0151k is ugyanezt tegy\u00e9k. Hasonl\u00f3an kedves felh\u00edv\u00e1s a K\u00f6nyv Kih\u00edv\u00e1s (BookBucketChallange), amelynek keret\u00e9ben a r\u00e9sztvev\u0151k 10 kedvenc k\u00f6nyv\u00fcket osztj\u00e1k meg valamelyik k\u00f6z\u00f6ss\u00e9gi port\u00e1lon, majd bar\u00e1taiknak, ismer\u0151seiknek vagy az arra r\u00e1szorul\u00f3knak aj\u00e1nd\u00e9koznak ugyancsak 10 k\u00f6nyvet, \u00e9s m\u00e1sokat is erre sz\u00f3l\u00edtanak fel. E m\u00f6g\u00f6tt p\u00e9ld\u00e1ul nemes c\u00e9l h\u00faz\u00f3dik meg: az olvas\u00e1s n\u00e9pszer\u0171s\u00edt\u00e9se \u00e9s az intellektu\u00e1lis eszmecsere el\u0151seg\u00edt\u00e9se.<\/p>\n\n\n\n<p>Az \u00fcgyess\u00e9gi kih\u00edv\u00e1sok enn\u00e9l egy fokkal bonyolultabbak, t\u00f6bb felk\u00e9sz\u00fcl\u00e9st, gyakorl\u00e1st ig\u00e9nyelnek. P\u00e9ld\u00e1ul h\u00e1nyat tudsz dek\u00e1zni v\u00e9c\u00e9pap\u00edr gurig\u00e1val, milyen \u00fcgyesen tudsz leverni egy erre a c\u00e9lra kihelyezett t\u00e1rgyat a lak\u00e1sban pingpong labd\u00e1val, siker\u00fcl-e beletal\u00e1lni poharakba, v\u00f6dr\u00f6kbe, illetve az ujjadon h\u00e1ny m\u00e1sodpercig tudod p\u00f6rgetni a foci, illetve a kos\u00e1rlabd\u00e1t.<\/p>\n\n\n\n<h4>Mikort\u00f3l, mi\u00e9rt vesz\u00e9lyes?<\/h4>\n\n\n\n<p>Azonban sz\u00e1mos vesz\u00e9lyt rejt\u0151 kih\u00edv\u00e1ssal is lehet tal\u00e1lkozni ak\u00e1r az <a aria-label=\"undefined (opens in a new tab)\" href=\"https:\/\/yelon.hu\/szuloknek\/8-fontos-digitalis-keszseg-a-gyerekeknek\/\" target=\"_blank\" rel=\"noreferrer noopener\">online t\u00e9rben<\/a>, ak\u00e1r <a aria-label=\"undefined (opens in a new tab)\" href=\"https:\/\/yelon.hu\/szuloknek\/a-gyerek-uj-baratai\/\" target=\"_blank\" rel=\"noreferrer noopener\">bar\u00e1ti k\u00f6r\u00f6kben<\/a>. Ebbe a kateg\u00f3ri\u00e1ba tartozik az Ice Bucket Challenge, amikor a r\u00e9sztvev\u0151nek egy teli v\u00f6d\u00f6r jeget kell a saj\u00e1t fej\u00e9re z\u00fad\u00edtania. M\u00e1s m\u00f3don, de ugyan\u00fagy vesz\u00e9lyes a Ban\u00e1n Sprite kih\u00edv\u00e1s, amelyben k\u00e9t ban\u00e1nt kell megenni min\u00e9l r\u00f6videbb id\u0151 alatt, majd egy doboz Sprite-ot kell meginni an\u00e9lk\u00fcl, hogy a r\u00e9sztvev\u0151 elh\u00e1nyn\u00e1 mag\u00e1t. Ez ut\u00f3bbi az\u00e9rt kock\u00e1zatos, mert a ban\u00e1n \u00e9s a Sprite alkot\u00f3elemeit a szervezet nem tudja egyszerre feldolgozni, illetve a nagy mennyis\u00e9g m\u00e1r \u00f6nmag\u00e1ban is h\u00e1ny\u00e1st okozhat. A <a aria-label=\"undefined (opens in a new tab)\" href=\"https:\/\/yelon.hu\/szuloknek\/koronavirus-karanten-napi-infok-szuloknek\/\" target=\"_blank\" rel=\"noreferrer noopener\">koronav\u00edrus<\/a> \u201eterm\u00e9ke\u201d a Koronav\u00edrus Kih\u00edv\u00e1s, amelynek az a l\u00e9nyege, hogy a r\u00e9sztvev\u0151nek egy nyilv\u00e1nos kilincset, \u00fcl\u00e9st vagy v\u00e9c\u00e9\u00fcl\u0151k\u00e9t kell megnyalnia. Tov\u00e1bbi h\u00e1tborzongat\u00f3 kih\u00edv\u00e1s a Koponya Challenge, amikor az \u00e1ll\u00f3 helyzetben l\u00e9v\u0151 fiatalnak kir\u00fagj\u00e1k mindk\u00e9t l\u00e1b\u00e1t, \u00edgy a h\u00e1t\u00e1ra, illetve a kopony\u00e1j\u00e1ra esik, ami s\u00falyos s\u00e9r\u00fcl\u00e9st okozhat. A mozikban tavaly bemutatott <em>FOMO<\/em> c\u00edm\u0171 film tov\u00e1bbi vesz\u00e9lyes kih\u00edv\u00e1sokat mutat be, \u00e9s valamennyire \u00e9rthet\u0151v\u00e9 teszi, hogy mi\u00e9rt d\u00f6ntenek \u00fagy a fiatalok, hogy m\u00e9gis r\u00e9szt vesznek ezekben, annak ellen\u00e9re, hogy sokan val\u00f3j\u00e1ban \u00f3dzkodnak a rizik\u00f3s v\u00e1llalkoz\u00e1sokt\u00f3l. A filmben nem egyszer\u0171en csak vesz\u00e9lyes mutatv\u00e1nyokat l\u00e1thatunk, hanem alapvet\u0151 emberi jogokat s\u00e9rt\u0151 b\u0171ncselekm\u00e9nyeket is. Zseni\u00e1lisan mutatja be a fiatalok motiv\u00e1ci\u00f3j\u00e1t a kih\u00edv\u00e1sokra, a bels\u0151 v\u00edv\u00f3d\u00e1sukat, a kort\u00e1rsak fel\u0151l \u00e9rkez\u0151 nyom\u00e1st, a <a aria-label=\"undefined (opens in a new tab)\" href=\"https:\/\/yelon.hu\/szuloknek\/mit-tehet-a-szulo-ha-kikozositik-a-gyereket\/\" target=\"_blank\" rel=\"noreferrer noopener\">kitagad\u00e1s<\/a> sz\u00f6rny\u0171 lehet\u0151s\u00e9g\u00e9t, ugyanis ha nem vesznek r\u00e9szt a kih\u00edv\u00e1sban, akkor nem sz\u00e1m\u00edtanak a k\u00f6z\u00f6ss\u00e9g teljes \u00e9rt\u00e9k\u0171 tagj\u00e1nak.<\/p>\n\n\n\n<h2><strong>Mi\u00e9rt olyan n\u00e9pszer\u0171 annak ellen\u00e9re, hogy vesz\u00e9lyes?<\/strong><\/h2>\n\n\n\n<p>A legfontosabb t\u00e9nyez\u0151, hogy a r\u00e9sztvev\u0151knek a valahov\u00e1 tartoz\u00e1s \u00e9rz\u00e9s\u00e9t adja: ha valaki r\u00e9szt vesz a kih\u00edv\u00e1sban, tartozik valahov\u00e1, a csapat teljes \u00e9rt\u00e9k\u0171 tagja, ez\u00e1ltal n\u0151 az \u00f6n\u00e9rt\u00e9kel\u00e9se is. Ezen fel\u00fcl az azonnali n\u00e9pszer\u0171s\u00e9g lehet\u0151s\u00e9g\u00e9t k\u00edn\u00e1lja, hiszen lehet like-olni, n\u00f6vekedhet a k\u00f6vet\u0151k sz\u00e1ma, esetleg a figyelem k\u00f6zpontj\u00e1ba ker\u00fcl, ami az \u00f6n\u00e9rt\u00e9kel\u00e9sre is t\u00e1mogat\u00f3an hat. A FOMO (Fear Of Missing Out), azaz a f\u00e9lelem, hogy kimaradnak valamib\u0151l, szint\u00e9n nagyon er\u0151teljesen abba az ir\u00e1nyba tolja a kamaszokat, hogy besz\u00e1lljanak a k\u00fcl\u00f6nb\u00f6z\u0151 kih\u00edv\u00e1sokba an\u00e9lk\u00fcl, hogy v\u00e9giggondoln\u00e1k \u0151ket el\u0151tte. Vannak, akik sz\u00edvesen tal\u00e1lnak ki \u00fajakat, illetve vesznek r\u00e9szt a kital\u00e1lt feladatokban, de akadnak olyan fiatalok, akik csak az\u00e9rt hajtj\u00e1k v\u00e9gre a kih\u00edv\u00e1st, hogy ne l\u00f3gjanak ki a bar\u00e1ti k\u00f6rb\u0151l.&nbsp;<\/p>\n\n\n\n<p>Kamaszkorban kiemelked\u0151en fontos, hogy \u00fagy \u00e9rezz\u00e9k a fiatalok, hogy tartozik valahov\u00e1. A kort\u00e1rsak v\u00e9lem\u00e9nye nagyon hangs\u00falyoss\u00e1 v\u00e1lik, az elfogad\u00e1s\u00e9rt sokszor b\u00e1rmit megtesznek. Mivel a kamaszok agya ebben a korban m\u00e9g \u00e9retlen, vagyis a prefront\u00e1lis k\u00e9reg, amely a tervez\u00e9s\u00e9rt, a d\u00f6nt\u00e9shozatal\u00e9rt \u00e9s az impulzusok kezel\u00e9s\u00e9\u00e9rt felel\u0151s, m\u00e9g fejl\u0151d\u00e9sben van, ez\u00e9rt az er\u0151s \u00e9rzelmek elsodorj\u00e1k \u0151ket, \u00e9s nem felt\u00e9tlen\u00fcl k\u00e9pesek m\u00e9rlegelni a kock\u00e1zatokat.<\/p>\n\n\n\n<h2><strong>Hogyan tudsz sz\u00fcl\u0151k\u00e9nt seg\u00edteni a gyerekednek?<\/strong><\/h2>\n\n\n\n<p>Mivel a jelens\u00e9g hossz\u00fa \u00e9vek \u00f3ta nagyon n\u00e9pszer\u0171, \u00e9s nem val\u00f3sz\u00edn\u0171, hogy el fog t\u0171nni a k\u00f6zelj\u00f6v\u0151ben, ez\u00e9rt \u00e9rdemes tiszt\u00e1ban lenni vele, \u00e9s a gyerek\u00fcnk figyelm\u00e9t is felh\u00edvni a kih\u00edv\u00e1sokban rejl\u0151 esetleges vesz\u00e9lyekre.<\/p>\n\n\n\n<ul><li>Legy\u00e9l naprak\u00e9sz a <a href=\"https:\/\/yelon.hu\/szuloknek\/online-bantalmazas\/\">digit\u00e1lis vil\u00e1g<\/a> esem\u00e9nyeivel kapcsolatban.<\/li><li>Besz\u00e9lgessetek a k\u00fcl\u00f6nb\u00f6z\u0151 kih\u00edv\u00e1sokr\u00f3l \u00e9s az esetleges vesz\u00e9lyekr\u0151l. Tanulm\u00e1nyok t\u00e1masztj\u00e1k al\u00e1, hogy a gyerekek sz\u00edvesebben besz\u00e9lnek olyan dolgokr\u00f3l a sz\u00fcleikkel, amelyekr\u0151l rendszeresen sz\u00f3 esik otthon.<\/li><li>\u00d6szt\u00f6n\u00f6zd a kritikus gondolkod\u00e1sra, illetve hogy j\u00e1rjon ut\u00e1na a dolgoknak, miel\u0151tt hirtelen felindul\u00e1sb\u00f3l b\u00e1rmit megtenne. \u00c9rdemes p\u00e9ld\u00e1ul k\u00f6z\u00f6sen v\u00e9giggondolni egy konk\u00e9rt kih\u00edv\u00e1st annak hat\u00e1saival \u00e9s k\u00f6vetkezm\u00e9nyeivel egy\u00fctt.<\/li><li>Tudatos\u00edtsd, hogy a t\u00e1rsai nyom\u00e1s al\u00e1 helyezhetik, hogy valamit megtegyen, de ez nem el\u00e9g indok arra, hogy v\u00e9gre is hajtsa. Az a saj\u00e1t felel\u0151ss\u00e9ge, hogy m\u00e9rlegelje a vesz\u00e9lyeket, \u00e9s gondosan d\u00f6nts\u00f6n.<\/li><li>Nyugtasd meg a gyereked, hogy a <a aria-label=\"undefined (opens in a new tab)\" href=\"https:\/\/yelon.hu\/szuloknek\/segitseg-ha-bajban-van-egy-gyerek\/\" target=\"_blank\" rel=\"noreferrer noopener\">probl\u00e9m\u00e1ival<\/a> b\u00e1tran fordulhat hozz\u00e1d an\u00e9lk\u00fcl, hogy tilt\u00e1sban vagy b\u00fcntet\u00e9sben lenne r\u00e9sze.&nbsp;<\/li><li>A mintaad\u00e1s a kih\u00edv\u00e1sok eset\u00e9ben is nagyon fontos. Gondold v\u00e9gig, hogy <a aria-label=\"undefined (opens in a new tab)\" href=\"https:\/\/yelon.hu\/szuloknek\/mit-gondolj-at-mielott-posztolsz\/\" target=\"_blank\" rel=\"noreferrer noopener\">sz\u00fcl\u0151k\u00e9nt milyen posztokat, vide\u00f3kat teszel k\u00f6zz\u00e9<\/a>, \u00e9s ezzel mit \u00fczensz a gyerekednek. B\u00e1rmit is mondasz, a tetteid hangosabban besz\u00e9lnek.<\/li><\/ul>\n\n\n\n<p><em>Csaba \u00c1gnes<\/em><\/p>\n\n\n\n<p><em>Kiemelt k\u00e9p <a href=\"https:\/\/unsplash.com\/photos\/m0l9NBCivuk\" target=\"_blank\" aria-label=\"undefined (opens in a new tab)\" rel=\"noreferrer noopener\">innen<\/a>.<\/em><\/p>\n","protected":false},"excerpt":{"rendered":"<p>A netes kih\u00edv\u00e1sok ir\u00e1nyulhatnak kedves \u00e9s j\u00f3 dolgokra is, de komoly vesz\u00e9lyeket is rejthetnek; mire \u00e9rdemes figyelned sz\u00fcl\u0151k\u00e9nt? Mit kell tudnod ezekr\u0151l a kih\u00edv\u00e1sokr\u00f3l?<\/p>\n","protected":false},"author":9,"featured_media":5026,"comment_status":"closed","ping_status":"closed","sticky":false,"template":"","format":"standard","meta":[],"categories":[11,8],"tags":[1883,124,1887,1886,191,706,1129,183,519,1884,1695,201,1885,1889,194,192,1888],"yoast_head":"<!-- This site is optimized with the Yoast SEO plugin v15.1 - https:\/\/yoast.com\/wordpress\/plugins\/seo\/ -->\n<title>Mit \u00e9rdemes tudni a netes kih\u00edv\u00e1sokr\u00f3l (challenge)? - Yelon<\/title>\n<meta name=\"description\" content=\"Az \u00e1rtatlant\u00f3l a k\u00fcl\u00f6n\u00f6s\u00f6n \u00e1t a vesz\u00e9lyesig mindenf\u00e9le kih\u00edv\u00e1ssal tal\u00e1lkozhatunk a k\u00f6z\u00f6ss\u00e9gi m\u00e9di\u00e1ban. Mit tehet a sz\u00fcl\u0151, hogy megv\u00e9dje a gyerek\u00e9t?\" \/>\n<meta name=\"robots\" content=\"index, follow, max-snippet:-1, max-image-preview:large, max-video-preview:-1\" \/>\n<link rel=\"canonical\" href=\"https:\/\/yelon.hu\/szuloknek\/netes-kihivasok-online-challenge\/\" \/>\n<meta property=\"og:locale\" content=\"hu_HU\" \/>\n<meta property=\"og:type\" content=\"article\" \/>\n<meta property=\"og:title\" content=\"Mit \u00e9rdemes tudni a netes kih\u00edv\u00e1sokr\u00f3l (challenge)? - Yelon\" \/>\n<meta property=\"og:description\" content=\"Az \u00e1rtatlant\u00f3l a k\u00fcl\u00f6n\u00f6s\u00f6n \u00e1t a vesz\u00e9lyesig mindenf\u00e9le kih\u00edv\u00e1ssal tal\u00e1lkozhatunk a k\u00f6z\u00f6ss\u00e9gi m\u00e9di\u00e1ban. Mit tehet a sz\u00fcl\u0151, hogy megv\u00e9dje a gyerek\u00e9t?\" \/>\n<meta property=\"og:url\" content=\"https:\/\/yelon.hu\/szuloknek\/netes-kihivasok-online-challenge\/\" \/>\n<meta property=\"og:site_name\" content=\"Yelon\" \/>\n<meta property=\"article:published_time\" content=\"2020-08-25T10:21:09+00:00\" \/>\n<meta property=\"article:modified_time\" content=\"2020-08-28T08:26:08+00:00\" \/>\n<meta property=\"og:image\" content=\"https:\/\/yelon.hu\/szuloknek\/wp-content\/uploads\/2020\/08\/netes-kihivasok-challenge-scaled.jpg\" \/>\n\t<meta property=\"og:image:width\" content=\"2560\" \/>\n\t<meta property=\"og:image:height\" content=\"1707\" \/>\n<meta name=\"twitter:card\" content=\"summary_large_image\" \/>\n<script type=\"application\/ld+json\" class=\"yoast-schema-graph\">{\"@context\":\"https:\/\/schema.org\",\"@graph\":[{\"@type\":\"WebSite\",\"@id\":\"https:\/\/yelon.hu\/szuloknek\/#website\",\"url\":\"https:\/\/yelon.hu\/szuloknek\/\",\"name\":\"Yelon\",\"description\":\"Kamaszoknak \\u00e9s sz\\u00fcl\\u0151knek sz\\u00f3l\\u00f3 online magazin\",\"potentialAction\":[{\"@type\":\"SearchAction\",\"target\":\"https:\/\/yelon.hu\/szuloknek\/?s={search_term_string}\",\"query-input\":\"required name=search_term_string\"}],\"inLanguage\":\"hu\"},{\"@type\":\"ImageObject\",\"@id\":\"https:\/\/yelon.hu\/szuloknek\/netes-kihivasok-online-challenge\/#primaryimage\",\"inLanguage\":\"hu\",\"url\":\"https:\/\/yelon.hu\/szuloknek\/wp-content\/uploads\/2020\/08\/netes-kihivasok-challenge-scaled.jpg\",\"width\":2560,\"height\":1707,\"caption\":\"netes kih\\u00edv\\u00e1sok, challenge\"},{\"@type\":\"WebPage\",\"@id\":\"https:\/\/yelon.hu\/szuloknek\/netes-kihivasok-online-challenge\/#webpage\",\"url\":\"https:\/\/yelon.hu\/szuloknek\/netes-kihivasok-online-challenge\/\",\"name\":\"Mit \\u00e9rdemes tudni a netes kih\\u00edv\\u00e1sokr\\u00f3l (challenge)? - Yelon\",\"isPartOf\":{\"@id\":\"https:\/\/yelon.hu\/szuloknek\/#website\"},\"primaryImageOfPage\":{\"@id\":\"https:\/\/yelon.hu\/szuloknek\/netes-kihivasok-online-challenge\/#primaryimage\"},\"datePublished\":\"2020-08-25T10:21:09+00:00\",\"dateModified\":\"2020-08-28T08:26:08+00:00\",\"author\":{\"@id\":\"https:\/\/yelon.hu\/szuloknek\/#\/schema\/person\/c9fa38f81f80ff5bbd245a64fddaee93\"},\"description\":\"Az \\u00e1rtatlant\\u00f3l a k\\u00fcl\\u00f6n\\u00f6s\\u00f6n \\u00e1t a vesz\\u00e9lyesig mindenf\\u00e9le kih\\u00edv\\u00e1ssal tal\\u00e1lkozhatunk a k\\u00f6z\\u00f6ss\\u00e9gi m\\u00e9di\\u00e1ban. Mit tehet a sz\\u00fcl\\u0151, hogy megv\\u00e9dje a gyerek\\u00e9t?\",\"inLanguage\":\"hu\",\"potentialAction\":[{\"@type\":\"ReadAction\",\"target\":[\"https:\/\/yelon.hu\/szuloknek\/netes-kihivasok-online-challenge\/\"]}]},{\"@type\":\"Person\",\"@id\":\"https:\/\/yelon.hu\/szuloknek\/#\/schema\/person\/c9fa38f81f80ff5bbd245a64fddaee93\",\"name\":\"B. Zsofi\",\"image\":{\"@type\":\"ImageObject\",\"@id\":\"https:\/\/yelon.hu\/szuloknek\/#personlogo\",\"inLanguage\":\"hu\",\"url\":\"https:\/\/secure.gravatar.com\/avatar\/0936caaf13a2f9714ad4b7bd07dd9bca?s=96&d=mm&r=g\",\"caption\":\"B. Zsofi\"}}]}<\/script>\n<!-- \/ Yoast SEO plugin. -->","_links":{"self":[{"href":"https:\/\/yelon.hu\/szuloknek\/wp-json\/wp\/v2\/posts\/5021"}],"collection":[{"href":"https:\/\/yelon.hu\/szuloknek\/wp-json\/wp\/v2\/posts"}],"about":[{"href":"https:\/\/yelon.hu\/szuloknek\/wp-json\/wp\/v2\/types\/post"}],"author":[{"embeddable":true,"href":"https:\/\/yelon.hu\/szuloknek\/wp-json\/wp\/v2\/users\/9"}],"replies":[{"embeddable":true,"href":"https:\/\/yelon.hu\/szuloknek\/wp-json\/wp\/v2\/comments?post=5021"}],"version-history":[{"count":4,"href":"https:\/\/yelon.hu\/szuloknek\/wp-json\/wp\/v2\/posts\/5021\/revisions"}],"predecessor-version":[{"id":5027,"href":"https:\/\/yelon.hu\/szuloknek\/wp-json\/wp\/v2\/posts\/5021\/revisions\/5027"}],"wp:featuredmedia":[{"embeddable":true,"href":"https:\/\/yelon.hu\/szuloknek\/wp-json\/wp\/v2\/media\/5026"}],"wp:attachment":[{"href":"https:\/\/yelon.hu\/szuloknek\/wp-json\/wp\/v2\/media?parent=5021"}],"wp:term":[{"taxonomy":"category","embeddable":true,"href":"https:\/\/yelon.hu\/szuloknek\/wp-json\/wp\/v2\/categories?post=5021"},{"taxonomy":"post_tag","embeddable":true,"href":"https:\/\/yelon.hu\/szuloknek\/wp-json\/wp\/v2\/tags?post=5021"}],"curies":[{"name":"wp","href":"https:\/\/api.w.org\/{rel}","templated":true}]}}