{"id":5047,"date":"2020-09-04T17:46:24","date_gmt":"2020-09-04T15:46:24","guid":{"rendered":"https:\/\/yelon.hu\/szuloknek\/?p=5047"},"modified":"2020-10-29T14:54:37","modified_gmt":"2020-10-29T13:54:37","slug":"menstruacio-az-iskolaban","status":"publish","type":"post","link":"https:\/\/yelon.hu\/szuloknek\/menstruacio-az-iskolaban\/","title":{"rendered":"Menstru\u00e1ci\u00f3 az iskol\u00e1ban: ez\u00e9rt ne kezeld tabuk\u00e9nt"},"content":{"rendered":"\n<p>Szinte minden l\u00e1ny eml\u00e9kszik arra, hogyan \u00e9rezte mag\u00e1t az iskol\u00e1ban, amikor \u00e9ppen menstru\u00e1lt. Vagy az\u00e9rt, mert v\u00e1ratlanul j\u00f6tt meg, \u00e9s v\u00e9szhelyzet alakult ki, vagy \u00e9ppen testnevel\u00e9s\u00f3r\u00e1ra kellett menni, amikor g\u00f6rcs\u00f6lt a hasa, vagy egyszer\u0171en csak k\u00e9nyelmetlen\u00fcl \u00e9rezte mag\u00e1t a bet\u00e9t vagy a tampon miatt. Esetleg egy\u00e1ltal\u00e1n nem tudott az \u00f3r\u00e1kon figyelni, mert a <a href=\"https:\/\/yelon.hu\/szuloknek\/szexedukacio-a-neten\/\" target=\"_blank\" aria-label=\"undefined (opens in a new tab)\" rel=\"noreferrer noopener\">saj\u00e1t test\u00e9vel \u00e9s az \u00e9rz\u00e9seivel<\/a> volt elfoglalva.<\/p>\n\n\n\n<!--more-->\n\n\n\n<p>Ah\u00e1nyan vagyunk, annyif\u00e9lek\u00e9ppen \u00e9rezz\u00fck magunkat ebben az id\u0151szakban. A <a href=\"https:\/\/yelon.hu\/szuloknek\/hogyan-beszelgessunk-gyerekekkel-a-menstruaciorol\/\" target=\"_blank\" aria-label=\"undefined (opens in a new tab)\" rel=\"noreferrer noopener\">menstru\u00e1ci\u00f3<\/a> t\u00f6bbnyire nem okoz k\u00fcl\u00f6n\u00f6sebb t\u00fcneteket, m\u00e9gis sokan negat\u00edv el\u0151jellel gondolnak a saj\u00e1t menstru\u00e1ci\u00f3jukra. A testi-lelki t\u00fcnetek egy\u00e9rtelm\u0171en \u00f6sszekapcsol\u00f3dnak. Sz\u00e1mos kutat\u00e1s mutatott r\u00e1 arra, hogy a menstru\u00e1ci\u00f3val szemben kialakult negat\u00edv v\u00e9leked\u00e9st ink\u00e1bb k\u00f6rnyezeti t\u00e9nyez\u0151k hat\u00e1rozz\u00e1k meg, mint genetikai faktorok. Teh\u00e1t az, hogy hogyan v\u00e9leked\u00fcnk a menstru\u00e1ci\u00f3r\u00f3l \u00e1ltal\u00e1ban, az a k\u00f6rnyezet negat\u00edv elv\u00e1r\u00e1sainak f\u00fcggv\u00e9nye.<\/p>\n\n\n\n<p>K\u00fcl\u00f6n\u00f6sen igaz ez a menstru\u00e1ci\u00f3 kezdet\u00e9re. Mivel a 10\u201312 \u00e9ves l\u00e1nyoknak alig van tud\u00e1sa \u00e9s tapasztalata a saj\u00e1t test\u00fck m\u0171k\u00f6d\u00e9s\u00e9r\u0151l, \u00edgy az els\u0151 menstru\u00e1ci\u00f3 v\u00e1ratlanul \u00e9rkezik, nem v\u00e9letlen\u00fcl \u00e9ppen abban az id\u0151szakban, amikor a test\u00fck is nagyobb \u00e9s l\u00e1tv\u00e1nyosabb v\u00e1ltoz\u00e1son megy \u00e1t. R\u00e1ad\u00e1sul ebben az \u00e9letkorban az identit\u00e1s m\u00e9g alakul\u00f3ban van, teh\u00e1t a k\u00f6rnyezet v\u00e9leked\u00e9se \u00e9s reakci\u00f3ja nagyon meghat\u00e1roz\u00f3.&nbsp;<\/p>\n\n\n\n<p>11\u201316 \u00e9ves l\u00e1nyok szerint a menstru\u00e1ci\u00f3hoz sz\u00e9gyen, f\u00e9lelem \u00e9s kellemetlen \u00e9rz\u00e9s t\u00e1rsul. Nagyon ciki sz\u00f3lni egy <a href=\"https:\/\/yelon.hu\/szuloknek\/a-gyerek-uj-baratai\/\" target=\"_blank\" aria-label=\"undefined (opens in a new tab)\" rel=\"noreferrer noopener\">bar\u00e1tn\u0151nek<\/a> vagy egy feln\u0151ttnek az iskol\u00e1ban, pl\u00e1ne a boltba bemenni, \u00e9s v\u00e1s\u00e1rolni egy csomag bet\u00e9tet.<\/p>\n\n\n\n<h2><strong>Hogyan er\u0151s\u00edt r\u00e1 erre a m\u00e9dia?<\/strong><\/h2>\n\n\n\n<p>A menstru\u00e1ci\u00f3val kapcsolatos term\u00e9kek rekl\u00e1mjai a legt\u00f6bbsz\u00f6r azt hangs\u00falyozz\u00e1k, hogy az \u00e1ltaluk aj\u00e1nlott term\u00e9knek k\u00f6sz\u00f6nhet\u0151en \u00e9szre sem lehet venni, ha valaki \u00e9ppen menstru\u00e1l, ak\u00e1r titokban is lehet tartani. Persze nagyon j\u00f3, hogy egyre t\u00f6bb \u00e9s egyre k\u00e9nyelmesebb term\u00e9k \u00e1ll rendelkez\u00e9sre, hogy biztons\u00e1gosan \u00e9s kellemetlen \u00e9lm\u00e9nyek n\u00e9lk\u00fcl teljen az a n\u00e9h\u00e1ny nap. A rekl\u00e1mok azonban sokszor azt a fals k\u00e9pzetet keltik, hogy pontosan \u00fagy lehet \u00e9lni, mint b\u00e1rmelyik m\u00e1sik napon: nem probl\u00e9ma, ha munk\u00e1ba, iskol\u00e1ba vagy uszod\u00e1ba kell menni.&nbsp;<\/p>\n\n\n\n<p>Probl\u00e9ma val\u00f3ban nincs, de menstru\u00e1ci\u00f3 az\u00e9rt van. A havonta jelentkez\u0151 v\u00e9rz\u00e9s term\u00e9szetes folyamat, amelynek lehet \u00f6r\u00fclni, nem \u00f6r\u00fclni, lehet f\u00e1jdalommal vagy t\u00fcnetmentesen \u00e1t\u00e9lni, lehet rettegve \u00e9s d\u00f6bbenten \u00e1llni 16 \u00e9vesen a mosd\u00f3ban, ha nem j\u00f6n meg, \u00e9s lehet boldogan ugr\u00e1ndozni, ha 30 \u00e9vesen k\u00e9sik. Egyvalamit nem lehet: \u00fagy tenni, mintha nem l\u00e9tezne. A m\u00e9dia m\u00e9gis azt sugallja, hogy titkold el, folytasd az \u00e9leted ugyan\u00fagy, tov\u00e1bb er\u0151s\u00edtve a menstru\u00e1ci\u00f3t \u00f6vez\u0151 tabukat.&nbsp;<\/p>\n\n\n\n<p>A benn\u00fcnket k\u00f6r\u00fclvev\u0151 vil\u00e1g teh\u00e1t nem abban er\u0151s\u00edti meg a gyerekeket, hogy foglalkozzanak a test\u00fckkel, a lelk\u00fckkel, a n\u0151is\u00e9g\u00fckkel, a <a href=\"https:\/\/yelon.hu\/szuloknek\/szexualis-neveles-jo-minta-nelkul\/\" target=\"_blank\" aria-label=\"undefined (opens in a new tab)\" rel=\"noreferrer noopener\">szexualit\u00e1sukkal<\/a>. Mindezek a kifejez\u00e9sek m\u00e9g mindig t\u00fal sok helyen sz\u00e1m\u00edtanak tabunak. A saj\u00e1t test\u00fcnkh\u00f6z val\u00f3 viszonyunk meghat\u00e1rozza, hogyan v\u00e9leked\u00fcnk a menstru\u00e1ci\u00f3r\u00f3l, \u00e9s ez ford\u00edtva is igaz: a menstru\u00e1ci\u00f3hoz kapcsol\u00f3d\u00f3 sz\u00e9gyen\u00e9rzet enyh\u00fcl\u00e9se sokat seg\u00edthet abban, hogy <a href=\"https:\/\/yelon.hu\/szuloknek\/egeszseges-testtudat-szuloi-minta\/\" target=\"_blank\" aria-label=\"undefined (opens in a new tab)\" rel=\"noreferrer noopener\">elfogadjuk a test\u00fcnket olyannak, amilyen<\/a>.<\/p>\n\n\n\n<h2><strong>Az iskola sem b\u00edzhatja csak a sz\u00fcl\u0151re<\/strong><\/h2>\n\n\n\n<p>Az iskolai <a href=\"https:\/\/yelon.hu\/szuloknek\/felvilagositas-tenyek-es-tevhitek\/\" target=\"_blank\" aria-label=\"undefined (opens in a new tab)\" rel=\"noreferrer noopener\">szexu\u00e1lis nevel\u00e9s<\/a> m\u00e9g mindig szexu\u00e1lis <a href=\"https:\/\/yelon.hu\/szuloknek\/felvilagositas-vagy-szexualis-neveles\/\" target=\"_blank\" aria-label=\"undefined (opens in a new tab)\" rel=\"noreferrer noopener\">felvil\u00e1gos\u00edt\u00e1s<\/a> n\u00e9ven fut (ha van egy\u00e1ltal\u00e1n), ami azt jelzi, hogy a tanrend egyszeri, gyorsan lezavarhat\u00f3, kipip\u00e1lhat\u00f3 feladatot teljes\u00edt. Jellemz\u0151en m\u00e9g mindig a fizikai t\u00e9nyeket \u00e9s tudnival\u00f3kat hangs\u00falyozz\u00e1k biol\u00f3gia- vagy oszt\u00e1lyf\u0151n\u00f6ki \u00f3ra keret\u00e9ben. De ha a pedag\u00f3gusok is kellemetlen\u00fcl \u00e9rzik magukat ett\u0151l a helyzett\u0151l, akkor nyilv\u00e1nval\u00f3, hogy a gyerekek is hasonl\u00f3an zavarban lesznek. A t\u00e9ma m\u00e9g mindig tabunak sz\u00e1m\u00edt, a gyerekek feln\u0151ttel csak ritk\u00e1n osztj\u00e1k meg a k\u00e9rd\u00e9seiket, a k\u00e9telyeiket, az aggodalmaikat, \u00e9s a feln\u0151tteknek sem mag\u00e1t\u00f3l \u00e9rtet\u0151d\u0151, hogy err\u0151l besz\u00e9lgessenek a gyerekekkel.<\/p>\n\n\n\n<p>Pedig a l\u00e1nyoknak term\u00e9szetesen nagy sz\u00fcks\u00e9g\u00fck van a gyakorlati tudnival\u00f3kra, f\u0151leg ami a menstru\u00e1ci\u00f3hoz kapcsol\u00f3d\u00f3 term\u00e9keket, azok haszn\u00e1lat\u00e1t illeti. Emellett azonban biztosan kellene a n\u0151is\u00e9gr\u0151l, a <a href=\"https:\/\/yelon.hu\/szuloknek\/a-gyerekkori-szexualitas-szakaszai\/\" target=\"_blank\" aria-label=\"undefined (opens in a new tab)\" rel=\"noreferrer noopener\">szexualit\u00e1sr\u00f3l<\/a>, a <a href=\"https:\/\/yelon.hu\/szuloknek\/pornot-talalt-a-gyerek\/\" target=\"_blank\" aria-label=\"undefined (opens in a new tab)\" rel=\"noreferrer noopener\">porn\u00f3r\u00f3l<\/a>, az \u00e9rzelmek szerep\u00e9r\u0151l, a fi\u00fakr\u00f3l \u00e1ltal\u00e1noss\u00e1gban is besz\u00e9lgetni. \u00c9s az sem mindegy, hogy ki az a feln\u0151tt, esetleg kort\u00e1rs, aki eligaz\u00edtja \u0151ket ezekben a fontos k\u00e9rd\u00e9sekben.&nbsp;<\/p>\n\n\n\n<p>Az internetr\u0151l sokkal t\u00f6bb inform\u00e1ci\u00f3hoz jutnak hozz\u00e1, mint ami a koruknak \u00e9s az \u00e9retts\u00e9gi szintj\u00fcknek megfelel\u0151 lenne. Nagyfok\u00fa szorong\u00e1st \u00e9lnek \u00e1t azok a gyerekek, akik olyan tartalommal tal\u00e1lkoznak, amelyet nem \u00e9rtenek. \u00cdgy a mai l\u00e1nyoknak fontosabb, mint valaha, hogy \u0151szinte \u00e9s bizalmi kapcsolataik legyenek, mivel a m\u00e9dia \u00e9s az <a href=\"https:\/\/yelon.hu\/szuloknek\/8-fontos-digitalis-keszseg-a-gyerekeknek\/\" target=\"_blank\" aria-label=\"undefined (opens in a new tab)\" rel=\"noreferrer noopener\">internet<\/a> pillanatok alatt v\u00e1laszt ad minden felmer\u00fcl\u0151 k\u00e9rd\u00e9sre. Az viszont nem biztos, hogy a kapott v\u00e1laszok hitelesek, megb\u00edzhat\u00f3ak, \u00e9s a javukat szolg\u00e1lj\u00e1k.<\/p>\n\n\n\n<p>Ha val\u00f3ban komolyan gondoljuk, hogy fontos a gyerekek v\u00e9delme, akkor sz\u00e1njunk id\u0151t azokra a k\u00e9rd\u00e9sekre, amelyek igaz\u00e1n l\u00e9nyegesek az \u00e9let\u00fckben, besz\u00e9lgess\u00fcnk vel\u00fck a menstru\u00e1ci\u00f3r\u00f3l, a <a href=\"https:\/\/yelon.hu\/szuloknek\/hogyan-beszeljunk-a-szexrol-gyerekekkel\/\" target=\"_blank\" aria-label=\"undefined (opens in a new tab)\" rel=\"noreferrer noopener\">szexr\u0151l<\/a>, a <a href=\"https:\/\/yelon.hu\/szuloknek\/hogyan-elozheto-meg-a-kamaszkori-terhesseg\/\" target=\"_blank\" aria-label=\"undefined (opens in a new tab)\" rel=\"noreferrer noopener\">kamaszkori terhess\u00e9gr\u0151l<\/a> vagy az abortuszr\u00f3l.<\/p>\n\n\n\n<p>Mivel az idej\u00fck legnagyobb r\u00e9sz\u00e9t az iskol\u00e1ban t\u00f6ltik, \u00edgy a pedag\u00f3gusok sz\u00e1m\u00e1ra is kiker\u00fclhetetlen, hogy besz\u00e9lgessenek a gyerekekkel. Lehet\u0151leg mindenr\u0151l, ami a gyerekeket \u00e9rdekli \u00e9s \u00e9rinti. A menstru\u00e1ci\u00f3 k\u00e9rd\u00e9se pontosan ilyen t\u00e9ma.<\/p>\n\n\n\n<h2><strong>Deh\u00e1t egy ilyen \u00f3r\u00e1n mindenki csak nevetg\u00e9lni fog zavar\u00e1ban!<\/strong><\/h2>\n\n\n\n<p>Az els\u0151 percekben biztosan \u00edgy lesz. F\u0151leg akkor, ha sem a tan\u00e1r, sem az oszt\u00e1ly nem szokott hozz\u00e1 ahhoz, hogy olyan k\u00e9rd\u00e9sekr\u0151l is lehet besz\u00e9lgetni, amelyeket \u00e1ltal\u00e1ban meg sem szoktunk eml\u00edteni. Ezekben az iskol\u00e1kban a gyerekek fel sem merik tenni a k\u00e9rd\u00e9seiket, mert olyan a l\u00e9gk\u00f6r, hogy m\u00e9g a k\u00e9rd\u00e9sek megfogalmaz\u00e1sa is nehezen megy. De fontos, hogy legyen olyan feln\u0151tt a k\u00f6rnyezet\u00fckben, akivel lehet \u0151szint\u00e9n, ny\u00edltan besz\u00e9lgetni. A l\u00e1nyok 75%-a a kort\u00e1rsaival besz\u00e9li meg a legfontosabb dolgait, de kell hogy legyen kapaszkod\u00f3, biztos forr\u00e1s, ahonnan j\u00f3l lehet t\u00e1j\u00e9koz\u00f3dni. Ilyen lehet a sz\u00fcl\u0151i nevel\u00e9s, a megfelel\u0151 iskolai felvil\u00e1gos\u00edt\u00e1s \u00e9s a hiteles netes oldalak is.<\/p>\n\n\n\n<p>Az iskol\u00e1k sokszor k\u00fcls\u0151 seg\u00edts\u00e9get k\u00e9rnek a k\u00fcl\u00f6nb\u00f6z\u0151 t\u00e9m\u00e1k iskolai feldolgoz\u00e1s\u00e1hoz, de ezek t\u00f6bbnyire nem \u00e9rhet\u0151k el ingyenesen. A pedag\u00f3gusoknak nem a sz\u00fcl\u0151i feladatokat kell ell\u00e1tni, de a gyerekeket az iskol\u00e1ban is fontos lenne abban seg\u00edteni, hogy \u00f6nmagukat, a test\u00fcket \u00e9s annak m\u0171k\u00f6d\u00e9s\u00e9t megismerj\u00e9k \u00e9s elfogadj\u00e1k.<\/p>\n\n\n\n<p>N\u00e9h\u00e1ny alapvet\u0151 k\u00e9rd\u00e9sben musz\u00e1j lenne odafigyelni a l\u00e1nyokra:<\/p>\n\n\n\n<ul><li>Vil\u00e1gosan l\u00e1tni, ki mi\u00e9rt \u00e9s mikor hi\u00e1nyzik rendszeresen az iskol\u00e1b\u00f3l.<\/li><li>Vannak-e olyan l\u00e1nyok, akikre jobban oda kell figyelni a ciklusuk id\u0151szaka alatt?<\/li><li>Milyen az iskola felszerelts\u00e9ge (van-e el\u00e9g v\u00e9c\u00e9pap\u00edr, esetleg ingyenesen haszn\u00e1lhat\u00f3 bet\u00e9t, tampon, megfelel\u0151-e a mosd\u00f3k tisztas\u00e1ga)?<\/li><li>Az iskola k\u00f6z\u00f6ss\u00e9g\u00e9ben van-e meg\u00e1llapod\u00e1s arr\u00f3l, hogy a tan\u00e1rok hogyan kezelik azt a helyzetet, amikor a l\u00e1nyok menstru\u00e1lnak, \u00e9s ez valamilyen v\u00e1ltoz\u00e1st, v\u00e1ltoztat\u00e1st ig\u00e9nyel-e a tan\u00e1rok r\u00e9sz\u00e9r\u0151l (tesi\u00f3r\u00e1n felment\u00e9s, iskol\u00e1b\u00f3l hi\u00e1nyz\u00e1s, rossz k\u00f6z\u00e9rzet, rosszull\u00e9t figyelembev\u00e9tele)?<\/li><\/ul>\n\n\n\n<h2><strong>Igazolt iskolai hi\u00e1nyz\u00e1s menstru\u00e1ci\u00f3 miatt?<\/strong><\/h2>\n\n\n\n<p>Vil\u00e1gszerte l\u00e1nyok milli\u00f3i hi\u00e1nyoznak az iskol\u00e1b\u00f3l azokon a napokon, amikor menstru\u00e1lnak. A l\u00e1nyok \u00e9s a feln\u0151tt n\u0151k egy r\u00e9sz\u00e9nek \u00e9letmin\u0151s\u00e9g\u00e9t jelent\u0151sen befoly\u00e1solja a menstru\u00e1ci\u00f3, nagy f\u00e1jdalmat \u00e9lnek \u00e1t, g\u00f6rcs\u00f6l a hasuk, kellemetlen\u00fcl \u00e9rzik magukat. Havonta p\u00e1r napot azonban nem lehet hi\u00e1nyozni sem az iskol\u00e1b\u00f3l, sem a munkahelyr\u0151l.<\/p>\n\n\n\n<p>Sok helyen m\u00e9g mindig nagy a bizalmatlans\u00e1g az iskolai hi\u00e1nyz\u00e1sokkal kapcsolatban. Nem mindig der\u00fcl ki, hogy pontosan mi\u00e9rt nem mennek iskol\u00e1ba a gyerekek. A sz\u00e1mtalan ok mellett sok esetben a menstru\u00e1ci\u00f3 okozta k\u00e9nyelmetlen \u00e9rz\u00e9s, a higi\u00e9niai eszk\u00f6z\u00f6k hi\u00e1nya vagy a sz\u00e9gyen\u00e9rzet az oka annak, hogy a l\u00e1nyok n\u00e9h\u00e1ny napig nem mennek iskol\u00e1ba. Fontos lenne ezzel a k\u00e9rd\u00e9ssel is komolyan foglalkozni, hiszen ezek a l\u00e1nyok a tanul\u00e1sb\u00f3l, fontos programokb\u00f3l, a t\u00e1rsas egy\u00fcttl\u00e9tb\u0151l, a k\u00f6z\u00f6ss\u00e9gi \u00e9letb\u0151l is rendszeresen kimaradhatnak.<\/p>\n\n\n\n<p>A menstru\u00e1ci\u00f3 minden serd\u00fcl\u0151kor\u00fa l\u00e1nyt \u00e9rint, akik az idej\u00fck nagy r\u00e9sz\u00e9t az iskol\u00e1ban t\u00f6ltik. Feln\u0151tt n\u0151k m\u00e1r b\u00e1trabban besz\u00e9lnek a saj\u00e1t menstru\u00e1ci\u00f3jukr\u00f3l, de a gyerekeknek m\u00e9g seg\u00edts\u00e9gre van sz\u00fcks\u00e9g\u00fck ahhoz, hogy ne maradjon tabu ez a t\u00e9ma.<\/p>\n\n\n\n<p><em>St\u00e1hly Katalin pszichol\u00f3gus<\/em><\/p>\n\n\n\n<p><em>Kiemelt k\u00e9p <a href=\"https:\/\/unsplash.com\/photos\/egqR_zUd4NI\" target=\"_blank\" aria-label=\"undefined (opens in a new tab)\" rel=\"noreferrer noopener\">innen<\/a>.<\/em><\/p>\n","protected":false},"excerpt":{"rendered":"<p>A menstru\u00e1ci\u00f3 minden serd\u00fcl\u0151kor\u00fa l\u00e1nyt \u00e9rint, akik az idej\u00fck nagy r\u00e9sz\u00e9t az iskol\u00e1ban t\u00f6ltik. Feln\u0151tt n\u0151k m\u00e1r b\u00e1tran besz\u00e9lnek a menstru\u00e1ci\u00f3jukr\u00f3l, de a gyerekeknek seg\u00edts\u00e9gre van sz\u00fcks\u00e9g\u00fck ahhoz, hogy tabuk\u00e9nt ne okozzon felesleges \u00e9s f\u00e1jdalmas sz\u00e9gyen\u00e9rzetet a vil\u00e1g egyik legterm\u00e9szetesebb dolga.<\/p>\n","protected":false},"author":9,"featured_media":5051,"comment_status":"closed","ping_status":"closed","sticky":false,"template":"","format":"standard","meta":[],"categories":[11],"tags":[99,1914,1913,1911,1912,122,237,665,1259,46,1915,1018,104,365,345,507,78],"yoast_head":"<!-- This site is optimized with the Yoast SEO plugin v15.1 - https:\/\/yoast.com\/wordpress\/plugins\/seo\/ -->\n<title>Menstru\u00e1ci\u00f3 az iskol\u00e1ban: ez\u00e9rt ne kezeld tabuk\u00e9nt - Yelon<\/title>\n<meta name=\"description\" content=\"A menstru\u00e1ci\u00f3s ciklus kiker\u00fclhetetlen helysz\u00edne az iskola. De ha se a sz\u00fcl\u0151, se az iskola nem kezeli tabuk\u00e9nt a menstru\u00e1ci\u00f3t, fel lehet r\u00e1 k\u00e9sz\u00fclni.\" \/>\n<meta name=\"robots\" content=\"index, follow, max-snippet:-1, max-image-preview:large, max-video-preview:-1\" \/>\n<link rel=\"canonical\" href=\"https:\/\/yelon.hu\/szuloknek\/menstruacio-az-iskolaban\/\" \/>\n<meta property=\"og:locale\" content=\"hu_HU\" \/>\n<meta property=\"og:type\" content=\"article\" \/>\n<meta property=\"og:title\" content=\"Menstru\u00e1ci\u00f3 az iskol\u00e1ban: ez\u00e9rt ne kezeld tabuk\u00e9nt - Yelon\" \/>\n<meta property=\"og:description\" content=\"A menstru\u00e1ci\u00f3s ciklus kiker\u00fclhetetlen helysz\u00edne az iskola. De ha se a sz\u00fcl\u0151, se az iskola nem kezeli tabuk\u00e9nt a menstru\u00e1ci\u00f3t, fel lehet r\u00e1 k\u00e9sz\u00fclni.\" \/>\n<meta property=\"og:url\" content=\"https:\/\/yelon.hu\/szuloknek\/menstruacio-az-iskolaban\/\" \/>\n<meta property=\"og:site_name\" content=\"Yelon\" \/>\n<meta property=\"article:published_time\" content=\"2020-09-04T15:46:24+00:00\" \/>\n<meta property=\"article:modified_time\" content=\"2020-10-29T13:54:37+00:00\" \/>\n<meta property=\"og:image\" content=\"https:\/\/yelon.hu\/szuloknek\/wp-content\/uploads\/2020\/09\/menstruacio-az-iskolaban-scaled.jpg\" \/>\n\t<meta property=\"og:image:width\" content=\"2560\" \/>\n\t<meta property=\"og:image:height\" content=\"1707\" \/>\n<meta name=\"twitter:card\" content=\"summary_large_image\" \/>\n<script type=\"application\/ld+json\" class=\"yoast-schema-graph\">{\"@context\":\"https:\/\/schema.org\",\"@graph\":[{\"@type\":\"WebSite\",\"@id\":\"https:\/\/yelon.hu\/szuloknek\/#website\",\"url\":\"https:\/\/yelon.hu\/szuloknek\/\",\"name\":\"Yelon\",\"description\":\"Kamaszoknak \\u00e9s sz\\u00fcl\\u0151knek sz\\u00f3l\\u00f3 online magazin\",\"potentialAction\":[{\"@type\":\"SearchAction\",\"target\":\"https:\/\/yelon.hu\/szuloknek\/?s={search_term_string}\",\"query-input\":\"required name=search_term_string\"}],\"inLanguage\":\"hu\"},{\"@type\":\"ImageObject\",\"@id\":\"https:\/\/yelon.hu\/szuloknek\/menstruacio-az-iskolaban\/#primaryimage\",\"inLanguage\":\"hu\",\"url\":\"https:\/\/yelon.hu\/szuloknek\/wp-content\/uploads\/2020\/09\/menstruacio-az-iskolaban-scaled.jpg\",\"width\":2560,\"height\":1707,\"caption\":\"menstru\\u00e1ci\\u00f3, iskola, tabu\"},{\"@type\":\"WebPage\",\"@id\":\"https:\/\/yelon.hu\/szuloknek\/menstruacio-az-iskolaban\/#webpage\",\"url\":\"https:\/\/yelon.hu\/szuloknek\/menstruacio-az-iskolaban\/\",\"name\":\"Menstru\\u00e1ci\\u00f3 az iskol\\u00e1ban: ez\\u00e9rt ne kezeld tabuk\\u00e9nt - Yelon\",\"isPartOf\":{\"@id\":\"https:\/\/yelon.hu\/szuloknek\/#website\"},\"primaryImageOfPage\":{\"@id\":\"https:\/\/yelon.hu\/szuloknek\/menstruacio-az-iskolaban\/#primaryimage\"},\"datePublished\":\"2020-09-04T15:46:24+00:00\",\"dateModified\":\"2020-10-29T13:54:37+00:00\",\"author\":{\"@id\":\"https:\/\/yelon.hu\/szuloknek\/#\/schema\/person\/c9fa38f81f80ff5bbd245a64fddaee93\"},\"description\":\"A menstru\\u00e1ci\\u00f3s ciklus kiker\\u00fclhetetlen helysz\\u00edne az iskola. De ha se a sz\\u00fcl\\u0151, se az iskola nem kezeli tabuk\\u00e9nt a menstru\\u00e1ci\\u00f3t, fel lehet r\\u00e1 k\\u00e9sz\\u00fclni.\",\"inLanguage\":\"hu\",\"potentialAction\":[{\"@type\":\"ReadAction\",\"target\":[\"https:\/\/yelon.hu\/szuloknek\/menstruacio-az-iskolaban\/\"]}]},{\"@type\":\"Person\",\"@id\":\"https:\/\/yelon.hu\/szuloknek\/#\/schema\/person\/c9fa38f81f80ff5bbd245a64fddaee93\",\"name\":\"B. Zsofi\",\"image\":{\"@type\":\"ImageObject\",\"@id\":\"https:\/\/yelon.hu\/szuloknek\/#personlogo\",\"inLanguage\":\"hu\",\"url\":\"https:\/\/secure.gravatar.com\/avatar\/0936caaf13a2f9714ad4b7bd07dd9bca?s=96&d=mm&r=g\",\"caption\":\"B. Zsofi\"}}]}<\/script>\n<!-- \/ Yoast SEO plugin. -->","_links":{"self":[{"href":"https:\/\/yelon.hu\/szuloknek\/wp-json\/wp\/v2\/posts\/5047"}],"collection":[{"href":"https:\/\/yelon.hu\/szuloknek\/wp-json\/wp\/v2\/posts"}],"about":[{"href":"https:\/\/yelon.hu\/szuloknek\/wp-json\/wp\/v2\/types\/post"}],"author":[{"embeddable":true,"href":"https:\/\/yelon.hu\/szuloknek\/wp-json\/wp\/v2\/users\/9"}],"replies":[{"embeddable":true,"href":"https:\/\/yelon.hu\/szuloknek\/wp-json\/wp\/v2\/comments?post=5047"}],"version-history":[{"count":4,"href":"https:\/\/yelon.hu\/szuloknek\/wp-json\/wp\/v2\/posts\/5047\/revisions"}],"predecessor-version":[{"id":5065,"href":"https:\/\/yelon.hu\/szuloknek\/wp-json\/wp\/v2\/posts\/5047\/revisions\/5065"}],"wp:featuredmedia":[{"embeddable":true,"href":"https:\/\/yelon.hu\/szuloknek\/wp-json\/wp\/v2\/media\/5051"}],"wp:attachment":[{"href":"https:\/\/yelon.hu\/szuloknek\/wp-json\/wp\/v2\/media?parent=5047"}],"wp:term":[{"taxonomy":"category","embeddable":true,"href":"https:\/\/yelon.hu\/szuloknek\/wp-json\/wp\/v2\/categories?post=5047"},{"taxonomy":"post_tag","embeddable":true,"href":"https:\/\/yelon.hu\/szuloknek\/wp-json\/wp\/v2\/tags?post=5047"}],"curies":[{"name":"wp","href":"https:\/\/api.w.org\/{rel}","templated":true}]}}