{"id":5054,"date":"2020-10-06T09:56:05","date_gmt":"2020-10-06T07:56:05","guid":{"rendered":"https:\/\/yelon.hu\/szuloknek\/?p=5054"},"modified":"2020-12-10T19:58:29","modified_gmt":"2020-12-10T18:58:29","slug":"10-tipp-digitalis-tanaroknak","status":"publish","type":"post","link":"https:\/\/yelon.hu\/szuloknek\/10-tipp-digitalis-tanaroknak\/","title":{"rendered":"Mit k\u00e9rn\u00e9nek a gyerekek a tan\u00e1raikt\u00f3l az online tanul\u00e1shoz?"},"content":{"rendered":"\n<p>Egy <a href=\"https:\/\/yelon.hu\/szuloknek\/internetmost\/\" target=\"_blank\" aria-label=\"undefined (opens in a new tab)\" rel=\"noreferrer noopener\">kutat\u00e1s<\/a> sor\u00e1n megk\u00e9rdezt\u00e9k a di\u00e1kokat, mire lenne sz\u00fcks\u00e9g\u00fck ahhoz, hogy az <a href=\"https:\/\/yelon.hu\/szuloknek\/tavoktatas-10-jo-tanacs-gyerekeknek-es-szuloknek\/\" target=\"_blank\" aria-label=\"undefined (opens in a new tab)\" rel=\"noreferrer noopener\">online oktat\u00e1st<\/a> eredm\u00e9nyesnek \u00e9s hat\u00e1sosnak \u00e9rezhess\u00e9k \u2013 hiszen ha nem l\u00e1tj\u00e1k \u00e9rtelm\u00e9t, ha a sok, azzal kapcsolatos neh\u00e9zs\u00e9g viszi el az idej\u00fcket \u00e9s a figyelm\u00fcket, \u00e9rthet\u0151 m\u00f3don hamar elfogy az \u00e9rdekl\u0151d\u00e9s\u00fck \u00e9s a motiv\u00e1ci\u00f3juk.<\/p>\n\n\n\n<!--more-->\n\n\n\n<h2><strong>Mivel seg\u00edthetj\u00fck a gyerekek otthoni tanul\u00e1s\u00e1t?<\/strong><\/h2>\n\n\n\n<p>Az online oktat\u00e1s nemcsak a tan\u00e1rok, de a gyerekek el\u00e9 is sz\u00e1mos kih\u00edv\u00e1st \u00e1ll\u00edtott. <a href=\"https:\/\/hintalovon.hu\/2020\/09\/02\/mit-gondolnak-a-gyerekek-az-internetrol\/\" target=\"_blank\" aria-label=\"undefined (opens in a new tab)\" rel=\"noreferrer noopener\">A Hintalovon Gyermekjogi Alap\u00edtv\u00e1ny \u00e9s a Telekom k\u00f6z\u00f6s kutat\u00e1s\u00e1ban<\/a> megk\u00e9rdezt\u00fck, mit gondolnak a di\u00e1kok a digit\u00e1lis tan\u00edt\u00e1sr\u00f3l \u00e9s arr\u00f3l, hogy min lenne sz\u00fcks\u00e9ges azzal kapcsolatban jav\u00edtani, fejleszteni vagy v\u00e1ltoztatni. Mivel \u0151k tudj\u00e1k a legjobban a v\u00e1laszt ezekre a k\u00e9rd\u00e9sekre, egy esetleges \u00fajabb, digit\u00e1lis oktat\u00e1si elemeket is tartalmaz\u00f3 tanrendben \u00e9rdemes lehet ezekre (is) t\u00e1maszkodni.<\/p>\n\n\n\n<h4><strong>Amit a gyerekek k\u00e9rn\u00e9nek<\/strong><\/h4>\n\n\n\n<p>A gyerekek tapasztalata \u00e9s v\u00e9lem\u00e9nye seg\u00edthet a pedag\u00f3gusoknak is, hogy az idei tan\u00e9vben m\u00e1r rutinosabban haszn\u00e1lj\u00e1k a k\u00fcl\u00f6nb\u00f6z\u0151 platformokat; k\u00f6nnyebben felm\u00e9rj\u00e9k, hogy pontosan milyen feladatokra \u00e9s mennyi id\u0151re van sz\u00fcks\u00e9g az adott tananyag megtan\u00edt\u00e1s\u00e1hoz; illetve gyakorlottabban kezelj\u00e9k majd a felmer\u00fcl\u0151 probl\u00e9m\u00e1kat. De sz\u00fcl\u0151k\u00e9nt is sikeresebben seg\u00edthetj\u00fck a gyerekeinket, ha tudjuk, mik okozz\u00e1k sz\u00e1mukra a legnagyobb neh\u00e9zs\u00e9get.<\/p>\n\n\n\n<h2><strong>Kommunik\u00e1ci\u00f3 \u00e9s tervez\u00e9s<\/strong><\/h2>\n\n\n\n<p>A legt\u00f6bb, gyerekek \u00e1ltal jelzett, probl\u00e9m\u00e1snak vagy k\u00e9rd\u00e9sesnek \u00edt\u00e9lt ter\u00fclet m\u00e1r egy-egy k\u00f6z\u00f6s gondolkod\u00e1ssal, egyeztet\u00e9ssel is jav\u00edthat\u00f3 lenne. Gondoltad volna p\u00e9ld\u00e1ul, hogy a digit\u00e1lis oktat\u00e1s sor\u00e1n a gyerekek k\u00f6z\u00fcl nagyon sok nem \u00e9rezte mag\u00e1t <a href=\"https:\/\/yelon.hu\/szuloknek\/8-fontos-digitalis-keszseg-a-gyerekeknek\/\" target=\"_blank\" aria-label=\"undefined (opens in a new tab)\" rel=\"noreferrer noopener\">biztons\u00e1gban a neten<\/a>, mik\u00f6zben azt \u00e9lte meg, sokkal t\u00f6bb id\u0151t kell a g\u00e9p el\u0151tt t\u00f6ltenie, mint szeretne?&nbsp;<\/p>\n\n\n\n<p>Illetve k\u00f6z\u00fcl\u00fck nagyon sokan \u00e9lt\u00e9k meg azt, amit\u0151l a feln\u0151ttek t\u00f6bbs\u00e9ge is csak fesz\u00fclts\u00e9ggel \u00e9s frusztr\u00e1ci\u00f3val tud v\u00e1laszolni: a feladatok nemcsak \u201emunka-\u201d, azaz iskolaid\u0151ben, hanem \u00e9jjel \u00e9s h\u00e9tv\u00e9g\u00e9n is megtal\u00e1lt\u00e1k \u0151ket, hiszen sok iskola sz\u00e1m\u00e1ra a tanul\u00e1s els\u0151dleges fel\u00fclete a <a href=\"https:\/\/yelon.hu\/szuloknek\/kozossegi-media-hasznalata-korhatar\/\" target=\"_blank\" aria-label=\"undefined (opens in a new tab)\" rel=\"noreferrer noopener\">Facebook vagy egy Messenger-csoport<\/a> volt.<\/p>\n\n\n\n<p>Ha \u00e9rdekelnek a gyerekek v\u00e1laszai, \u00e9s szeretn\u00e9l seg\u00edteni nekik, hogy a k\u00f6vetkez\u0151 alkalommal k\u00f6nnyebben, az \u0151 val\u00f3s \u00e9rdekeiket szolg\u00e1lva lehessen megtervezni a r\u00e9szben vagy teljesen online oktat\u00e1sukat, a Hintalovon Gyermekjogi Alap\u00edtv\u00e1ny adom\u00e1nyboltj\u00e1b\u00f3l ak\u00e1r ingyen is <a href=\"https:\/\/hintalovon.hu\/termek\/10-tipp-a-digitalis-oktatashoz-tanaroknak\/\" target=\"_blank\" rel=\"noreferrer noopener\">let\u00f6lthet\u0151 seg\u00e9danyagb\u00f3l<\/a> megtudhatod \u2013 az ezeken alapul\u00f3, konkr\u00e9t tippeket pedig egy <a href=\"https:\/\/hintalovon.hu\/termek\/top-10-otlet-a-digitalis-oktatashoz-plakat\/\" target=\"_blank\" rel=\"noreferrer noopener\">let\u00f6lthet\u0151 plak\u00e1t<\/a> form\u00e1j\u00e1ban is el\u0151k\u00e9sz\u00edtett\u00fck.<\/p>\n\n\n\n<p>Kiemelt k\u00e9p <a href=\"https:\/\/unsplash.com\/photos\/6MePtA9EVDA\" target=\"_blank\" rel=\"noreferrer noopener\">innen<\/a>.<\/p>\n","protected":false},"excerpt":{"rendered":"<p>Az online oktat\u00e1s nemcsak a tan\u00e1rokat \u00e1ll\u00edtotta ismeretlen helyzet el\u00e9, de a gyerekeknek is meg kellett szokniuk egy sor \u00faj dolgot.  A  legt\u00f6bb, gyerekek \u00e1ltal  probl\u00e9m\u00e1snak  \u00edt\u00e9lt ter\u00fclet k\u00f6z\u00f6s gondolkod\u00e1ssal, egyeztet\u00e9ssel is jav\u00edthat\u00f3 lenne.<\/p>\n","protected":false},"author":9,"featured_media":5172,"comment_status":"closed","ping_status":"closed","sticky":false,"template":"","format":"standard","meta":[],"categories":[8],"tags":[1534,417,1515,1529,272,1531,1446,201,1535,1917,1514,1536,1513,1916,1533],"yoast_head":"<!-- This site is optimized with the Yoast SEO plugin v15.1 - https:\/\/yoast.com\/wordpress\/plugins\/seo\/ -->\n<title>Mit k\u00e9rn\u00e9nek a gyerekek a tan\u00e1raikt\u00f3l az online tanul\u00e1shoz? - Yelon<\/title>\n<meta name=\"description\" content=\"A digit\u00e1lis oktat\u00e1s tapasztalatai gyerekszemmel: egy kutat\u00e1s alapj\u00e1n a gyerekek ezt k\u00e9rn\u00e9k a tan\u00e1raikt\u00f3l, ha ism\u00e9t online oktat\u00e1sra ker\u00fcl sor.\" \/>\n<meta name=\"robots\" content=\"index, follow, max-snippet:-1, max-image-preview:large, max-video-preview:-1\" \/>\n<link rel=\"canonical\" href=\"https:\/\/yelon.hu\/szuloknek\/10-tipp-digitalis-tanaroknak\/\" \/>\n<meta property=\"og:locale\" content=\"hu_HU\" \/>\n<meta property=\"og:type\" content=\"article\" \/>\n<meta property=\"og:title\" content=\"Mit k\u00e9rn\u00e9nek a gyerekek a tan\u00e1raikt\u00f3l az online tanul\u00e1shoz? - Yelon\" \/>\n<meta property=\"og:description\" content=\"A digit\u00e1lis oktat\u00e1s tapasztalatai gyerekszemmel: egy kutat\u00e1s alapj\u00e1n a gyerekek ezt k\u00e9rn\u00e9k a tan\u00e1raikt\u00f3l, ha ism\u00e9t online oktat\u00e1sra ker\u00fcl sor.\" \/>\n<meta property=\"og:url\" content=\"https:\/\/yelon.hu\/szuloknek\/10-tipp-digitalis-tanaroknak\/\" \/>\n<meta property=\"og:site_name\" content=\"Yelon\" \/>\n<meta property=\"article:published_time\" content=\"2020-10-06T07:56:05+00:00\" \/>\n<meta property=\"article:modified_time\" content=\"2020-12-10T18:58:29+00:00\" \/>\n<meta property=\"og:image\" content=\"https:\/\/yelon.hu\/szuloknek\/wp-content\/uploads\/2020\/09\/digitalis-oktatas-otthoni-tanulas2.jpg\" \/>\n\t<meta property=\"og:image:width\" content=\"1920\" \/>\n\t<meta property=\"og:image:height\" content=\"1280\" \/>\n<meta name=\"twitter:card\" content=\"summary_large_image\" \/>\n<script type=\"application\/ld+json\" class=\"yoast-schema-graph\">{\"@context\":\"https:\/\/schema.org\",\"@graph\":[{\"@type\":\"WebSite\",\"@id\":\"https:\/\/yelon.hu\/szuloknek\/#website\",\"url\":\"https:\/\/yelon.hu\/szuloknek\/\",\"name\":\"Yelon\",\"description\":\"Kamaszoknak \\u00e9s sz\\u00fcl\\u0151knek sz\\u00f3l\\u00f3 online magazin\",\"potentialAction\":[{\"@type\":\"SearchAction\",\"target\":\"https:\/\/yelon.hu\/szuloknek\/?s={search_term_string}\",\"query-input\":\"required name=search_term_string\"}],\"inLanguage\":\"hu\"},{\"@type\":\"ImageObject\",\"@id\":\"https:\/\/yelon.hu\/szuloknek\/10-tipp-digitalis-tanaroknak\/#primaryimage\",\"inLanguage\":\"hu\",\"url\":\"https:\/\/yelon.hu\/szuloknek\/wp-content\/uploads\/2020\/09\/digitalis-oktatas-otthoni-tanulas2.jpg\",\"width\":1920,\"height\":1280,\"caption\":\"digit\\u00e1lis oktat\\u00e1s, otthoni tanul\\u00e1s\"},{\"@type\":\"WebPage\",\"@id\":\"https:\/\/yelon.hu\/szuloknek\/10-tipp-digitalis-tanaroknak\/#webpage\",\"url\":\"https:\/\/yelon.hu\/szuloknek\/10-tipp-digitalis-tanaroknak\/\",\"name\":\"Mit k\\u00e9rn\\u00e9nek a gyerekek a tan\\u00e1raikt\\u00f3l az online tanul\\u00e1shoz? - Yelon\",\"isPartOf\":{\"@id\":\"https:\/\/yelon.hu\/szuloknek\/#website\"},\"primaryImageOfPage\":{\"@id\":\"https:\/\/yelon.hu\/szuloknek\/10-tipp-digitalis-tanaroknak\/#primaryimage\"},\"datePublished\":\"2020-10-06T07:56:05+00:00\",\"dateModified\":\"2020-12-10T18:58:29+00:00\",\"author\":{\"@id\":\"https:\/\/yelon.hu\/szuloknek\/#\/schema\/person\/c9fa38f81f80ff5bbd245a64fddaee93\"},\"description\":\"A digit\\u00e1lis oktat\\u00e1s tapasztalatai gyerekszemmel: egy kutat\\u00e1s alapj\\u00e1n a gyerekek ezt k\\u00e9rn\\u00e9k a tan\\u00e1raikt\\u00f3l, ha ism\\u00e9t online oktat\\u00e1sra ker\\u00fcl sor.\",\"inLanguage\":\"hu\",\"potentialAction\":[{\"@type\":\"ReadAction\",\"target\":[\"https:\/\/yelon.hu\/szuloknek\/10-tipp-digitalis-tanaroknak\/\"]}]},{\"@type\":\"Person\",\"@id\":\"https:\/\/yelon.hu\/szuloknek\/#\/schema\/person\/c9fa38f81f80ff5bbd245a64fddaee93\",\"name\":\"B. Zsofi\",\"image\":{\"@type\":\"ImageObject\",\"@id\":\"https:\/\/yelon.hu\/szuloknek\/#personlogo\",\"inLanguage\":\"hu\",\"url\":\"https:\/\/secure.gravatar.com\/avatar\/0936caaf13a2f9714ad4b7bd07dd9bca?s=96&d=mm&r=g\",\"caption\":\"B. Zsofi\"}}]}<\/script>\n<!-- \/ Yoast SEO plugin. -->","_links":{"self":[{"href":"https:\/\/yelon.hu\/szuloknek\/wp-json\/wp\/v2\/posts\/5054"}],"collection":[{"href":"https:\/\/yelon.hu\/szuloknek\/wp-json\/wp\/v2\/posts"}],"about":[{"href":"https:\/\/yelon.hu\/szuloknek\/wp-json\/wp\/v2\/types\/post"}],"author":[{"embeddable":true,"href":"https:\/\/yelon.hu\/szuloknek\/wp-json\/wp\/v2\/users\/9"}],"replies":[{"embeddable":true,"href":"https:\/\/yelon.hu\/szuloknek\/wp-json\/wp\/v2\/comments?post=5054"}],"version-history":[{"count":3,"href":"https:\/\/yelon.hu\/szuloknek\/wp-json\/wp\/v2\/posts\/5054\/revisions"}],"predecessor-version":[{"id":5173,"href":"https:\/\/yelon.hu\/szuloknek\/wp-json\/wp\/v2\/posts\/5054\/revisions\/5173"}],"wp:featuredmedia":[{"embeddable":true,"href":"https:\/\/yelon.hu\/szuloknek\/wp-json\/wp\/v2\/media\/5172"}],"wp:attachment":[{"href":"https:\/\/yelon.hu\/szuloknek\/wp-json\/wp\/v2\/media?parent=5054"}],"wp:term":[{"taxonomy":"category","embeddable":true,"href":"https:\/\/yelon.hu\/szuloknek\/wp-json\/wp\/v2\/categories?post=5054"},{"taxonomy":"post_tag","embeddable":true,"href":"https:\/\/yelon.hu\/szuloknek\/wp-json\/wp\/v2\/tags?post=5054"}],"curies":[{"name":"wp","href":"https:\/\/api.w.org\/{rel}","templated":true}]}}