{"id":5287,"date":"2020-11-05T20:45:33","date_gmt":"2020-11-05T19:45:33","guid":{"rendered":"https:\/\/yelon.hu\/szuloknek\/?p=5287"},"modified":"2020-12-30T09:52:40","modified_gmt":"2020-12-30T08:52:40","slug":"videojatekozo-gyerekek","status":"publish","type":"post","link":"https:\/\/yelon.hu\/szuloknek\/videojatekozo-gyerekek\/","title":{"rendered":"Amit tiltani nem lehet, de nem is \u00e9rdemes: a videoj\u00e1t\u00e9k"},"content":{"rendered":"\n<p>Napjainkban a gyerekek, a fiatalok \u00e9s a feln\u0151ttek k\u00f6r\u00e9ben is \u00e1ltal\u00e1nos tev\u00e9kenys\u00e9gg\u00e9 v\u00e1lt, hogy videoj\u00e1t\u00e9kokkal j\u00e1tszanak k\u00fcl\u00f6nf\u00e9le eszk\u00f6z\u00f6k\u00f6n, p\u00e9ld\u00e1ul Xboxon, <a href=\"https:\/\/yelon.hu\/szuloknek\/gyerekek-szemelyes-adatai-a-neten\/\" target=\"_blank\" rel=\"noreferrer noopener\">okostelefonos alkalmaz\u00e1sokban<\/a> vagy sz\u00e1m\u00edt\u00f3g\u00e9peken. A sz\u00fcl\u0151k agg\u00f3dnak, ha a gyerek\u00fck sok id\u0151t t\u00f6lt ezekkel a videoj\u00e1t\u00e9kokkal. A YoungMinds \u00f6sszegy\u0171jt\u00f6tte a fiatalok v\u00e9lem\u00e9ny\u00e9t az ilyen tev\u00e9kenys\u00e9gek kedvez\u0151 hat\u00e1sair\u00f3l.<\/p>\n\n\n\n<!--more-->\n\n\n\n<h2><strong>Hogyan \u00e9rdemes reag\u00e1lni a gyerekek videoj\u00e1t\u00e9koz\u00e1s\u00e1ra \u2013&nbsp;a gyerekek szerint?<\/strong><\/h2>\n\n\n\n<p>A videoj\u00e1t\u00e9kokat j\u00e1tsz\u00f3 gyerekek az al\u00e1bbi javaslatokat tett\u00e9k a sz\u00fcl\u0151knek:<\/p>\n\n\n\n<ul><li><a href=\"https:\/\/yelon.hu\/szuloknek\/beszelgetes-digitalis-biztonsag\/\" target=\"_blank\" rel=\"noreferrer noopener\">K\u00e9rdezzenek, \u00e9s tudjanak meg min\u00e9l t\u00f6bbet<\/a> a j\u00e1t\u00e9kokr\u00f3l, ahelyett, hogy egyb\u0151l azt a k\u00f6vetkeztet\u00e9st vonn\u00e1k le, hogy a videoj\u00e1t\u00e9kok rossz hat\u00e1ssal vannak a gyerekekre.<\/li><li>K\u00e9rdezz\u00e9k meg, hogy a gyerekeik mit \u00e9lveznek a j\u00e1t\u00e9kban, mik ennek az \u00e9lvezetnek a hat\u00e1sai r\u00e1juk, \u00e9s \u00e9rdekl\u0151d\u00e9ssel hallgass\u00e1k is v\u00e9gig a v\u00e1laszaikat.<\/li><li>Ismerj\u00e9k el, hogy a gyereke videoj\u00e1t\u00e9k j\u00e1tsz\u00e1sa k\u00f6zben a <a href=\"https:\/\/yelon.hu\/szuloknek\/a-gyerek-uj-baratai\/\" target=\"_blank\" rel=\"noreferrer noopener\">bar\u00e1taival<\/a> is egy\u00fctt van, vagyis ez egy t\u00e1rsas tev\u00e9kenys\u00e9g.<\/li><li>Tal\u00e1lj\u00e1k meg a m\u00f3dj\u00e1t, hogy a videoj\u00e1t\u00e9k t\u00e1rsas tev\u00e9kenys\u00e9gg\u00e9 v\u00e1ljon.<\/li><li>\u00c1llap\u00edts\u00e1k meg, hogy mi\u00e9rt kezdtek videoj\u00e1t\u00e9kokat j\u00e1tszani, \u00e9s ne maga a j\u00e1t\u00e9k legyen a k\u00e9rd\u00e9sek k\u00f6zpontj\u00e1ban.<\/li><li>Keressenek k\u00f6z\u00f6sen megold\u00e1sokat.<\/li><\/ul>\n\n\n\n<p>A fiatalok meger\u0151s\u00edtett\u00e9k, hogy nem szeretik, ha a sz\u00fcleik:<\/p>\n\n\n\n<ul><li>azt sz\u0171rik le a besz\u00e9lget\u00e9sb\u0151l, hogy a videoj\u00e1t\u00e9k \u00e1rtalmas;<\/li><li>nem veszik figyelembe, hogy a videoj\u00e1t\u00e9k mennyire fontos sz\u00e1mukra;<\/li><li>az iskol\u00e1t \u00e9s a h\u00e1zi feladatokat el\u0151t\u00e9rbe helyezik a j\u00e1t\u00e9kokkal szemben;<\/li><li>eltiltj\u00e1k \u0151ket a videoj\u00e1t\u00e9kokt\u00f3l.<\/li><\/ul>\n\n\n\n<p>Tartsuk szem el\u0151tt, hogy seg\u00edt, ha a gyerekkel meg\u00e9rt\u0151en besz\u00e9l\u00fcnk a videoj\u00e1t\u00e9kokr\u00f3l, csak\u00fagy, mint \u00e1ltal\u00e1ban b\u00e1rmi m\u00e1s t\u00e9m\u00e1r\u00f3l is.<\/p>\n\n\n\n<h2><strong>Hogyan befoly\u00e1solj\u00e1k a videoj\u00e1t\u00e9kok a ment\u00e1lis eg\u00e9szs\u00e9get?<\/strong><\/h2>\n\n\n\n<p>A videoj\u00e1t\u00e9kok jelent\u0151s hat\u00e1ssal lehetnek a gyerekek \u00e9let\u00e9re \u00e9s hosszabb t\u00e1von az eg\u00e9szs\u00e9g\u00fckre is, illetve t\u00e1mogat\u00e1st ny\u00fajtanak a ment\u00e1lis neh\u00e9zs\u00e9gekkel k\u00fczd\u0151 emberek sz\u00e1m\u00e1ra. Ha a videoj\u00e1t\u00e9k rendszeres, eg\u00e9szs\u00e9ges napi tev\u00e9kenys\u00e9geket zavar meg, p\u00e9ld\u00e1ul az alv\u00e1st vagy a t\u00e1rsas\u00e1gi \u00e9letet, akkor seg\u00edts\u00e9gre van sz\u00fcks\u00e9g.<\/p>\n\n\n\n<p>A fiatalok a videoj\u00e1t\u00e9kok pozit\u00edv hat\u00e1sai k\u00f6z\u00f6tt az al\u00e1bbiakat szokt\u00e1k megeml\u00edteni:<\/p>\n\n\n\n<ul><li>Bar\u00e1tokat \u00e9s ismer\u0151s\u00f6ket szereznek a vil\u00e1g minden t\u00e1j\u00e1r\u00f3l.<\/li><li>Seg\u00edt a <a href=\"https:\/\/yelon.hu\/szuloknek\/a-tulterheltseg-felnottet-gyereket-is-erint\/\" target=\"_blank\" rel=\"noreferrer noopener\">stressz<\/a> levezet\u00e9s\u00e9ben iskola ut\u00e1n.<\/li><li>R\u00e9szt vesznek valamiben.<\/li><li>Kapcsolatokat teremthetnek a szem\u00e9lyis\u00e9g\u00fck felfed\u00e9se n\u00e9lk\u00fcl, ami a kev\u00e9sb\u00e9 szoci\u00e1lis embereknek seg\u00edt a kapcsolattart\u00e1sban.<\/li><li>A j\u00e1t\u00e9k sor\u00e1n seg\u00edts\u00e9get kapnak a j\u00e1t\u00e9kost\u00e1rsakt\u00f3l.<\/li><li>Olyan emberekkel ker\u00fclnek kapcsolatba, akik hozz\u00e1juk hasonl\u00f3 tapasztalatokon mennek kereszt\u00fcl.<\/li><li>\u00daj k\u00e9szs\u00e9geke tesznek szert.<\/li><\/ul>\n\n\n\n<h2><strong>Hogyan szab\u00e1lyozzuk a videoj\u00e1t\u00e9koz\u00e1st?<\/strong><\/h2>\n\n\n\n<p>\u00c9rdemes figyelembe venni, hogy a <a href=\"https:\/\/yelon.hu\/szuloknek\/kutyuzes-netfuggoseg-cimkezes\/\" target=\"_blank\" rel=\"noreferrer noopener\">k\u00e9perny\u0151k el\u0151tt t\u00f6lt\u00f6tt id\u0151<\/a> milyen m\u00e9rt\u00e9kben veszi el az id\u0151t az eg\u00e9szs\u00e9ges \u00e9lethez sz\u00fcks\u00e9ges egy\u00e9b dolgokt\u00f3l, azaz hogy a k\u00e9perny\u0151 el\u0151tt t\u00f6lt\u00f6tt id\u0151 milyen m\u00e9rt\u00e9kben befoly\u00e1solja a t\u00f6bbi csal\u00e1di tev\u00e9kenys\u00e9get.<\/p>\n\n\n\n<p>Tov\u00e1bbi tippek:<\/p>\n\n\n\n<ul><li>Egy <a href=\"https:\/\/yelon.hu\/szuloknek\/csaladi-szerzodes\/\" target=\"_blank\" rel=\"noreferrer noopener\">csal\u00e1di meg\u00e1llapod\u00e1s<\/a> mindenki sz\u00e1m\u00e1ra lehet\u0151v\u00e9 teszi a k\u00e9perny\u0151korl\u00e1tok megvitat\u00e1s\u00e1t, \u00e9s hozz\u00e1j\u00e1rul ahhoz, hogy a gyerekek megfogalmazhass\u00e1k a saj\u00e1t ig\u00e9nyeiket.<\/li><li>Gondolkodjon egy\u00fctt a csal\u00e1d, hogy hogyan \u00e9rjen v\u00e9get egy j\u00e1t\u00e9kmenet: \u00e1ll\u00edtsunk be p\u00e9ld\u00e1ul egy stoppert a h\u00e1tral\u00e9v\u0151 id\u0151 jelz\u00e9s\u00e9re.<\/li><li>Keress\u00fcnk offline elfoglalts\u00e1gokat, amelyeket k\u00f6z\u00f6sen vagy ak\u00e1r egyed\u00fcl is \u00f6r\u00f6mmel csin\u00e1l a gyerek.<\/li><li>V\u00e1ljon a videoj\u00e1t\u00e9k olyan tev\u00e9kenys\u00e9gg\u00e9, amely k\u00f6z\u00f6s sz\u00f3rakoz\u00e1st ny\u00fajt.<\/li><li>Ha a negat\u00edv \u00e9rzelmek felhalmoz\u00f3dnak, szerencs\u00e9sebb, ha nem mutatunk reakci\u00f3t, ez csak rontja a helyzetet.<\/li><li>Ne f\u00e9lj\u00fcnk kimutatni az \u00e9rzelmeinket a j\u00e1t\u00e9kkal kapcsolatban, \u00e9s ha agg\u00f3dunk a gyerek\u00fcnkk\u00e9rt, besz\u00e9lj\u00fcnk arr\u00f3l vele, hogy ez csak az\u00e9rt van, mert j\u00f3l szeret\u00e9nk gondoskodni r\u00f3la, \u00e9s mert szeretj\u00fck.<\/li><li>Besz\u00e9lj\u00fcnk m\u00e1sokkal, akik hasonl\u00f3 helyzetben vannak.<\/li><\/ul>\n\n\n\n<p>A k\u00f6z\u00f6sen meghozptt szab\u00e1lyok seg\u00edthetnek megakad\u00e1lyozni, hogy a gyerekek lefekv\u00e9s el\u0151tt egy \u00f3r\u00e1val videoj\u00e1t\u00e9kokat j\u00e1tszanak, \u00edgy azok nem lesznek k\u00e1ros hat\u00e1ssal az alv\u00e1sukra. Az a pont, ahol a j\u00e1t\u00e9k \u201et\u00fal sokk\u00e1\u201d v\u00e1lik, f\u00fcgg mag\u00e1t\u00f3l a gyerek\u00fcnkt\u0151l is, illetve att\u00f3l, hogy a sz\u00fcl\u0151\/gondvisel\u0151 milyen hat\u00e1rokat \u00e9rez elfogadhat\u00f3nak.<\/p>\n\n\n\n<h2><strong>Hogyan garant\u00e1lhatjuk gyerek\u00fcnk biztons\u00e1g\u00e1t, ha videoj\u00e1t\u00e9kkal j\u00e1tszik?<\/strong><\/h2>\n\n\n\n<ul><li>N\u00e9zz\u00fck meg a videoj\u00e1t\u00e9k <a href=\"https:\/\/yelon.hu\/szuloknek\/kozossegi-media-hasznalata-korhatar\/\" target=\"_blank\" rel=\"noreferrer noopener\">\u00e9letkor-besorol\u00e1s\u00e1t<\/a>.<\/li><li>N\u00e9h\u00e1ny j\u00e1t\u00e9k lehet\u0151v\u00e9 teszi, hogy a j\u00e1t\u00e9kosok extra funkci\u00f3kat vagy fegyvereket v\u00e1s\u00e1roljanak, amely a gyerekek \u00e9s a sz\u00fcl\u0151k p\u00e9nz\u00e9nek \u00e9s j\u00f6vedelm\u00e9nek kiakn\u00e1z\u00e1s\u00e1t c\u00e9lozza meg. A gyerekeknek fel kell ismerni\u00fck, hogy a csal\u00e1dnak anyagi neh\u00e9zs\u00e9geket okozhat, ha nincsenek tiszt\u00e1ban azzal, hogy ezek a j\u00e1t\u00e9kok mibe ker\u00fclnek a sz\u00fcleiknek.<\/li><li>Vezessen be a csal\u00e1d id\u0151- \u00e9s anyagi korl\u00e1tokat.<\/li><li>Mutassuk meg a gyerek\u00fcnknek, hogy hogyan \u0151rizhetik meg biztons\u00e1gukat az online j\u00e1t\u00e9k sor\u00e1n, annak \u00e9rdek\u00e9ben, hogy <a href=\"https:\/\/yelon.hu\/szuloknek\/8-fontos-digitalis-keszseg-a-gyerekeknek\/\" target=\"_blank\" rel=\"noreferrer noopener\">elker\u00fclhesse az internetes zaklat\u00e1sokat, illetve vissza\u00e9l\u00e9seket<\/a>. N\u00e9zz\u00fck meg egy\u00fctt az online biztons\u00e1gi \u00fatmutat\u00f3t, hogy gyerek\u00fcnk meg\u00e9rtse a vesz\u00e9lyeket.<\/li><li>Ha agg\u00e1lyok mer\u00fclnek fel azzal kapcsolatban, hogy egy n\u00e9vtelen szem\u00e9ly hogyan kommunik\u00e1l a gyerek\u00fcnkkel online, jelent\u00e9st tehet\u00fcnk a <a href=\"https:\/\/nmhh.hu\/tart\/report\/28\/Internet_Tartalom\" target=\"_blank\" rel=\"noreferrer noopener\">Nemzeti M\u00e9dia- \u00e9s H\u00edrk\u00f6zl\u00e9si Hat\u00f3s\u00e1g fel\u00e9<\/a>, \u0151k fognak tudni seg\u00edts\u00e9get ny\u00fajtani.<\/li><\/ul>\n\n\n\n<h2><strong>Mikor van ok aggodalomra?<\/strong><\/h2>\n\n\n\n<p>Ha az al\u00e1bbi negat\u00edv jelek figyelhet\u0151k meg a gyereken a videoj\u00e1t\u00e9kok hat\u00e1s\u00e1ra:<\/p>\n\n\n\n<ul><li>Mindig f\u00e1radt, nincs kedve iskol\u00e1ba menni, nem tud koncentr\u00e1lni, vagy romlik a tanulm\u00e1nyi eredm\u00e9nye.<\/li><li>Ha a videoj\u00e1t\u00e9k fontosabb\u00e1 v\u00e1lik sz\u00e1m\u00e1ra, mint az alv\u00e1s, az ev\u00e9s vagy a tiszt\u00e1lkod\u00e1s.<\/li><li>Ha csak virtu\u00e1lis bar\u00e1tai vannak.<\/li><li>Ha elvesz\u00edti \u00e9rdekl\u0151d\u00e9s\u00e9t olyan dolgok ir\u00e1nt, amik kor\u00e1bban \u00e9rdekelt\u00e9k.<\/li><li>Ha kiz\u00e1r\u00f3lag csak a videoj\u00e1t\u00e9kokr\u00f3l tud besz\u00e9lni, \u00e9s semmi m\u00e1sr\u00f3l.<\/li><\/ul>\n\n\n\n<p>Ha agg\u00f3dunk amiatt, hogy a gyerek\u00fcnk videoj\u00e1t\u00e9kkal j\u00e1tszik, pr\u00f3b\u00e1ljunk arr\u00f3l besz\u00e9lgetni vele, hogy milyen \u00e9rz\u00e9s, mik\u00f6zben j\u00e1tszik, der\u00edts\u00fck ki, mi zajlik benne. <a href=\"https:\/\/yelon.hu\/szuloknek\/mikor-segithet-a-gyermekpszichologus\/\" target=\"_blank\" rel=\"noreferrer noopener\">Forduljunk szakemberhez<\/a>, ha a gyerek nehezen hagyja abba a j\u00e1t\u00e9kot, ha ez szorong\u00e1ssal j\u00e1r, vagy ha <a href=\"https:\/\/yelon.hu\/szuloknek\/hogyan-beszeljunk-a-gyerekunkkel-a-drogokrol\/\" target=\"_blank\" rel=\"noreferrer noopener\">drogokhoz<\/a> ny\u00fal a j\u00e1t\u00e9kid\u0151 meghosszabb\u00edt\u00e1sa c\u00e9lj\u00e1b\u00f3l (pl. hogy tov\u00e1bb b\u00edrjon \u00e9bren maradni vagy koncentr\u00e1lni).<\/p>\n\n\n\n<h2><strong>Hol k\u00e9rj\u00fcnk szakmai tan\u00e1csot?<\/strong><\/h2>\n\n\n\n<ul><li>\u00c9rzelmi t\u00e1mogat\u00f3 szolg\u00e1ltat\u00e1sok: ha a gyerek sz\u00edvesebben besz\u00e9lget egy csal\u00e1don k\u00edv\u00fcli szem\u00e9llyel, kapcsolatba l\u00e9phet\u00fcnk <a href=\"https:\/\/yelon.hu\/szuloknek\/segitseg-ha-bajban-van-egy-gyerek\/\" target=\"_blank\" rel=\"noreferrer noopener\">szolg\u00e1ltat\u00f3kkal<\/a> ak\u00e1r webchaten, e-mailen vagy telefonon kereszt\u00fcl.<\/li><li>Kapcsolatfelv\u00e9tel a gyerek oktat\u00e1si int\u00e9zm\u00e9ny\u00e9vel: kommunik\u00e1ljunk az iskol\u00e1val a t\u00f6rt\u00e9ntekr\u0151l, \u00e9s ellen\u0151rizz\u00fck, hogy az iskol\u00e1nak van-e valamilyen tan\u00e1csa erre az esetre a sz\u00fcl\u0151knek vagy a di\u00e1koknak a videoj\u00e1t\u00e9kokkal kapcsolatban.<\/li><li>Tan\u00e1csad\u00e1s \u00e9s ter\u00e1pia: ha a gyereknek \u00e9rzelmi t\u00e1mogat\u00e1sra van sz\u00fcks\u00e9ge, tan\u00e1csad\u00f3t vagy terapeut\u00e1t vehet\u00fcnk ig\u00e9nybe. A j\u00e1t\u00e9kkal kapcsolatos magatart\u00e1s befoly\u00e1solhatja a ment\u00e1lis eg\u00e9szs\u00e9get, \u00e9s l\u00e9teznek a r\u00e1szorul\u00f3k sz\u00e1m\u00e1ra el\u00e9rhet\u0151 kezel\u00e9si programok.<\/li><\/ul>\n\n\n\n<p><em>A <\/em><a rel=\"noreferrer noopener\" href=\"https:\/\/childhub.org\/en\/child-protection-multimedia-resources\/united-kingdom-supporting-your-child-gaming-website-link\" target=\"_blank\"><em>Child Protection Hub cikk\u00e9nek<\/em><\/a><em> ford\u00edt\u00e1sa<\/em><\/p>\n\n\n\n<p><em>Kiemelt k\u00e9p <a href=\"https:\/\/unsplash.com\/photos\/bUgaIaZysH0\" target=\"_blank\" rel=\"noreferrer noopener\">innen<\/a>.<\/em><\/p>\n","protected":false},"excerpt":{"rendered":"<p>Hogyan garant\u00e1lhatjuk gyerek\u00fcnk biztons\u00e1g\u00e1t, ha videoj\u00e1t\u00e9kkal j\u00e1tszik? Mikor van ok aggodalomra? Tudj meg mindent a videoj\u00e1t\u00e9kr\u00f3l, \u00e9s a gamerekr\u0151l!<\/p>\n","protected":false},"author":9,"featured_media":5296,"comment_status":"closed","ping_status":"closed","sticky":false,"template":"","format":"standard","meta":[],"categories":[11,8],"tags":[1228,123,1972,1974,1970,1977,1980,1979,685,1976,1971,1973,1978,253,1969,1975],"yoast_head":"<!-- This site is optimized with the Yoast SEO plugin v15.1 - https:\/\/yoast.com\/wordpress\/plugins\/seo\/ -->\n<title>Amit tiltani nem lehet, de nem is \u00e9rdemes: a videoj\u00e1t\u00e9k - Yelon<\/title>\n<meta name=\"description\" content=\"Tilt\u00e1s helyett a p\u00e1rbesz\u00e9d, f\u00e9lt\u00e9s helyett ink\u00e1bb k\u00f6z\u00f6s megold\u00e1sok keres\u00e9se: \u00edgy \u00e9rdemes besz\u00e9lni a gyerekkel a videoj\u00e1t\u00e9kokr\u00f3l.\" \/>\n<meta name=\"robots\" content=\"index, follow, max-snippet:-1, max-image-preview:large, max-video-preview:-1\" \/>\n<link rel=\"canonical\" href=\"https:\/\/yelon.hu\/szuloknek\/videojatekozo-gyerekek\/\" \/>\n<meta property=\"og:locale\" content=\"hu_HU\" \/>\n<meta property=\"og:type\" content=\"article\" \/>\n<meta property=\"og:title\" content=\"Amit tiltani nem lehet, de nem is \u00e9rdemes: a videoj\u00e1t\u00e9k - Yelon\" \/>\n<meta property=\"og:description\" content=\"Tilt\u00e1s helyett a p\u00e1rbesz\u00e9d, f\u00e9lt\u00e9s helyett ink\u00e1bb k\u00f6z\u00f6s megold\u00e1sok keres\u00e9se: \u00edgy \u00e9rdemes besz\u00e9lni a gyerekkel a videoj\u00e1t\u00e9kokr\u00f3l.\" \/>\n<meta property=\"og:url\" content=\"https:\/\/yelon.hu\/szuloknek\/videojatekozo-gyerekek\/\" \/>\n<meta property=\"og:site_name\" content=\"Yelon\" \/>\n<meta property=\"article:published_time\" content=\"2020-11-05T19:45:33+00:00\" \/>\n<meta property=\"article:modified_time\" content=\"2020-12-30T08:52:40+00:00\" \/>\n<meta property=\"og:image\" content=\"https:\/\/yelon.hu\/szuloknek\/wp-content\/uploads\/2020\/11\/videojatek-gyerekek.jpg\" \/>\n\t<meta property=\"og:image:width\" content=\"1920\" \/>\n\t<meta property=\"og:image:height\" content=\"1280\" \/>\n<meta name=\"twitter:card\" content=\"summary_large_image\" \/>\n<script type=\"application\/ld+json\" class=\"yoast-schema-graph\">{\"@context\":\"https:\/\/schema.org\",\"@graph\":[{\"@type\":\"WebSite\",\"@id\":\"https:\/\/yelon.hu\/szuloknek\/#website\",\"url\":\"https:\/\/yelon.hu\/szuloknek\/\",\"name\":\"Yelon\",\"description\":\"Kamaszoknak \\u00e9s sz\\u00fcl\\u0151knek sz\\u00f3l\\u00f3 online magazin\",\"potentialAction\":[{\"@type\":\"SearchAction\",\"target\":\"https:\/\/yelon.hu\/szuloknek\/?s={search_term_string}\",\"query-input\":\"required name=search_term_string\"}],\"inLanguage\":\"hu\"},{\"@type\":\"ImageObject\",\"@id\":\"https:\/\/yelon.hu\/szuloknek\/videojatekozo-gyerekek\/#primaryimage\",\"inLanguage\":\"hu\",\"url\":\"https:\/\/yelon.hu\/szuloknek\/wp-content\/uploads\/2020\/11\/videojatek-gyerekek.jpg\",\"width\":1920,\"height\":1280,\"caption\":\"videoj\\u00e1t\\u00e9koz\\u00f3 gyerekek\"},{\"@type\":\"WebPage\",\"@id\":\"https:\/\/yelon.hu\/szuloknek\/videojatekozo-gyerekek\/#webpage\",\"url\":\"https:\/\/yelon.hu\/szuloknek\/videojatekozo-gyerekek\/\",\"name\":\"Amit tiltani nem lehet, de nem is \\u00e9rdemes: a videoj\\u00e1t\\u00e9k - Yelon\",\"isPartOf\":{\"@id\":\"https:\/\/yelon.hu\/szuloknek\/#website\"},\"primaryImageOfPage\":{\"@id\":\"https:\/\/yelon.hu\/szuloknek\/videojatekozo-gyerekek\/#primaryimage\"},\"datePublished\":\"2020-11-05T19:45:33+00:00\",\"dateModified\":\"2020-12-30T08:52:40+00:00\",\"author\":{\"@id\":\"https:\/\/yelon.hu\/szuloknek\/#\/schema\/person\/c9fa38f81f80ff5bbd245a64fddaee93\"},\"description\":\"Tilt\\u00e1s helyett a p\\u00e1rbesz\\u00e9d, f\\u00e9lt\\u00e9s helyett ink\\u00e1bb k\\u00f6z\\u00f6s megold\\u00e1sok keres\\u00e9se: \\u00edgy \\u00e9rdemes besz\\u00e9lni a gyerekkel a videoj\\u00e1t\\u00e9kokr\\u00f3l.\",\"inLanguage\":\"hu\",\"potentialAction\":[{\"@type\":\"ReadAction\",\"target\":[\"https:\/\/yelon.hu\/szuloknek\/videojatekozo-gyerekek\/\"]}]},{\"@type\":\"Person\",\"@id\":\"https:\/\/yelon.hu\/szuloknek\/#\/schema\/person\/c9fa38f81f80ff5bbd245a64fddaee93\",\"name\":\"B. Zsofi\",\"image\":{\"@type\":\"ImageObject\",\"@id\":\"https:\/\/yelon.hu\/szuloknek\/#personlogo\",\"inLanguage\":\"hu\",\"url\":\"https:\/\/secure.gravatar.com\/avatar\/0936caaf13a2f9714ad4b7bd07dd9bca?s=96&d=mm&r=g\",\"caption\":\"B. Zsofi\"}}]}<\/script>\n<!-- \/ Yoast SEO plugin. -->","_links":{"self":[{"href":"https:\/\/yelon.hu\/szuloknek\/wp-json\/wp\/v2\/posts\/5287"}],"collection":[{"href":"https:\/\/yelon.hu\/szuloknek\/wp-json\/wp\/v2\/posts"}],"about":[{"href":"https:\/\/yelon.hu\/szuloknek\/wp-json\/wp\/v2\/types\/post"}],"author":[{"embeddable":true,"href":"https:\/\/yelon.hu\/szuloknek\/wp-json\/wp\/v2\/users\/9"}],"replies":[{"embeddable":true,"href":"https:\/\/yelon.hu\/szuloknek\/wp-json\/wp\/v2\/comments?post=5287"}],"version-history":[{"count":8,"href":"https:\/\/yelon.hu\/szuloknek\/wp-json\/wp\/v2\/posts\/5287\/revisions"}],"predecessor-version":[{"id":5297,"href":"https:\/\/yelon.hu\/szuloknek\/wp-json\/wp\/v2\/posts\/5287\/revisions\/5297"}],"wp:featuredmedia":[{"embeddable":true,"href":"https:\/\/yelon.hu\/szuloknek\/wp-json\/wp\/v2\/media\/5296"}],"wp:attachment":[{"href":"https:\/\/yelon.hu\/szuloknek\/wp-json\/wp\/v2\/media?parent=5287"}],"wp:term":[{"taxonomy":"category","embeddable":true,"href":"https:\/\/yelon.hu\/szuloknek\/wp-json\/wp\/v2\/categories?post=5287"},{"taxonomy":"post_tag","embeddable":true,"href":"https:\/\/yelon.hu\/szuloknek\/wp-json\/wp\/v2\/tags?post=5287"}],"curies":[{"name":"wp","href":"https:\/\/api.w.org\/{rel}","templated":true}]}}