{"id":5312,"date":"2020-11-16T11:18:45","date_gmt":"2020-11-16T10:18:45","guid":{"rendered":"https:\/\/yelon.hu\/szuloknek\/?p=5312"},"modified":"2020-11-20T12:36:55","modified_gmt":"2020-11-20T11:36:55","slug":"iskolai-bantalmazas-megelozes","status":"publish","type":"post","link":"https:\/\/yelon.hu\/szuloknek\/iskolai-bantalmazas-megelozes\/","title":{"rendered":"Mi\u00e9rt b\u00e1ntj\u00e1k egym\u00e1st a gyerekek a pszichol\u00f3gusok szerint?"},"content":{"rendered":"\n<p>Az \u00f6sszez\u00e1rts\u00e1g a gyerekekre (sem) volt j\u00f3 hat\u00e1ssal \u2013 \u00e1ll\u00edtj\u00e1k gyerekjogi szakemberek. Ezen a helyzeten tov\u00e1bb ront, hogy egy megt\u00e9p\u00e1zott oktat\u00e1si rendszerben kezd\u0151d\u00f6tt a tan\u00e9v t\u00f6bb ezer gyerek sz\u00e1m\u00e1ra. A <a href=\"https:\/\/hintalovon.hu\/\" target=\"_blank\" rel=\"noreferrer noopener\">Hintalovon Gyermekjogi Alap\u00edtv\u00e1ny<\/a> iskolai b\u00e1ntalmaz\u00e1ssal foglalkoz\u00f3 programj\u00e1nak szakmai vezet\u0151inek, St\u00e1hly Kat\u00e1nak \u00e9s Vaskuti Gergelynek a seg\u00edts\u00e9g\u00e9vel hasznos \u00fatmutat\u00f3t \u00e1ll\u00edtottunk \u00f6ssze sz\u00fcl\u0151knek. A <a href=\"https:\/\/wmn.hu\/wmn-suli\/53615-ha-egy-gyerek-bantalmazova-valik-annak-mindig-oka-van--hasznos-tanacsok-pszichologusoktol-az-iskolai-bantalmazas-ellen?fbclid=IwAR0znBCkXm8BSZeaTAb6892zsVMFwm8fEekhHV2m9-_5cQatQNhwm3xVQdA\" target=\"_blank\" rel=\"noreferrer noopener\">WMN.hu-n<\/a> cikke (r\u00e9szlet).<\/p>\n\n\n\n<!--more-->\n\n\n\n<h2><strong>Mennyire felk\u00e9sz\u00fcltek ma a feln\u0151ttek, az oktat\u00e1si rendszer?<\/strong><\/h2>\n\n\n\n<p>A <a href=\"https:\/\/yelon.hu\/szuloknek\/ugratas-vs-zaklatas-bullying\/\" target=\"_blank\" rel=\"noreferrer noopener\">zaklat\u00e1st<\/a> ma is nehezen ismerj\u00fck fel, a ny\u00edlt form\u00e1ja ellen pedig sem gyerekk\u00e9nt, sem feln\u0151ttk\u00e9nt nem tudjuk, hogyan \u00e9rdemes hat\u00e9konyan fell\u00e9pni \u2013 der\u00fcl ki a NEMECSEK Program \u00e1ltal id\u00e9zett statisztik\u00e1kb\u00f3l. Ma a fels\u0151 tagozatos gyerekek 15 sz\u00e1zal\u00e9k\u00e1t hetente legal\u00e1bb egyszer zaklatj\u00e1k kort\u00e1rsai, 48 sz\u00e1zal\u00e9kuk ker\u00fclt m\u00e1r \u00e1ldozat szerep\u00e9be. Csak a fennmarad\u00f3 37 sz\u00e1zal\u00e9k \u00e1ll\u00edtja, hogy \u0151t m\u00e9g sosem zaklatt\u00e1k.<\/p>\n\n\n\n<p>M\u00e9g balj\u00f3sabb k\u00e9pet fest haz\u00e1nkr\u00f3l az az eredm\u00e9ny, hogy a di\u00e1kok \u00fagy \u00e9rzik, rendszeresen magukra maradnak ezzel a probl\u00e9m\u00e1val. A megk\u00e9rdezett tan\u00e1rok szerint az esetek 71 sz\u00e1zal\u00e9k\u00e1ban beavatkoznak, m\u00edg a gyerekek szerint 75 sz\u00e1zal\u00e9kban nem.<\/p>\n\n\n\n<p>A kutat\u00e1sb\u00f3l az is kider\u00fcl, hogy a b\u00e1ntalmaz\u00f3esetek t\u00falnyom\u00f3 t\u00f6bbs\u00e9g\u00e9ben jelen vannak a kort\u00e1rsak, akik nem mernek beavatkozni. Tehetetlennek \u00e9rzik magukat, \u00e9s nem tudj\u00e1k, hogy milyen eszk\u00f6z\u00f6kkel f\u00e9kezhetn\u00e9k meg a b\u00e1ntalmaz\u00f3t, illetve att\u00f3l f\u00e9lnek, hogy akkor \u0151k ker\u00fclnek majd \u00e1ldozat szerepbe.<\/p>\n\n\n\n<h2><strong>A m\u00e9dia stigmatiz\u00e1l, a jogalkot\u00e1s szigor\u00edt<\/strong><\/h2>\n\n\n\n<p>\u201eMagyarorsz\u00e1gon rettent\u0151en rossz diskurzus alakult ki a gyerekekr\u0151l, mintha a mai gyerekek egyre rosszabbak lenn\u00e9nek, ennek nyomai tetten \u00e9rhet\u0151k a m\u00e9di\u00e1ban, a jogalkot\u00e1sban is. A m\u00e9di\u00e1ban nagy port kavar\u00f3 sz\u00e9ls\u0151s\u00e9ges esetek tematiz\u00e1lj\u00e1k az iskolai er\u0151szakr\u00f3l sz\u00f3l\u00f3 diskurzust. Nemcsak az iskola falain bel\u00fcl kell kezelni a b\u00e1ntalmaz\u00e1st, ezen a rossz diskurzuson is v\u00e1ltoztatnunk kell \u2013 javasolja Vaskuti Gergely pszichol\u00f3gus. \u2013 A k\u00f6zgondolkod\u00e1s a jogalkot\u00e1son is \u00e9rz\u0151dik, nem olyan r\u00e9g a b\u00fcntethet\u0151s\u00e9gi korhat\u00e1rt 14 \u00e9ves korr\u00f3l 12 \u00e9ves korra vitt\u00e9k le. Ez azt jelenti, hogy m\u00e1r 12 \u00e9ves kort\u00f3l bizonyos b\u0171ncselekm\u00e9nyek eset\u00e9n (p\u00e9ld\u00e1ul testi s\u00e9rt\u00e9s, rabl\u00e1s) jav\u00edt\u00f3int\u00e9zetbe lehet k\u00fcldeni a gyereket.\u201d<\/p>\n\n\n\n<p>\u201eId\u00e9n ny\u00e1ron pedig elfogadt\u00e1k azt a t\u00f6rv\u00e9nyjavaslatot, hogy <a href=\"https:\/\/yelon.hu\/szuloknek\/az-iskolaorseg-nem-tudja-megelozni-az-eroszakot\/\" target=\"_blank\" rel=\"noreferrer noopener\">iskola\u0151rs\u00e9get<\/a> vezetnek be azokban az int\u00e9zm\u00e9nyekben, amelyek k\u00e9rik \u2013 t\u00f6bb esetben ezek azok az int\u00e9zm\u00e9nyek, amelyekben volt m\u00e1r kor\u00e1bban rend\u0151rs\u00e9gi \u00fcgy. Az iskola\u0151r az ORFK B\u0171n\u00fcgyi F\u0151oszt\u00e1ly\u00e1nak ir\u00e1ny\u00edt\u00e1sa al\u00e1 tartozik, \u00e9s \u00bbk\u00e9nyszer\u00edt\u0151 eszk\u00f6z\u00f6kkel\u00ab megy be mindennap az iskol\u00e1ba. Ezeknek a jogalkot\u00e1soknak pedig van egy olyan olvasatuk, mintha a gyerekek egyre vesz\u00e9lyesebbekk\u00e9 v\u00e1ln\u00e1nak, hogy musz\u00e1j lesz\u00e1ll\u00edtani a korhat\u00e1rt, <a href=\"https:\/\/yelon.hu\/szuloknek\/az-iskolarendorseg\/\" target=\"_blank\" rel=\"noreferrer noopener\">iskolarend\u0151rre van sz\u00fcks\u00e9g<\/a>, \u00bbhiszen egyre t\u00f6bb gyerek k\u00f6vethet el b\u0171ncselekm\u00e9nyt\u00ab, \u00bbegyre kezelhetetlenebbek a gyerekek\u00ab. Ez val\u00f3j\u00e1ban nincs \u00edgy\u201d \u2013 hangs\u00falyozza Vaskuti Gergely.<\/p>\n\n\n\n<h2><strong>Amit sz\u00fcl\u0151k\u00e9nt els\u0151sorban tehet\u00fcnk\u2026<\/strong><\/h2>\n\n\n\n<p>Kezdetnek p\u00e9ld\u00e1ul fontos sokat besz\u00e9lgetni gyerekeinkkel, \u00e9rt\u0151 figyelemmel hallgatni \u0151ket \u00e9s id\u0151nk\u00e9nt \u00f6nvizsg\u00e1latot tartani. A szakemberek szerint l\u00e9nyeges az is, hogy ezen fel\u00fcl pr\u00f3b\u00e1ljunk meg \u00e9l\u0151 kapcsolatot ki\u00e9p\u00edteni az iskol\u00e1val, amibe belef\u00e9r ak\u00e1r az is, hogy a gyerek\u00fcnkr\u0151l \u00e9rdekl\u0151dhess\u00fcnk az oszt\u00e1lyf\u0151n\u00f6kn\u00e9l, mi t\u00f6rt\u00e9nt vele az iskol\u00e1ban, ha hirtelen v\u00e1ltoz\u00e1st tapasztalunk a viselked\u00e9s\u00e9ben.<\/p>\n\n\n\n<p>\u201eSzint\u00fagy fontos otthon \u00e1tbesz\u00e9lni olyan k\u00e9rd\u00e9seket is ak\u00e1r, hogyan tegy\u00fcnk k\u00fcl\u00f6nbs\u00e9get a mindennapi konfliktus \u00e9s a <a href=\"https:\/\/yelon.hu\/szuloknek\/gyerekkori-emlekek\/\" target=\"_blank\" rel=\"noreferrer noopener\">b\u00e1ntalmaz\u00e1s<\/a> k\u00f6z\u00f6tt. M\u00edg a konfliktusokat az alkalom sz\u00fcli, addig a b\u00e1ntalmaz\u00e1s rendszeresen ism\u00e9tl\u0151dik. Egy veszeked\u00e9s a pillanat hev\u00e9ben bontakozik ki, nem el\u0151re megtervezett, a vitatkoz\u00f3 felek k\u00f6z\u00f6tt az er\u0151egyens\u00faly hasonl\u00f3. B\u00e1ntalmaz\u00e1sr\u00f3l akkor besz\u00e9l\u00fcnk, ha az sz\u00e1nd\u00e9kos, rendszeres, a b\u00e1ntalmaz\u00f3 igyekszik hatalmat gyakorolni az \u00e1ldozat felett, a kialakult helyzet\u00e9rt \u00e1ltal\u00e1ban \u0151t hib\u00e1ztatja\u201d \u2013 mondja St\u00e1hly Kata iskolapszichol\u00f3gus.<\/p>\n\n\n\n<p>A szakemberek h\u00e1rom f\u0151 csoportba sorolj\u00e1k az iskolai er\u0151szakot:<\/p>\n\n\n\n<ul><li><em>k\u00f6z\u00f6ss\u00e9gi \u00e9s verb\u00e1lis er\u0151szak:&nbsp;<\/em>idetartozik a kirekeszt\u00e9s, a m\u00e1sik lej\u00e1rat\u00e1sa, pletyk\u00e1l\u00e1s, hazugs\u00e1g terjeszt\u00e9se, megal\u00e1z\u00e1s a k\u00f6z\u00f6ss\u00e9g el\u0151tt;<\/li><li><em>fizikai er\u0151szak:<\/em>&nbsp;ezen a gyerekek holmij\u00e1nak, zsebp\u00e9nz\u00e9nek az ellop\u00e1s\u00e1t, a piszk\u00e1l\u00e1st, l\u00f6kd\u00f6s\u00e9st, megver\u00e9st, meg\u00fct\u00e9st \u00e9rtj\u00fck; v\u00e9g\u00fcl<\/li><li><em>virtu\u00e1lis er\u0151szak:<\/em>&nbsp;vide\u00f3megoszt\u00e1s vagy a hamis \u00fczenet k\u00fcld\u00e9se a m\u00e1siknak.<\/li><\/ul>\n\n\n\n<h2><strong>A b\u00e1ntalmaz\u00e1s jeleinek felismer\u00e9se<\/strong><\/h2>\n\n\n\n<p>A&nbsp;<a href=\"https:\/\/yelon.hu\/szuloknek\/mikor-segithet-a-gyermekpszichologus\/\" target=\"_blank\" rel=\"noreferrer noopener\">pszichol\u00f3gus<\/a> szerint eg\u00e9szen apr\u00f3 dolgok is elind\u00edthatnak pozit\u00edv v\u00e1ltoz\u00e1sokat, p\u00e9ld\u00e1ul ahelyett, hogy azt k\u00e9rdezn\u00e9nk, hogy&nbsp;\u201emi volt ma a suliban?\u201d,&nbsp;<a href=\"https:\/\/yelon.hu\/szuloknek\/mi-volt-ma-a-suliban-helyett-ezeket-kerdezd\/\" target=\"_blank\" rel=\"noreferrer noopener\">k\u00e9rdezz\u00fcnk kicsit konkr\u00e9tabban<\/a> \u2013 javasolja St\u00e1hly Kata a k\u00f6vetkez\u0151 szerencs\u00e9s p\u00e9ld\u00e1kat eml\u00edtve:&nbsp;\u201eMi volt ma a legjobb az iskol\u00e1ban?\u201d \u201eMi volt a legrosszabb, a legelgondolkodtat\u00f3bb, mi okozott ma fesz\u00fclts\u00e9get a suliban?\u201d \u201eMikor \u00e9s kivel nevett\u00e9l, ma a legjobbat?\u201d Ha tudjuk az \u00f3rarendj\u00e9t vagy az el\u0151z\u0151 nap esem\u00e9nyeit, akkor k\u00e9rdezz\u00fcnk r\u00e1 konkr\u00e9tumokra: \u201eMa is Peti mellett \u00fclt\u00e9l spanyol\u00f3r\u00e1n, mint kedden?\u201d&nbsp;\u201eHogy tetszett a tan\u00e1rnak, amit a napk\u00f6ziben rajzolt\u00e1l?\u201d \u201eA port\u00e1s b\u00e1csi megint olyan viccesen k\u00f6sz\u00f6nt nektek?\u201d<\/p>\n\n\n\n<p>\u201eA b\u00e1ntalmaz\u00e1snak nem csak a testi t\u00fcnetei lehetnek felt\u0171n\u0151k. A viselked\u00e9s hirtelen v\u00e1ltoz\u00e1saira is oda kell figyelni, p\u00e9ld\u00e1ul ha egyik napr\u00f3l a m\u00e1sikra romlik a tanulm\u00e1nyi eredm\u00e9ny, ha fogy a gyerek, esetleg elkezdi takargatni a test\u00e9t, kapucnit h\u00faz a fej\u00e9re. Ezek mellett az \u00e9tv\u00e1gytalans\u00e1g, alv\u00e1si zavarok is figyelmeztet\u0151 jelek lehetnek. Minden b\u00e1ntalmaz\u00e1s t\u00f6rt\u00e9nete egyedi, ehhez m\u00e9rten egyedi m\u00f3don kell kezelni. Ha tudja a sz\u00fcl\u0151, hogy kikkel bar\u00e1tkozik, milyen t\u00e1rsas kapcsolatai vannak a gyerek\u00e9nek, a kik\u00f6z\u00f6s\u00edt\u00e9s jeleit is k\u00f6nnyebb lehet tetten \u00e9rni\u201d \u2013 mondja St\u00e1hly Kata.<\/p>\n\n\n\n<h2><strong>A b\u00e1ntalmaz\u00f3nak is sz\u00fcks\u00e9ge van seg\u00edts\u00e9gre<\/strong><\/h2>\n\n\n\n<p>\u201eNem kell r\u00f6gt\u00f6n nagyon durva csal\u00e1di h\u00e1tt\u00e9rre gondolni, ha <a href=\"https:\/\/yelon.hu\/szuloknek\/gyerekek-a-bantalmazo-szerepeben\/\" target=\"_blank\" rel=\"noreferrer noopener\">egy gyerek b\u00e1ntalmaz\u00f3<\/a> lesz \u2013 hangs\u00falyozz\u00e1k a szakemberek. \u2013 Okozhat fesz\u00fclts\u00e9get ak\u00e1r a sz\u00fcl\u0151k v\u00e1l\u00e1sa vagy csak az, hogy hossz\u00fa csendsz\u00fcnet van \u00e9pp k\u00f6zt\u00fck, \u00e9s m\u00e9g ezer m\u00e1s dolog. Fel kell t\u00e9rk\u00e9pezni a t\u00f6rt\u00e9net mozgat\u00f3rug\u00f3it.<\/p>\n\n\n\n<p>Nagyon fontos dolog, amit sz\u00fcl\u0151k\u00e9nt sokszor elfelejt\u00fcnk: engedj\u00fck meg magunknak, hogy hib\u00e1zzunk. Ugyanez a szab\u00e1ly \u00e9rv\u00e9nyes a gyerekeinkre is. Addig, am\u00edg az emberek interakci\u00f3ban vannak, lesz <a href=\"https:\/\/yelon.hu\/szuloknek\/bantalmazo-kapcsolat\/\" target=\"_blank\" rel=\"noreferrer noopener\">b\u00e1ntalmaz\u00e1s<\/a>, lesz konfliktus. Id\u0151r\u0151l id\u0151re meg lehet \u00e1llni, ki lehet jav\u00edtani a hib\u00e1inkat. Egy iskolai b\u00e1ntalmaz\u00e1s sor\u00e1n pedig mindenkinek ugyanannyira sz\u00fcks\u00e9ge van seg\u00edts\u00e9gre, nyomat\u00e9kos\u00edtj\u00e1k a szakemberek: k\u00f6zt\u00fck <a href=\"https:\/\/yelon.hu\/szuloknek\/bullying-a-szemtanu-fajdalma\/\" target=\"_blank\" rel=\"noreferrer noopener\">a b\u00e1ntalmaz\u00f3nak is<\/a>.<\/p>\n\n\n\n<p>Hogy ha a gyerek\u00fcnk b\u00e1ntalmaz\u00f3szerepbe ker\u00fclt, akkor is er\u0151s\u00edts\u00fck meg \u0151t, \u00e9reztess\u00fck szavakkal, testbesz\u00e9ddel, hogy mellette \u00e1llunk, hogy milyen b\u00e1tor, hogy bevallotta \u00e9s felismerte, hogy rosszat tett, \u00e9s seg\u00edts\u00e9get k\u00e9rt p\u00e9ld\u00e1ul. Van olyan helyzet, amikor egy gyerek rendszeresen verekszik egy oszt\u00e1lyt\u00e1rs\u00e1val. Ezt nagyon neh\u00e9z a tan\u00e1roknak kezelni\u00fck. Ilyenkor \u00e9rdemes az oszt\u00e1lyf\u0151n\u00f6k\u00f6t \u00e9s az <a href=\"https:\/\/yelon.hu\/szuloknek\/kerdesek-es-valaszok-az-iskolapszichologusrol\/\" target=\"_blank\" rel=\"noreferrer noopener\">iskolapszichol\u00f3gust<\/a> is bevonni, aki nemcsak a gyerekkel, de a sz\u00fcl\u0151kkel is felveszi a kapcsolatot.\u201d<\/p>\n\n\n\n<h2><strong>Hogyha a gyerek\u00fcnk b\u00e1ntalmaz\u00e1s szemtan\u00faja<\/strong><\/h2>\n\n\n\n<p>\u201eA megfigyel\u0151knek hatalmas szerep\u00fck van abban, hogy a b\u00e1ntalmaz\u00e1s v\u00e9get \u00e9rjen. Ha seg\u00edts\u00e9g\u00e9rt fordul hozz\u00e1nk a gyerek, ne tegy\u00fck r\u00e1 a felel\u0151ss\u00e9get, hogy oldja meg egyed\u00fcl a konfliktust. A szemtan\u00fa maga is b\u00e1ntalmaz\u00f3- vagy \u00e1ldozatszerepbe ker\u00fclhet hirtelen, ha rosszkor \u00e9s rosszul avatkozik be\u201d \u2013 mondja St\u00e1hly Kata. Ha egyed\u00fcl ki\u00e1ll az \u00e1ldozat\u00e9rt, akkor k\u00f6nnyen ker\u00fclhet az \u00e1ldozati k\u00f6rbe. M\u00e1sfel\u0151l, ha egy\u00fctt nevet a b\u00e1ntalmaz\u00f3val, vagy ha nem csin\u00e1l semmit, a b\u00e1ntalmaz\u00f3t er\u0151s\u00edti.<\/p>\n\n\n\n<p>T\u00e1mogassuk \u0151t abban, hogy seg\u00edts\u00e9get k\u00e9rjen a tan\u00e1r\u00e1t\u00f3l, tan\u00edtsuk meg neki, hogy a seg\u00edts\u00e9gk\u00e9r\u00e9s nem \u00e1rulkod\u00e1s.<\/p>\n\n\n\n<h2><strong>T\u00e9nyleg: mi a k\u00fcl\u00f6nbs\u00e9g a seg\u00edts\u00e9gk\u00e9r\u00e9s \u00e9s az \u00e1rulkod\u00e1s k\u00f6z\u00f6tt?<\/strong><\/h2>\n\n\n\n<p>Ezt sokszor a sz\u00fcl\u0151k sem tudj\u00e1k, helyette olyan mondatokkal pr\u00f3b\u00e1lj\u00e1k oltani a t\u00fczet, hogy \u201eszedd \u00f6ssze magad\u201d, \u201ev\u00e9dd meg magad\u201d, \u201enem szeretn\u00e9m, ha a gyerek az oszt\u00e1ly spiclije lenne\u201d. Ezek helyett ink\u00e1bb tan\u00edtsuk meg neki, hogy a bar\u00e1ti becs\u00fclet az is, ha mer\u00fcnk <a href=\"https:\/\/yelon.hu\/szuloknek\/segitseg-ha-bajban-van-egy-gyerek\/\" target=\"_blank\" rel=\"noreferrer noopener\">seg\u00edts\u00e9get k\u00e9rni<\/a>, amikor minket vagy a bar\u00e1tunkat piszk\u00e1lj\u00e1k. Erre egyszerre t\u00f6bb p\u00e9ld\u00e1t is felhoz St\u00e1hly Kata.<\/p>\n\n\n\n<h3><strong>\u00c1rulkod\u00e1s<\/strong>:<\/h3>\n\n\n\n<ul><li>Ha senki nincs vesz\u00e9lyben, senki nem okoz s\u00e9r\u00fcl\u00e9st senkinek. P\u00e9ld\u00e1ul egy bar\u00e1tja nem ette meg a t\u00edz\u00f3raij\u00e1t, nem csin\u00e1lta meg a h\u00e1zi feladat\u00e1t.<\/li><li>Ha amir\u0151l mes\u00e9l, csak egyszer t\u00f6rt\u00e9nt meg. P\u00e9ld\u00e1ul az egyik gyerek nevetett rajta, amikor szaladt az udvaron, vagy eg\u00e9sz sz\u00fcnet alatt nem j\u00e1tszott vele.<\/li><\/ul>\n\n\n\n<h3><strong>Seg\u00edts\u00e9gk\u00e9r\u00e9s:<\/strong><\/h3>\n\n\n\n<ul><li>Jelezz\u00fck, hogy ism\u00e9tl\u0151dik a m\u00e1sikat s\u00e9rt\u0151 vagy csak a m\u00e1siknak rosszules\u0151 magatart\u00e1s. P\u00e9ld\u00e1ul: \u201ePanni mindig kih\u00fazza a sz\u00e9ket al\u00f3lam, amikor le akarok \u00fclni. \u00c1kos a h\u00e9ten n\u00e9gyszer is elvette Emma t\u00edz\u00f3raij\u00e1t.\u201d<\/li><li>Valakinek k\u00e1rt, f\u00e1jdalmat okoz a m\u00e1sik, p\u00e9ld\u00e1ul ha a sz\u00fcnetben \u00fagy dob\u00e1lj\u00e1k a labd\u00e1t a t\u00f6bbiek, hogy mindig eltal\u00e1lj\u00e1k az egyik gyerek fej\u00e9t.<\/li><li>B\u00e1nt\u00f3an, fenyeget\u0151en viselkedik valaki az oszt\u00e1lyb\u00f3l, p\u00e9ld\u00e1ul \u201ea fels\u0151s\u00f6k mindig elfoglalj\u00e1k a focip\u00e1ly\u00e1t, mi sosem j\u00e1tszhatunk\u201d.<\/li><\/ul>\n\n\n\n<p>\u201eHa a gyerek \u00e9rzi a rossz sz\u00e1nd\u00e9kot a m\u00e1sik tettei m\u00f6g\u00f6tt, akkor b\u00e1tor\u00edtsuk \u0151t, hogy seg\u00edts\u00e9get k\u00e9rjen a tan\u00e1rt\u00f3l\u201d \u2013 hangs\u00falyozza St\u00e1hly Kata.<\/p>\n\n\n\n<h2><strong>\u201eA gyerek felnevel\u00e9s\u00e9hez kell egy eg\u00e9sz falu\u201d<\/strong><\/h2>\n\n\n\n<p>V\u00e9gezet\u00fcl b\u00e1ntalmaz\u00e1s eset\u00e9n fontos nyomon k\u00f6vetni az oszt\u00e1ly hangulat\u00e1t. \u201eP\u00e9ld\u00e1ul arr\u00f3l besz\u00e9lgetni, hogy mit tettek a szemtan\u00fak a b\u00e1ntalmaz\u00e1s megfigyel\u0151jek\u00e9nt, hogy ez a helyzet ne legyen. Hogy \u00e9rzi most mag\u00e1t az, aki b\u00e1ntalmaz\u00f3 volt? Rettent\u0151en sokat seg\u00edt, hogy ne alakuljon ki egy \u00fajabb konfliktus \u2013 mondja Vaskuti Gergely. \u2013 Fontos besz\u00e9lni ezekr\u0151l a t\u00e9m\u00e1kr\u00f3l, ugyanakkor irt\u00f3 rosszul \u00e9rezheti mag\u00e1t az, akit b\u00e1ntottak, ha az a t\u00e9ma, hogy ez neki milyen \u00e9rz\u00e9s lehetett. Nagyon fontos a b\u00e1ntalmaz\u00e1s kezel\u00e9s\u00e9ben, hogy az mindenkinek komfortos legyen.\u201d<\/p>\n\n\n\n<p>\u201eAhhoz, hogy ez a falu j\u00f3l m\u0171k\u00f6dj\u00f6n, fontos, hogy a benne \u00e9l\u0151k kapcsolatban legyenek egym\u00e1ssal. Ezek a besz\u00e9lget\u00e9sek pedig ne csak egyszeri besz\u00e9lget\u00e9sek legyenek. A sz\u00fcl\u0151 seg\u00edts\u00e9g\u00e9re lehet az iskolapszichol\u00f3gus, a nevel\u00e9si tan\u00e1csad\u00f3, a pedag\u00f3giai szakszolg\u00e1lat, de els\u0151sorban az a legfontosabb, hogy az oszt\u00e1lyf\u0151n\u00f6kkel \u00e9s a tan\u00e1rokkal legyen j\u00f3 az egy\u00fcttm\u0171k\u00f6d\u00e9s \u2013 hangs\u00falyozza Vaskuti Gergely. \u2013 Egy odafigyel\u0151 k\u00f6z\u00f6ss\u00e9gben a di\u00e1k nem csak bemegy, \u00e9s elv\u00e9gzi a dolg\u00e1t az iskol\u00e1ban. Az iskol\u00e1nak val\u00f3di k\u00f6z\u00f6ss\u00e9gnek kell lennie, amelynek nagy szerepe van az emp\u00e1tiafejleszt\u00e9sben, seg\u00edt megtan\u00edtani a gyerekeket a felel\u0151ss\u00e9gv\u00e1llal\u00e1sra, vagy \u00e9pp a d\u00fch\u00fck megfelel\u0151 kezel\u00e9s\u00e9re.<\/p>\n\n\n\n<p>Ahogyan matek\u00f3r\u00e1n sem v\u00e1rjuk el, hogy \u00f6t perc alatt megtanulj\u00e1k az aznapi anyagot, \u00fagy a konfliktuskezel\u00e9s tanul\u00e1sakor is legy\u00fcnk pont ilyen t\u00fcrelemmel ir\u00e1ntuk.\u201d<\/p>\n\n\n\n<p><em>Sz\u0151cs Lilla<\/em><\/p>\n\n\n\n<p><em>R\u00e9szlet a <a href=\"https:\/\/wmn.hu\/wmn-suli\/53615-ha-egy-gyerek-bantalmazova-valik-annak-mindig-oka-van--hasznos-tanacsok-pszichologusoktol-az-iskolai-bantalmazas-ellen?fbclid=IwAR0znBCkXm8BSZeaTAb6892zsVMFwm8fEekhHV2m9-_5cQatQNhwm3xVQdA\" target=\"_blank\" rel=\"noreferrer noopener\">WMN.hu cikk\u00e9b\u0151l<\/a><\/em><\/p>\n\n\n\n<p><em>A Hintalovon Gyermekjogi Alap\u00edtv\u00e1ny&nbsp;<\/em><a rel=\"noreferrer noopener\" href=\"https:\/\/hintalovon.hu\/hu\/nemecsek\" target=\"_blank\"><em>NEMECSEK Programja<\/em><\/a><em>&nbsp;abban seg\u00edti az iskol\u00e1kat, hogy olyan \u00e1tl\u00e1that\u00f3, a gyerekek v\u00e9delm\u00e9t biztos\u00edt\u00f3 megold\u00e1sokkal rendelkezzenek, amelyeket mindenki ismer, mag\u00e1\u00e9nak \u00e9rez \u00e9s amelyekben a k\u00f6z\u00f6ss\u00e9g valamennyi tagj\u00e1nak egy\u00e9rtelm\u0171ek a feladatai.<\/em><\/p>\n\n\n\n<p><em>Kiemelt k\u00e9p <a href=\"https:\/\/unsplash.com\/\" target=\"_blank\" rel=\"noreferrer noopener\">innen<\/a>.<\/em><\/p>\n","protected":false},"excerpt":{"rendered":"<p>Matek, angol, magyar, technika, \u00e9nek&#8230; \u00e9s a konfliktuskezel\u00e9s? Mikor, hogyan tan\u00edtjuk? Milyen p\u00e9ld\u00e1t mutatunk? Mit tehet\u00fcnk iskolai er\u0151szak eset\u00e9n &#8211; \u00e9s hogyan el\u0151zhetj\u00fck meg a b\u00e1ntalmaz\u00e1st?<\/p>\n","protected":false},"author":9,"featured_media":5329,"comment_status":"closed","ping_status":"closed","sticky":false,"template":"","format":"standard","meta":[],"categories":[11],"tags":[337,1983,108,367,1984,1715,775,1981,1716,1982,339,55],"yoast_head":"<!-- This site is optimized with the Yoast SEO plugin v15.1 - https:\/\/yoast.com\/wordpress\/plugins\/seo\/ -->\n<title>Mi\u00e9rt b\u00e1ntj\u00e1k egym\u00e1st a gyerekek a pszichol\u00f3gusok szerint? - Yelon<\/title>\n<meta name=\"description\" content=\"Hogyan el\u0151zhetj\u00fck meg az iskolai b\u00e1ntalmaz\u00e1st? Mit tehet a sz\u00fcl\u0151, ha a gyereke \u00e1ldozat, szemtan\u00fa vagy elk\u00f6vet\u0151? A pszichol\u00f3gus javaslatai.\" \/>\n<meta name=\"robots\" content=\"index, follow, max-snippet:-1, max-image-preview:large, max-video-preview:-1\" \/>\n<link rel=\"canonical\" href=\"https:\/\/yelon.hu\/szuloknek\/iskolai-bantalmazas-megelozes\/\" \/>\n<meta property=\"og:locale\" content=\"hu_HU\" \/>\n<meta property=\"og:type\" content=\"article\" \/>\n<meta property=\"og:title\" content=\"Mi\u00e9rt b\u00e1ntj\u00e1k egym\u00e1st a gyerekek a pszichol\u00f3gusok szerint? - Yelon\" \/>\n<meta property=\"og:description\" content=\"Hogyan el\u0151zhetj\u00fck meg az iskolai b\u00e1ntalmaz\u00e1st? Mit tehet a sz\u00fcl\u0151, ha a gyereke \u00e1ldozat, szemtan\u00fa vagy elk\u00f6vet\u0151? A pszichol\u00f3gus javaslatai.\" \/>\n<meta property=\"og:url\" content=\"https:\/\/yelon.hu\/szuloknek\/iskolai-bantalmazas-megelozes\/\" \/>\n<meta property=\"og:site_name\" content=\"Yelon\" \/>\n<meta property=\"article:published_time\" content=\"2020-11-16T10:18:45+00:00\" \/>\n<meta property=\"article:modified_time\" content=\"2020-11-20T11:36:55+00:00\" \/>\n<meta property=\"og:image\" content=\"https:\/\/yelon.hu\/szuloknek\/wp-content\/uploads\/2020\/11\/iskolai-bantalmazas-segitseg.jpg\" \/>\n\t<meta property=\"og:image:width\" content=\"1920\" \/>\n\t<meta property=\"og:image:height\" content=\"1280\" \/>\n<meta name=\"twitter:card\" content=\"summary_large_image\" \/>\n<script type=\"application\/ld+json\" class=\"yoast-schema-graph\">{\"@context\":\"https:\/\/schema.org\",\"@graph\":[{\"@type\":\"WebSite\",\"@id\":\"https:\/\/yelon.hu\/szuloknek\/#website\",\"url\":\"https:\/\/yelon.hu\/szuloknek\/\",\"name\":\"Yelon\",\"description\":\"Kamaszoknak \\u00e9s sz\\u00fcl\\u0151knek sz\\u00f3l\\u00f3 online magazin\",\"potentialAction\":[{\"@type\":\"SearchAction\",\"target\":\"https:\/\/yelon.hu\/szuloknek\/?s={search_term_string}\",\"query-input\":\"required name=search_term_string\"}],\"inLanguage\":\"hu\"},{\"@type\":\"ImageObject\",\"@id\":\"https:\/\/yelon.hu\/szuloknek\/iskolai-bantalmazas-megelozes\/#primaryimage\",\"inLanguage\":\"hu\",\"url\":\"https:\/\/yelon.hu\/szuloknek\/wp-content\/uploads\/2020\/11\/iskolai-bantalmazas-segitseg.jpg\",\"width\":1920,\"height\":1280,\"caption\":\"iskolai b\\u00e1ntalmaz\\u00e1s, megel\\u0151z\\u00e9s\"},{\"@type\":\"WebPage\",\"@id\":\"https:\/\/yelon.hu\/szuloknek\/iskolai-bantalmazas-megelozes\/#webpage\",\"url\":\"https:\/\/yelon.hu\/szuloknek\/iskolai-bantalmazas-megelozes\/\",\"name\":\"Mi\\u00e9rt b\\u00e1ntj\\u00e1k egym\\u00e1st a gyerekek a pszichol\\u00f3gusok szerint? - Yelon\",\"isPartOf\":{\"@id\":\"https:\/\/yelon.hu\/szuloknek\/#website\"},\"primaryImageOfPage\":{\"@id\":\"https:\/\/yelon.hu\/szuloknek\/iskolai-bantalmazas-megelozes\/#primaryimage\"},\"datePublished\":\"2020-11-16T10:18:45+00:00\",\"dateModified\":\"2020-11-20T11:36:55+00:00\",\"author\":{\"@id\":\"https:\/\/yelon.hu\/szuloknek\/#\/schema\/person\/c9fa38f81f80ff5bbd245a64fddaee93\"},\"description\":\"Hogyan el\\u0151zhetj\\u00fck meg az iskolai b\\u00e1ntalmaz\\u00e1st? Mit tehet a sz\\u00fcl\\u0151, ha a gyereke \\u00e1ldozat, szemtan\\u00fa vagy elk\\u00f6vet\\u0151? A pszichol\\u00f3gus javaslatai.\",\"inLanguage\":\"hu\",\"potentialAction\":[{\"@type\":\"ReadAction\",\"target\":[\"https:\/\/yelon.hu\/szuloknek\/iskolai-bantalmazas-megelozes\/\"]}]},{\"@type\":\"Person\",\"@id\":\"https:\/\/yelon.hu\/szuloknek\/#\/schema\/person\/c9fa38f81f80ff5bbd245a64fddaee93\",\"name\":\"B. Zsofi\",\"image\":{\"@type\":\"ImageObject\",\"@id\":\"https:\/\/yelon.hu\/szuloknek\/#personlogo\",\"inLanguage\":\"hu\",\"url\":\"https:\/\/secure.gravatar.com\/avatar\/0936caaf13a2f9714ad4b7bd07dd9bca?s=96&d=mm&r=g\",\"caption\":\"B. Zsofi\"}}]}<\/script>\n<!-- \/ Yoast SEO plugin. -->","_links":{"self":[{"href":"https:\/\/yelon.hu\/szuloknek\/wp-json\/wp\/v2\/posts\/5312"}],"collection":[{"href":"https:\/\/yelon.hu\/szuloknek\/wp-json\/wp\/v2\/posts"}],"about":[{"href":"https:\/\/yelon.hu\/szuloknek\/wp-json\/wp\/v2\/types\/post"}],"author":[{"embeddable":true,"href":"https:\/\/yelon.hu\/szuloknek\/wp-json\/wp\/v2\/users\/9"}],"replies":[{"embeddable":true,"href":"https:\/\/yelon.hu\/szuloknek\/wp-json\/wp\/v2\/comments?post=5312"}],"version-history":[{"count":16,"href":"https:\/\/yelon.hu\/szuloknek\/wp-json\/wp\/v2\/posts\/5312\/revisions"}],"predecessor-version":[{"id":5349,"href":"https:\/\/yelon.hu\/szuloknek\/wp-json\/wp\/v2\/posts\/5312\/revisions\/5349"}],"wp:featuredmedia":[{"embeddable":true,"href":"https:\/\/yelon.hu\/szuloknek\/wp-json\/wp\/v2\/media\/5329"}],"wp:attachment":[{"href":"https:\/\/yelon.hu\/szuloknek\/wp-json\/wp\/v2\/media?parent=5312"}],"wp:term":[{"taxonomy":"category","embeddable":true,"href":"https:\/\/yelon.hu\/szuloknek\/wp-json\/wp\/v2\/categories?post=5312"},{"taxonomy":"post_tag","embeddable":true,"href":"https:\/\/yelon.hu\/szuloknek\/wp-json\/wp\/v2\/tags?post=5312"}],"curies":[{"name":"wp","href":"https:\/\/api.w.org\/{rel}","templated":true}]}}