{"id":5331,"date":"2020-11-20T12:36:36","date_gmt":"2020-11-20T11:36:36","guid":{"rendered":"https:\/\/yelon.hu\/szuloknek\/?p=5331"},"modified":"2021-01-08T18:43:34","modified_gmt":"2021-01-08T17:43:34","slug":"covid-az-iskolaban","status":"publish","type":"post","link":"https:\/\/yelon.hu\/szuloknek\/covid-az-iskolaban\/","title":{"rendered":"Az iskol\u00e1s gyerekeket \u00e9rint\u0151 k\u00e9rd\u00e9sek a koronav\u00edrus-j\u00e1rv\u00e1ny alatt"},"content":{"rendered":"\n<p>A <a href=\"https:\/\/yelon.hu\/szuloknek\/koronavirus-karanten-napi-infok-szuloknek\/\" target=\"_blank\" rel=\"noreferrer noopener\">koronav\u00edrus-j\u00e1rv\u00e1ny<\/a> egy sor olyan k\u00e9rd\u00e9st vet fel, amelyekkel soha nem tal\u00e1lkoztunk kor\u00e1bban. \u00d6sszegy\u0171jt\u00f6tt\u00fck a leggyakrabban felmer\u00fcl\u0151 t\u00e9m\u00e1kat, \u00e9s let\u00f6lthet\u0151 anyagunkban v\u00e1laszt adunk a szinte mindannyiunkat \u00e9rint\u0151 k\u00e9rd\u00e9sekre. Ezek k\u00f6z\u00fcl a leg\u00e1ltal\u00e1nosabb a k\u00f6telez\u0151 maszkhaszn\u00e1lat: H\u00e1ny \u00e9ves kort\u00f3l, hol k\u00f6telez\u0151 maszkot hordani? Az iskol\u00e1ban aj\u00e1nlott vagy k\u00f6telez\u0151 viselni? \u00d6sszeszedt\u00fck az int\u00e9zked\u00e9si tervhez kapcsol\u00f3d\u00f3 elj\u00e1r\u00e1srend k\u00e9rd\u00e9seit is az abban megjelen\u0151 krit\u00e9riumokkal, p\u00e9ld\u00e1ul hogy milyen t\u00fcnetek megl\u00e9te eset\u00e9n lehet valakit Covid19-gyan\u00fasnak tartani, hogyan\/milyen felt\u00e9telekkel j\u00e1rhat \u00fajra egy gyerek iskol\u00e1ba, \u00e9s az eg\u00e9szs\u00e9g\u00fcgyi, illetve a mindezekhez kapcsol\u00f3d\u00f3an felmer\u00fcl\u0151 esetleges adatv\u00e9delmi, illetve kommunik\u00e1ci\u00f3s <a href=\"https:\/\/hintalovon.hu\/2020\/04\/16\/korona-ugyek-highlights-of-hungary\/\">bizonytalans\u00e1gokat<\/a> is felsoroljuk.<\/p>\n\n\n\n<!--more-->\n\n\n\n<p>Ezzel a szakmai \u00f6sszefoglal\u00f3val azoknak k\u00edv\u00e1nunk seg\u00edteni, akik tudatosabban, a m\u00e1sok eg\u00e9szs\u00e9g\u00e9re is figyelve szeretn\u00e9nek ebben a megv\u00e1ltozott helyzetben k\u00f6nnyen \u00e9rthet\u0151 inform\u00e1ci\u00f3hoz jutni. Az anyagot a legfrissebb jogszab\u00e1lyi rendelkez\u00e9sek, az int\u00e9zked\u00e9si terv aj\u00e1nl\u00e1sai, a <a href=\"https:\/\/yelon.hu\/szuloknek\/a-gyerekjog-vilagnezet\/\" target=\"_blank\" rel=\"noreferrer noopener\">gyermekjogi szempontok<\/a> \u00e9s a Nemzeti Adatv\u00e9delmi Hat\u00f3s\u00e1g (NAIH) \u00e1ll\u00e1sfoglal\u00e1sa alapj\u00e1n \u00e1ll\u00edtottunk \u00f6ssze.<\/p>\n\n\n\n<p>T\u00f6ltsd le az \u00f6sszefoglal\u00f3nkat PDF-ben:<\/p>\n\n\n\n<div class=\"wp-block-file\"><a href=\"https:\/\/yelon.hu\/szuloknek\/wp-content\/uploads\/2020\/11\/jogi-ha\u0301tte\u0301r-az-iskola\u0301s-gyerekeket-e\u0301rinto\u030b-ke\u0301rde\u0301sek-COVID-19-ideje\u0301n-2020.11.16.-1-1.pdf\">Jogi ha\u0301tte\u0301r: az iskola\u0301s gyerekeket e\u0301rinto\u030b ke\u0301rde\u0301sek Covid19 ideje\u0301n \u2013 2020.11.16.<\/a><a href=\"https:\/\/yelon.hu\/szuloknek\/wp-content\/uploads\/2020\/11\/jogi-ha\u0301tte\u0301r-az-iskola\u0301s-gyerekeket-e\u0301rinto\u030b-ke\u0301rde\u0301sek-COVID-19-ideje\u0301n-2020.11.16.-1-1.pdf\" class=\"wp-block-file__button\" download>Let\u00f6lt\u00e9s<\/a><\/div>\n\n\n\n<p><em>Kiemelt k\u00e9p <a href=\"https:\/\/unsplash.com\/\" target=\"_blank\" rel=\"noreferrer noopener\">innen<\/a>.<\/em><\/p>\n","protected":false},"excerpt":{"rendered":"<p>A koronav\u00edrus-j\u00e1rv\u00e1ny egy sor olyan k\u00e9rd\u00e9st vet fel, amelyekkel soha nem tal\u00e1lkoztunk kor\u00e1bban. \u00d6sszegy\u0171jt\u00f6tt\u00fck a leggyakrabban felmer\u00fcl\u0151 t\u00e9m\u00e1kat, \u00e9s let\u00f6lthet\u0151 anyagunkban v\u00e1laszt adunk a szinte mindannyiunkat \u00e9rint\u0151 k\u00e9rd\u00e9sekre. <\/p>\n","protected":false},"author":9,"featured_media":5347,"comment_status":"closed","ping_status":"closed","sticky":false,"template":"","format":"standard","meta":[],"categories":[33],"tags":[1698,1994,1991,1463,1986,1518,1458,1990,1985,1993,1987,1992],"yoast_head":"<!-- This site is optimized with the Yoast SEO plugin v15.1 - https:\/\/yoast.com\/wordpress\/plugins\/seo\/ -->\n<title>Az iskol\u00e1s gyerekeket \u00e9rint\u0151 k\u00e9rd\u00e9sek a koronav\u00edrus-j\u00e1rv\u00e1ny alatt - Yelon<\/title>\n<meta name=\"description\" content=\"A k\u00f6telez\u0151 maszkhaszn\u00e1latt\u00f3l a tantermen k\u00edv\u00fcli oktat\u00e1si rendig \u2013 mit tehetnek, \u00e9s mit kell tenni\u00fck a gyerekeknek \u00e9s a sz\u00fcl\u0151knek?\" \/>\n<meta name=\"robots\" content=\"index, follow, max-snippet:-1, max-image-preview:large, max-video-preview:-1\" \/>\n<link rel=\"canonical\" href=\"https:\/\/yelon.hu\/szuloknek\/covid-az-iskolaban\/\" \/>\n<meta property=\"og:locale\" content=\"hu_HU\" \/>\n<meta property=\"og:type\" content=\"article\" \/>\n<meta property=\"og:title\" content=\"Az iskol\u00e1s gyerekeket \u00e9rint\u0151 k\u00e9rd\u00e9sek a koronav\u00edrus-j\u00e1rv\u00e1ny alatt - Yelon\" \/>\n<meta property=\"og:description\" content=\"A k\u00f6telez\u0151 maszkhaszn\u00e1latt\u00f3l a tantermen k\u00edv\u00fcli oktat\u00e1si rendig \u2013 mit tehetnek, \u00e9s mit kell tenni\u00fck a gyerekeknek \u00e9s a sz\u00fcl\u0151knek?\" \/>\n<meta property=\"og:url\" content=\"https:\/\/yelon.hu\/szuloknek\/covid-az-iskolaban\/\" \/>\n<meta property=\"og:site_name\" content=\"Yelon\" \/>\n<meta property=\"article:published_time\" content=\"2020-11-20T11:36:36+00:00\" \/>\n<meta property=\"article:modified_time\" content=\"2021-01-08T17:43:34+00:00\" \/>\n<meta property=\"og:image\" content=\"https:\/\/yelon.hu\/szuloknek\/wp-content\/uploads\/2020\/11\/virus-bullying.jpg\" \/>\n\t<meta property=\"og:image:width\" content=\"1920\" \/>\n\t<meta property=\"og:image:height\" content=\"1440\" \/>\n<meta name=\"twitter:card\" content=\"summary_large_image\" \/>\n<script type=\"application\/ld+json\" class=\"yoast-schema-graph\">{\"@context\":\"https:\/\/schema.org\",\"@graph\":[{\"@type\":\"WebSite\",\"@id\":\"https:\/\/yelon.hu\/szuloknek\/#website\",\"url\":\"https:\/\/yelon.hu\/szuloknek\/\",\"name\":\"Yelon\",\"description\":\"Kamaszoknak \\u00e9s sz\\u00fcl\\u0151knek sz\\u00f3l\\u00f3 online magazin\",\"potentialAction\":[{\"@type\":\"SearchAction\",\"target\":\"https:\/\/yelon.hu\/szuloknek\/?s={search_term_string}\",\"query-input\":\"required name=search_term_string\"}],\"inLanguage\":\"hu\"},{\"@type\":\"ImageObject\",\"@id\":\"https:\/\/yelon.hu\/szuloknek\/covid-az-iskolaban\/#primaryimage\",\"inLanguage\":\"hu\",\"url\":\"https:\/\/yelon.hu\/szuloknek\/wp-content\/uploads\/2020\/11\/virus-bullying.jpg\",\"width\":1920,\"height\":1440,\"caption\":\"koronav\\u00edrus iskola maszk\"},{\"@type\":\"WebPage\",\"@id\":\"https:\/\/yelon.hu\/szuloknek\/covid-az-iskolaban\/#webpage\",\"url\":\"https:\/\/yelon.hu\/szuloknek\/covid-az-iskolaban\/\",\"name\":\"Az iskol\\u00e1s gyerekeket \\u00e9rint\\u0151 k\\u00e9rd\\u00e9sek a koronav\\u00edrus-j\\u00e1rv\\u00e1ny alatt - Yelon\",\"isPartOf\":{\"@id\":\"https:\/\/yelon.hu\/szuloknek\/#website\"},\"primaryImageOfPage\":{\"@id\":\"https:\/\/yelon.hu\/szuloknek\/covid-az-iskolaban\/#primaryimage\"},\"datePublished\":\"2020-11-20T11:36:36+00:00\",\"dateModified\":\"2021-01-08T17:43:34+00:00\",\"author\":{\"@id\":\"https:\/\/yelon.hu\/szuloknek\/#\/schema\/person\/c9fa38f81f80ff5bbd245a64fddaee93\"},\"description\":\"A k\\u00f6telez\\u0151 maszkhaszn\\u00e1latt\\u00f3l a tantermen k\\u00edv\\u00fcli oktat\\u00e1si rendig \\u2013 mit tehetnek, \\u00e9s mit kell tenni\\u00fck a gyerekeknek \\u00e9s a sz\\u00fcl\\u0151knek?\",\"inLanguage\":\"hu\",\"potentialAction\":[{\"@type\":\"ReadAction\",\"target\":[\"https:\/\/yelon.hu\/szuloknek\/covid-az-iskolaban\/\"]}]},{\"@type\":\"Person\",\"@id\":\"https:\/\/yelon.hu\/szuloknek\/#\/schema\/person\/c9fa38f81f80ff5bbd245a64fddaee93\",\"name\":\"B. Zsofi\",\"image\":{\"@type\":\"ImageObject\",\"@id\":\"https:\/\/yelon.hu\/szuloknek\/#personlogo\",\"inLanguage\":\"hu\",\"url\":\"https:\/\/secure.gravatar.com\/avatar\/0936caaf13a2f9714ad4b7bd07dd9bca?s=96&d=mm&r=g\",\"caption\":\"B. Zsofi\"}}]}<\/script>\n<!-- \/ Yoast SEO plugin. -->","_links":{"self":[{"href":"https:\/\/yelon.hu\/szuloknek\/wp-json\/wp\/v2\/posts\/5331"}],"collection":[{"href":"https:\/\/yelon.hu\/szuloknek\/wp-json\/wp\/v2\/posts"}],"about":[{"href":"https:\/\/yelon.hu\/szuloknek\/wp-json\/wp\/v2\/types\/post"}],"author":[{"embeddable":true,"href":"https:\/\/yelon.hu\/szuloknek\/wp-json\/wp\/v2\/users\/9"}],"replies":[{"embeddable":true,"href":"https:\/\/yelon.hu\/szuloknek\/wp-json\/wp\/v2\/comments?post=5331"}],"version-history":[{"count":5,"href":"https:\/\/yelon.hu\/szuloknek\/wp-json\/wp\/v2\/posts\/5331\/revisions"}],"predecessor-version":[{"id":5348,"href":"https:\/\/yelon.hu\/szuloknek\/wp-json\/wp\/v2\/posts\/5331\/revisions\/5348"}],"wp:featuredmedia":[{"embeddable":true,"href":"https:\/\/yelon.hu\/szuloknek\/wp-json\/wp\/v2\/media\/5347"}],"wp:attachment":[{"href":"https:\/\/yelon.hu\/szuloknek\/wp-json\/wp\/v2\/media?parent=5331"}],"wp:term":[{"taxonomy":"category","embeddable":true,"href":"https:\/\/yelon.hu\/szuloknek\/wp-json\/wp\/v2\/categories?post=5331"},{"taxonomy":"post_tag","embeddable":true,"href":"https:\/\/yelon.hu\/szuloknek\/wp-json\/wp\/v2\/tags?post=5331"}],"curies":[{"name":"wp","href":"https:\/\/api.w.org\/{rel}","templated":true}]}}