{"id":5336,"date":"2020-11-23T11:43:33","date_gmt":"2020-11-23T10:43:33","guid":{"rendered":"https:\/\/yelon.hu\/szuloknek\/?p=5336"},"modified":"2021-01-18T17:46:43","modified_gmt":"2021-01-18T16:46:43","slug":"tavoktatas-es-adatvedelem","status":"publish","type":"post","link":"https:\/\/yelon.hu\/szuloknek\/tavoktatas-es-adatvedelem\/","title":{"rendered":"\u00daj helyzet, \u00faj kih\u00edv\u00e1sok: a t\u00e1voktat\u00e1s \u00e9s a szem\u00e9lyes adatok"},"content":{"rendered":"\n<p>A <a href=\"https:\/\/yelon.hu\/szuloknek\/tavoktatas-10-jo-tanacs-gyerekeknek-es-szuloknek\/\" target=\"_blank\" rel=\"noreferrer noopener\">t\u00e1voktat\u00e1s<\/a> egyr\u00e9szt neh\u00e9z feladatot jelent valamennyi szerepl\u0151nek: a di\u00e1koknak, a sz\u00fcl\u0151knek \u00e9s a pedag\u00f3gusoknak is; m\u00e1sr\u00e9szt a digit\u00e1lis oktat\u00e1s nem egyszer\u0171en <a href=\"https:\/\/yelon.hu\/szuloknek\/okosan-internetezni-gyerekszemmel\/\" target=\"_blank\" rel=\"noreferrer noopener\">internetfelhaszn\u00e1l\u00e1st<\/a> jelent: a tantermen k\u00edv\u00fcli tan\u00edt\u00e1s sor\u00e1n mindennaposs\u00e1 v\u00e1lik a k\u00fcl\u00f6nf\u00e9le online fel\u00fcletek haszn\u00e1lata, megn\u0151 az iskol\u00e1k \u00e9s az otthonok k\u00f6z\u00f6tti adatforgalom. Ez pedig egy sor kor\u00e1bban fel sem mer\u00fclt probl\u00e9m\u00e1t vet fel, amelyekkel kor\u00e1bban nem kellett foglalkozni: <a href=\"https:\/\/yelon.hu\/szuloknek\/gyerekek-szemelyes-adatai-a-neten\/\" target=\"_blank\" rel=\"noreferrer noopener\">az adatv\u00e9delemet \u00e9s az adatbiztons\u00e1got<\/a>.&nbsp;<\/p>\n\n\n\n<!--more-->\n\n\n\n<p>Amikor a di\u00e1kok a t\u00e1voktat\u00e1skor kapott feladataikat oldj\u00e1k meg az interneten, akkor egy\u00fattal szem\u00e9lyes adatok is keletkeznek p\u00e9ld\u00e1ul a tananyagok, a h\u00e1zi feladatok elv\u00e9gz\u00e9s\u00e9r\u0151l k\u00e9sz\u00edtett videofelv\u00e9telek vagy m\u00e1s dokumentumok felt\u00f6lt\u00e9se, megoszt\u00e1sa, t\u00e1rol\u00e1sa sor\u00e1n. Szem\u00e9lyes adatnak sz\u00e1m\u00edt a di\u00e1kok neve, felt\u00f6lt\u00f6tt f\u00e9nyk\u00e9pe\/vide\u00f3ja, a sz\u00e1monk\u00e9r\u00e9sek tartalma \u00e9s eredm\u00e9nye, valamint az \u00f3rai hozz\u00e1sz\u00f3l\u00e1sok is. A hirtelen \u00e1t\u00e1ll\u00e1s \u00e9s a megv\u00e1ltozott k\u00f6r\u00fclm\u00e9nyek k\u00f6z\u00f6tt k\u00fcl\u00f6n\u00f6sen fontos a di\u00e1kok <a href=\"https:\/\/yelon.hu\/szuloknek\/szulokent-a-gyerekunk-online-biztonsagaert\/\" target=\"_blank\" rel=\"noreferrer noopener\">online biztons\u00e1g\u00e1nak<\/a> a meg\u0151rz\u00e9se. Ez\u00e9rt gy\u0171jt\u00f6tt\u00fck \u00f6ssze a legfontosabb el\u0151\u00edr\u00e1sokat, javaslatokat \u00e9s azokat a hasznos gyakorlatokat, amelyek seg\u00edthetnek eligazodni a digit\u00e1lis oktat\u00e1s adatv\u00e9delmi szab\u00e1lyainak \u00fatveszt\u0151j\u00e9ben. \u00d6sszefoglal\u00f3nkat a Nemzeti Adatv\u00e9delmi Hat\u00f3s\u00e1g (NAIH) <a href=\"https:\/\/naih.hu\/files\/Tajekoztato-a-digitalis-tavoktatas-adatvedelmi-vonatkozasairol_2020-09-30.pdf\">T\u00e1j\u00e9koztat\u00f3ja<\/a> alapj\u00e1n \u00e1ll\u00edtottuk \u00f6ssze.<\/p>\n\n\n\n<p>T\u00f6ltsd le \u00f6sszefoglal\u00f3nkat PDF-ben:<\/p>\n\n\n\n<div class=\"wp-block-file\"><a href=\"https:\/\/yelon.hu\/szuloknek\/wp-content\/uploads\/2020\/11\/Digita\u0301lis-oktata\u0301s-covid-19-2.-hulla\u0301m-Adatve\u0301delmi-sarokpontok-2020.11.17..pdf\">Digit\u00e1lis oktat\u00e1s \u2013 Adatv\u00e9delmi sarokpontok 2020.11.17.<br><\/a><a href=\"https:\/\/yelon.hu\/szuloknek\/wp-content\/uploads\/2020\/11\/Digita\u0301lis-oktata\u0301s-covid-19-2.-hulla\u0301m-Adatve\u0301delmi-sarokpontok-2020.11.17..pdf\" class=\"wp-block-file__button\" download>Let\u00f6lt\u00e9s<\/a><\/div>\n\n\n\n<p><em>Kiemelt k\u00e9p <a href=\"https:\/\/unsplash.com\/photos\/4dKy7d3lkKM\" target=\"_blank\" rel=\"noreferrer noopener\">innen<\/a>.<\/em><\/p>\n","protected":false},"excerpt":{"rendered":"<p>A digit\u00e1lis oktat\u00e1s nem egyszer\u0171en internetfelhaszn\u00e1l\u00e1st jelent: a tantermen k\u00edv\u00fcli tan\u00edt\u00e1s sor\u00e1n mindennaposs\u00e1 v\u00e1lik a k\u00fcl\u00f6nf\u00e9le online fel\u00fcletek haszn\u00e1lata, ez pedig egy sor kor\u00e1bban fel sem mer\u00fclt probl\u00e9m\u00e1t vet fel: az adatv\u00e9delemet \u00e9s az adatbiztons\u00e1got. <\/p>\n","protected":false},"author":9,"featured_media":5351,"comment_status":"closed","ping_status":"closed","sticky":false,"template":"","format":"standard","meta":[],"categories":[8],"tags":[1988,1989,1698,1463,1515,1908,1458,1995,1902,1996,1513],"yoast_head":"<!-- This site is optimized with the Yoast SEO plugin v15.1 - https:\/\/yoast.com\/wordpress\/plugins\/seo\/ -->\n<title>\u00daj helyzet, \u00faj kih\u00edv\u00e1sok: a t\u00e1voktat\u00e1s \u00e9s a szem\u00e9lyes adatok - Yelon<\/title>\n<meta name=\"description\" content=\"A j\u00e1rv\u00e1ny miatti hirtelen \u00e1t\u00e1ll\u00e1s a digit\u00e1lis oktat\u00e1sra felvetette a szem\u00e9lyes adatok biztons\u00e1g\u00e1nak, v\u00e9delm\u00e9nek a k\u00e9rd\u00e9s\u00e9t.\" \/>\n<meta name=\"robots\" content=\"index, follow, max-snippet:-1, max-image-preview:large, max-video-preview:-1\" \/>\n<link rel=\"canonical\" href=\"https:\/\/yelon.hu\/szuloknek\/tavoktatas-es-adatvedelem\/\" \/>\n<meta property=\"og:locale\" content=\"hu_HU\" \/>\n<meta property=\"og:type\" content=\"article\" \/>\n<meta property=\"og:title\" content=\"\u00daj helyzet, \u00faj kih\u00edv\u00e1sok: a t\u00e1voktat\u00e1s \u00e9s a szem\u00e9lyes adatok - Yelon\" \/>\n<meta property=\"og:description\" content=\"A j\u00e1rv\u00e1ny miatti hirtelen \u00e1t\u00e1ll\u00e1s a digit\u00e1lis oktat\u00e1sra felvetette a szem\u00e9lyes adatok biztons\u00e1g\u00e1nak, v\u00e9delm\u00e9nek a k\u00e9rd\u00e9s\u00e9t.\" \/>\n<meta property=\"og:url\" content=\"https:\/\/yelon.hu\/szuloknek\/tavoktatas-es-adatvedelem\/\" \/>\n<meta property=\"og:site_name\" content=\"Yelon\" \/>\n<meta property=\"article:published_time\" content=\"2020-11-23T10:43:33+00:00\" \/>\n<meta property=\"article:modified_time\" content=\"2021-01-18T16:46:43+00:00\" \/>\n<meta property=\"og:image\" content=\"https:\/\/yelon.hu\/szuloknek\/wp-content\/uploads\/2020\/11\/szemelyes-adatok-vedelme-tavoktatas.jpg\" \/>\n\t<meta property=\"og:image:width\" content=\"1920\" \/>\n\t<meta property=\"og:image:height\" content=\"1276\" \/>\n<meta name=\"twitter:card\" content=\"summary_large_image\" \/>\n<script type=\"application\/ld+json\" class=\"yoast-schema-graph\">{\"@context\":\"https:\/\/schema.org\",\"@graph\":[{\"@type\":\"WebSite\",\"@id\":\"https:\/\/yelon.hu\/szuloknek\/#website\",\"url\":\"https:\/\/yelon.hu\/szuloknek\/\",\"name\":\"Yelon\",\"description\":\"Kamaszoknak \\u00e9s sz\\u00fcl\\u0151knek sz\\u00f3l\\u00f3 online magazin\",\"potentialAction\":[{\"@type\":\"SearchAction\",\"target\":\"https:\/\/yelon.hu\/szuloknek\/?s={search_term_string}\",\"query-input\":\"required name=search_term_string\"}],\"inLanguage\":\"hu\"},{\"@type\":\"ImageObject\",\"@id\":\"https:\/\/yelon.hu\/szuloknek\/tavoktatas-es-adatvedelem\/#primaryimage\",\"inLanguage\":\"hu\",\"url\":\"https:\/\/yelon.hu\/szuloknek\/wp-content\/uploads\/2020\/11\/szemelyes-adatok-vedelme-tavoktatas.jpg\",\"width\":1920,\"height\":1276,\"caption\":\"szen\\u00e9lyes adatok, adatv\\u00e9delem, t\\u00e1voktat\\u00e1s\"},{\"@type\":\"WebPage\",\"@id\":\"https:\/\/yelon.hu\/szuloknek\/tavoktatas-es-adatvedelem\/#webpage\",\"url\":\"https:\/\/yelon.hu\/szuloknek\/tavoktatas-es-adatvedelem\/\",\"name\":\"\\u00daj helyzet, \\u00faj kih\\u00edv\\u00e1sok: a t\\u00e1voktat\\u00e1s \\u00e9s a szem\\u00e9lyes adatok - Yelon\",\"isPartOf\":{\"@id\":\"https:\/\/yelon.hu\/szuloknek\/#website\"},\"primaryImageOfPage\":{\"@id\":\"https:\/\/yelon.hu\/szuloknek\/tavoktatas-es-adatvedelem\/#primaryimage\"},\"datePublished\":\"2020-11-23T10:43:33+00:00\",\"dateModified\":\"2021-01-18T16:46:43+00:00\",\"author\":{\"@id\":\"https:\/\/yelon.hu\/szuloknek\/#\/schema\/person\/c9fa38f81f80ff5bbd245a64fddaee93\"},\"description\":\"A j\\u00e1rv\\u00e1ny miatti hirtelen \\u00e1t\\u00e1ll\\u00e1s a digit\\u00e1lis oktat\\u00e1sra felvetette a szem\\u00e9lyes adatok biztons\\u00e1g\\u00e1nak, v\\u00e9delm\\u00e9nek a k\\u00e9rd\\u00e9s\\u00e9t.\",\"inLanguage\":\"hu\",\"potentialAction\":[{\"@type\":\"ReadAction\",\"target\":[\"https:\/\/yelon.hu\/szuloknek\/tavoktatas-es-adatvedelem\/\"]}]},{\"@type\":\"Person\",\"@id\":\"https:\/\/yelon.hu\/szuloknek\/#\/schema\/person\/c9fa38f81f80ff5bbd245a64fddaee93\",\"name\":\"B. Zsofi\",\"image\":{\"@type\":\"ImageObject\",\"@id\":\"https:\/\/yelon.hu\/szuloknek\/#personlogo\",\"inLanguage\":\"hu\",\"url\":\"https:\/\/secure.gravatar.com\/avatar\/0936caaf13a2f9714ad4b7bd07dd9bca?s=96&d=mm&r=g\",\"caption\":\"B. Zsofi\"}}]}<\/script>\n<!-- \/ Yoast SEO plugin. -->","_links":{"self":[{"href":"https:\/\/yelon.hu\/szuloknek\/wp-json\/wp\/v2\/posts\/5336"}],"collection":[{"href":"https:\/\/yelon.hu\/szuloknek\/wp-json\/wp\/v2\/posts"}],"about":[{"href":"https:\/\/yelon.hu\/szuloknek\/wp-json\/wp\/v2\/types\/post"}],"author":[{"embeddable":true,"href":"https:\/\/yelon.hu\/szuloknek\/wp-json\/wp\/v2\/users\/9"}],"replies":[{"embeddable":true,"href":"https:\/\/yelon.hu\/szuloknek\/wp-json\/wp\/v2\/comments?post=5336"}],"version-history":[{"count":7,"href":"https:\/\/yelon.hu\/szuloknek\/wp-json\/wp\/v2\/posts\/5336\/revisions"}],"predecessor-version":[{"id":5352,"href":"https:\/\/yelon.hu\/szuloknek\/wp-json\/wp\/v2\/posts\/5336\/revisions\/5352"}],"wp:featuredmedia":[{"embeddable":true,"href":"https:\/\/yelon.hu\/szuloknek\/wp-json\/wp\/v2\/media\/5351"}],"wp:attachment":[{"href":"https:\/\/yelon.hu\/szuloknek\/wp-json\/wp\/v2\/media?parent=5336"}],"wp:term":[{"taxonomy":"category","embeddable":true,"href":"https:\/\/yelon.hu\/szuloknek\/wp-json\/wp\/v2\/categories?post=5336"},{"taxonomy":"post_tag","embeddable":true,"href":"https:\/\/yelon.hu\/szuloknek\/wp-json\/wp\/v2\/tags?post=5336"}],"curies":[{"name":"wp","href":"https:\/\/api.w.org\/{rel}","templated":true}]}}