{"id":5400,"date":"2020-12-10T19:34:14","date_gmt":"2020-12-10T18:34:14","guid":{"rendered":"https:\/\/yelon.hu\/szuloknek\/?p=5400"},"modified":"2020-12-13T23:51:13","modified_gmt":"2020-12-13T22:51:13","slug":"diy-karacsonyi-ajandekotlet","status":"publish","type":"post","link":"https:\/\/yelon.hu\/szuloknek\/diy-karacsonyi-ajandekotlet\/","title":{"rendered":"8 kar\u00e1csonyi aj\u00e1nd\u00e9k\u00f6tlet, ha szem\u00e9lyeset adn\u00e1tok egym\u00e1snak"},"content":{"rendered":"\n<p>Ez a cikk nem azoknak sz\u00f3l, akiknek december 24-\u00e9n jut esz\u00fckbe, hogy valakit kifelejtettek a megaj\u00e1nd\u00e9kozand\u00f3k k\u00f6z\u00fcl, \u00e9s azoknak sem, akik az utols\u00f3 pillanatban rohang\u00e1lnak a boltokba, hogy vegyenek valami kicsi \u00e9s val\u00f3sz\u00edn\u0171leg haszontalan apr\u00f3s\u00e1got. Ezt a cikket azok olvass\u00e1k el, akik \u00fagy \u00e9rzik, az aj\u00e1nd\u00e9k egyenl\u0151 a szeretet\u00fcnk kifejez\u0151d\u00e9s\u00e9vel, a t\u00f6r\u0151d\u00e9ssel, \u00e9s akik nem az aj\u00e1nd\u00e9k \u00e1ra vagy \u00e9rt\u00e9ke alapj\u00e1n v\u00e1lasztanak, hanem \u00fagy szeretn\u00e9nek meglepet\u00e9st szerezni, hogy k\u00f6zben valami egy\u00e9nit, szem\u00e9lyre sz\u00f3l\u00f3t adnak.<\/p>\n\n\n\n<!--more-->\n\n\n\n<p>Mi legyen az idei kar\u00e1csonyi aj\u00e1nd\u00e9k? Sokat gondolkodtunk rajta. Megindult az \u00f6tletcunami <a rel=\"noreferrer noopener\" href=\"https:\/\/yelon.hu\/szuloknek\/28-onbizalom-novelo-mondat-gyerekeknek\/\" target=\"_blank\">motiv\u00e1l\u00f3 \u00fczenetekkel<\/a> megnyomott ceruz\u00e1kr\u00f3l, <a rel=\"noreferrer noopener\" href=\"https:\/\/yelon.hu\/szuloknek\/a-gyerekjog-vilagnezet\/\" target=\"_blank\">gyerekjogi<\/a> napt\u00e1rr\u00f3l, hintalovas s\u00fctiform\u00e1kr\u00f3l,&nbsp;de nem siker\u00fclt d\u0171l\u0151re jutni. Azt\u00e1n vil\u00e1gos lett, hogy ezt nem nek\u00fcnk kell elk\u00e9sz\u00edteni. Mert att\u00f3l lesz igaz\u00e1n \u00e9rt\u00e9kes az&nbsp;aj\u00e1nd\u00e9k, ha mindenki maga v\u00e1lasztja ki a sz\u00e1m\u00e1ra legfontosabb b\u00e1tor\u00edt\u00f3 mondatokat, ha bar\u00e1tok egy\u00fctt k\u00e9sz\u00edtik el a&nbsp;j\u00e1t\u00e9kot, ha a <a rel=\"noreferrer noopener\" href=\"https:\/\/yelon.hu\/szuloknek\/tudatos-jelenlet-a-gyereknevelesben\/\" target=\"_blank\">gyerekekkel k\u00f6z\u00f6sen<\/a> lehet alkotni, k\u00e9sz\u00fcl\u0151dni.&nbsp;A k\u00e9sz\u00edt\u00e9s \u00f6r\u00f6me az, ami \u00e9rt\u00e9kess\u00e9 teszi.<\/p>\n\n\n\n<p>Az egyedi aj\u00e1nd\u00e9k att\u00f3l k\u00fcl\u00f6nleges, hogy a k\u00e9sz\u00edt\u00e9s sor\u00e1n a m\u00e1sikra gondolsz. \u00c1tgondolod a kapcsolatotokat, \u00e9s magadb\u00f3l is\u00a0adsz egy darabot. Ehhez hoztunk nektek p\u00e1r \u00f6tletet, amik kedvesek a sz\u00edv\u00fcnknek, \u00e9s amiket b\u00e1rki k\u00f6nnyen elk\u00e9sz\u00edthet. \u00c9s hogy mik szerepelnek az \u00f6tleteink k\u00f6z\u00f6tt? <a rel=\"noreferrer noopener\" href=\"https:\/\/yelon.hu\/szuloknek\/30-gyereksimogato-mondat\/\" target=\"_blank\">B\u00e1tor\u00edt\u00f3 \u00fczenetek<\/a>, t\u00e9ma\u00f6tletek vide\u00f3s aj\u00e1nd\u00e9khoz, gondolatok, amiknek mindenki\u00a0\u00f6r\u00fcl, meger\u0151s\u00edt\u0151 mondatok, amiket minden gyereknek \u2013 \u00e9s feln\u0151ttnek \u2013 hallania kellene.<\/p>\n\n\n\n<p>A <a href=\"https:\/\/hintalovon.hu\/termek\/legkedvesebb-karacsonyi-ajandekotleteink-csinald-magad\/\" target=\"_blank\" rel=\"noreferrer noopener\">Hintalovon Alap\u00edtv\u00e1ny \u00f6ssze\u00e1ll\u00edt\u00e1s\u00e1ban<\/a> biztosan te is tal\u00e1lsz olyan \u00f6tletet, amit \u00e9rdemes elk\u00e9sz\u00edtened. T\u00f6lts\u00e9tek le, \u00e9s tal\u00e1ljatok sok \u00f6r\u00f6met a k\u00e9sz\u00fcl\u0151d\u00e9sben!<\/p>\n\n\n\n<p><em>Tov\u00e1bbi <a href=\"https:\/\/yelon.hu\/szuloknek\/2020-karacsony\/\" target=\"_blank\" rel=\"noreferrer noopener\">aj\u00e1nd\u00e9k\u00f6tletek\u00e9rt olvasd el ezt a cikk\u00fcnket<\/a>!<\/em><\/p>\n\n\n\n<p><em>Kiemelt k\u00e9p <a rel=\"noreferrer noopener\" href=\"https:\/\/unsplash.com\/\" target=\"_blank\">innen<\/a><\/em><\/p>\n","protected":false},"excerpt":{"rendered":"<p>Ezt a cikket azoknak \u00edrtuk, akik \u00fagy \u00e9rzik, az aj\u00e1nd\u00e9k egyenl\u0151 a szeretet\u00fcnk kifejez\u0151d\u00e9s\u00e9vel, a t\u00f6r\u0151d\u00e9ssel, \u00e9s akik nem az aj\u00e1nd\u00e9k \u00e1ra vagy \u00e9rt\u00e9ke alapj\u00e1n v\u00e1lasztanak, hanem \u00fagy szeretn\u00e9nek meglepet\u00e9st szerezni, hogy k\u00f6zben valami egy\u00e9nit, szem\u00e9lyre sz\u00f3l\u00f3t adnak.<\/p>\n","protected":false},"author":9,"featured_media":5414,"comment_status":"closed","ping_status":"closed","sticky":false,"template":"","format":"standard","meta":[],"categories":[11],"tags":[2031,2029,2024,2022,2028,2035,2021,2034,2027,2020,2026,2025,2023],"yoast_head":"<!-- This site is optimized with the Yoast SEO plugin v15.1 - https:\/\/yoast.com\/wordpress\/plugins\/seo\/ -->\n<title>8 kar\u00e1csonyi aj\u00e1nd\u00e9k\u00f6tlet, ha szem\u00e9lyeset adn\u00e1tok egym\u00e1snak - Yelon<\/title>\n<meta name=\"description\" content=\"A szem\u00e9lyes aj\u00e1nd\u00e9k sz\u00edvhez sz\u00f3l\u00f3bb, mint a boltban v\u00e1s\u00e1rolt, \u00e9s ha a saj\u00e1t kezeddel k\u00e9sz\u00edted, magadb\u00f3l is adsz.\" \/>\n<meta name=\"robots\" content=\"index, follow, max-snippet:-1, max-image-preview:large, max-video-preview:-1\" \/>\n<link rel=\"canonical\" href=\"https:\/\/yelon.hu\/szuloknek\/diy-karacsonyi-ajandekotlet\/\" \/>\n<meta property=\"og:locale\" content=\"hu_HU\" \/>\n<meta property=\"og:type\" content=\"article\" \/>\n<meta property=\"og:title\" content=\"8 kar\u00e1csonyi aj\u00e1nd\u00e9k\u00f6tlet, ha szem\u00e9lyeset adn\u00e1tok egym\u00e1snak - Yelon\" \/>\n<meta property=\"og:description\" content=\"A szem\u00e9lyes aj\u00e1nd\u00e9k sz\u00edvhez sz\u00f3l\u00f3bb, mint a boltban v\u00e1s\u00e1rolt, \u00e9s ha a saj\u00e1t kezeddel k\u00e9sz\u00edted, magadb\u00f3l is adsz.\" \/>\n<meta property=\"og:url\" content=\"https:\/\/yelon.hu\/szuloknek\/diy-karacsonyi-ajandekotlet\/\" \/>\n<meta property=\"og:site_name\" content=\"Yelon\" \/>\n<meta property=\"article:published_time\" content=\"2020-12-10T18:34:14+00:00\" \/>\n<meta property=\"article:modified_time\" content=\"2020-12-13T22:51:13+00:00\" \/>\n<meta property=\"og:image\" content=\"https:\/\/yelon.hu\/szuloknek\/wp-content\/uploads\/2020\/12\/karacsonyi-ajandekotletek-kreativkodas-diy.jpg\" \/>\n\t<meta property=\"og:image:width\" content=\"1920\" \/>\n\t<meta property=\"og:image:height\" content=\"1280\" \/>\n<meta name=\"twitter:card\" content=\"summary_large_image\" \/>\n<script type=\"application\/ld+json\" class=\"yoast-schema-graph\">{\"@context\":\"https:\/\/schema.org\",\"@graph\":[{\"@type\":\"WebSite\",\"@id\":\"https:\/\/yelon.hu\/szuloknek\/#website\",\"url\":\"https:\/\/yelon.hu\/szuloknek\/\",\"name\":\"Yelon\",\"description\":\"Kamaszoknak \\u00e9s sz\\u00fcl\\u0151knek sz\\u00f3l\\u00f3 online magazin\",\"potentialAction\":[{\"@type\":\"SearchAction\",\"target\":\"https:\/\/yelon.hu\/szuloknek\/?s={search_term_string}\",\"query-input\":\"required name=search_term_string\"}],\"inLanguage\":\"hu\"},{\"@type\":\"ImageObject\",\"@id\":\"https:\/\/yelon.hu\/szuloknek\/diy-karacsonyi-ajandekotlet\/#primaryimage\",\"inLanguage\":\"hu\",\"url\":\"https:\/\/yelon.hu\/szuloknek\/wp-content\/uploads\/2020\/12\/karacsonyi-ajandekotletek-kreativkodas-diy.jpg\",\"width\":1920,\"height\":1280,\"caption\":\"diy kar\\u00e1csonyi aj\\u00e1nd\\u00e9k\"},{\"@type\":\"WebPage\",\"@id\":\"https:\/\/yelon.hu\/szuloknek\/diy-karacsonyi-ajandekotlet\/#webpage\",\"url\":\"https:\/\/yelon.hu\/szuloknek\/diy-karacsonyi-ajandekotlet\/\",\"name\":\"8 kar\\u00e1csonyi aj\\u00e1nd\\u00e9k\\u00f6tlet, ha szem\\u00e9lyeset adn\\u00e1tok egym\\u00e1snak - Yelon\",\"isPartOf\":{\"@id\":\"https:\/\/yelon.hu\/szuloknek\/#website\"},\"primaryImageOfPage\":{\"@id\":\"https:\/\/yelon.hu\/szuloknek\/diy-karacsonyi-ajandekotlet\/#primaryimage\"},\"datePublished\":\"2020-12-10T18:34:14+00:00\",\"dateModified\":\"2020-12-13T22:51:13+00:00\",\"author\":{\"@id\":\"https:\/\/yelon.hu\/szuloknek\/#\/schema\/person\/c9fa38f81f80ff5bbd245a64fddaee93\"},\"description\":\"A szem\\u00e9lyes aj\\u00e1nd\\u00e9k sz\\u00edvhez sz\\u00f3l\\u00f3bb, mint a boltban v\\u00e1s\\u00e1rolt, \\u00e9s ha a saj\\u00e1t kezeddel k\\u00e9sz\\u00edted, magadb\\u00f3l is adsz.\",\"inLanguage\":\"hu\",\"potentialAction\":[{\"@type\":\"ReadAction\",\"target\":[\"https:\/\/yelon.hu\/szuloknek\/diy-karacsonyi-ajandekotlet\/\"]}]},{\"@type\":\"Person\",\"@id\":\"https:\/\/yelon.hu\/szuloknek\/#\/schema\/person\/c9fa38f81f80ff5bbd245a64fddaee93\",\"name\":\"B. Zsofi\",\"image\":{\"@type\":\"ImageObject\",\"@id\":\"https:\/\/yelon.hu\/szuloknek\/#personlogo\",\"inLanguage\":\"hu\",\"url\":\"https:\/\/secure.gravatar.com\/avatar\/0936caaf13a2f9714ad4b7bd07dd9bca?s=96&d=mm&r=g\",\"caption\":\"B. Zsofi\"}}]}<\/script>\n<!-- \/ Yoast SEO plugin. -->","_links":{"self":[{"href":"https:\/\/yelon.hu\/szuloknek\/wp-json\/wp\/v2\/posts\/5400"}],"collection":[{"href":"https:\/\/yelon.hu\/szuloknek\/wp-json\/wp\/v2\/posts"}],"about":[{"href":"https:\/\/yelon.hu\/szuloknek\/wp-json\/wp\/v2\/types\/post"}],"author":[{"embeddable":true,"href":"https:\/\/yelon.hu\/szuloknek\/wp-json\/wp\/v2\/users\/9"}],"replies":[{"embeddable":true,"href":"https:\/\/yelon.hu\/szuloknek\/wp-json\/wp\/v2\/comments?post=5400"}],"version-history":[{"count":14,"href":"https:\/\/yelon.hu\/szuloknek\/wp-json\/wp\/v2\/posts\/5400\/revisions"}],"predecessor-version":[{"id":5428,"href":"https:\/\/yelon.hu\/szuloknek\/wp-json\/wp\/v2\/posts\/5400\/revisions\/5428"}],"wp:featuredmedia":[{"embeddable":true,"href":"https:\/\/yelon.hu\/szuloknek\/wp-json\/wp\/v2\/media\/5414"}],"wp:attachment":[{"href":"https:\/\/yelon.hu\/szuloknek\/wp-json\/wp\/v2\/media?parent=5400"}],"wp:term":[{"taxonomy":"category","embeddable":true,"href":"https:\/\/yelon.hu\/szuloknek\/wp-json\/wp\/v2\/categories?post=5400"},{"taxonomy":"post_tag","embeddable":true,"href":"https:\/\/yelon.hu\/szuloknek\/wp-json\/wp\/v2\/tags?post=5400"}],"curies":[{"name":"wp","href":"https:\/\/api.w.org\/{rel}","templated":true}]}}