{"id":5407,"date":"2020-12-10T19:34:27","date_gmt":"2020-12-10T18:34:27","guid":{"rendered":"https:\/\/yelon.hu\/szuloknek\/?p=5407"},"modified":"2020-12-16T11:06:42","modified_gmt":"2020-12-16T10:06:42","slug":"2020-karacsony","status":"publish","type":"post","link":"https:\/\/yelon.hu\/szuloknek\/2020-karacsony\/","title":{"rendered":"Hogyan k\u00e9sz\u00fclj\u00fcnk egy fura 2020 fura kar\u00e1csony\u00e1ra?"},"content":{"rendered":"\n<p>Mit tehet\u00fcnk, hogy legal\u00e1bb szenteste le tudjuk tenni kicsit a f\u00e9lelmeinket, f\u00e1jdalmainkat, \u00e9s az \u00fcnnep igazi \u00fczenet\u00e9re meg egym\u00e1sra tudjunk figyelni? Hogyan seg\u00edthetj\u00fck a gyerekeinket a k\u00e9sz\u00fcl\u0151d\u00e9sben, amikor azt sem tudjuk, mire sz\u00e1m\u00edtsunk? Lesznek vend\u00e9geink? Fogunk tal\u00e1lkozni a nagysz\u00fcl\u0151kkel? Egy\u00fctt t\u00f6lthetj\u00fck az est\u00e9t? Megannyi k\u00e9rd\u00e9s, amikn\u00e9l ez\u00fattal nem rajtunk m\u00falik, hogy megtal\u00e1ljuk-e a j\u00f3 v\u00e1laszokat&#8230;<\/p>\n\n\n\n<!--more-->\n\n\n\n<p>Az idei kar\u00e1csony biztosan m\u00e1s lesz, mint a t\u00f6bbi \u2013 val\u00f3sz\u00edn\u0171leg sok \u00f6lel\u00e9st \u00e9s tal\u00e1lkoz\u00e1st fogunk hi\u00e1nyolni. Fontos, hogy ezekr\u0151l tudjunk besz\u00e9lni, besz\u00e9lgetni: <a href=\"https:\/\/yelon.hu\/szuloknek\/szorongas-konyvajanlo\/\" target=\"_blank\" rel=\"noreferrer noopener\">ha f\u00e9l\u00fcnk, bizonytalanok vagyunk, agg\u00f3dunk, azt a gyerekek \u00fagyis \u00e9rzik<\/a>. Ha megosztjuk vel\u00fck ennek az okait, az seg\u00edthet sz\u00e1mukra meg\u00e9rteni \u00e9s elfogadni a helyzetet, m\u00edg ha csak a fesz\u00fclts\u00e9get \u00e9rzik, maguk pr\u00f3b\u00e1lnak majd meg magyar\u00e1zatot tal\u00e1lni r\u00e1, ami viszont lehet, hogy sokkal aggaszt\u00f3bb \u00e9s f\u00e9lelmetesebb lesz, mint a val\u00f3s\u00e1g.<\/p>\n\n\n\n<p>Minden neh\u00e9zs\u00e9ge mellett ez a helyzet seg\u00edthet, hogy amiben viszont r\u00e9sz\u00fcnk lehet, azt jobban tudjuk majd \u00e9rt\u00e9kelni, \u00e9s a gyerekeket is t\u00e1mogathatjuk abban, hogy a figyelm\u00fcket a j\u00f3 dolgokra ir\u00e1ny\u00edts\u00e1k.<\/p>\n\n\n\n<h2>Keress\u00fck meg egy\u00fctt az apr\u00f3 sz\u00e9ps\u00e9geket!<\/h2>\n\n\n\n<p>A kar\u00e1csony nem december 24-\u00e9n este kezd\u0151dik: az azt megel\u0151z\u0151 hetek hangulata, a v\u00e1rakoz\u00e1s \u00f6r\u00f6me nagyban meghat\u00e1rozza, hogy hogyan tudunk \u00f6sszegy\u0171lni v\u00e9g\u00fcl a fa k\u00f6r\u00fcl. A <a href=\"https:\/\/www.facebook.com\/events\/422799992062190\/?active_tab=discussion\" target=\"_blank\" rel=\"noreferrer noopener\">Yelon adventi kalend\u00e1rium\u00e1ban<\/a> minden nap tal\u00e1ltok valami apr\u00f3 tippet, \u00f6tletet a <a href=\"https:\/\/yelon.hu\/szuloknek\/tudatos-jelenlet-a-gyereknevelesben\/\" target=\"_blank\" rel=\"noreferrer noopener\">min\u0151s\u00e9gi, k\u00f6z\u00f6s id\u0151re<\/a> \u2013 adjatok ebben az id\u0151szakban egym\u00e1snak magatokb\u00f3l! Ha visszagondoltok gyerekkorotok kar\u00e1csonyaira, val\u00f3sz\u00edn\u0171, hogy nem az aj\u00e1nd\u00e9kokat, hanem a k\u00f6z\u00f6s \u00e9lm\u00e9nyeket tudj\u00e1tok ma is pontosan felid\u00e9zni. Tegyetek ezekb\u0151l min\u00e9l t\u00f6bbet a gyerekek csomagj\u00e1ba t\u00e1rgyak helyett. K\u00f6zben r\u00e1ad\u00e1sul lehet\u0151s\u00e9getek ny\u00edlhat \u00e1tbesz\u00e9lni az esetleges f\u00e9lelmeket, bizonytalans\u00e1gokat is.<\/p>\n\n\n\n<h2>Legyen B meg C meg&#8230; ZS-terved is?<\/h2>\n\n\n\n<p>Val\u00f3sz\u00edn\u0171leg nincs ember, aki az idei \u00e9vben ne k\u00e9pezte volna mag\u00e1t mesterr\u00e9 \u00fajratervez\u00e9sb\u0151l, de alighanem m\u00e1r az igaz\u00e1n profik is rettenetesen unj\u00e1k. Nagyon sok k\u00e9rd\u00e9sre december 21-\u00e9n fogunk v\u00e1laszt kapni, addig pedig kb. lehetetlen mindenre felk\u00e9sz\u00fclni (H\u00e1nyan lesz\u00fcnk v\u00e9g\u00fcl? Ki \u00e9s mit f\u0151z? Mennyi alapanyagot vegyek? H\u00e1ny aj\u00e1nd\u00e9k \u00e9s mennyi csomagol\u00f3pap\u00edr kell? Ki kivel, hogyan, mikor, hova utazik? Meddig marad? Hol alszik?). Hacsak&#8230; hacsak nem enged\u00fcnk valamennyit a szok\u00e1sainkb\u00f3l, elv\u00e1r\u00e1sainkb\u00f3l, v\u00e1rakoz\u00e1sainkb\u00f3l.<\/p>\n\n\n\n<p>Megpr\u00f3b\u00e1lhatjuk el\u0151re lemodellezni az \u00f6sszes lehets\u00e9ges forgat\u00f3k\u00f6nyvet, \u00e9s azokra k\u00fcl\u00f6nf\u00e9le tervekkel el\u0151\u00e1llni \u2013 vagy koncentr\u00e1lhatunk a l\u00e9nyegre, a r\u00e9szletekb\u0151l meg csin\u00e1lhatunk j\u00e1t\u00e9kot. A gyerekeknek val\u00f3sz\u00edn\u0171leg semmi baja nem lesz, ha a v\u00e9g\u00e9n esetleg valami mirelit- vagy f\u00e9lk\u00e9sz \u00e9tel oldja meg az \u00fcnnepi men\u00fc k\u00e9rd\u00e9s\u00e9t, mert t\u00f6bben lett\u00fcnk, vagy ha valaki matracon alszik majd a nappaliban: j\u00e1tszhatunk kempingesdit, vagy improviz\u00e1lhatunk a konyh\u00e1ban, \u00e9s szervezhet\u00fcnk last minute f\u0151z\u0151- \u00e9s kreativit\u00e1si versenyt a rendelkez\u00e9sre \u00e1ll\u00f3 alapanyagokb\u00f3l, \u00e9p\u00edthet\u00fcnk tornyot a konzervekb\u0151l \u00e9s bunkert az \u00e1gynem\u0171kb\u0151l, el\u00e9nekelhetj\u00fck az \u00fcnnepi dalainkat telefonon vagy online is k\u00f6z\u00f6sen.<\/p>\n\n\n\n<p>Ha valahogy meg tudjuk \u0151rizni magunkban a boldogs\u00e1g\u00e1t annak, hogy b\u00e1r id\u00e9n tal\u00e1n csak l\u00e9lekben \u00e9s gondolatban, de vannak, akikkel boldogan osztjuk meg a kar\u00e1csony \u00f6r\u00f6m\u00e9t, az \u00fcnnep akkor is igazi lesz, ha a k\u00f6r\u00fclm\u00e9nyek most kicsit esetlegesek, kisz\u00e1m\u00edthatatlanok \u00e9s sut\u00e1k. M\u00e1r csak az\u00e9rt is \u00e9rdemes ink\u00e1bb a tartalomra figyelni a forma helyett id\u00e9n, mert j\u00f3 es\u00e9llyel erre a kar\u00e1csonyra m\u00e9g sok\u00e1ig eml\u00e9kezni fogunk.<\/p>\n\n\n\n<h2>A megszokott aj\u00e1nd\u00e9kok helyett<\/h2>\n\n\n\n<p>Eg\u00e9szen biztos, hogy mindenki sz\u00e1m\u00e1ra neh\u00e9z volt ez az \u00e9v, \u00e9s sok olyan k\u00e9rd\u00e9ssel szembes\u00fclt\u00fcnk mindannyian, amivel kor\u00e1bban sosem \u2013 sokan pedig igaz\u00e1n neh\u00e9z helyzetbe ker\u00fcltek az \u00e9v sor\u00e1n. A t\u00e1voli rokonoknak \u00e9s munkat\u00e1rsaknak sz\u00e1nt pro forma kozmetikumcsomagok, zoknik \u00e9s \u00e9dess\u00e9ghalmok helyett gondolkodhatsz id\u00e9n olyan aj\u00e1nd\u00e9kokban, amik az \u00e9rintettnek mag\u00e1nak vagy a t\u00e1gabb k\u00f6z\u00f6ss\u00e9g\u00e9nek seg\u00edtenek.<\/p>\n\n\n\n<p>A <a href=\"https:\/\/hintalovon.hu\/adomanybolt\/\" target=\"_blank\" rel=\"noreferrer noopener\">Hintalovon Alap\u00edtv\u00e1ny adom\u00e1nyboltj\u00e1ban<\/a> olyan hasznos tudnival\u00f3kat, seg\u00e9danyagokat tal\u00e1lsz, amik mindenkinek j\u00f3l j\u00f6hetnek, aki akadt m\u00e1r el a <a href=\"https:\/\/yelon.hu\/szuloknek\/mitol-lesz-valaki-jo-apa\/\" target=\"_blank\" rel=\"noreferrer noopener\">gyereknevel\u00e9ssel<\/a> vagy <a href=\"https:\/\/yelon.hu\/szuloknek\/gyerekeknek-a-gyerekjogokrol\/\" target=\"_blank\" rel=\"noreferrer noopener\">gyerekjogokkal<\/a> kapcsolatos k\u00e9rd\u00e9sben, vagy seg\u00edts\u00e9get keres ezekben az <a href=\"https:\/\/hintalovon.hu\/termekkategoria\/online-szuloseg\/\" target=\"_blank\" rel=\"noreferrer noopener\">online sz\u00fcl\u0151s\u00e9gt\u0151l<\/a> a <a href=\"https:\/\/hintalovon.hu\/termekkategoria\/szexedukacio\/\" target=\"_blank\" rel=\"noreferrer noopener\">szexu\u00e1lis felvil\u00e1gos\u00edt\u00e1son<\/a> \u00e1t a <a href=\"https:\/\/hintalovon.hu\/termekkategoria\/oktatas\/\" target=\"_blank\" rel=\"noreferrer noopener\">digit\u00e1lis oktat\u00e1sig<\/a>.<\/p>\n\n\n\n<p>De v\u00e1logathatsz olyan aj\u00e1nd\u00e9kokb\u00f3l is, amivel nemcsak a megaj\u00e1nd\u00e9kozottnak, hanem a k\u00e9sz\u00edt\u0151j\u00e9nek is seg\u00edtesz: ha hazai tervez\u0151kt\u0151l v\u00e1s\u00e1rolsz, vagy <a href=\"https:\/\/hintalovon.hu\/termekkategoria\/ajandektargyak\/\" target=\"_blank\" rel=\"noreferrer noopener\">seg\u00edt\u0151 aj\u00e1nd\u00e9kot v\u00e1lasztasz<\/a>, egy csod\u00e1s t\u00e1rgy mellett t\u00e1mogat\u00e1st is ny\u00fajtasz azoknak a szervezeteknek, amelyek sz\u00e1m\u00e1ra ez ebben az id\u0151szakban rengeteget jelenthet.<\/p>\n\n\n\n<p>A Yelon programot m\u0171k\u00f6dtet\u0151 <a href=\"https:\/\/hintalovon.hu\/termek\/je-suis-belle-x-hintalovon-uniszex-polo-m-meret\/\" target=\"_blank\" rel=\"noreferrer noopener\">Hintalovon Alap\u00edtv\u00e1ny idei kar\u00e1csonyi term\u00e9k\u00e9t<\/a> p\u00e9ld\u00e1ul a Je Suis Belle designere, Kiss Tibi tervezte, az eredm\u00e9ny pedig egy olyan men\u0151 p\u00f3l\u00f3, amelynek \u00e1r\u00e1val az alap\u00edtv\u00e1ny munk\u00e1j\u00e1t t\u00e1mogatod.<\/p>\n\n\n\n<p>A legt\u00f6bb civil szervezet k\u00e9sz\u00fclt hasonl\u00f3 meglepet\u00e9sekkel, de a hagyom\u00e1nyos, <a href=\"https:\/\/hintalovon.hu\/2018\/11\/12\/penzadomany\/\">p\u00e9nzbeli t\u00e1mogat\u00e1s<\/a> sem megy ki soha a divatb\u00f3l \u2013 akinek \u201emindene megvan\u201d, \u00e9s minden \u00e9vben fejt\u00f6r\u00e9st okoz, hogy mivel lepj\u00e9k meg, id\u00e9n kaphat egy, a nev\u00e9ben egy sz\u00e1m\u00e1ra kedves szervezet r\u00e9sz\u00e9re \u00e1tutalt t\u00e1mogat\u00e1st.<\/p>\n\n\n\n<h2>A kar\u00e1csony szelleme<\/h2>\n\n\n\n<p>Az \u00fcnnep szellemis\u00e9ge, hangulata mi vagyunk \u2013 vigy\u00e1zzatok magatokra, egym\u00e1sra, \u00e9s az adventi v\u00e1rakoz\u00e1s sor\u00e1n pr\u00f3b\u00e1ljatok meg id\u00e9n az igaz\u00e1n fontos dolgokra f\u00f3kusz\u00e1lni!<\/p>\n\n\n\n<p>Boldog, b\u00e9k\u00e9s, der\u0171s kar\u00e1csonyt k\u00edv\u00e1nunk!<\/p>\n\n\n\n<p><em>Ha sz\u00edvesen k\u00e9sz\u00edten\u00e9l <a href=\"https:\/\/yelon.hu\/szuloknek\/diy-karacsonyi-ajandekotlet\/\" target=\"_blank\" rel=\"noreferrer noopener\">igaz\u00e1n szem\u00e9lyes aj\u00e1nd\u00e9kokat, olvasd el ezt a cikk\u00fcnket is!<\/a><\/em><\/p>\n\n\n\n<p><em>Kiemelt k\u00e9p <a rel=\"noreferrer noopener\" href=\"https:\/\/unsplash.com\/\" target=\"_blank\">innen<\/a><\/em><\/p>\n","protected":false},"excerpt":{"rendered":"<p>Mik\u00f6zben a k\u00f6r\u00fcl\u00f6tt\u00fcnk l\u00e9v\u0151 sok bizonytalans\u00e1g miatt mindenki v\u00e1gyna egy \u201enorm\u00e1lis\u201d kar\u00e1csonyra, val\u00f3sz\u00edn\u0171bb, hogy egy minden szempontb\u00f3l rendhagy\u00f3 \u00fcnnepre kell k\u00e9sz\u00fcln\u00fcnk.<\/p>\n","protected":false},"author":9,"featured_media":5413,"comment_status":"closed","ping_status":"closed","sticky":false,"template":"","format":"standard","meta":[],"categories":[33],"tags":[2031,2029,2028,2021,2032,2027,2020,2026,2033,2030],"yoast_head":"<!-- This site is optimized with the Yoast SEO plugin v15.1 - https:\/\/yoast.com\/wordpress\/plugins\/seo\/ -->\n<title>Hogyan k\u00e9sz\u00fclj\u00fcnk egy fura 2020 fura kar\u00e1csony\u00e1ra? - Yelon<\/title>\n<meta name=\"description\" content=\"Id\u00e9n a kor\u00e1bbi \u00e9vekn\u00e9l is fontosabb, hogy a k\u00fcls\u0151 k\u00f6r\u00fclm\u00e9nyekt\u0151l f\u00fcggetlen\u00fcl, magunkban meg tudjuk teremteni az \u00fcnnepet.\" \/>\n<meta name=\"robots\" content=\"index, follow, max-snippet:-1, max-image-preview:large, max-video-preview:-1\" \/>\n<link rel=\"canonical\" href=\"https:\/\/yelon.hu\/szuloknek\/2020-karacsony\/\" \/>\n<meta property=\"og:locale\" content=\"hu_HU\" \/>\n<meta property=\"og:type\" content=\"article\" \/>\n<meta property=\"og:title\" content=\"Hogyan k\u00e9sz\u00fclj\u00fcnk egy fura 2020 fura kar\u00e1csony\u00e1ra? - Yelon\" \/>\n<meta property=\"og:description\" content=\"Id\u00e9n a kor\u00e1bbi \u00e9vekn\u00e9l is fontosabb, hogy a k\u00fcls\u0151 k\u00f6r\u00fclm\u00e9nyekt\u0151l f\u00fcggetlen\u00fcl, magunkban meg tudjuk teremteni az \u00fcnnepet.\" \/>\n<meta property=\"og:url\" content=\"https:\/\/yelon.hu\/szuloknek\/2020-karacsony\/\" \/>\n<meta property=\"og:site_name\" content=\"Yelon\" \/>\n<meta property=\"article:published_time\" content=\"2020-12-10T18:34:27+00:00\" \/>\n<meta property=\"article:modified_time\" content=\"2020-12-16T10:06:42+00:00\" \/>\n<meta property=\"og:image\" content=\"https:\/\/yelon.hu\/szuloknek\/wp-content\/uploads\/2020\/12\/2020-karacsony-felkeszules.jpg\" \/>\n\t<meta property=\"og:image:width\" content=\"1920\" \/>\n\t<meta property=\"og:image:height\" content=\"1280\" \/>\n<meta name=\"twitter:card\" content=\"summary_large_image\" \/>\n<script type=\"application\/ld+json\" class=\"yoast-schema-graph\">{\"@context\":\"https:\/\/schema.org\",\"@graph\":[{\"@type\":\"WebSite\",\"@id\":\"https:\/\/yelon.hu\/szuloknek\/#website\",\"url\":\"https:\/\/yelon.hu\/szuloknek\/\",\"name\":\"Yelon\",\"description\":\"Kamaszoknak \\u00e9s sz\\u00fcl\\u0151knek sz\\u00f3l\\u00f3 online magazin\",\"potentialAction\":[{\"@type\":\"SearchAction\",\"target\":\"https:\/\/yelon.hu\/szuloknek\/?s={search_term_string}\",\"query-input\":\"required name=search_term_string\"}],\"inLanguage\":\"hu\"},{\"@type\":\"ImageObject\",\"@id\":\"https:\/\/yelon.hu\/szuloknek\/2020-karacsony\/#primaryimage\",\"inLanguage\":\"hu\",\"url\":\"https:\/\/yelon.hu\/szuloknek\/wp-content\/uploads\/2020\/12\/2020-karacsony-felkeszules.jpg\",\"width\":1920,\"height\":1280,\"caption\":\"2020 kar\\u00e1csony\"},{\"@type\":\"WebPage\",\"@id\":\"https:\/\/yelon.hu\/szuloknek\/2020-karacsony\/#webpage\",\"url\":\"https:\/\/yelon.hu\/szuloknek\/2020-karacsony\/\",\"name\":\"Hogyan k\\u00e9sz\\u00fclj\\u00fcnk egy fura 2020 fura kar\\u00e1csony\\u00e1ra? - Yelon\",\"isPartOf\":{\"@id\":\"https:\/\/yelon.hu\/szuloknek\/#website\"},\"primaryImageOfPage\":{\"@id\":\"https:\/\/yelon.hu\/szuloknek\/2020-karacsony\/#primaryimage\"},\"datePublished\":\"2020-12-10T18:34:27+00:00\",\"dateModified\":\"2020-12-16T10:06:42+00:00\",\"author\":{\"@id\":\"https:\/\/yelon.hu\/szuloknek\/#\/schema\/person\/c9fa38f81f80ff5bbd245a64fddaee93\"},\"description\":\"Id\\u00e9n a kor\\u00e1bbi \\u00e9vekn\\u00e9l is fontosabb, hogy a k\\u00fcls\\u0151 k\\u00f6r\\u00fclm\\u00e9nyekt\\u0151l f\\u00fcggetlen\\u00fcl, magunkban meg tudjuk teremteni az \\u00fcnnepet.\",\"inLanguage\":\"hu\",\"potentialAction\":[{\"@type\":\"ReadAction\",\"target\":[\"https:\/\/yelon.hu\/szuloknek\/2020-karacsony\/\"]}]},{\"@type\":\"Person\",\"@id\":\"https:\/\/yelon.hu\/szuloknek\/#\/schema\/person\/c9fa38f81f80ff5bbd245a64fddaee93\",\"name\":\"B. Zsofi\",\"image\":{\"@type\":\"ImageObject\",\"@id\":\"https:\/\/yelon.hu\/szuloknek\/#personlogo\",\"inLanguage\":\"hu\",\"url\":\"https:\/\/secure.gravatar.com\/avatar\/0936caaf13a2f9714ad4b7bd07dd9bca?s=96&d=mm&r=g\",\"caption\":\"B. Zsofi\"}}]}<\/script>\n<!-- \/ Yoast SEO plugin. -->","_links":{"self":[{"href":"https:\/\/yelon.hu\/szuloknek\/wp-json\/wp\/v2\/posts\/5407"}],"collection":[{"href":"https:\/\/yelon.hu\/szuloknek\/wp-json\/wp\/v2\/posts"}],"about":[{"href":"https:\/\/yelon.hu\/szuloknek\/wp-json\/wp\/v2\/types\/post"}],"author":[{"embeddable":true,"href":"https:\/\/yelon.hu\/szuloknek\/wp-json\/wp\/v2\/users\/9"}],"replies":[{"embeddable":true,"href":"https:\/\/yelon.hu\/szuloknek\/wp-json\/wp\/v2\/comments?post=5407"}],"version-history":[{"count":8,"href":"https:\/\/yelon.hu\/szuloknek\/wp-json\/wp\/v2\/posts\/5407\/revisions"}],"predecessor-version":[{"id":5424,"href":"https:\/\/yelon.hu\/szuloknek\/wp-json\/wp\/v2\/posts\/5407\/revisions\/5424"}],"wp:featuredmedia":[{"embeddable":true,"href":"https:\/\/yelon.hu\/szuloknek\/wp-json\/wp\/v2\/media\/5413"}],"wp:attachment":[{"href":"https:\/\/yelon.hu\/szuloknek\/wp-json\/wp\/v2\/media?parent=5407"}],"wp:term":[{"taxonomy":"category","embeddable":true,"href":"https:\/\/yelon.hu\/szuloknek\/wp-json\/wp\/v2\/categories?post=5407"},{"taxonomy":"post_tag","embeddable":true,"href":"https:\/\/yelon.hu\/szuloknek\/wp-json\/wp\/v2\/tags?post=5407"}],"curies":[{"name":"wp","href":"https:\/\/api.w.org\/{rel}","templated":true}]}}