{"id":5471,"date":"2021-01-14T09:25:30","date_gmt":"2021-01-14T08:25:30","guid":{"rendered":"https:\/\/yelon.hu\/szuloknek\/?p=5471"},"modified":"2021-01-18T17:45:21","modified_gmt":"2021-01-18T16:45:21","slug":"kapcsolattartas-valas-utan","status":"publish","type":"post","link":"https:\/\/yelon.hu\/szuloknek\/kapcsolattartas-valas-utan\/","title":{"rendered":"Kapcsolattart\u00e1s k\u00fcl\u00f6nv\u00e1l\u00e1s ut\u00e1n: a gyerek sz\u00fcks\u00e9gletei szerint"},"content":{"rendered":"\n<p>A k\u00fcl\u00f6nv\u00e1l\u00e1s a gyereket is \u00e9rinti, akkor is, ha a feln\u0151ttek k\u00f6z\u00f6tt zajlik. <a href=\"https:\/\/yelon.hu\/szuloknek\/gyerekeknek-a-gyerekjogokrol\/\" target=\"_blank\" rel=\"noreferrer noopener\">Neki \u00e9ppen \u00fagy vannak jogai<\/a> a v\u00e1l\u00e1s\/k\u00fcl\u00f6nk\u00f6lt\u00f6z\u00e9s sor\u00e1n, mint a sz\u00fcl\u0151knek, ez\u00e9rt nagyon fontos, hogy a feln\u0151ttek ne csak magukra gondoljanak, hanem legyenek tekintettel r\u00e1 is. A gyereknek ugyanis alapvet\u0151 joga, hogy a v\u00e1l\u00e1s ut\u00e1n is kapcsolatot tarthasson mindk\u00e9t sz\u00fcl\u0151j\u00e9vel, illetve minden t\u00e1mogat\u00e1st megkaphasson t\u0151l\u00fck ahhoz, hogy ezt a jog\u00e1t \u00e9rv\u00e9nyes\u00edthesse.<\/p>\n\n\n\n<!--more-->\n\n\n\n<p>A jogszab\u00e1lyok is azt a hozz\u00e1\u00e1ll\u00e1st t\u00e1mogatj\u00e1k, hogy a sz\u00fcl\u0151k k\u00f6z\u00f6sen, egym\u00e1ssal tov\u00e1bbra is <a href=\"https:\/\/hintalovon.hu\/termek\/kommunikacio-valaskor\/\" target=\"_blank\" rel=\"noreferrer noopener\">egy\u00fcttm\u0171k\u00f6dve<\/a>, gyakorlatilag a k\u00fcl\u00f6nv\u00e1l\u00e1st\u00f3l f\u00fcggetlen\u00fcl is k\u00f6z\u00f6sen nevelj\u00e9k a gyerek\u00fcket. Ha ezt siker\u00fcl el\u00e9rni, ha egym\u00e1shoz, a <a href=\"https:\/\/yelon.hu\/szuloknek\/kapcsolattartas-a-szulokkel-a-jarvany-alatt\/\" target=\"_blank\" rel=\"noreferrer noopener\">gyerek\u00fckh\u00f6z<\/a> \u00e9s a megv\u00e1ltozott k\u00f6r\u00fclm\u00e9nyekhez kell\u0151 rugalmass\u00e1ggal k\u00e9pesek alkalmazkodni az \u00e9letk\u00f6z\u00f6ss\u00e9g megszakad\u00e1sa ut\u00e1n is, akkor elmondhatj\u00e1k, hogy siker\u00fclt <a href=\"https:\/\/hintalovon.hu\/termek\/valni-gyerekkel\/\" target=\"_blank\" rel=\"noreferrer noopener\">\u201ej\u00f3l elv\u00e1lni\u201d<\/a>.<\/p>\n\n\n\n<h2><strong>Gyerekk\u00f6zpont\u00fa megk\u00f6zel\u00edt\u00e9s<\/strong><\/h2>\n\n\n\n<p>A v\u00e1l\u00e1s sosem egyszer\u0171, sokszor neh\u00e9z j\u00f3 d\u00f6nt\u00e9seket hozni, \u00e9s j\u00f3zanul m\u00e9rlegelve, a gyerek \u00e9rdekeit szem el\u0151tt tartva cselekedni. A <a href=\"https:\/\/hintalovon.hu\/\" target=\"_blank\" rel=\"noreferrer noopener\">Hintalovon Gyermekjogi Alap\u00edtv\u00e1ny<\/a> a l\u00e9trej\u00f6tte \u00f3ta eltelt \u00e9vek alatt sz\u00e1mos esetben foglalkozott v\u00e1l\u00e1si, <a href=\"https:\/\/yelon.hu\/szuloknek\/kapcsolattartas-koronavirus\/\" target=\"_blank\" rel=\"noreferrer noopener\">kapcsolattart\u00e1si<\/a> \u00fcgyekkel. Az \u00edgy szerzett tapasztalatok alapj\u00e1n az alap\u00edtv\u00e1ny szakemberei \u00f6sszegy\u0171jt\u00f6tt\u00e9k \u00e9s egy kiadv\u00e1nyban rendszerezt\u00e9k a v\u00e1l\u00e1s \u00e9s a kapcsolattart\u00e1s szempontjait, aj\u00e1nl\u00e1sait.&nbsp;<\/p>\n\n\n\n<p>Az \u00fatmutat\u00f3 mindenekfelett a gyerek \u00e9rdekeit veszi alapul, \u00e9s abban seg\u00edti a sz\u00fcl\u0151ket, hogy k\u00e9pesek legyenek ezzel a gyerekk\u00f6zpont\u00fa megk\u00f6zel\u00edt\u00e9ssel tekinteni a v\u00e1l\u00e1sukra, illetve abban t\u00e1mogatja a k\u00fcl\u00f6n\u00e9l\u0151 feleket, hogy a kiadv\u00e1ny seg\u00edts\u00e9g\u00e9vel elsaj\u00e1t\u00edthass\u00e1k a v\u00e1l\u00e1s gyerekk\u00f6zpont\u00fa gyakorlati m\u00f3dszer\u00e9t.<\/p>\n\n\n\n<h2><strong>Mikor mire van sz\u00fcks\u00e9ge a gyereknek?<\/strong><\/h2>\n\n\n\n<p>A kor\u00e1bbiakhoz k\u00e9pest m\u00f3dosult a fel\u00fcgyeleti jogokat szab\u00e1lyoz\u00f3 t\u00f6rv\u00e9ny. A jelenlegi jogszab\u00e1ly a sz\u00fcl\u0151i fel\u00fcgyelet gyakorl\u00e1s\u00e1ra h\u00e1romf\u00e9le megold\u00e1st k\u00edn\u00e1l. Az aj\u00e1nl\u00e1s ismerteti e h\u00e1rom lehet\u0151s\u00e9get, ezzel is seg\u00edtve a k\u00fcl\u00f6n\u00e9l\u0151 sz\u00fcl\u0151ket abban, hogy a gyerek \u00e9rdekeit figyelembe v\u00e9ve hozhass\u00e1k meg k\u00f6z\u00f6s d\u00f6nt\u00e9s\u00fcket a kapcsolattart\u00e1s rendj\u00e9r\u0151l.&nbsp;<\/p>\n\n\n\n<p>A kiadv\u00e1ny kit\u00e9r a gyerekek fejl\u0151d\u00e9s\u00e9nek k\u00fcl\u00f6nf\u00e9le szakaszaira, a k\u00fcl\u00f6nb\u00f6z\u0151 \u00e9letkorok sz\u00fcks\u00e9gleteire is. Ez azonban csak ir\u00e1nymutat\u00e1s: minden esetben figyelembe kell venni a k\u00f6r\u00fclm\u00e9nyeket, a gyerek saj\u00e1tos ig\u00e9nyeit, sz\u00fcks\u00e9gleteit, hiszen minden eset egyedi, amelyeket szem el\u0151tt tartva lehet csak kialak\u00edtani a megfelel\u0151 kapcsolattart\u00e1si rendet a k\u00fcl\u00f6n\u00e9l\u0151 sz\u00fcl\u0151vel.<\/p>\n\n\n\n<p>Az alap\u00edtv\u00e1ny \u00fatmutat\u00e1sk\u00e9nt fogalmazza meg azokat a szempontokat, opci\u00f3kat, amelyek a k\u00f6z\u00f6s meg\u00e1llapod\u00e1shoz vezehetnek. Ugyanis egyetlen v\u00e1l\u00e1s sor\u00e1n sem szabad \u00e1ltal\u00e1nos\u00edtani, minden egyes eset k\u00fcl\u00f6nb\u00f6z\u0151, minden k\u00f6r\u00fclm\u00e9nyt egyenk\u00e9nt kell m\u00e9rlegelni, majd a k\u00fcl\u00f6nf\u00e9le szempontokat figyelembe v\u00e9ve d\u00f6nteni. Nincsenek k\u00f6telez\u0151en elfogadhat\u00f3 p\u00e9ld\u00e1k \u2013 a kiadv\u00e1ny is csak arra tesz k\u00eds\u00e9rletet, hogy felv\u00e1zoljon egy lehets\u00e9ges kapcsolattart\u00e1si rendet.<\/p>\n\n\n\n<h2><strong>Kin\u00e9l legyen a gyerek az \u00fcnnepnapokon?<\/strong><\/h2>\n\n\n\n<p>A kiadv\u00e1ny k\u00fcl\u00f6n foglalkozik a kapcsolattart\u00e1s k\u00fcl\u00f6nlegesebb alkalmaival is. Felsorolja a Magyarorsz\u00e1gon hivatalosan \u00fcnnepnapk\u00e9nt sz\u00e1mon tartott napokat, javaslatokat tesz m\u00e1s \u00fcnnepeken, illetve vall\u00e1si jeles napokon, sz\u00fclet\u00e9s- \u00e9s n\u00e9vnapokon a kapcsolattart\u00e1s pontos menet\u00e9re, az iskolai sz\u00fcnetekre. A sz\u00fcl\u0151k olvashatnak az \u00fcnnepek megtervez\u00e9s\u00e9nek szempontjair\u00f3l (hosszabb id\u0151tartam p\u00e9ld\u00e1ul vak\u00e1ci\u00f3 eset\u00e9n, messze lak\u00f3 rokonok miatt megn\u00f6vekedett utaz\u00e1si id\u0151). Arr\u00f3l is tesz javaslatokat az \u00fatmutat\u00f3, hogy amennyiben bizonyos \u00fcnnepek els\u0151bbs\u00e9get \u00e9lvezhetnek az egy\u00e9bk\u00e9nt szok\u00e1sos kapcsolattart\u00e1si \u00fctemtervhez k\u00e9pest, az \u00fcnnepek eltelt\u00e9vel hogyan kell visszat\u00e9rni a szok\u00e1sos menetrendhez.<\/p>\n\n\n\n<h2><strong>Kapcsolattart\u00e1si rend a k\u00fcl\u00f6nb\u00f6z\u0151 \u00e9letkorok szerint<\/strong><\/h2>\n\n\n\n<p>A kapcsolattart\u00e1si rend kidolgoz\u00e1sakor figyelembe kell venni t\u00f6bbek k\u00f6z\u00f6tt a gyerek \u00e9letkor\u00e1t \u2013 a kiadv\u00e1ny a k\u00f6vetkez\u0151k\u00e9ppen hat\u00e1rozza meg, hogy mely \u00e9letkorok alapj\u00e1n alak\u00edthat\u00f3 ki a kapcsolattart\u00e1si rend. Az al\u00e1bbi koroszt\u00e1lyos besorol\u00e1s mellett figyelembe kell venni a gyerek nem\u00e9t, fejletts\u00e9gi szintj\u00e9t, eg\u00e9szs\u00e9gi \u00e1llapot\u00e1t.<\/p>\n\n\n\n<p>Kapcsolattart\u00e1si rend:<\/p>\n\n\n\n<ul><li>csecsem\u0151kor \u00e9s 3 \u00e9ves kor k\u00f6z\u00f6tt<\/li><li>3\u20135 \u00e9ves kor k\u00f6z\u00f6tt<\/li><li>6\u201311 \u00e9ves kor k\u00f6z\u00f6tt<\/li><li>12\u201318 \u00e9ves kor k\u00f6z\u00f6tt<\/li><\/ul>\n\n\n\n<p>A kiadv\u00e1nyban arr\u00f3l is lehet olvasni, hogy vannak olyan speci\u00e1lis k\u00f6r\u00fclm\u00e9nyek, amelyek befoly\u00e1solhatj\u00e1k a sz\u00fcl\u0151k k\u00f6z\u00f6s meg\u00e1llapod\u00e1s\u00e1t a gyerekekkel val\u00f3 kapcsolattart\u00e1s kialak\u00edt\u00e1sakor.<\/p>\n\n\n\n<p>Ha felmer\u00fcl a <a href=\"https:\/\/yelon.hu\/szuloknek\/patrick-melrose-gyerekkori-traumak-felnottkent\/\" target=\"_blank\" rel=\"noreferrer noopener\">gyermekb\u00e1ntalmaz\u00e1s<\/a> vagy az elhanyagol\u00e1s, s\u00falyos ment\u00e1lis vagy \u00e9rzelmi rendelleness\u00e9g, <a href=\"https:\/\/yelon.hu\/szuloknek\/alkohol-es-drogok-hogyan-beszelgessunk-roluk\/\">k\u00e1b\u00edt\u00f3szerrel<\/a> vagy <a href=\"https:\/\/yelon.hu\/szuloknek\/kamaszok-alkohol\/\">alkohollal<\/a> t\u00f6rt\u00e9n\u0151 vissza\u00e9l\u00e9s vagy b\u0171ncselekm\u00e9ny gyan\u00faja, esetleg hosszantart\u00f3an elm\u00e9rgesedett a sz\u00fcl\u0151k k\u00f6z\u00f6tt a konfliktus, teh\u00e1t egy gyerek <a href=\"https:\/\/yelon.hu\/szuloknek\/a-gyerekveres-nem-segit\/\" target=\"_blank\" rel=\"noreferrer noopener\">testi<\/a> vagy \u00e9rzelmi biztons\u00e1ga b\u00e1rmilyen szempontb\u00f3l vesz\u00e9lyben van, akkor mindenk\u00e9pp sz\u00fcks\u00e9ges ig\u00e9nybe venni jog\u00e1sz, medi\u00e1tor, pszichol\u00f3gus, coach, ment\u00e1lhigi\u00e9n\u00e9s szakember, helyi gyermekj\u00f3l\u00e9ti szolg\u00e1lat, b\u00edr\u00f3s\u00e1g vagy egy\u00e9b hat\u00f3s\u00e1g <a href=\"https:\/\/yelon.hu\/szuloknek\/segitseg-ha-bajban-van-egy-gyerek\/\" target=\"_blank\" rel=\"noreferrer noopener\">seg\u00edts\u00e9g\u00e9t<\/a> az \u00fcgyben.<\/p>\n\n\n\n<h2><strong>Praktikus ir\u00e1nymutat\u00e1s \u00fctemez\u00e9si tervvel<\/strong><\/h2>\n\n\n\n<p>Ahhoz, hogy praktikusan is seg\u00edts\u00fcnk a sz\u00fcl\u0151knek ebben a kor\u00e1ntsem k\u00f6nny\u0171 helyzetben, b\u00e1rki sz\u00e1m\u00e1ra k\u00f6nnyen haszn\u00e1lhat\u00f3 \u00fctemez\u00e9si munkalapokat \u00e1ll\u00edtottunk \u00f6ssze. Ezek a lapok kinyomtatva, egy napt\u00e1rral egy\u00fctt a kapcsolattart\u00e1si rend megtervez\u00e9s\u00e9nek lehetnek az eszk\u00f6zei, ir\u00e1nyad\u00f3i.<\/p>\n\n\n\n<p>K\u00fcl\u00f6n munkalapon szerepel a kapcsolattart\u00e1s heti beoszt\u00e1sa, az iskolai sz\u00fcnetek \u00fctemez\u00e9se, tetsz\u00e9s szerint be\u00edrhat\u00f3k az \u00fcres rubrik\u00e1kban a sz\u00fcl\u0151k nevei, az egyes \u00fcnnepek, a sz\u00fcnetek id\u0151tartama, egy\u00e9b inform\u00e1ci\u00f3k.&nbsp;<\/p>\n\n\n\n<p>A munkalapok haszn\u00e1lat\u00e1val egyszer\u0171bb\u00e9 v\u00e1lik mindk\u00e9t sz\u00fcl\u0151 sz\u00e1m\u00e1ra el\u0151re megtervezni \u00e9s egy\u00e9rtelm\u0171en meghat\u00e1rozni az \u00e1ltal\u00e1nos heti tervet, illetve az att\u00f3l elt\u00e9r\u0151, rendk\u00edv\u00fcli esem\u00e9nyeket is, illetve k\u00e9rd\u00e9ses, vitatott esetekben hivatkoz\u00e1sul szolg\u00e1lhatnak az el\u0151re be\u00edrt inform\u00e1ci\u00f3k.<\/p>\n\n\n\n<p><em>A <\/em>Kapcsolattart\u00e1s k\u00fcl\u00f6nv\u00e1l\u00e1s ut\u00e1n \u2013 Aj\u00e1nl\u00e1sok a gyerek kor\u00e1hoz, egyedi sz\u00fcks\u00e9gleteihez<em> c\u00edm\u0171 kiadv\u00e1ny let\u00f6lthet\u0151 az alap\u00edtv\u00e1ny&nbsp;<a rel=\"noreferrer noopener\" href=\"https:\/\/hintalovon.hu\/termek\/kapcsolattartas_kulonvalas_utan\/\" target=\"_blank\">adom\u00e1nyboltj\u00e1b\u00f3l<\/a>, vagy az al\u00e1bbi gombra kattintva.<\/em><\/p>\n\n\n\n<div class=\"wp-block-buttons\">\n<div class=\"wp-block-button\"><a class=\"wp-block-button__link\" href=\"https:\/\/hintalovon.hu\/termek\/kapcsolattartas_kulonvalas_utan\/\" target=\"_blank\" rel=\"noreferrer noopener\">Kapcsolattart\u00e1s k\u00fcl\u00f6nv\u00e1l\u00e1s ut\u00e1n \u2013 Aj\u00e1nl\u00e1sok a gyerek kor\u00e1hoz, egyedi sz\u00fcks\u00e9gleteihez<\/a><\/div>\n<\/div>\n\n\n\n<p><em>Kiemelt k\u00e9p <a href=\"https:\/\/unsplash.com\/photos\/nfzdRKD0Zkg\" target=\"_blank\" rel=\"noreferrer noopener\">innen<\/a>.<\/em><\/p>\n","protected":false},"excerpt":{"rendered":"<p>Gyereket v\u00e1l\u00e1s ut\u00e1n is lehet k\u00f6z\u00f6sen nevelni &#8211; a gyereknek pedig nem csak a joga, de \u00e1ltal\u00e1ban az \u00e9rdeke is az, hogy ez teljes\u00fclj\u00f6n. \u00d6sszegy\u0171jt\u00f6tt\u00fck, mire \u00e9rdemes figyelni a gyakorlatban, hogy a kapcsolattart\u00e1s minden \u00e9rintettnek j\u00f3 legyen.<\/p>\n","protected":false},"author":9,"featured_media":5478,"comment_status":"closed","ping_status":"closed","sticky":false,"template":"","format":"standard","meta":[],"categories":[11],"tags":[1548,1552,2056,270,2059,1449,1454,2058,2060,685,2062,2055,1549,72,2061,2057,1329],"yoast_head":"<!-- This site is optimized with the Yoast SEO plugin v15.1 - https:\/\/yoast.com\/wordpress\/plugins\/seo\/ -->\n<title>Kapcsolattart\u00e1s k\u00fcl\u00f6nv\u00e1l\u00e1s ut\u00e1n: a gyerek sz\u00fcks\u00e9gletei szerint - Yelon<\/title>\n<meta name=\"description\" content=\"A gyereknek joga van a sz\u00fcleihez - az \u0151 \u00e9rdeke, hogy sz\u00fclei a k\u00fcl\u00f6n\u00e9l\u00e9s sor\u00e1n is k\u00f6z\u00f6sen gyakorolj\u00e1k a fel\u00fcgyeleti jogaikat. \u00cdgy csin\u00e1ld j\u00f3l.\" \/>\n<meta name=\"robots\" content=\"index, follow, max-snippet:-1, max-image-preview:large, max-video-preview:-1\" \/>\n<link rel=\"canonical\" href=\"https:\/\/yelon.hu\/szuloknek\/kapcsolattartas-valas-utan\/\" \/>\n<meta property=\"og:locale\" content=\"hu_HU\" \/>\n<meta property=\"og:type\" content=\"article\" \/>\n<meta property=\"og:title\" content=\"Kapcsolattart\u00e1s k\u00fcl\u00f6nv\u00e1l\u00e1s ut\u00e1n: a gyerek sz\u00fcks\u00e9gletei szerint - Yelon\" \/>\n<meta property=\"og:description\" content=\"A gyereknek joga van a sz\u00fcleihez - az \u0151 \u00e9rdeke, hogy sz\u00fclei a k\u00fcl\u00f6n\u00e9l\u00e9s sor\u00e1n is k\u00f6z\u00f6sen gyakorolj\u00e1k a fel\u00fcgyeleti jogaikat. \u00cdgy csin\u00e1ld j\u00f3l.\" \/>\n<meta property=\"og:url\" content=\"https:\/\/yelon.hu\/szuloknek\/kapcsolattartas-valas-utan\/\" \/>\n<meta property=\"og:site_name\" content=\"Yelon\" \/>\n<meta property=\"article:published_time\" content=\"2021-01-14T08:25:30+00:00\" \/>\n<meta property=\"article:modified_time\" content=\"2021-01-18T16:45:21+00:00\" \/>\n<meta property=\"og:image\" content=\"https:\/\/yelon.hu\/szuloknek\/wp-content\/uploads\/2021\/01\/kapcsolattartas-valas-utan.jpg\" \/>\n\t<meta property=\"og:image:width\" content=\"1920\" \/>\n\t<meta property=\"og:image:height\" content=\"1280\" \/>\n<meta name=\"twitter:card\" content=\"summary_large_image\" \/>\n<script type=\"application\/ld+json\" class=\"yoast-schema-graph\">{\"@context\":\"https:\/\/schema.org\",\"@graph\":[{\"@type\":\"WebSite\",\"@id\":\"https:\/\/yelon.hu\/szuloknek\/#website\",\"url\":\"https:\/\/yelon.hu\/szuloknek\/\",\"name\":\"Yelon\",\"description\":\"Kamaszoknak \\u00e9s sz\\u00fcl\\u0151knek sz\\u00f3l\\u00f3 online magazin\",\"potentialAction\":[{\"@type\":\"SearchAction\",\"target\":\"https:\/\/yelon.hu\/szuloknek\/?s={search_term_string}\",\"query-input\":\"required name=search_term_string\"}],\"inLanguage\":\"hu\"},{\"@type\":\"ImageObject\",\"@id\":\"https:\/\/yelon.hu\/szuloknek\/kapcsolattartas-valas-utan\/#primaryimage\",\"inLanguage\":\"hu\",\"url\":\"https:\/\/yelon.hu\/szuloknek\/wp-content\/uploads\/2021\/01\/kapcsolattartas-valas-utan.jpg\",\"width\":1920,\"height\":1280,\"caption\":\"kapcsolattart\\u00e1s v\\u00e1l\\u00e1s ut\\u00e1n agyerek ig\\u00e9nyei szerint\"},{\"@type\":\"WebPage\",\"@id\":\"https:\/\/yelon.hu\/szuloknek\/kapcsolattartas-valas-utan\/#webpage\",\"url\":\"https:\/\/yelon.hu\/szuloknek\/kapcsolattartas-valas-utan\/\",\"name\":\"Kapcsolattart\\u00e1s k\\u00fcl\\u00f6nv\\u00e1l\\u00e1s ut\\u00e1n: a gyerek sz\\u00fcks\\u00e9gletei szerint - Yelon\",\"isPartOf\":{\"@id\":\"https:\/\/yelon.hu\/szuloknek\/#website\"},\"primaryImageOfPage\":{\"@id\":\"https:\/\/yelon.hu\/szuloknek\/kapcsolattartas-valas-utan\/#primaryimage\"},\"datePublished\":\"2021-01-14T08:25:30+00:00\",\"dateModified\":\"2021-01-18T16:45:21+00:00\",\"author\":{\"@id\":\"https:\/\/yelon.hu\/szuloknek\/#\/schema\/person\/c9fa38f81f80ff5bbd245a64fddaee93\"},\"description\":\"A gyereknek joga van a sz\\u00fcleihez - az \\u0151 \\u00e9rdeke, hogy sz\\u00fclei a k\\u00fcl\\u00f6n\\u00e9l\\u00e9s sor\\u00e1n is k\\u00f6z\\u00f6sen gyakorolj\\u00e1k a fel\\u00fcgyeleti jogaikat. \\u00cdgy csin\\u00e1ld j\\u00f3l.\",\"inLanguage\":\"hu\",\"potentialAction\":[{\"@type\":\"ReadAction\",\"target\":[\"https:\/\/yelon.hu\/szuloknek\/kapcsolattartas-valas-utan\/\"]}]},{\"@type\":\"Person\",\"@id\":\"https:\/\/yelon.hu\/szuloknek\/#\/schema\/person\/c9fa38f81f80ff5bbd245a64fddaee93\",\"name\":\"B. Zsofi\",\"image\":{\"@type\":\"ImageObject\",\"@id\":\"https:\/\/yelon.hu\/szuloknek\/#personlogo\",\"inLanguage\":\"hu\",\"url\":\"https:\/\/secure.gravatar.com\/avatar\/0936caaf13a2f9714ad4b7bd07dd9bca?s=96&d=mm&r=g\",\"caption\":\"B. Zsofi\"}}]}<\/script>\n<!-- \/ Yoast SEO plugin. -->","_links":{"self":[{"href":"https:\/\/yelon.hu\/szuloknek\/wp-json\/wp\/v2\/posts\/5471"}],"collection":[{"href":"https:\/\/yelon.hu\/szuloknek\/wp-json\/wp\/v2\/posts"}],"about":[{"href":"https:\/\/yelon.hu\/szuloknek\/wp-json\/wp\/v2\/types\/post"}],"author":[{"embeddable":true,"href":"https:\/\/yelon.hu\/szuloknek\/wp-json\/wp\/v2\/users\/9"}],"replies":[{"embeddable":true,"href":"https:\/\/yelon.hu\/szuloknek\/wp-json\/wp\/v2\/comments?post=5471"}],"version-history":[{"count":6,"href":"https:\/\/yelon.hu\/szuloknek\/wp-json\/wp\/v2\/posts\/5471\/revisions"}],"predecessor-version":[{"id":5485,"href":"https:\/\/yelon.hu\/szuloknek\/wp-json\/wp\/v2\/posts\/5471\/revisions\/5485"}],"wp:featuredmedia":[{"embeddable":true,"href":"https:\/\/yelon.hu\/szuloknek\/wp-json\/wp\/v2\/media\/5478"}],"wp:attachment":[{"href":"https:\/\/yelon.hu\/szuloknek\/wp-json\/wp\/v2\/media?parent=5471"}],"wp:term":[{"taxonomy":"category","embeddable":true,"href":"https:\/\/yelon.hu\/szuloknek\/wp-json\/wp\/v2\/categories?post=5471"},{"taxonomy":"post_tag","embeddable":true,"href":"https:\/\/yelon.hu\/szuloknek\/wp-json\/wp\/v2\/tags?post=5471"}],"curies":[{"name":"wp","href":"https:\/\/api.w.org\/{rel}","templated":true}]}}