{"id":5586,"date":"2021-07-01T07:49:07","date_gmt":"2021-07-01T05:49:07","guid":{"rendered":"https:\/\/yelon.hu\/szuloknek\/?p=5586"},"modified":"2021-07-01T07:49:09","modified_gmt":"2021-07-01T05:49:09","slug":"elvettem-a-telefonjat","status":"publish","type":"post","link":"https:\/\/yelon.hu\/szuloknek\/elvettem-a-telefonjat\/","title":{"rendered":"Elvettem a telefonj\u00e1t, mi m\u00e1st tehettem volna?"},"content":{"rendered":"\n<p>El\u0151fordulhat, hogy sz\u00fcl\u0151k\u00e9nt abban a helyzetben tal\u00e1ljuk magunkat, hogy szeretn\u00e9nk nyomat\u00e9kot adni az \u00e1ll\u00e1spontunknak egy, a gyerek\u00fcnkkel kialakult vit\u00e1s helyzetben. A tapasztalatok azt mutatj\u00e1k, hogy ilyenkor a sz\u00fcl\u0151i tekint\u00e9ly \u00e9rv\u00e9nyes\u00edt\u00e9s\u00e9nek egyik gyakori eszk\u00f6z\u00e9v\u00e9 v\u00e1lik a <a href=\"https:\/\/yelon.hu\/szuloknek\/kutyuzes-netfuggoseg-cimkezes\/\" target=\"_blank\" rel=\"noreferrer noopener\">digit\u00e1lis eszk\u00f6z\u00f6kh\u00f6z<\/a> val\u00f3 hozz\u00e1f\u00e9r\u00e9s megvon\u00e1sa, korl\u00e1toz\u00e1sa, k\u00f6vetelm\u00e9nyekhez k\u00f6t\u00e9se. Sz\u00e1mos sz\u00fcl\u0151 arr\u00f3l sz\u00e1mol be, hogy egyszer\u0171en \u00fagy \u00e9rzi, nincs m\u00e1s lehet\u0151s\u00e9ge: a <a href=\"https:\/\/yelon.hu\/szuloknek\/okostelefonok-okos-gyerekek\/\" target=\"_blank\" rel=\"noreferrer noopener\">mobil<\/a>\/az Xbox az egyetlen dolog, amely annyira fontos a gyereknek, hogy csak ezeken kereszt\u00fcl tud r\u00e1 hatni. Mik\u00f6zben ez val\u00f3ban neh\u00e9z szitu\u00e1ci\u00f3, mire lehet sz\u00fcl\u0151k\u00e9nt m\u00e9gis odafigyelni egy-egy ilyen helyzetben?<\/p>\n\n\n\n<!--more-->\n\n\n\n<p>El\u0151sz\u00f6r is fontos r\u00e1vil\u00e1g\u00edtani arra, hogy hab\u00e1r sz\u00fcl\u0151k\u00e9nt a legt\u00f6bb esetben nyer\u0151 v\u00e1laszt\u00e1snak t\u0171nik \u201eelz\u00e1rni a digit\u00e1lis csapot\u201d, m\u00e9gis \u00e9rdemes megn\u00e9zni, hogy milyen egy\u00e9b eszk\u00f6z \u00e1llhat rendelkez\u00e9s\u00fcnkre, amelynek a bevet\u00e9s\u00e9vel tov\u00e1bbra is kifejezhetj\u00fck \u00e9s megfogalmazhatjuk val\u00f3s c\u00e9lunkat a gyerek\u00fcnk fel\u00e9.<\/p>\n\n\n\n<h2><strong>Automatikus a b\u00fcntet\u00e9s \u2013 de hogy lehetne m\u00e1sk\u00e9nt?<\/strong><\/h2>\n\n\n\n<p>N\u00e9zz\u00fcnk egy p\u00e9ld\u00e1t: sz\u00fcl\u0151k\u00e9nt azt mondjuk a gyereknek, hogy egy rossz jegy egyenl\u0151 egy h\u00e9t mobiltelefon-megvon\u00e1ssal, vita lez\u00e1rva, mindenki mehet a dolg\u00e1ra.<\/p>\n\n\n\n<p>K\u00f6vetkezetesnek \u00e9s hat\u00e9konynak t\u0171n\u0151 megold\u00e1s a fenti, de tal\u00e1n \u00e9rdemes megvizsg\u00e1lni ezt a szeml\u00e9letet egy kicsit k\u00f6zelebbr\u0151l. Sokszor az els\u0151dleges motiv\u00e1l\u00f3 eszk\u00f6z a sz\u00fcl\u0151k kez\u00e9ben a digit\u00e1lis eszk\u00f6z\u00f6kh\u00f6z val\u00f3 hozz\u00e1f\u00e9r\u00e9s szab\u00e1lyoz\u00e1sa. Ugyanakkor a legf\u0151bb probl\u00e9ma sokkal ink\u00e1bb az, hogy mindez gyakran \u201eautomatikusan\u201d t\u00f6rt\u00e9nik, \u00e9s a sz\u00fcl\u0151 gyakran nem k\u00eds\u00e9ri v\u00e9gig azt a folyamatot, amely a b\u00fcntet\u00e9s \u00e9s annak felold\u00e1sa k\u00f6z\u00f6tt fesz\u00fcl, a gyerek pedig nem akt\u00edv r\u00e9szese, csup\u00e1n elszenved\u0151je lesz a helyzetnek. Viszont ha a gyereknek es\u00e9lyt adunk arra, hogy <a href=\"https:\/\/yelon.hu\/szuloknek\/neveles-vs-buntetes-mi-a-kulonbseg\/\" target=\"_blank\" rel=\"noreferrer noopener\">tanuljon az adott szitu\u00e1ci\u00f3b\u00f3l<\/a>, \u00e9s siker\u00e9lm\u00e9nye legyen amiatt, hogy j\u00f3v\u00e1 tudott tenni valamit, nagyobb es\u00e9llyel \u00e9rti meg a sz\u00fcl\u0151 szempontjait is.<\/p>\n\n\n\n<p>A j\u00f3v\u00e1t\u00e9tel olyan cselekv\u00e9si terv, amelyet a nemk\u00edv\u00e1natos helyzet megold\u00e1s\u00e1ra a sz\u00fcl\u0151 \u00e9s a gyerek k\u00f6z\u00f6sen tal\u00e1lnak ki. A sz\u00fcl\u0151 nem marad passz\u00edv a j\u00f3v\u00e1t\u00e9tel alatt sem \u2013 mint lenne akkor, ha egyszer\u0171en csak kiszabna valamilyen b\u00fcntet\u00e9st \u2013, hanem t\u00e1mogat\u00f3k\u00e9nt, akt\u00edvan r\u00e9szt vesz a j\u00f3v\u00e1t\u00e9telben, seg\u00edt a gyereknek.<\/p>\n\n\n\n<p>A fenti p\u00e9ld\u00e1n\u00e1l maradva l\u00e1that\u00f3, hogy sz\u00fcl\u0151k\u00e9nt egy fontos dolgot elfelejt\u00fcnk: sz\u00e1mba venni minden m\u00e1s k\u00f6r\u00fclm\u00e9nyt, amely szerepet j\u00e1tszhat egy j\u00f3 vagy \u00e9ppen rossz \u00e9rdemjegyben. Az \u00e9let sajnos nem olyan egyszer\u0171, hogy a digit\u00e1lis eszk\u00f6z\u00f6k haszn\u00e1lat\u00e1val t\u00f6lt\u00f6tt id\u0151t k\u00f6zvetlen\u00fcl j\u00f3 jegyre vagy elfogadhat\u00f3 magatart\u00e1sra lehet v\u00e1ltani. \u00c9s ford\u00edtva: a digit\u00e1lis eszk\u00f6z\u00f6k n\u00e9lk\u00fcl elt\u00f6lt\u00f6tt id\u0151 sem fogja elhozni a v\u00e1rt eredm\u00e9nyt. Teh\u00e1t m\u00e9g ha kev\u00e9s energi\u00e1nk is van egy adott helyzet minden aspektus\u00e1t sz\u00e1mba venni \u00e9s \u00e1tbesz\u00e9lni, akkor is \u00e9rdemes minden alkalommal olyan k\u00f6vetkezm\u00e9ny, j\u00f3v\u00e1t\u00e9teli l\u00e9p\u00e9s megtal\u00e1l\u00e1s\u00e1ra t\u00f6rekedni a gyerekkel k\u00f6z\u00f6sen, amely az adott helyzetet seg\u00edt rendbe hozni. Lehet, hogy egyb\u0151l nek\u00fcnk sem jut esz\u00fcnkbe, hogy m\u00e9gis mi is lehetne a legjobb j\u00f3v\u00e1t\u00e9teli l\u00e9p\u00e9s, de tal\u00e1n nem is az a l\u00e9nyeg, hogy min\u00e9l hamarabb megtal\u00e1ljuk, hanem maga az \u00fat, amelyen kereszt\u00fcl haladva egy kicsit lelassulunk, \u00e9s egym\u00e1sra figyel\u00fcnk.\u00a0<\/p>\n\n\n\n<h2><strong>A sz\u00f3fogad\u00e1s lenne a modern sz\u00fcl\u0151k egyik legnagyobb ellenfele?<\/strong><\/h2>\n\n\n\n<p>Persze \u2013 a fenti p\u00e9ld\u00e1n\u00e1l maradva \u2013 csak akkor z\u00e1rhatjuk sz\u00fcl\u0151k\u00e9nt sikerrel a m\u0171veletet, ha a gyerek\u00fcnk sz\u00f3t is fogad. Ha sz\u00fcl\u0151k\u00e9nt a sikeres ki\u00e1ll\u00e1sunk egy-egy helyzetben ezen m\u00falik, akkor el\u00e9g egy apr\u00f3 dolognak balul els\u00fclnie, \u00e9s egyik pillanatr\u00f3l a m\u00e1sikra egy olyan zs\u00e1kutc\u00e1ban \u00e9rezhetj\u00fck magunkat, ahol egyre s\u00falyosabb \u201ebl\u00f6ff\u00f6kkel\u201d navig\u00e1lunk.&nbsp;<\/p>\n\n\n\n<p>Sokszor kamuzunk: amiket mondunk, m\u00e9g mi magunk sem gondoljuk komolyan, nemhogy megpr\u00f3b\u00e1ln\u00e1nk azokat t\u00e9nyleg be is tartatni. \u00cdgy van ez p\u00e9ld\u00e1ul egy k\u00fcty\u00fcmentes id\u0151szak kijel\u00f6l\u00e9s\u00e9vel is. Elv\u00e1rjuk, hogy a gyerek fogadja el a rossz jegy k\u00f6vetkezm\u00e9nyek\u00e9nt kiszabott egy h\u00e9t telefonmentes \u201eb\u00fcntet\u00e9st\u201d, de mi magunk el sem tudn\u00e1nk k\u00e9pzelni, hogy ak\u00e1r telefon n\u00e9lk\u00fcl induljunk el otthonr\u00f3l. Ha egy pillanatra meg\u00e1llunk, \u00e9s sorra vessz\u00fck a k\u00f6z\u00f6s \u00e9let\u00fcnk j\u00f3l m\u0171k\u00f6d\u0151 m\u00e1s ter\u00fcleteit, gyakran azt tal\u00e1lhatjuk, hogy a sz\u00fcl\u0151i tekint\u00e9ly t\u00falhangs\u00falyoz\u00e1sa helyett a kompromisszumk\u00e9szs\u00e9g \u00e9s a t\u00e1mogat\u00f3 k\u00f6vetkezetess\u00e9g azok az alappill\u00e9rek, amelyek megg\u00e1tolhatj\u00e1k a helyzet elm\u00e9rgesed\u00e9s\u00e9t.<\/p>\n\n\n\n<h2><strong>Nem csat\u00e1ba megy\u00fcnk, az \u00e1ll\u00f3h\u00e1bor\u00fa elker\u00fclhet\u0151\u00a0<\/strong><\/h2>\n\n\n\n<p>Egy elm\u00e9rgesed\u0151 helyzetben el\u0151fordulhat, hogy a megh\u00e1tr\u00e1l\u00e1s egyre kev\u00e9sb\u00e9 opci\u00f3 a sz\u00e1munkra. Viszont azt is \u00e9szre kell venn\u00fcnk, hogy nemcsak mi \u00e9rezhetj\u00fck kudarcnak a visszavonul\u00e1st, hanem a vit\u00e1v\u00e1 fajult helyzetben a gyerek\u00fcnk sz\u00e1m\u00e1ra is kudarc lenne, ha egy\u00fcttm\u0171k\u00f6d\u00e9sre adn\u00e1 a fej\u00e9t. Fontos, hogy esz\u00fcnkbe jusson: a val\u00f3s c\u00e9lunk az, hogy k\u00f6lcs\u00f6n\u00f6s egy\u00fcttm\u0171k\u00f6d\u00e9st alak\u00edtsunk ki a gyerek\u00fcnkkel, \u00e9s a sz\u00f3fogad\u00e1s lehet\u0151s\u00e9g legyen a sz\u00e1m\u00e1ra, nem pedig k\u00f6telezetts\u00e9g. Ha mi magunk nyitottak vagyunk az egy\u00fcttm\u0171k\u00f6d\u00e9sre \u2013 \u00e9s feladjuk, hogy k\u00f6zvetlen\u00fcl ir\u00e1ny\u00edtani akarjuk a gyerek\u00fcnk viselked\u00e9s\u00e9t \u2013, az nem jelenti a sz\u00fcl\u0151i tekint\u00e9ly\u00fcnk kudarc\u00e1t, ink\u00e1bb azt, hogy olyan p\u00e9ld\u00e1t mutatunk, amely az emberi kapcsolatot \u00e9s az \u00e9let\u00fcnk folyam\u00e1n elengedhetetlen rugalmas hozz\u00e1\u00e1ll\u00e1st helyezi el\u0151t\u00e9rbe.&nbsp;<\/p>\n\n\n\n<p>Teh\u00e1t ne feledj\u00fck, sosem k\u00e9s\u0151 elker\u00fclni egy \u201e\u00e1ll\u00f3h\u00e1bor\u00fat\u201d, \u00e9s ha mi magunk is rugalmasak vagyunk, alkalmazkodunk a helyzethez, akkor az egy\u00fcttm\u0171k\u00f6d\u00e9s fontoss\u00e1g\u00e1t k\u00e9pviselj\u00fck\u00a0\u2013 \u00e9s nem a mindenek feletti sz\u00f3fogad\u00e1s elv\u00e1r\u00f3 tekint\u00e9ly\u00e9t. Vegy\u00fck teh\u00e1t figyelembe a gyerek\u00fcnk szempontjait \u00e9s azt, hogy a c\u00e9ljaink akkor lehetnek igaz\u00e1n k\u00f6z\u00f6sek, ha mindenki mag\u00e1\u00e9nak \u00e9rzi, \u00e9s a szab\u00e1lyok is mindenkire egyar\u00e1nt vonatkoznak a csal\u00e1dban.<\/p>\n\n\n\n<h2><strong>Sz\u00fcl\u0151k\u00e9nt nem nyerni kell, hanem kitartani \u00e9s jelen lenni<\/strong><\/h2>\n\n\n\n<p>Tagadhatatlan, hogy napjainkra a sz\u00fcl\u0151i szerepek r\u00e9szben megv\u00e1ltoztak. Kor\u00e1bban t\u00e9nylegesen a sz\u00f3fogad\u00e1sra \u00e9s a szab\u00e1lyk\u00f6vet\u00e9sre nevelt\u00e9k a gyerekeket \u2013 term\u00e9szetesen a legt\u00f6bb esetben mindez a lehet\u0151 legempatikusabb eszk\u00f6z\u00f6kkel volt sikeres. Napjainkban ez a szerep eltol\u00f3dott a sz\u00f3fogad\u00e1s helyett az egy\u00fcttm\u0171k\u00f6d\u00e9s fel\u00e9, amely els\u0151sorban abb\u00f3l fakadhat, hogy sz\u00fcl\u0151k\u00e9nt tudatosan p\u00e9ldamutat\u00e1sra \u00e9s emp\u00e1ti\u00e1ra t\u00f6reksz\u00fcnk.&nbsp;<\/p>\n\n\n\n<p>Azonban azt is l\u00e1tni kell, hogy az egyre dinamikusabban v\u00e1ltoz\u00f3 k\u00f6r\u00fclm\u00e9nyek k\u00f6z\u00f6tt az egy\u00fcttm\u0171k\u00f6d\u00e9s \u00e9s a rugalmass\u00e1g azok a skillek, amelyek felk\u00e9sz\u00edtenek egy gyereket az \u00e9letre. Ennek els\u0151dleges eszk\u00f6ze a transzparencia, a k\u00e9rd\u00e9sekre \u00e9s a probl\u00e9m\u00e1kra val\u00f3 nyitotts\u00e1g, a v\u00e9lem\u00e9nyek \u00e9s az ig\u00e9nyek konstrukt\u00edv kommunik\u00e1l\u00e1sa, illetve a konstrukt\u00edv p\u00e1rbesz\u00e9d ak\u00e1r egy olyan helyzetben is, amelyet am\u00fagy egy h\u00e9t telefonmegvon\u00e1ssal k\u00f6nny\u0171 lenne r\u00f6vidre z\u00e1rni. Term\u00e9szetesen hozz\u00e1 kell tenni, hogy az <a href=\"https:\/\/yelon.hu\/szuloknek\/okosan-internetezni-gyerekszemmel\/\" target=\"_blank\" rel=\"noreferrer noopener\">internetet \u00e9s a digit\u00e1lis eszk\u00f6z\u00f6ket<\/a> m\u00e1ra m\u00e1r nem tudjuk kiz\u00e1rni az \u00e9let\u00fcnkb\u0151l.<\/p>\n\n\n\n<h2><strong>Lehet-e a k\u00fcty\u00fcket nevel\u00e9si eszk\u00f6zk\u00e9nt bevetni?<\/strong><\/h2>\n\n\n\n<p>Az inform\u00e1ci\u00f3t ma els\u0151sorban a vil\u00e1gh\u00e1l\u00f3 szolg\u00e1ltatja az okoseszk\u00f6z\u00f6k\u00f6n kereszt\u00fcl nemcsak a feln\u0151ttek, hanem a gyerekek sz\u00e1m\u00e1ra is. A feln\u0151ttek szerepe az, hogy seg\u00edts\u00e9k az eligazod\u00e1sban a gyerekeket, ezt pedig nem lehet automatikusan kiszabott szankci\u00f3kkal kiv\u00e1ltani. \u00c9rdemes fel\u00fclvizsg\u00e1lni a szok\u00e1sainkat, ha a digit\u00e1lis k\u00fcty\u00fckre minden fenntart\u00e1s n\u00e9lk\u00fcl els\u0151sorban motiv\u00e1l\u00f3 eszk\u00f6z\u00f6kk\u00e9nt tekint\u00fcnk, hiszen ezek szerepe \u00e9s funkci\u00f3ja az \u00e9let\u00fcnk szinte valamennyi ter\u00fclet\u00e9n m\u00e1s \u00e9s m\u00e1s. Ezt \u00fagy lehet legink\u00e1bb feloldani, ha egyr\u00e9szt a digit\u00e1lis eszk\u00f6z\u00f6ket sz\u00e9tv\u00e1lasztjuk a motiv\u00e1ci\u00f3t\u00f3l \u2013 teh\u00e1t sz\u00fcl\u0151k\u00e9nt feladjuk ezt az \u201e\u00fct\u0151k\u00e1rty\u00e1t\u201d \u2013, m\u00e1sr\u00e9szt ha egy\u00fcttm\u0171k\u00f6d\u00e9sre t\u00f6reksz\u00fcnk ahelyett, hogy a sz\u00fcl\u0151i tekint\u00e9ly\u00fcnknek adn\u00e1nk nyomat\u00e9kot egy adott helyzetben. A legszerencs\u00e9sebb, ha a<a href=\"https:\/\/yelon.hu\/szuloknek\/csaladi-szerzodes\/\" target=\"_blank\" rel=\"noreferrer noopener\"> k\u00fcty\u00fchaszn\u00e1latnak eleve van egy k\u00f6z\u00f6sen, konstrukt\u00edv m\u00f3don kialak\u00edtott rendszere, amelyet a sz\u00fcl\u0151 \u00e9s a gyerek is elfogad<\/a>, \u00e9s amelynek a keretei k\u00f6z\u00f6tt a gyerek szabadon mozog.\u00a0<\/p>\n\n\n\n<p>Ha sz\u00fcl\u0151k\u00e9nt \u00e9s felel\u0151s feln\u0151ttk\u00e9nt jelen vagyunk, \u00e9s a gyerek\u00fcnkkel k\u00f6z\u00f6sen gondolkodunk a neh\u00e9z szitu\u00e1ci\u00f3kban, akkor kimondhatjuk, hogy val\u00f3ban \u201enyert\u00fcnk\u201d, r\u00e1ad\u00e1sul egy win-win helyzetet teremtett\u00fcnk a gyerek meg\u00e9l\u00e9se szempontj\u00e1b\u00f3l is.<\/p>\n\n\n\n<p><em>Bakti Tam\u00e1s pszichol\u00f3gus<\/em><\/p>\n\n\n\n<p><em>Kiemelt k\u00e9p <a href=\"https:\/\/unsplash.com\/photos\/yFY5DEhD_kY\" target=\"_blank\" rel=\"noreferrer noopener\">innen<\/a><\/em><\/p>\n","protected":false},"excerpt":{"rendered":"<p>A b\u00fcntet\u00e9s vagy enged\u00e9kenys\u00e9g k\u00e9rd\u00e9se el\u0151bb-ut\u00f3bb minden sz\u00fcl\u0151 \u00e9let\u00e9ben felmer\u00fcl, \u00e9s a 21. sz\u00e1zad digit\u00e1lisk\u00fcty\u00fc-\u00f6z\u00f6ne nem teszi k\u00f6nny\u0171v\u00e9 a v\u00e1lasz megtal\u00e1l\u00e1s\u00e1t. De alapvet\u0151en seg\u00edt, ha tudjuk, hogy a b\u00fcntet\u00e9s hi\u00e1nya nem azt jelenti, hogy mindent r\u00e1hagyunk a gyerekre, mint ahogy a sz\u00fcl\u0151 \u00e9s a gyerek k\u00f6z\u00f6tti egy\u00fcttm\u0171k\u00f6d\u00e9s sem jelenti a felt\u00e9tlen engedelmess\u00e9get.<\/p>\n","protected":false},"author":9,"featured_media":5588,"comment_status":"closed","ping_status":"closed","sticky":false,"template":"","format":"standard","meta":[],"categories":[11,8],"tags":[1957,542,1587,734,270,172,492,185,2100,1919,2099,696,1832,689,690,393,511,658,1931,687,47,23,990,933,2104,2102,92,2105,1668,2101,2103],"yoast_head":"<!-- This site is optimized with the Yoast SEO plugin v15.1 - https:\/\/yoast.com\/wordpress\/plugins\/seo\/ -->\n<title>Elvettem a telefonj\u00e1t, mi m\u00e1st tehettem volna? - Yelon<\/title>\n<meta name=\"description\" content=\"Engedni vagy tiltani? A gyerekek egyre kor\u00e1bban tal\u00e1lkoznak a digit\u00e1lis eszk\u00f6z\u00f6kkel, ami egyre nehezebb feladat el\u00e9 \u00e1ll\u00edtja a sz\u00fcl\u0151ket.\" \/>\n<meta name=\"robots\" content=\"index, follow, max-snippet:-1, max-image-preview:large, max-video-preview:-1\" \/>\n<link rel=\"canonical\" href=\"https:\/\/yelon.hu\/szuloknek\/elvettem-a-telefonjat\/\" \/>\n<meta property=\"og:locale\" content=\"hu_HU\" \/>\n<meta property=\"og:type\" content=\"article\" \/>\n<meta property=\"og:title\" content=\"Elvettem a telefonj\u00e1t, mi m\u00e1st tehettem volna? - Yelon\" \/>\n<meta property=\"og:description\" content=\"Engedni vagy tiltani? A gyerekek egyre kor\u00e1bban tal\u00e1lkoznak a digit\u00e1lis eszk\u00f6z\u00f6kkel, ami egyre nehezebb feladat el\u00e9 \u00e1ll\u00edtja a sz\u00fcl\u0151ket.\" \/>\n<meta property=\"og:url\" content=\"https:\/\/yelon.hu\/szuloknek\/elvettem-a-telefonjat\/\" \/>\n<meta property=\"og:site_name\" content=\"Yelon\" \/>\n<meta property=\"article:published_time\" content=\"2021-07-01T05:49:07+00:00\" \/>\n<meta property=\"article:modified_time\" content=\"2021-07-01T05:49:09+00:00\" \/>\n<meta property=\"og:image\" content=\"https:\/\/yelon.hu\/szuloknek\/wp-content\/uploads\/2021\/07\/elvettem-a-telefonjat.jpg\" \/>\n\t<meta property=\"og:image:width\" content=\"1920\" \/>\n\t<meta property=\"og:image:height\" content=\"1165\" \/>\n<meta name=\"twitter:card\" content=\"summary_large_image\" \/>\n<script type=\"application\/ld+json\" class=\"yoast-schema-graph\">{\"@context\":\"https:\/\/schema.org\",\"@graph\":[{\"@type\":\"WebSite\",\"@id\":\"https:\/\/yelon.hu\/szuloknek\/#website\",\"url\":\"https:\/\/yelon.hu\/szuloknek\/\",\"name\":\"Yelon\",\"description\":\"Kamaszoknak \\u00e9s sz\\u00fcl\\u0151knek sz\\u00f3l\\u00f3 online magazin\",\"potentialAction\":[{\"@type\":\"SearchAction\",\"target\":\"https:\/\/yelon.hu\/szuloknek\/?s={search_term_string}\",\"query-input\":\"required name=search_term_string\"}],\"inLanguage\":\"hu\"},{\"@type\":\"ImageObject\",\"@id\":\"https:\/\/yelon.hu\/szuloknek\/elvettem-a-telefonjat\/#primaryimage\",\"inLanguage\":\"hu\",\"url\":\"https:\/\/yelon.hu\/szuloknek\/wp-content\/uploads\/2021\/07\/elvettem-a-telefonjat.jpg\",\"width\":1920,\"height\":1165,\"caption\":\"B\\u00fcntet\\u00e9sb\\u0151l elvettem a telefonj\\u00e1t\"},{\"@type\":\"WebPage\",\"@id\":\"https:\/\/yelon.hu\/szuloknek\/elvettem-a-telefonjat\/#webpage\",\"url\":\"https:\/\/yelon.hu\/szuloknek\/elvettem-a-telefonjat\/\",\"name\":\"Elvettem a telefonj\\u00e1t, mi m\\u00e1st tehettem volna? - Yelon\",\"isPartOf\":{\"@id\":\"https:\/\/yelon.hu\/szuloknek\/#website\"},\"primaryImageOfPage\":{\"@id\":\"https:\/\/yelon.hu\/szuloknek\/elvettem-a-telefonjat\/#primaryimage\"},\"datePublished\":\"2021-07-01T05:49:07+00:00\",\"dateModified\":\"2021-07-01T05:49:09+00:00\",\"author\":{\"@id\":\"https:\/\/yelon.hu\/szuloknek\/#\/schema\/person\/c9fa38f81f80ff5bbd245a64fddaee93\"},\"description\":\"Engedni vagy tiltani? A gyerekek egyre kor\\u00e1bban tal\\u00e1lkoznak a digit\\u00e1lis eszk\\u00f6z\\u00f6kkel, ami egyre nehezebb feladat el\\u00e9 \\u00e1ll\\u00edtja a sz\\u00fcl\\u0151ket.\",\"inLanguage\":\"hu\",\"potentialAction\":[{\"@type\":\"ReadAction\",\"target\":[\"https:\/\/yelon.hu\/szuloknek\/elvettem-a-telefonjat\/\"]}]},{\"@type\":\"Person\",\"@id\":\"https:\/\/yelon.hu\/szuloknek\/#\/schema\/person\/c9fa38f81f80ff5bbd245a64fddaee93\",\"name\":\"B. Zsofi\",\"image\":{\"@type\":\"ImageObject\",\"@id\":\"https:\/\/yelon.hu\/szuloknek\/#personlogo\",\"inLanguage\":\"hu\",\"url\":\"https:\/\/secure.gravatar.com\/avatar\/0936caaf13a2f9714ad4b7bd07dd9bca?s=96&d=mm&r=g\",\"caption\":\"B. Zsofi\"}}]}<\/script>\n<!-- \/ Yoast SEO plugin. -->","_links":{"self":[{"href":"https:\/\/yelon.hu\/szuloknek\/wp-json\/wp\/v2\/posts\/5586"}],"collection":[{"href":"https:\/\/yelon.hu\/szuloknek\/wp-json\/wp\/v2\/posts"}],"about":[{"href":"https:\/\/yelon.hu\/szuloknek\/wp-json\/wp\/v2\/types\/post"}],"author":[{"embeddable":true,"href":"https:\/\/yelon.hu\/szuloknek\/wp-json\/wp\/v2\/users\/9"}],"replies":[{"embeddable":true,"href":"https:\/\/yelon.hu\/szuloknek\/wp-json\/wp\/v2\/comments?post=5586"}],"version-history":[{"count":7,"href":"https:\/\/yelon.hu\/szuloknek\/wp-json\/wp\/v2\/posts\/5586\/revisions"}],"predecessor-version":[{"id":5594,"href":"https:\/\/yelon.hu\/szuloknek\/wp-json\/wp\/v2\/posts\/5586\/revisions\/5594"}],"wp:featuredmedia":[{"embeddable":true,"href":"https:\/\/yelon.hu\/szuloknek\/wp-json\/wp\/v2\/media\/5588"}],"wp:attachment":[{"href":"https:\/\/yelon.hu\/szuloknek\/wp-json\/wp\/v2\/media?parent=5586"}],"wp:term":[{"taxonomy":"category","embeddable":true,"href":"https:\/\/yelon.hu\/szuloknek\/wp-json\/wp\/v2\/categories?post=5586"},{"taxonomy":"post_tag","embeddable":true,"href":"https:\/\/yelon.hu\/szuloknek\/wp-json\/wp\/v2\/tags?post=5586"}],"curies":[{"name":"wp","href":"https:\/\/api.w.org\/{rel}","templated":true}]}}