{"id":5672,"date":"2021-12-07T13:06:52","date_gmt":"2021-12-07T12:06:52","guid":{"rendered":"https:\/\/yelon.hu\/szuloknek\/?p=5672"},"modified":"2021-12-07T13:07:21","modified_gmt":"2021-12-07T12:07:21","slug":"parkapcsolat-a-szulove-valast-kovetoen","status":"publish","type":"post","link":"https:\/\/yelon.hu\/szuloknek\/parkapcsolat-a-szulove-valast-kovetoen\/","title":{"rendered":"P\u00e1rkapcsolat a sz\u00fcl\u0151v\u00e9 v\u00e1l\u00e1st k\u00f6vet\u0151en"},"content":{"rendered":"\n<p>A kilenc h\u00f3nap el\u00e9g ahhoz, hogy egy baba megsz\u00fclessen, de ahhoz kev\u00e9s, hogy egy p\u00e1r sz\u00fcl\u0151v\u00e9 v\u00e1ljon. A babav\u00e1r\u00e1s, majd a kisbaba mellett az \u00e9let sok-sok \u00f6r\u00f6met tartogat, \u00e9s persze sok kih\u00edv\u00e1st is. De ha tudatosan k\u00e9sz\u00fcl\u00fcnk r\u00e1, a sz\u00fcl\u0151v\u00e9 v\u00e1l\u00e1s mellett meg tudjuk \u0151rizni a p\u00e1rkapcsolat var\u00e1zs\u00e1t is.<\/p>\n\n\n\n<!--more-->\n\n\n\n<p>Ahogy egy kisbaba \u00e9rkez\u00e9se sem a sz\u00fclet\u00e9ssel kezd\u0151dik, hanem a v\u00e1rand\u00f3ss\u00e1ggal, \u00fagy a csal\u00e1dd\u00e1 v\u00e1l\u00e1s folyamata is a terhess\u00e9ggel indul. Ez az id\u0151szak sok v\u00e1ltoz\u00e1st hoz, \u00e9s b\u00e1r egy stabil \u00e9s meghitt p\u00e1rkapcsolat kiteljesedik a gyerek \u00e9rkez\u00e9s\u00e9vel, a p\u00e1rok t\u00f6bbs\u00e9ge m\u00e9gis fesz\u00fclts\u00e9get tapasztalhat a terhess\u00e9g, v\u00e1rakoz\u00e1s sor\u00e1n. Ez nem is meglep\u0151, hisz sok minden \u00e1talakul, aminek egy r\u00e9sz\u00e9re persze fel lehet k\u00e9sz\u00fclni, de vannak el\u0151re nem l\u00e1that\u00f3 dolgok is. Ne ijedjetek meg, ha sok k\u00e9rd\u00e9sre, k\u00e9ts\u00e9gre az els\u0151 pillanatban nem tal\u00e1ltok v\u00e1laszt, ha m\u00e1sk\u00e9nt \u00e9litek meg ezt az id\u0151szakot. Ez teljesen \u00e9rthet\u0151. Az is term\u00e9szetes, ha elbizonytalanodtok, hogy vajon hogyan \u0151rizhet\u0151 meg a kor\u00e1bbi j\u00f3l m\u0171k\u00f6d\u0151 \u00e9letetek, a csal\u00e1di, bar\u00e1ti kapcsolataitok. A kismam\u00e1k val\u00f3s\u00e1gos \u00e9rzelmi hull\u00e1mvas\u00faton robognak: boldogs\u00e1g, izgatott v\u00e1rakoz\u00e1s, bizonytalans\u00e1g, aggodalom \u00e9rz\u00e9sei kavaroghatnak benn\u00fck. A leend\u0151 ap\u00e1t pedig nyomaszthatja a csal\u00e1d\u00e9rt val\u00f3 felel\u0151ss\u00e9gv\u00e1llal\u00e1s, a p\u00e1rj\u00e1\u00e9rt val\u00f3 agg\u00f3d\u00e1s, tal\u00e1n a lakhat\u00e1s \u00e9s egy\u00e1ltal\u00e1n, az elk\u00f6vetkez\u0151 mindennapok.&nbsp;<\/p>\n\n\n\n<h2><strong>Hogyan \u0151rizhet\u0151 meg a p\u00e1rkapcsolat<\/strong>?<\/h2>\n\n\n\n<ul><li>Besz\u00e9ljetek \u0151szint\u00e9n \u00e9s ny\u00edltan az \u00e9rz\u00e9seitekr\u0151l, ig\u00e9nyeitekr\u0151l, \u00e1lmaitokr\u00f3l \u00e9s k\u00e9ts\u00e9geitekr\u0151l. Hallgass\u00e1tok meg figyelmesen a m\u00e1sikat.<\/li><li>Besz\u00e9lj\u00e9tek meg egy\u00fctt a gyakorlati k\u00e9rd\u00e9seket is. Ide tartozik, hogy ki mit gondol a gyereknevel\u00e9sr\u0151l, ki milyen h\u00e1ztart\u00e1si teend\u0151ket v\u00e1llalna, milyen legyen a munkamegoszt\u00e1s kett\u0151t\u00f6k k\u00f6z\u00f6tt.<\/li><li>Azt is besz\u00e9lj\u00e9tek \u00e1t, hogyan tudn\u00e1tok t\u00f6bbet t\u00f6r\u0151dni a m\u00e1sikkal: hogyan lehetne k\u00f6z\u00f6s programokat szervezni, \u00e9s hogyan tudn\u00e1tok egym\u00e1sra t\u00f6bb id\u0151t ford\u00edtani. Fektessetek ugyanannyi energi\u00e1t az egy\u00fctt \u00e9s a k\u00fcl\u00f6n t\u00f6lt\u00f6tt id\u0151be is.&nbsp;<\/li><\/ul>\n\n\n\n<p>A babav\u00e1r\u00e1s nem mindig terv szerint alakul, \u00e9s az is el\u0151fordulhat, hogy nem is tervezt\u00e9tek a bab\u00e1t. P\u00e1rkapcsolati neh\u00e9zs\u00e9gek \u00fcthetik fel a fej\u00fcket, lehet, hogy arra gondoltok, jobb, ha szak\u00edtotok \u00e9s k\u00fcl\u00f6n utakon folytatj\u00e1tok. Ilyen esetben k\u00fcl\u00f6nb\u00f6z\u0151 szakemberekhez (pl. csal\u00e1di tan\u00e1csad\u00f3, p\u00e1rkapcsolati tan\u00e1csad\u00f3, <a href=\"https:\/\/csaladterapia.hu\/csaladterapeutat-keres\" target=\"_blank\" rel=\"noreferrer noopener\">p\u00e1r- \u00e9s csal\u00e1dterapeuta<\/a>, <a href=\"http:\/\/www.mediacio.hu\/\" target=\"_blank\" rel=\"noreferrer noopener\">medi\u00e1tor<\/a>) fordulhattok seg\u00edts\u00e9g\u00e9rt.<\/p>\n\n\n\n<h2><strong>Elker\u00fclhetj\u00fck az elhideg\u00fcl\u00e9st?<\/strong><\/h2>\n\n\n\n<p>Egy kisbaba sz\u00fclet\u00e9se rengeteg \u00f6r\u00f6mteli pillanatot hoz a csal\u00e1d \u00e9let\u00e9be, ugyanakkor olyan kih\u00edv\u00e1sok el\u00e9 is \u00e1ll\u00edtja a p\u00e1rokat, amelyekkel k\u00f6z\u00f6sen kell szemben\u00e9zni\u00fck. Legyetek ezekben a helyzetekben is partnerei a m\u00e1siknak! Mindenkinek id\u0151re van sz\u00fcks\u00e9ge ahhoz, hogy egy m\u00e1sfajta egyens\u00falyt teremtsen meg, hiszen egym\u00e1sra is kevesebb id\u0151t\u00f6k jut. Pr\u00f3b\u00e1lj\u00e1tok kital\u00e1lni, hogyan lehetne megosztani a feladatokat \u00e9s a felel\u0151ss\u00e9get! Az any\u00e1knak testileg is fel kell \u00e9p\u00fclnie, a p\u00e1rj\u00e1nak pedig a munka \u00e9s a csal\u00e1d k\u00f6z\u00f6tt kell egyens\u00falyoznia.<\/p>\n\n\n\n<h2><strong>Mit tehet\u00fcnk a j\u00f3 p\u00e1rkapcsolat \u00e9rdek\u00e9ben?<\/strong><\/h2>\n\n\n\n<ul><li>Hallgass\u00e1tok meg egym\u00e1st, \u00e9s besz\u00e9lgessetek az \u00e9rz\u00e9seitekr\u0151l, elv\u00e1r\u00e1saitokr\u00f3l \u00e9s a sz\u00fcks\u00e9gleteitekr\u0151l is.<\/li><li>Egys\u00e9gben az er\u0151! Tekintsetek csapatt\u00e1rsk\u00e9nt egym\u00e1sra, ossz\u00e1tok fel \u00fagy a szerepeket, hogy abban , mindketten j\u00f3l \u00e9rezz\u00e9tek magatokat, \u00e9s tudj\u00e1tok egym\u00e1st seg\u00edteni is. Ne f\u00e1radtan besz\u00e9lgessetek egym\u00e1ssal, pr\u00f3b\u00e1lj\u00e1tok akkorra id\u0151z\u00edteni, amikor m\u00e1r alszik a gyerek, vagy eljuttok egy k\u00f6z\u00f6s s\u00e9t\u00e1ra.<\/li><li>T\u00f6ltsetek id\u0151t kettesben, a baba n\u00e9lk\u00fcl is!&nbsp;<\/li><\/ul>\n\n\n\n<h2><strong>Figyelj\u00fcnk egym\u00e1sra!<\/strong><\/h2>\n\n\n\n<p>A kapcsolatotok az egyens\u00falykeres\u00e9s kezdeti h\u00f3napjai ut\u00e1n is meg\u00e9rdemli a figyelmet. Az \u00f3voda megkezd\u00e9se, az els\u0151 oszt\u00e1ly, a kamaszkor, az els\u0151 szerelem nem csak a gyerek \u00e9let\u00e9ben m\u00e9rf\u00f6ldk\u00f6vek. Sz\u00fcl\u0151k\u00e9nt is kih\u00edv\u00e1st jelentenek ezek az id\u0151szakok, amelyekhez alkalmazkodni kell. Az egym\u00e1s ir\u00e1nti tisztelet \u00e9s meg\u00e9rt\u00e9s elengedhetetlen ahhoz, hogy gyermeketeket mindenben t\u00e1mogatni tudj\u00e1tok.<\/p>\n\n\n\n<h2><strong>Ne ijedj\u00fcnk meg a neh\u00e9z mindennapokt\u00f3l! <\/strong><\/h2>\n\n\n\n<ul><li>B\u00e1tran mutass\u00e1tok meg egym\u00e1snak, amikor neh\u00e9znek \u00e9rzitek a mindennapokat vagy sebezhet\u0151nek \u00e9rzitek magatokat! A j\u00f3 kapcsolat olyan, mint egy biztons\u00e1gos f\u00e9szek, ahol nyugodtan megoszthatj\u00e1tok a k\u00e9ts\u00e9geiteket \u00e9s a bizonytalans\u00e1gaitokat csak\u00fagy, mint a siker\u00e9lm\u00e9nyeiteket.<\/li><li>A n\u00e9zetelt\u00e9r\u00e9sek a kapcsolatok term\u00e9szetes velej\u00e1r\u00f3i. A szab\u00e1lyok egyszer\u0171ek: legyetek mindig tisztelettud\u00f3ak egym\u00e1ssal, ne pr\u00f3b\u00e1lj\u00e1tok meg minden \u00e1ron meggy\u0151zni a p\u00e1rotokat a saj\u00e1t igazatokr\u00f3l.&nbsp; Fogadj\u00e1tok el, hogy egyes dolgokr\u00f3l elt\u00e9r\u0151en v\u00e9lekedtek, \u00e9s t\u00f6rekedjetek kompromisszumra.<\/li><li>Adjatok egym\u00e1snak lehet\u0151s\u00e9get kibontakozni nem csak a munka, a tanul\u00e1s \u00e9s a hobbi, de ugyan\u00fagy a gyermekkel val\u00f3 id\u0151t\u00f6lt\u00e9s ter\u00fclet\u00e9n is.<\/li><\/ul>\n\n\n\n<p><em>Yelon szerkeszt\u0151s\u00e9g<\/em><\/p>\n\n\n\n<p>Kiemelt k\u00e9p<a href=\"https:\/\/images.unsplash.com\/photo-1606318175645-8e425336f08f?ixlib=rb-1.2.1&amp;ixid=MnwxMjA3fDB8MHxwaG90by1wYWdlfHx8fGVufDB8fHx8&amp;auto=format&amp;fit=crop&amp;w=870&amp;q=80\" target=\"_blank\" rel=\"noreferrer noopener\"> innen.<\/a><\/p>\n\n\n\n<div class=\"wp-block-image\"><figure class=\"alignright size-large is-resized\"><img loading=\"lazy\" src=\"https:\/\/yelon.hu\/szuloknek\/wp-content\/uploads\/2021\/12\/flanders-state-of-the-art-vector-logo-1-1024x422.png\" alt=\"\" class=\"wp-image-5669\" width=\"253\" height=\"104\" srcset=\"https:\/\/yelon.hu\/szuloknek\/wp-content\/uploads\/2021\/12\/flanders-state-of-the-art-vector-logo-1-1024x422.png 1024w, https:\/\/yelon.hu\/szuloknek\/wp-content\/uploads\/2021\/12\/flanders-state-of-the-art-vector-logo-1-300x124.png 300w, https:\/\/yelon.hu\/szuloknek\/wp-content\/uploads\/2021\/12\/flanders-state-of-the-art-vector-logo-1-768x317.png 768w, https:\/\/yelon.hu\/szuloknek\/wp-content\/uploads\/2021\/12\/flanders-state-of-the-art-vector-logo-1-1536x633.png 1536w\" sizes=\"(max-width: 253px) 100vw, 253px\" \/><\/figure><\/div>\n\n\n\n<p class=\"has-small-font-size\"><em>A cikk a Flamand korm\u00e1ny J\u00f3l\u00e9ti, K\u00f6zeg\u00e9szs\u00e9g\u00fcgyi, Csal\u00e1di \u00e9s Szeg\u00e9nys\u00e9gcs\u00f6kkent\u00e9si miniszt\u00e9riuma \u00e1ltal kezdem\u00e9nyezett<\/em><a href=\"https:\/\/www.kcgezinswetenschappen.be\/en\/nieuws\/thursday-date-day-campaign-flemish-government\"><em> \u2018Thursday date day\u2019 <\/em><\/a><em>\u2013 <\/em><a href=\"https:\/\/www.tijdvoorjerelatie.be\/\"><em>Cs\u00fct\u00f6rt\u00f6ki randinap<\/em><\/a><em> kamp\u00e1ny\u00e1nak tartalmai alapj\u00e1n k\u00e9sz\u00fclt. Az eredeti kamp\u00e1ny c\u00e9lja az volt, hogy nyitottabb\u00e1 tegy\u00e9k a p\u00e1rkapcsolatokr\u00f3l \u00e9s a probl\u00e9m\u00e1kr\u00f3l val\u00f3 besz\u00e9lget\u00e9st, valamint k\u00f6ztudatba hozz\u00e1k a m\u00e1r l\u00e9tez\u0151 t\u00e1mogat\u00e1si lehet\u0151s\u00e9gek. A kapcsol\u00f3d\u00f3 cikkekben sz\u00f3 esik az intimit\u00e1sr\u00f3l, a kommunik\u00e1ci\u00f3r\u00f3l, a konfliktuskezel\u00e9sr\u0151l, a k\u00f6z\u00f6s id\u0151t\u00f6lt\u00e9s \u00e9s a lelki eg\u00e9szs\u00e9g szerep\u00e9r\u0151l.&nbsp;<\/em><\/p>\n\n\n\n<p class=\"has-small-font-size\">Eredeti cikkek ford\u00edtotta Czefernek Dorottya, Dank\u00f3 Bernadett, Poesz Nikolett \u00e9s Ridavits N\u00f3ra.<\/p>\n","protected":false},"excerpt":{"rendered":"<p>A kilenc h\u00f3nap el\u00e9g ahhoz, hogy egy baba megsz\u00fclessen, de ahhoz kev\u00e9s, hogy egy p\u00e1r sz\u00fcl\u0151v\u00e9 v\u00e1ljon. A babav\u00e1r\u00e1s, majd a kisbaba mellett az \u00e9let sok-sok \u00f6r\u00f6met tartogat, \u00e9s persze sok kih\u00edv\u00e1st is. De ha tudatosan k\u00e9sz\u00fcl\u00fcnk r\u00e1, a sz\u00fcl\u0151v\u00e9 v\u00e1l\u00e1s mellett meg tudjuk \u0151rizni a p\u00e1rkapcsolat var\u00e1zs\u00e1t is.<\/p>\n","protected":false},"author":14,"featured_media":5673,"comment_status":"closed","ping_status":"closed","sticky":false,"template":"","format":"standard","meta":[],"categories":[2129],"tags":[316,2139,100,72,1736,2138,1410],"yoast_head":"<!-- This site is optimized with the Yoast SEO plugin v15.1 - https:\/\/yoast.com\/wordpress\/plugins\/seo\/ -->\n<title>P\u00e1rkapcsolat a sz\u00fcl\u0151v\u00e9 v\u00e1l\u00e1st k\u00f6vet\u0151en - Yelon<\/title>\n<meta name=\"description\" content=\"A babav\u00e1r\u00e1s \u00f6r\u00f6me mellett kev\u00e9s sz\u00f3 esik a neh\u00e9zs\u00e9gekr\u0151l, pedig ha tudatosan k\u00e9sz\u00fcl\u00fcnk r\u00e1, sz\u00fcl\u0151k\u00e9nt is meg\u0151rizhet\u0151 a j\u00f3 p\u00e1rkapcsolat.\" \/>\n<meta name=\"robots\" content=\"index, follow, max-snippet:-1, max-image-preview:large, max-video-preview:-1\" \/>\n<link rel=\"canonical\" href=\"https:\/\/yelon.hu\/szuloknek\/parkapcsolat-a-szulove-valast-kovetoen\/\" \/>\n<meta property=\"og:locale\" content=\"hu_HU\" \/>\n<meta property=\"og:type\" content=\"article\" \/>\n<meta property=\"og:title\" content=\"P\u00e1rkapcsolat a sz\u00fcl\u0151v\u00e9 v\u00e1l\u00e1st k\u00f6vet\u0151en - Yelon\" \/>\n<meta property=\"og:description\" content=\"A babav\u00e1r\u00e1s \u00f6r\u00f6me mellett kev\u00e9s sz\u00f3 esik a neh\u00e9zs\u00e9gekr\u0151l, pedig ha tudatosan k\u00e9sz\u00fcl\u00fcnk r\u00e1, sz\u00fcl\u0151k\u00e9nt is meg\u0151rizhet\u0151 a j\u00f3 p\u00e1rkapcsolat.\" \/>\n<meta property=\"og:url\" content=\"https:\/\/yelon.hu\/szuloknek\/parkapcsolat-a-szulove-valast-kovetoen\/\" \/>\n<meta property=\"og:site_name\" content=\"Yelon\" \/>\n<meta property=\"article:published_time\" content=\"2021-12-07T12:06:52+00:00\" \/>\n<meta property=\"article:modified_time\" content=\"2021-12-07T12:07:21+00:00\" \/>\n<meta property=\"og:image\" content=\"https:\/\/yelon.hu\/szuloknek\/wp-content\/uploads\/2021\/12\/julian-hochgesang-sA5wcAu4CBA-unsplash-scaled.jpg\" \/>\n\t<meta property=\"og:image:width\" content=\"2560\" \/>\n\t<meta property=\"og:image:height\" content=\"1707\" \/>\n<meta name=\"twitter:card\" content=\"summary_large_image\" \/>\n<script type=\"application\/ld+json\" class=\"yoast-schema-graph\">{\"@context\":\"https:\/\/schema.org\",\"@graph\":[{\"@type\":\"WebSite\",\"@id\":\"https:\/\/yelon.hu\/szuloknek\/#website\",\"url\":\"https:\/\/yelon.hu\/szuloknek\/\",\"name\":\"Yelon\",\"description\":\"Kamaszoknak \\u00e9s sz\\u00fcl\\u0151knek sz\\u00f3l\\u00f3 online magazin\",\"potentialAction\":[{\"@type\":\"SearchAction\",\"target\":\"https:\/\/yelon.hu\/szuloknek\/?s={search_term_string}\",\"query-input\":\"required name=search_term_string\"}],\"inLanguage\":\"hu\"},{\"@type\":\"ImageObject\",\"@id\":\"https:\/\/yelon.hu\/szuloknek\/parkapcsolat-a-szulove-valast-kovetoen\/#primaryimage\",\"inLanguage\":\"hu\",\"url\":\"https:\/\/yelon.hu\/szuloknek\/wp-content\/uploads\/2021\/12\/julian-hochgesang-sA5wcAu4CBA-unsplash-scaled.jpg\",\"width\":2560,\"height\":1707,\"caption\":\"parkapcsolat szulokent\"},{\"@type\":\"WebPage\",\"@id\":\"https:\/\/yelon.hu\/szuloknek\/parkapcsolat-a-szulove-valast-kovetoen\/#webpage\",\"url\":\"https:\/\/yelon.hu\/szuloknek\/parkapcsolat-a-szulove-valast-kovetoen\/\",\"name\":\"P\\u00e1rkapcsolat a sz\\u00fcl\\u0151v\\u00e9 v\\u00e1l\\u00e1st k\\u00f6vet\\u0151en - Yelon\",\"isPartOf\":{\"@id\":\"https:\/\/yelon.hu\/szuloknek\/#website\"},\"primaryImageOfPage\":{\"@id\":\"https:\/\/yelon.hu\/szuloknek\/parkapcsolat-a-szulove-valast-kovetoen\/#primaryimage\"},\"datePublished\":\"2021-12-07T12:06:52+00:00\",\"dateModified\":\"2021-12-07T12:07:21+00:00\",\"author\":{\"@id\":\"https:\/\/yelon.hu\/szuloknek\/#\/schema\/person\/7b66b948f9babbe717ca92647fe2709f\"},\"description\":\"A babav\\u00e1r\\u00e1s \\u00f6r\\u00f6me mellett kev\\u00e9s sz\\u00f3 esik a neh\\u00e9zs\\u00e9gekr\\u0151l, pedig ha tudatosan k\\u00e9sz\\u00fcl\\u00fcnk r\\u00e1, sz\\u00fcl\\u0151k\\u00e9nt is meg\\u0151rizhet\\u0151 a j\\u00f3 p\\u00e1rkapcsolat.\",\"inLanguage\":\"hu\",\"potentialAction\":[{\"@type\":\"ReadAction\",\"target\":[\"https:\/\/yelon.hu\/szuloknek\/parkapcsolat-a-szulove-valast-kovetoen\/\"]}]},{\"@type\":\"Person\",\"@id\":\"https:\/\/yelon.hu\/szuloknek\/#\/schema\/person\/7b66b948f9babbe717ca92647fe2709f\",\"name\":\"mihaly anita\",\"image\":{\"@type\":\"ImageObject\",\"@id\":\"https:\/\/yelon.hu\/szuloknek\/#personlogo\",\"inLanguage\":\"hu\",\"url\":\"https:\/\/secure.gravatar.com\/avatar\/4660c8c89756f91286537c5a94c34f02?s=96&d=mm&r=g\",\"caption\":\"mihaly anita\"}}]}<\/script>\n<!-- \/ Yoast SEO plugin. -->","_links":{"self":[{"href":"https:\/\/yelon.hu\/szuloknek\/wp-json\/wp\/v2\/posts\/5672"}],"collection":[{"href":"https:\/\/yelon.hu\/szuloknek\/wp-json\/wp\/v2\/posts"}],"about":[{"href":"https:\/\/yelon.hu\/szuloknek\/wp-json\/wp\/v2\/types\/post"}],"author":[{"embeddable":true,"href":"https:\/\/yelon.hu\/szuloknek\/wp-json\/wp\/v2\/users\/14"}],"replies":[{"embeddable":true,"href":"https:\/\/yelon.hu\/szuloknek\/wp-json\/wp\/v2\/comments?post=5672"}],"version-history":[{"count":4,"href":"https:\/\/yelon.hu\/szuloknek\/wp-json\/wp\/v2\/posts\/5672\/revisions"}],"predecessor-version":[{"id":5688,"href":"https:\/\/yelon.hu\/szuloknek\/wp-json\/wp\/v2\/posts\/5672\/revisions\/5688"}],"wp:featuredmedia":[{"embeddable":true,"href":"https:\/\/yelon.hu\/szuloknek\/wp-json\/wp\/v2\/media\/5673"}],"wp:attachment":[{"href":"https:\/\/yelon.hu\/szuloknek\/wp-json\/wp\/v2\/media?parent=5672"}],"wp:term":[{"taxonomy":"category","embeddable":true,"href":"https:\/\/yelon.hu\/szuloknek\/wp-json\/wp\/v2\/categories?post=5672"},{"taxonomy":"post_tag","embeddable":true,"href":"https:\/\/yelon.hu\/szuloknek\/wp-json\/wp\/v2\/tags?post=5672"}],"curies":[{"name":"wp","href":"https:\/\/api.w.org\/{rel}","templated":true}]}}